{"id":13796,"date":"2023-03-05T16:57:34","date_gmt":"2023-03-05T16:57:34","guid":{"rendered":"https:\/\/enlatitud25.com\/news\/?p=13796"},"modified":"2023-03-05T16:57:35","modified_gmt":"2023-03-05T16:57:35","slug":"estos-libros-son-esenciales-para-entender-mejor-la-historia-politica-del-paraguay","status":"publish","type":"post","link":"https:\/\/enlatitud25.com\/news\/estos-libros-son-esenciales-para-entender-mejor-la-historia-politica-del-paraguay\/","title":{"rendered":"Estos libros son esenciales para entender mejor la historia pol\u00edtica del Paraguay"},"content":{"rendered":"\n<p>El pasado siempre ofrece pistas sobre por qu\u00e9 el presente es como es, pues nuestra actualidad es la \u00faltima pieza de una larga secuencia de domin\u00f3. Para conocer mejor las situaciones y cambios que construyeron nuestra realidad pol\u00edtica, compartimos contigo una rese\u00f1a de libros que recomendamos para entender mejor la historia pol\u00edtica del Paraguay.<\/p>\n\n\n\n<p>Nuestro pa\u00eds no solamente tiene una historia muy interesante, tiene adem\u00e1s investigadores y escritores de alto calibre, cuyos trabajos hacen m\u00e1s f\u00e1cil la comprensi\u00f3n de nuestro pasado y nuestro presente.<\/p>\n\n\n\n<p>Existe una realidad ineludible, que habla de un desapego -provocado- a la lectura durante d\u00e9cadas de restricci\u00f3n al conocimiento. Ese distanciamiento hacia la producci\u00f3n y consumo de conocimiento a trav\u00e9s de las p\u00e1ginas hace que hoy, quienes busquen saber m\u00e1s sobre nuestra historia, deban ser autogestores de ese aprendizaje.<\/p>\n\n\n\n<p>Por eso, al adentrarnos a un terreno literario que no conocemos a profundidad, y sobre el que queremos saber m\u00e1s, la pregunta recurrente es, \u00bfc\u00f3mo saber qu\u00e9 leer?. Intentaremos ayudarte en este camino, sugiri\u00e9ndote algunos libros de alta calidad acad\u00e9mica y f\u00e1ciles de leer.<\/p>\n\n\n\n<h4 id=\"la-travesia-liberal-del-desierto-alfredo-boccia\" class=\"wp-block-heading\">La traves\u00eda liberal del desierto &#8211; Alfredo Boccia<\/h4>\n\n\n\n<figure class=\"wp-block-image size-full\"><img decoding=\"async\" loading=\"lazy\" width=\"800\" height=\"500\" src=\"https:\/\/enlatitud25.com\/news\/wp-content\/uploads\/2023\/03\/Pag2-Nota-libros_.jpg\" alt=\"\" class=\"wp-image-13798\" srcset=\"https:\/\/enlatitud25.com\/news\/wp-content\/uploads\/2023\/03\/Pag2-Nota-libros_.jpg 800w, https:\/\/enlatitud25.com\/news\/wp-content\/uploads\/2023\/03\/Pag2-Nota-libros_-300x188.jpg 300w, https:\/\/enlatitud25.com\/news\/wp-content\/uploads\/2023\/03\/Pag2-Nota-libros_-768x480.jpg 768w, https:\/\/enlatitud25.com\/news\/wp-content\/uploads\/2023\/03\/Pag2-Nota-libros_-380x238.jpg 380w\" sizes=\"(max-width: 800px) 100vw, 800px\" \/><\/figure>\n\n\n\n<p>\u00bfC\u00f3mo sobrevivi\u00f3 el Partido Liberal a la dura represi\u00f3n del stronismo? \u00bfQu\u00e9 hac\u00edan los militantes liberales durante la dictadura? \u00bfPor qu\u00e9 el Partido Liberal se convirti\u00f3 en el Partido Liberal Radical Aut\u00e9ntico?<\/p>\n\n\n\n<p>Estas y otras preguntas, encuentran respuesta en este libro de Alfredo Boccia Paz, un escritor e investigador cuya elocuente pluma, ha producido ya varios libros sobre el per\u00edodo dictatorial.<\/p>\n\n\n\n<p>En las p\u00e1ginas de esta obra, Boccia nos explica c\u00f3mo Stroessner necesitaba que los liberales participen en sus elecciones fraudulentas, que sirva para dar al menos una apariencia de democracia ante el mundo exterior, y muy especialmente ante Estados Unidos, que presionaba para que se realicen elecciones con m\u00e1s de un candidato a la presidencia.<\/p>\n\n\n\n<p>\u00bfParticipar o no participar? He ah\u00ed el dilema. Y c\u00f3mo afrontar esa decisi\u00f3n, produjo divisiones en el Partido Liberal, que se fragment\u00f3 en diferentes partidos liberales que coexistieron en simult\u00e1neo con ligeras variaciones en el nombre (Partido Liberal, Partido Liberal Unido, Partido Liberal Radical, Partido Liberal Radical Aut\u00e9ntico, etc.).<\/p>\n\n\n\n<p>El actual PLRA, fue la rama del liberalismo liderada por Domingo La\u00edno, que a partir de finales de los 70&#8217;s logr\u00f3 superar en popularidad y fuerza a las dem\u00e1s, y bajo cuyo nombre, se unificaron todos los partidos liberales tras la ca\u00edda de la dictadura.<\/p>\n\n\n\n<p>Este libro nos da un interesante paseo dentro del pensamiento liberal de la \u00e9poca, sus disputas, la intromisi\u00f3n de la dictadura en la direcci\u00f3n del partido, c\u00f3mo los liberales se organizaban y hac\u00edan campa\u00f1as. La historia de resistencia de los azules durante m\u00e1s de 3 d\u00e9cadas.<\/p>\n\n\n\n<h4 id=\"el-ultimo-supremo-bernardo-neri-farina\" class=\"wp-block-heading\">El \u00daltimo Supremo &#8211; Bernardo Neri Farina<\/h4>\n\n\n\n<p>Bernardo Neri Farina, trabaj\u00f3 en el Diario Hoy durante la d\u00e9cada de 1980. Esa experiencia period\u00edstica en medio de la tiran\u00eda, y su curiosidad hist\u00f3rica alimentada en democracia, fue plasmada en este texto que podr\u00eda decirse, se ha convertido ya en una referencia cl\u00e1sica para conocer al extinto dictador y su largo gobierno.<\/p>\n\n\n\n<p>En &#8220;El \u00daltimo Supremo&#8221;, los lectores conocer\u00e1n m\u00e1s sobre la vida personal de Stroessner, lo que vivi\u00f3 antes de ser presidente, sus relaciones extramaritales, las traiciones a sus amigos, sus negocios, su personalidad.<\/p>\n\n\n\n<p>Y por supuesto, la din\u00e1mica de poder durante su gobierno. Neri Farina nos zambulle en el contexto internacional, que durante mucho tiempo hizo m\u00e1s f\u00e1cil la existencia de un gobierno como el de &#8220;El Rubio&#8221;, y que en la \u00faltima d\u00e9cada de su administraci\u00f3n, cambi\u00f3 bruscamente e influy\u00f3 en su ca\u00edda.<\/p>\n\n\n\n<p>Tambi\u00e9n nos relata detalles de la interna colorada entre los &#8220;Militantes&#8221; y los &#8220;Tradicionalistas&#8221;, que deriv\u00f3 finalmente en que estos \u00faltimos conspiren para derrocar al General Stroessner.<\/p>\n\n\n\n<p>Un libro que, a pesar de tratar un tema dif\u00edcil, es f\u00e1cil de leer.<\/p>\n\n\n\n<h4 id=\"conversaciones-politico-militares-alfredo-seiferheld\" class=\"wp-block-heading\">Conversaciones Pol\u00edtico &#8211; Militares &#8211; Alfredo Seiferheld<\/h4>\n\n\n\n<p>Alfredo Seiferheld, fue un joven intelectual que destac\u00f3 entre los 70&#8217;s y los 80&#8217;s, como uno de los historiadores m\u00e1s innovadores y m\u00e1s prol\u00edficos de su tiempo.<\/p>\n\n\n\n<p>Se alej\u00f3 de los cl\u00e1sicos recurrentes de la historiograf\u00eda paraguaya, como la independencia y la Guerra de la Triple Alianza, para abordar temas poco explorados y m\u00e1s recientes. Escribi\u00f3 sobre temas diversos, como los jud\u00edos en Paraguay, los nazis en Paraguay, y hasta sobre estampillas.<\/p>\n\n\n\n<p>No solo innov\u00f3 con respecto a la selecci\u00f3n de los temas con los que trabaj\u00f3, sino tambi\u00e9n con respecto a la forma de abordar el trabajo. Se alej\u00f3 de las glorificaciones po\u00e9ticas y poco cr\u00edticas del pasado, como era tan com\u00fan en aquella \u00e9poca. Tampoco se limit\u00f3 a cronolog\u00edas aburridas y desprovistas de an\u00e1lisis. Impuls\u00f3 un an\u00e1lisis hist\u00f3rico, podr\u00eda decirse, &#8220;m\u00e1s cient\u00edfico&#8221;, y m\u00e1s reflexivo.<\/p>\n\n\n\n<figure class=\"wp-block-image size-full\"><img decoding=\"async\" loading=\"lazy\" width=\"800\" height=\"500\" src=\"https:\/\/enlatitud25.com\/news\/wp-content\/uploads\/2023\/03\/Pag1-Nota-libros_.jpg\" alt=\"\" class=\"wp-image-13799\" srcset=\"https:\/\/enlatitud25.com\/news\/wp-content\/uploads\/2023\/03\/Pag1-Nota-libros_.jpg 800w, https:\/\/enlatitud25.com\/news\/wp-content\/uploads\/2023\/03\/Pag1-Nota-libros_-300x188.jpg 300w, https:\/\/enlatitud25.com\/news\/wp-content\/uploads\/2023\/03\/Pag1-Nota-libros_-768x480.jpg 768w, https:\/\/enlatitud25.com\/news\/wp-content\/uploads\/2023\/03\/Pag1-Nota-libros_-380x238.jpg 380w\" sizes=\"(max-width: 800px) 100vw, 800px\" \/><\/figure>\n\n\n\n<p>Trabajando como periodista para el Diario ABC Color, hizo una serie de entrevistas a protagonistas de la historia contempor\u00e1nea del Paraguay, que a\u00fan segu\u00edan con vida. M\u00e1s tarde, profundiz\u00f3 ese trabajo y lo public\u00f3 en la forma de este libro, &#8220;Conversaciones Pol\u00edtico &#8211; Militares&#8221;, publicado en 5 tomos, el primero de ellos lanzado al p\u00fablico en 1984.<\/p>\n\n\n\n<p>Aqu\u00ed encontramos testimonios sumamente interesantes y de gran valor, de personas que vivieron, en alg\u00fan que otro momento, en el centro de la historia nacional. Higinio Mor\u00ednigo, expresidente (y dictador) entre 1940 y 1948, nos habla sobre la muerte del Mariscal Estigarribia, c\u00f3mo asumi\u00f3 el gobierno tras la muerte del h\u00e9roe del Chaco, las intrigas y luchas entre facciones durante su administraci\u00f3n, y la tr\u00e1gica Revoluci\u00f3n del 47.<\/p>\n\n\n\n<p>M\u00e9dicos, veteranos de la Guerra del Chaco, revolucionarios y pol\u00edticos, desfilan entre los cap\u00edtulos de esta gran obra para darnos su propia versi\u00f3n de los episodios de los que fueron protagonistas. <\/p>\n\n\n\n<p>La mayor\u00eda de las palabras que se leen en el libro, son las palabras de estos personajes protag\u00f3nicos. El m\u00e9rito de Seiferheld, fue el de tener la iniciativa para buscarlos y dirigir las preguntas de sus entrevistas con buena punter\u00eda de historiador-periodista.<\/p>\n\n\n\n<p>Alfredo Seiferheld fue una estrella fugaz en el firmamento de la producci\u00f3n hist\u00f3rica y cultural paraguaya. Admirado y con indicios de un futuro prometedor, lamentablemente, Seiferheld dej\u00f3 nuestro mundo a la corta edad de 37 a\u00f1os, a causa de una enfermedad. Como consuelo, nos dej\u00f3 tambi\u00e9n vestigios de su gran capacidad para el trabajo y de su brillantez, en excelentes joyas historiogr\u00e1ficas, como la que aqu\u00ed recomendamos.<\/p>\n\n\n\n<h4 id=\"correligionarios-marcelo-lachi-y-raquel-rojas-scheffer\" class=\"wp-block-heading\">Correligionarios &#8211; Marcelo Lachi y Raquel Rojas Scheffer<\/h4>\n\n\n\n<p>La soci\u00f3loga Raquel Rojas Scheffer y el polit\u00f3logo italiano Marcelo Lachi, nos brindan un interesante an\u00e1lisis sobre la cultura partidaria y el comportamiento electoral de los dos principales partidos de nuestro pa\u00eds, el Colorado y el Liberal.<\/p>\n\n\n\n<p>Los investigadores, recurren a una serie de estad\u00edsticas y encuestas, para identificar los patrones de conducta de los afiliados de estos partidos.<\/p>\n\n\n\n<p>Entre algunas de sus conclusiones m\u00e1s destacadas, resaltan que el Paraguay es uno de los pa\u00edses donde la afiliaci\u00f3n partidaria, tiene mayor peso en la formaci\u00f3n de la identidad del individuo, tal como otros elementos, como ser la religi\u00f3n o el club de f\u00fatbol.<\/p>\n\n\n\n<p>La mayor\u00eda de los colorados no solamente vota por colorados, sino que tambi\u00e9n tiene familiares colorados y vecinos colorados. Algo parecido sucede con los liberales. Tambi\u00e9n se analizan las razones por las que las personas est\u00e1n afiliadas a su partido, y se asignan porcentajes a cada raz\u00f3n esgrimida.<\/p>\n\n\n\n<p>Una obra infaltable para entender los 34 a\u00f1os de democracia, y el comportamiento de la mayor parte del electorado nacional.<\/p>\n","protected":false},"excerpt":{"rendered":"No te sientas culpable si al leer esto, te das cuenta que sab\u00e9s poco o nada de bibliograf\u00eda contempor\u00e1nea sobre historia. Es como que a toda una generaci\u00f3n, se le conden\u00f3 a la indiferencia hacia la lectura y el aprendizaje sobre lo que ocurri\u00f3 d\u00e9cadas atr\u00e1s, pero esa antipat\u00eda hacia la historia est\u00e1 cambiando. Por eso, hicimos un compendio de los mejores t\u00edtulos, de los autores m\u00e1s celebrados, para adentrarte, de a poco, a la historia pol\u00edtica del Paraguay.\n","protected":false},"author":1,"featured_media":13797,"comment_status":"closed","ping_status":"closed","sticky":false,"template":"","format":"standard","meta":[],"categories":[14,13],"tags":[506,1417,59,168],"ubicacion":[17],"yoast_head":"<!-- This site is optimized with the Yoast SEO plugin v20.8 - https:\/\/yoast.com\/wordpress\/plugins\/seo\/ -->\n<title>Estos libros son esenciales para entender mejor la historia pol\u00edtica del Paraguay &ndash; Latitud25<\/title>\n<meta name=\"description\" content=\"Mir\u00e1 nuestros reportajes audiovisuales y seguinos para enterarte de las \u00faltimas noticias de Paraguay y el mundo, desde la Latitud25. Somos Alternativa de Informaci\u00f3n.\" \/>\n<meta name=\"robots\" content=\"index, follow, max-snippet:-1, max-image-preview:large, max-video-preview:-1\" \/>\n<link rel=\"canonical\" href=\"https:\/\/enlatitud25.com\/news\/estos-libros-son-esenciales-para-entender-mejor-la-historia-politica-del-paraguay\/\" \/>\n<meta property=\"og:locale\" content=\"es_ES\" \/>\n<meta property=\"og:type\" content=\"article\" \/>\n<meta property=\"og:title\" content=\"Estos libros son esenciales para entender mejor la historia pol\u00edtica del Paraguay &ndash; Latitud25\" \/>\n<meta property=\"og:description\" content=\"Mir\u00e1 nuestros reportajes audiovisuales y seguinos para enterarte de las \u00faltimas noticias de Paraguay y el mundo, desde la Latitud25. Somos Alternativa de Informaci\u00f3n.\" \/>\n<meta property=\"og:url\" content=\"https:\/\/enlatitud25.com\/news\/estos-libros-son-esenciales-para-entender-mejor-la-historia-politica-del-paraguay\/\" \/>\n<meta property=\"og:site_name\" content=\"Latitud25\" \/>\n<meta property=\"article:publisher\" content=\"https:\/\/www.facebook.com\/EnLatitud25\" \/>\n<meta property=\"article:author\" content=\"https:\/\/www.facebook.com\/EnLatitud25\" \/>\n<meta property=\"article:published_time\" content=\"2023-03-05T16:57:34+00:00\" \/>\n<meta property=\"article:modified_time\" content=\"2023-03-05T16:57:35+00:00\" \/>\n<meta property=\"og:image\" content=\"https:\/\/enlatitud25.com\/news\/wp-content\/uploads\/2023\/03\/Pag0-Nota-libros_.jpg\" \/>\n\t<meta property=\"og:image:width\" content=\"800\" \/>\n\t<meta property=\"og:image:height\" content=\"500\" \/>\n\t<meta property=\"og:image:type\" content=\"image\/jpeg\" \/>\n<meta name=\"author\" content=\"Latitud 25\" \/>\n<meta name=\"twitter:card\" content=\"summary_large_image\" \/>\n<meta name=\"twitter:creator\" content=\"@EnLatitud25\" \/>\n<meta name=\"twitter:site\" content=\"@EnLatitud25\" \/>\n<meta name=\"twitter:label1\" content=\"Escrito por\" \/>\n\t<meta name=\"twitter:data1\" content=\"Latitud 25\" \/>\n\t<meta name=\"twitter:label2\" content=\"Tiempo de lectura\" \/>\n\t<meta name=\"twitter:data2\" content=\"6 minutos\" \/>\n<script type=\"application\/ld+json\" class=\"yoast-schema-graph\">{\"@context\":\"https:\/\/schema.org\",\"@graph\":[{\"@type\":\"Article\",\"@id\":\"https:\/\/enlatitud25.com\/news\/estos-libros-son-esenciales-para-entender-mejor-la-historia-politica-del-paraguay\/#article\",\"isPartOf\":{\"@id\":\"https:\/\/enlatitud25.com\/news\/estos-libros-son-esenciales-para-entender-mejor-la-historia-politica-del-paraguay\/\"},\"author\":{\"name\":\"Latitud 25\",\"@id\":\"https:\/\/enlatitud25.com\/news\/#\/schema\/person\/23aafe968917005a721b8eb760f2586e\"},\"headline\":\"Estos libros son esenciales para entender mejor la historia pol\u00edtica del Paraguay\",\"datePublished\":\"2023-03-05T16:57:34+00:00\",\"dateModified\":\"2023-03-05T16:57:35+00:00\",\"mainEntityOfPage\":{\"@id\":\"https:\/\/enlatitud25.com\/news\/estos-libros-son-esenciales-para-entender-mejor-la-historia-politica-del-paraguay\/\"},\"wordCount\":1341,\"publisher\":{\"@id\":\"https:\/\/enlatitud25.com\/news\/#organization\"},\"keywords\":[\"Historia\",\"Historia Pol\u00edtica\",\"paraguay\",\"Pol\u00edtica\"],\"articleSection\":[\"Cultura\",\"Pol\u00edtica\"],\"inLanguage\":\"es\"},{\"@type\":\"WebPage\",\"@id\":\"https:\/\/enlatitud25.com\/news\/estos-libros-son-esenciales-para-entender-mejor-la-historia-politica-del-paraguay\/\",\"url\":\"https:\/\/enlatitud25.com\/news\/estos-libros-son-esenciales-para-entender-mejor-la-historia-politica-del-paraguay\/\",\"name\":\"Estos libros son esenciales para entender mejor la historia pol\u00edtica del Paraguay &ndash; Latitud25\",\"isPartOf\":{\"@id\":\"https:\/\/enlatitud25.com\/news\/#website\"},\"datePublished\":\"2023-03-05T16:57:34+00:00\",\"dateModified\":\"2023-03-05T16:57:35+00:00\",\"description\":\"Mir\u00e1 nuestros reportajes audiovisuales y seguinos para enterarte de las \u00faltimas noticias de Paraguay y el mundo, desde la Latitud25. Somos Alternativa de Informaci\u00f3n.\",\"breadcrumb\":{\"@id\":\"https:\/\/enlatitud25.com\/news\/estos-libros-son-esenciales-para-entender-mejor-la-historia-politica-del-paraguay\/#breadcrumb\"},\"inLanguage\":\"es\",\"potentialAction\":[{\"@type\":\"ReadAction\",\"target\":[\"https:\/\/enlatitud25.com\/news\/estos-libros-son-esenciales-para-entender-mejor-la-historia-politica-del-paraguay\/\"]}]},{\"@type\":\"BreadcrumbList\",\"@id\":\"https:\/\/enlatitud25.com\/news\/estos-libros-son-esenciales-para-entender-mejor-la-historia-politica-del-paraguay\/#breadcrumb\",\"itemListElement\":[{\"@type\":\"ListItem\",\"position\":1,\"name\":\"Home\",\"item\":\"https:\/\/enlatitud25.com\/news\/\"},{\"@type\":\"ListItem\",\"position\":2,\"name\":\"Estos libros son esenciales para entender mejor la historia pol\u00edtica del Paraguay\"}]},{\"@type\":\"WebSite\",\"@id\":\"https:\/\/enlatitud25.com\/news\/#website\",\"url\":\"https:\/\/enlatitud25.com\/news\/\",\"name\":\"Latitud25\",\"description\":\"news\",\"publisher\":{\"@id\":\"https:\/\/enlatitud25.com\/news\/#organization\"},\"potentialAction\":[{\"@type\":\"SearchAction\",\"target\":{\"@type\":\"EntryPoint\",\"urlTemplate\":\"https:\/\/enlatitud25.com\/news\/?s={search_term_string}\"},\"query-input\":\"required name=search_term_string\"}],\"inLanguage\":\"es\"},{\"@type\":\"Organization\",\"@id\":\"https:\/\/enlatitud25.com\/news\/#organization\",\"name\":\"Latitud 25 - News\",\"url\":\"https:\/\/enlatitud25.com\/news\/\",\"logo\":{\"@type\":\"ImageObject\",\"inLanguage\":\"es\",\"@id\":\"https:\/\/enlatitud25.com\/news\/#\/schema\/logo\/image\/\",\"url\":\"https:\/\/enlatitud25.com\/news\/wp-content\/uploads\/2020\/11\/logo_latitud.png\",\"contentUrl\":\"https:\/\/enlatitud25.com\/news\/wp-content\/uploads\/2020\/11\/logo_latitud.png\",\"width\":235,\"height\":39,\"caption\":\"Latitud 25 - News\"},\"image\":{\"@id\":\"https:\/\/enlatitud25.com\/news\/#\/schema\/logo\/image\/\"},\"sameAs\":[\"https:\/\/www.facebook.com\/EnLatitud25\",\"https:\/\/twitter.com\/EnLatitud25\",\"https:\/\/www.instagram.com\/enlatitud25\/\",\"https:\/\/www.youtube.com\/user\/desdelatitud25\"]},{\"@type\":\"Person\",\"@id\":\"https:\/\/enlatitud25.com\/news\/#\/schema\/person\/23aafe968917005a721b8eb760f2586e\",\"name\":\"Latitud 25\",\"sameAs\":[\"https:\/\/enlatitud25.com\/news\",\"https:\/\/www.facebook.com\/EnLatitud25\",\"https:\/\/www.instagram.com\/enlatitud25\",\"https:\/\/www.youtube.com\/user\/desdelatitud25\",\"https:\/\/soundcloud.com\/enlatitud25\"],\"url\":\"https:\/\/enlatitud25.com\/news\/author\/nnews-uss00\/\"}]}<\/script>\n<!-- \/ Yoast SEO plugin. -->","yoast_head_json":{"title":"Estos libros son esenciales para entender mejor la historia pol\u00edtica del Paraguay &ndash; Latitud25","description":"Mir\u00e1 nuestros reportajes audiovisuales y seguinos para enterarte de las \u00faltimas noticias de Paraguay y el mundo, desde la Latitud25. Somos Alternativa de Informaci\u00f3n.","robots":{"index":"index","follow":"follow","max-snippet":"max-snippet:-1","max-image-preview":"max-image-preview:large","max-video-preview":"max-video-preview:-1"},"canonical":"https:\/\/enlatitud25.com\/news\/estos-libros-son-esenciales-para-entender-mejor-la-historia-politica-del-paraguay\/","og_locale":"es_ES","og_type":"article","og_title":"Estos libros son esenciales para entender mejor la historia pol\u00edtica del Paraguay &ndash; Latitud25","og_description":"Mir\u00e1 nuestros reportajes audiovisuales y seguinos para enterarte de las \u00faltimas noticias de Paraguay y el mundo, desde la Latitud25. Somos Alternativa de Informaci\u00f3n.","og_url":"https:\/\/enlatitud25.com\/news\/estos-libros-son-esenciales-para-entender-mejor-la-historia-politica-del-paraguay\/","og_site_name":"Latitud25","article_publisher":"https:\/\/www.facebook.com\/EnLatitud25","article_author":"https:\/\/www.facebook.com\/EnLatitud25","article_published_time":"2023-03-05T16:57:34+00:00","article_modified_time":"2023-03-05T16:57:35+00:00","og_image":[{"width":800,"height":500,"url":"https:\/\/enlatitud25.com\/news\/wp-content\/uploads\/2023\/03\/Pag0-Nota-libros_.jpg","type":"image\/jpeg"}],"author":"Latitud 25","twitter_card":"summary_large_image","twitter_creator":"@EnLatitud25","twitter_site":"@EnLatitud25","twitter_misc":{"Escrito por":"Latitud 25","Tiempo de lectura":"6 minutos"},"schema":{"@context":"https:\/\/schema.org","@graph":[{"@type":"Article","@id":"https:\/\/enlatitud25.com\/news\/estos-libros-son-esenciales-para-entender-mejor-la-historia-politica-del-paraguay\/#article","isPartOf":{"@id":"https:\/\/enlatitud25.com\/news\/estos-libros-son-esenciales-para-entender-mejor-la-historia-politica-del-paraguay\/"},"author":{"name":"Latitud 25","@id":"https:\/\/enlatitud25.com\/news\/#\/schema\/person\/23aafe968917005a721b8eb760f2586e"},"headline":"Estos libros son esenciales para entender mejor la historia pol\u00edtica del Paraguay","datePublished":"2023-03-05T16:57:34+00:00","dateModified":"2023-03-05T16:57:35+00:00","mainEntityOfPage":{"@id":"https:\/\/enlatitud25.com\/news\/estos-libros-son-esenciales-para-entender-mejor-la-historia-politica-del-paraguay\/"},"wordCount":1341,"publisher":{"@id":"https:\/\/enlatitud25.com\/news\/#organization"},"keywords":["Historia","Historia Pol\u00edtica","paraguay","Pol\u00edtica"],"articleSection":["Cultura","Pol\u00edtica"],"inLanguage":"es"},{"@type":"WebPage","@id":"https:\/\/enlatitud25.com\/news\/estos-libros-son-esenciales-para-entender-mejor-la-historia-politica-del-paraguay\/","url":"https:\/\/enlatitud25.com\/news\/estos-libros-son-esenciales-para-entender-mejor-la-historia-politica-del-paraguay\/","name":"Estos libros son esenciales para entender mejor la historia pol\u00edtica del Paraguay &ndash; Latitud25","isPartOf":{"@id":"https:\/\/enlatitud25.com\/news\/#website"},"datePublished":"2023-03-05T16:57:34+00:00","dateModified":"2023-03-05T16:57:35+00:00","description":"Mir\u00e1 nuestros reportajes audiovisuales y seguinos para enterarte de las \u00faltimas noticias de Paraguay y el mundo, desde la Latitud25. Somos Alternativa de Informaci\u00f3n.","breadcrumb":{"@id":"https:\/\/enlatitud25.com\/news\/estos-libros-son-esenciales-para-entender-mejor-la-historia-politica-del-paraguay\/#breadcrumb"},"inLanguage":"es","potentialAction":[{"@type":"ReadAction","target":["https:\/\/enlatitud25.com\/news\/estos-libros-son-esenciales-para-entender-mejor-la-historia-politica-del-paraguay\/"]}]},{"@type":"BreadcrumbList","@id":"https:\/\/enlatitud25.com\/news\/estos-libros-son-esenciales-para-entender-mejor-la-historia-politica-del-paraguay\/#breadcrumb","itemListElement":[{"@type":"ListItem","position":1,"name":"Home","item":"https:\/\/enlatitud25.com\/news\/"},{"@type":"ListItem","position":2,"name":"Estos libros son esenciales para entender mejor la historia pol\u00edtica del Paraguay"}]},{"@type":"WebSite","@id":"https:\/\/enlatitud25.com\/news\/#website","url":"https:\/\/enlatitud25.com\/news\/","name":"Latitud25","description":"news","publisher":{"@id":"https:\/\/enlatitud25.com\/news\/#organization"},"potentialAction":[{"@type":"SearchAction","target":{"@type":"EntryPoint","urlTemplate":"https:\/\/enlatitud25.com\/news\/?s={search_term_string}"},"query-input":"required name=search_term_string"}],"inLanguage":"es"},{"@type":"Organization","@id":"https:\/\/enlatitud25.com\/news\/#organization","name":"Latitud 25 - News","url":"https:\/\/enlatitud25.com\/news\/","logo":{"@type":"ImageObject","inLanguage":"es","@id":"https:\/\/enlatitud25.com\/news\/#\/schema\/logo\/image\/","url":"https:\/\/enlatitud25.com\/news\/wp-content\/uploads\/2020\/11\/logo_latitud.png","contentUrl":"https:\/\/enlatitud25.com\/news\/wp-content\/uploads\/2020\/11\/logo_latitud.png","width":235,"height":39,"caption":"Latitud 25 - News"},"image":{"@id":"https:\/\/enlatitud25.com\/news\/#\/schema\/logo\/image\/"},"sameAs":["https:\/\/www.facebook.com\/EnLatitud25","https:\/\/twitter.com\/EnLatitud25","https:\/\/www.instagram.com\/enlatitud25\/","https:\/\/www.youtube.com\/user\/desdelatitud25"]},{"@type":"Person","@id":"https:\/\/enlatitud25.com\/news\/#\/schema\/person\/23aafe968917005a721b8eb760f2586e","name":"Latitud 25","sameAs":["https:\/\/enlatitud25.com\/news","https:\/\/www.facebook.com\/EnLatitud25","https:\/\/www.instagram.com\/enlatitud25","https:\/\/www.youtube.com\/user\/desdelatitud25","https:\/\/soundcloud.com\/enlatitud25"],"url":"https:\/\/enlatitud25.com\/news\/author\/nnews-uss00\/"}]}},"_links":{"self":[{"href":"https:\/\/enlatitud25.com\/news\/wp-json\/wp\/v2\/posts\/13796"}],"collection":[{"href":"https:\/\/enlatitud25.com\/news\/wp-json\/wp\/v2\/posts"}],"about":[{"href":"https:\/\/enlatitud25.com\/news\/wp-json\/wp\/v2\/types\/post"}],"author":[{"embeddable":true,"href":"https:\/\/enlatitud25.com\/news\/wp-json\/wp\/v2\/users\/1"}],"replies":[{"embeddable":true,"href":"https:\/\/enlatitud25.com\/news\/wp-json\/wp\/v2\/comments?post=13796"}],"version-history":[{"count":6,"href":"https:\/\/enlatitud25.com\/news\/wp-json\/wp\/v2\/posts\/13796\/revisions"}],"predecessor-version":[{"id":13818,"href":"https:\/\/enlatitud25.com\/news\/wp-json\/wp\/v2\/posts\/13796\/revisions\/13818"}],"wp:featuredmedia":[{"embeddable":true,"href":"https:\/\/enlatitud25.com\/news\/wp-json\/wp\/v2\/media\/13797"}],"wp:attachment":[{"href":"https:\/\/enlatitud25.com\/news\/wp-json\/wp\/v2\/media?parent=13796"}],"wp:term":[{"taxonomy":"category","embeddable":true,"href":"https:\/\/enlatitud25.com\/news\/wp-json\/wp\/v2\/categories?post=13796"},{"taxonomy":"post_tag","embeddable":true,"href":"https:\/\/enlatitud25.com\/news\/wp-json\/wp\/v2\/tags?post=13796"},{"taxonomy":"ubicacion","embeddable":true,"href":"https:\/\/enlatitud25.com\/news\/wp-json\/wp\/v2\/ubicacion?post=13796"}],"curies":[{"name":"wp","href":"https:\/\/api.w.org\/{rel}","templated":true}]}}