{"id":13758,"date":"2023-03-04T17:59:54","date_gmt":"2023-03-04T17:59:54","guid":{"rendered":"https:\/\/enlatitud25.com\/news\/?p=13758"},"modified":"2023-03-06T13:42:35","modified_gmt":"2023-03-06T13:42:35","slug":"la-realidad-invisibilizada-de-ninas-y-adolescentes-forzadas-a-uniones-tempranas","status":"publish","type":"post","link":"https:\/\/enlatitud25.com\/news\/la-realidad-invisibilizada-de-ninas-y-adolescentes-forzadas-a-uniones-tempranas\/","title":{"rendered":"La realidad de ni\u00f1as y adolescentes forzadas a uniones tempranas"},"content":{"rendered":"\n<p>El espectro de violaciones de derechos de ni\u00f1os, ni\u00f1as y adolescentes es amplio y variado. Los casos de abuso f\u00edsico, psicol\u00f3gico y sexual de menores de 18 a\u00f1os son parte de la agenda medi\u00e1tica a diario. El \u00edndice local habla que por d\u00eda dos ni\u00f1as entre 10 a 14 a\u00f1os son madres en Paraguay.<\/p>\n\n\n\n<p>Sin embargo, esos datos hablan desde la consecuencia de un drama aun vigente, mucho m\u00e1s normalizado a efectos culturales, que rom\u00e1ntica las relaciones de ni\u00f1as o adolescentes con hombres adultos que muchas veces las duplican en edad. <\/p>\n\n\n\n<p>No existe consentimiento en una relaci\u00f3n de una ni\u00f1a con un adulto, y esto se constituye en un caso de abuso, sostienen las autoridades.<\/p>\n\n\n\n<p>En Am\u00e9rica Latina y el Caribe, 1 de cada 5 ni\u00f1as ha estado en un matrimonio o uni\u00f3n de hecho con un adulto, de manera forzada. En Paraguay las estad\u00edsticas no son muy distintas, esto se replica pr\u00e1cticamente en todos los departamentos del pa\u00eds, menos en Paraguar\u00ed. <\/p>\n\n\n\n<p>La <strong>Coordinadora por los Derechos de la Infancia y la Adolescencia&nbsp;(CDIA) <\/strong>public\u00f3 cifras respecto a nuestro pa\u00eds. El documento se\u00f1ala el<a href=\"https:\/\/www.cdiaobserva.org.py\/indice-de-desproteccion\/\" target=\"_blank\" rel=\"noreferrer noopener\"> <strong>\u00cdndice de Desprotecci\u00f3n de Ni\u00f1ez y Adolescencia por departamentos<\/strong><\/a>. Esto tiene tiene su base en la experiencia realizada a nivel global por la organizaci\u00f3n <em><strong>Save The Children<\/strong>.<\/em><\/p>\n\n\n\n<p>&#8220;El mayor \u00edndice de desprotecci\u00f3n para ni\u00f1as, ni\u00f1os y adolescentes (NNA) en materia de matrimonio infantil se encuentra en los departamentos de: <strong>Boquer\u00f3n<\/strong> (0), <strong>Asunci\u00f3n<\/strong> (15) y Canindey\u00fa (15) donde casi la totalidad de NNA se encuentra en desprotecci\u00f3n frente a una situaci\u00f3n de matrimonio o concubinato&#8221;, refiere el material. <\/p>\n\n\n\n<figure class=\"wp-block-image size-full\"><img decoding=\"async\" loading=\"lazy\" width=\"800\" height=\"500\" src=\"https:\/\/enlatitud25.com\/news\/wp-content\/uploads\/2023\/03\/pag4-Nin\u0303as-NO-Novias-1.png\" alt=\"\" class=\"wp-image-13787\" srcset=\"https:\/\/enlatitud25.com\/news\/wp-content\/uploads\/2023\/03\/pag4-Nin\u0303as-NO-Novias-1.png 800w, https:\/\/enlatitud25.com\/news\/wp-content\/uploads\/2023\/03\/pag4-Nin\u0303as-NO-Novias-1-300x188.png 300w, https:\/\/enlatitud25.com\/news\/wp-content\/uploads\/2023\/03\/pag4-Nin\u0303as-NO-Novias-1-768x480.png 768w, https:\/\/enlatitud25.com\/news\/wp-content\/uploads\/2023\/03\/pag4-Nin\u0303as-NO-Novias-1-380x238.png 380w\" sizes=\"(max-width: 800px) 100vw, 800px\" \/><\/figure>\n\n\n\n<p>Al respecto habl\u00f3 en RadioCast25, la especialista mexicana, <strong>Alma Burciaga<\/strong>, directora regional de <em><strong>Girls Not Brides<\/strong><\/em>: la Alianza Global para Terminar con el Matrimonio Infantil. Explic\u00f3 acerca de c\u00f3mo esta situaci\u00f3n afecta a la regi\u00f3n. <\/p>\n\n\n\n<h4 id=\"las-ninas-estan-desprotegidas-en-america-latina\" class=\"wp-block-heading\">Las ni\u00f1as est\u00e1n desprotegidas en Am\u00e9rica Latina<\/h4>\n\n\n\n<p><strong>Burciaga<\/strong> indica que, contrario a lo que se cree en Am\u00e9rica Latina, realmente se siguen concretando tanto matrimonios infantiles, as\u00ed como uniones tempranas y forzadas. <\/p>\n\n\n\n<p>Refiere que esto se entiende, ya sea matrimonios formales, es decir, registradas por el Estado o alguna instituci\u00f3n religiosa o bien las uniones informales que son aquellas uniones entre dos personas que incluyen a menores de 18 a\u00f1os. <\/p>\n\n\n\n<p>Hace \u00e9nfasis, primero, en que estas uniones no corresponden a la etapa de desarrollo en la que se deber\u00eda de realizar ese tipo de actividad. Segundo, asevera que son forzadas tambi\u00e9n porque no existe un consentimiento pleno, libre e informado.<\/p>\n\n\n\n<p>Remarca que el hecho de que 1 de cada 5 ni\u00f1as en Am\u00e9rica Latina y el Caribe se encuentren casadas o en uniones de hecho, es realmente preocupante. &#8220;Porque estamos hablando de miles o millones de ni\u00f1as que est\u00e1n en esta situaci\u00f3n en pleno 2023&#8221;, subraya.<\/p>\n\n\n\n<p><strong>Nota relacionada:<a href=\"https:\/\/enlatitud25.com\/news\/un-sensible-debate-cuando-las-costumbres-violan-derechos-humanos\/\" target=\"_blank\" rel=\"noreferrer noopener\"> Un sensible debate: Cuando las costumbres violan derechos humanos<\/a><\/strong><\/p>\n\n\n\n<figure class=\"wp-block-image size-full\"><img decoding=\"async\" loading=\"lazy\" width=\"800\" height=\"500\" src=\"https:\/\/enlatitud25.com\/news\/wp-content\/uploads\/2023\/03\/pag2-Nin\u0303as-NO-Novias.jpg\" alt=\"\" class=\"wp-image-13769\" srcset=\"https:\/\/enlatitud25.com\/news\/wp-content\/uploads\/2023\/03\/pag2-Nin\u0303as-NO-Novias.jpg 800w, https:\/\/enlatitud25.com\/news\/wp-content\/uploads\/2023\/03\/pag2-Nin\u0303as-NO-Novias-300x188.jpg 300w, https:\/\/enlatitud25.com\/news\/wp-content\/uploads\/2023\/03\/pag2-Nin\u0303as-NO-Novias-768x480.jpg 768w, https:\/\/enlatitud25.com\/news\/wp-content\/uploads\/2023\/03\/pag2-Nin\u0303as-NO-Novias-380x238.jpg 380w\" sizes=\"(max-width: 800px) 100vw, 800px\" \/><\/figure>\n\n\n\n<h4 id=\"no-forma-parte-de-la-agenda-politica\" class=\"wp-block-heading\">No forma parte de la agenda pol\u00edtica<\/h4>\n\n\n\n<p><strong>Burciaga<\/strong> considera que este es un llamado tambi\u00e9n para la acci\u00f3n y la inversi\u00f3n de los derechos de ni\u00f1as y adolescentes. Porque, recuerda que, en nuestra regi\u00f3n esto no forma parte de las agendas p\u00fablicas ni de pol\u00edticas p\u00fablicas. <\/p>\n\n\n\n<p>&#8220;No ha habido una inversi\u00f3n por ejemplo, no hemos sido capaces de poder reducir las cifras como esper\u00e1bamos&#8221;, apunta.<\/p>\n\n\n\n<p>Advierte que, a este ritmo, con esta ausencia de pol\u00edticas p\u00fablicas, de inversi\u00f3n y de ver esta cuesti\u00f3n como una problem\u00e1tica urgente, probablemente cerca del 2030, estaremos alcanzando las cifras que se manejan en Asia y en \u00c1frica, que son las regiones en las que pensamos cuando escuchamos el nombre de matrimonios infantiles y uniones forzadas.<\/p>\n\n\n\n<h4 id=\"paraguay-supera-a-la-region\" class=\"wp-block-heading\">Paraguay supera a la regi\u00f3n <\/h4>\n\n\n\n<p>Cabe se\u00f1alar, que en cuanto a Paraguay, el <strong>Ministerio de la Ni\u00f1ez y la Adolescencia<\/strong> vino alertando sobre casos de comunidades ind\u00edgenas que permit\u00edan estas uniones entre ni\u00f1as y personas mayores de edad. <\/p>\n\n\n\n<p>La ministra <strong>Teresa Mart\u00ednez<\/strong>, hab\u00eda comentado que estaban trabajando de cerca con varias comunidades para terminar con esta costumbre.<\/p>\n\n\n\n<p>Sin embargo, especific\u00f3 que en algunos puntos no ten\u00edan una buena recepci\u00f3n. Asimismo, tras un caso de feminicidio en una comunidad ind\u00edgena, que involucr\u00f3 a un hombre mayor de edad quien asesin\u00f3 a una ni\u00f1a de 13 a\u00f1os, con quien ten\u00eda una relaci\u00f3n, varias mujeres ind\u00edgenas hicieron \u00e9nfasis en que ninguna costumbre puede justificar ning\u00fan tipo de abuso.<\/p>\n\n\n\n<p><strong>Le\u00e9 m\u00e1s: <a href=\"https:\/\/enlatitud25.com\/news\/no-se-puede-justificar-ningun-tipo-de-abuso-diciendo-que-es-algo-cultural\/\" target=\"_blank\" rel=\"noreferrer noopener\">\u201cNo se puede justificar ning\u00fan tipo de abuso diciendo que es algo cultural\u201d<\/a><\/strong><\/p>\n\n\n\n<p>En el caso de Paraguay, cuenta la directora regional de <em><strong>Girls Not Brides<\/strong><\/em>, el promedio de ni\u00f1as o adolescentes \u2013que han estado casadas o unidas\u2013 alcanza el 22%. <\/p>\n\n\n\n<p>&#8220;Esta cifra es 1% mayor a la media de la regi\u00f3n y, por lo tanto, es importante que las autoridades, que las instituciones por parte del Gobierno, volteen a ver la problem\u00e1tica&#8221;, enfatiza.<\/p>\n\n\n\n<figure class=\"wp-block-image size-full\"><img decoding=\"async\" loading=\"lazy\" width=\"800\" height=\"500\" src=\"https:\/\/enlatitud25.com\/news\/wp-content\/uploads\/2023\/03\/pag3-Nin\u0303as-NO-Novias.jpg\" alt=\"\" class=\"wp-image-13786\" srcset=\"https:\/\/enlatitud25.com\/news\/wp-content\/uploads\/2023\/03\/pag3-Nin\u0303as-NO-Novias.jpg 800w, https:\/\/enlatitud25.com\/news\/wp-content\/uploads\/2023\/03\/pag3-Nin\u0303as-NO-Novias-300x188.jpg 300w, https:\/\/enlatitud25.com\/news\/wp-content\/uploads\/2023\/03\/pag3-Nin\u0303as-NO-Novias-768x480.jpg 768w, https:\/\/enlatitud25.com\/news\/wp-content\/uploads\/2023\/03\/pag3-Nin\u0303as-NO-Novias-380x238.jpg 380w\" sizes=\"(max-width: 800px) 100vw, 800px\" \/><\/figure>\n\n\n\n<p>Respecto a la recomendaci\u00f3n de la organizaci\u00f3n, afirma que el abordaje debe ser desde una perspectiva integral y hol\u00edstica. <\/p>\n\n\n\n<p>&#8220;\u00bfQu\u00e9 quiere decir esto? Que no se limite \u00fanicamente a la adopci\u00f3n de leyes. Hay una tendencia en toda la regi\u00f3n y tambi\u00e9n a nivel mundial de pensar que con la adopci\u00f3n de una ley o la prohibici\u00f3n absoluta de los matrimonios entre personas menores de edad, se est\u00e1 resolviendo esta problem\u00e1tica, pero no es suficiente&#8221;, relata.<\/p>\n\n\n\n<p>Por ese motivo, refuerza la idea de que es necesario invertir en las causas estructurales que lleva a que las ni\u00f1as y adolescentes o sus familias tomen la decisi\u00f3n de que acepten un matrimonio forzado. <\/p>\n\n\n\n<h4 id=\"causas-que-se-deben-abordar\" class=\"wp-block-heading\"><strong>Causas que se deben abordar<\/strong><\/h4>\n\n\n\n<p>La <em><strong>Girls Not Brides<\/strong><\/em> detect\u00f3 tres grandes causas en los que estados deben invertir para evitar que esta problem\u00e1tica siga:<\/p>\n\n\n\n<ul><li><strong>Desigualdad de g\u00e9nero.<\/strong> Lamentablemente existe en Paraguay y en toda la regi\u00f3n, con estos roles que miran a las ni\u00f1as y a las adolescentes como personas que no son sujetas de derechos. Limitan las oportunidades y las opciones de vida para las ni\u00f1as y adolescentes.<\/li><\/ul>\n\n\n\n<ul><li><strong>F<\/strong>al<strong>ta de oportunidades.<\/strong> Desafortunadamente tambi\u00e9n tiene un rostro de ni\u00f1as y adolescentes. \u00bfQu\u00e9 quiere decir esto? Que para muchas mujeres, ni\u00f1as y adolescentes hay menores oportunidades de desarrollo econ\u00f3mico y desarrollo en la vida pol\u00edtica. <\/li><\/ul>\n\n\n\n<p>Tambi\u00e9n hay menores oportunidades de educaci\u00f3n y acceso a los derechos sexuales. Eso afecta sus opciones de vida.<\/p>\n\n\n\n<ul><li><strong>Mayor protecci\u00f3n.<\/strong> Los estados deber\u00edan estar trabajando en garantizar que las ni\u00f1as y adolescentes, as\u00ed como las mujeres y todas las personas se desarrollen en entornos estabilizantes. Estos son contextos en donde no hay violencia, que lastimen el desarrollo de ni\u00f1as y adolescentes. <\/li><\/ul>\n\n\n\n<p>&#8220;Los contextos de violencia, lleva a que en muchas ocasiones ni\u00f1as y adolescente salgan de sus hogares, porque dentro de su propia casa sufren violencia. Entonces quieren encontrar en una uni\u00f3n temprana una probable opci\u00f3n para escapar de este contexto de violencia. Cuando en realidad se ha comprobado unirse o casarse tampoco va a resolver un contexto de violencia y tampoco significa mayores oportunidades econ\u00f3micas, como de repente cree&#8221;, subraya <strong>Alma Burciaga<\/strong>.<\/p>\n\n\n\n<figure class=\"wp-block-image size-full\"><img decoding=\"async\" loading=\"lazy\" width=\"800\" height=\"500\" src=\"https:\/\/enlatitud25.com\/news\/wp-content\/uploads\/2023\/03\/pag1-Nin\u0303as-NO-Novias.jpg\" alt=\"\" class=\"wp-image-13771\" srcset=\"https:\/\/enlatitud25.com\/news\/wp-content\/uploads\/2023\/03\/pag1-Nin\u0303as-NO-Novias.jpg 800w, https:\/\/enlatitud25.com\/news\/wp-content\/uploads\/2023\/03\/pag1-Nin\u0303as-NO-Novias-300x188.jpg 300w, https:\/\/enlatitud25.com\/news\/wp-content\/uploads\/2023\/03\/pag1-Nin\u0303as-NO-Novias-768x480.jpg 768w, https:\/\/enlatitud25.com\/news\/wp-content\/uploads\/2023\/03\/pag1-Nin\u0303as-NO-Novias-380x238.jpg 380w\" sizes=\"(max-width: 800px) 100vw, 800px\" \/><\/figure>\n\n\n\n<h4 id=\"hay-que-cuestionar-practicas-y-creencias\" class=\"wp-block-heading\">Hay que cuestionar pr\u00e1cticas y creencias<\/h4>\n\n\n\n<p>Finalmente Burciaga recalca que es necesario cuestionar las costumbres o creencias existentes en la sociedad. <\/p>\n\n\n\n<p>Afirma que esto implica cuestionar las muchas pr\u00e1cticas o creencias que tenemos en nuestras sociedades respecto al uso y al control del cuerpo, sobre todo las ni\u00f1as y de las adolescentes. <\/p>\n\n\n\n<p>En ese sentido, tambi\u00e9n implica el cuestionamiento a grupos antiderechos que avasallan normativas que amparan a grupos vulnerables, adem\u00e1s de derribar el concepto hegem\u00f3nico del modelo \u00fanico de familia.<\/p>\n\n\n\n<p>Agrega que se debe repensar cu\u00e1les son los valores en el marco de una garant\u00eda de Derechos Humanos. &#8220;Porque todas las personas tenemos derecho (&#8230;) En esta regi\u00f3n, el hecho de que ser ni\u00f1a o mujer siga siendo un tema de discriminaci\u00f3n nos llama a todas y a todos como sociedad a pensar en estas creencias y estereotipos de g\u00e9nero acaban afectando a los derechos de ni\u00f1as y adolescentes&#8221;, concluye.<\/p>\n","protected":false},"excerpt":{"rendered":"Los derechos de ni\u00f1as, ni\u00f1os y adolescentes siguen siendo violados de diferentes maneras, todos los d\u00edas. Hay nuevas cifras que apuntan a los niveles de desprotecci\u00f3n con los que viven, entre ellos, los matrimonios y las uniones forzadas de hecho. Abordamos la situaci\u00f3n en Latinoam\u00e9rica y en Paraguay. Te contamos sobre la problem\u00e1tica y por qu\u00e9 las leyes vigentes no son del todo suficientes. \n","protected":false},"author":1,"featured_media":13768,"comment_status":"closed","ping_status":"closed","sticky":false,"template":"","format":"standard","meta":[],"categories":[12],"tags":[1416,1415,1414,1413],"ubicacion":[18],"yoast_head":"<!-- This site is optimized with the Yoast SEO plugin v20.8 - https:\/\/yoast.com\/wordpress\/plugins\/seo\/ -->\n<title>La realidad de ni\u00f1as y adolescentes forzadas a uniones tempranas &ndash; Latitud25<\/title>\n<meta name=\"description\" content=\"Abordamos la situaci\u00f3n en Latinoam\u00e9rica y en Paraguay. Te contamos sobre la problem\u00e1tica y porqu\u00e9 las leyes no son suficientes.\" \/>\n<meta name=\"robots\" content=\"index, follow, max-snippet:-1, max-image-preview:large, max-video-preview:-1\" \/>\n<link rel=\"canonical\" href=\"https:\/\/enlatitud25.com\/news\/la-realidad-invisibilizada-de-ninas-y-adolescentes-forzadas-a-uniones-tempranas\/\" \/>\n<meta property=\"og:locale\" content=\"es_ES\" \/>\n<meta property=\"og:type\" content=\"article\" \/>\n<meta property=\"og:title\" content=\"La realidad de ni\u00f1as y adolescentes forzadas a uniones tempranas &ndash; Latitud25\" \/>\n<meta property=\"og:description\" content=\"Abordamos la situaci\u00f3n en Latinoam\u00e9rica y en Paraguay. Te contamos sobre la problem\u00e1tica y porqu\u00e9 las leyes no son suficientes.\" \/>\n<meta property=\"og:url\" content=\"https:\/\/enlatitud25.com\/news\/la-realidad-invisibilizada-de-ninas-y-adolescentes-forzadas-a-uniones-tempranas\/\" \/>\n<meta property=\"og:site_name\" content=\"Latitud25\" \/>\n<meta property=\"article:publisher\" content=\"https:\/\/www.facebook.com\/EnLatitud25\" \/>\n<meta property=\"article:author\" content=\"https:\/\/www.facebook.com\/EnLatitud25\" \/>\n<meta property=\"article:published_time\" content=\"2023-03-04T17:59:54+00:00\" \/>\n<meta property=\"article:modified_time\" content=\"2023-03-06T13:42:35+00:00\" \/>\n<meta property=\"og:image\" content=\"https:\/\/enlatitud25.com\/news\/wp-content\/uploads\/2023\/03\/Pag0-Nin\u0303as-NO-Novias.jpg\" \/>\n\t<meta property=\"og:image:width\" content=\"800\" \/>\n\t<meta property=\"og:image:height\" content=\"500\" \/>\n\t<meta property=\"og:image:type\" content=\"image\/jpeg\" \/>\n<meta name=\"author\" content=\"Latitud 25\" \/>\n<meta name=\"twitter:card\" content=\"summary_large_image\" \/>\n<meta name=\"twitter:creator\" content=\"@EnLatitud25\" \/>\n<meta name=\"twitter:site\" content=\"@EnLatitud25\" \/>\n<meta name=\"twitter:label1\" content=\"Escrito por\" \/>\n\t<meta name=\"twitter:data1\" content=\"Latitud 25\" \/>\n\t<meta name=\"twitter:label2\" content=\"Tiempo de lectura\" \/>\n\t<meta name=\"twitter:data2\" content=\"7 minutos\" \/>\n<script type=\"application\/ld+json\" class=\"yoast-schema-graph\">{\"@context\":\"https:\/\/schema.org\",\"@graph\":[{\"@type\":\"Article\",\"@id\":\"https:\/\/enlatitud25.com\/news\/la-realidad-invisibilizada-de-ninas-y-adolescentes-forzadas-a-uniones-tempranas\/#article\",\"isPartOf\":{\"@id\":\"https:\/\/enlatitud25.com\/news\/la-realidad-invisibilizada-de-ninas-y-adolescentes-forzadas-a-uniones-tempranas\/\"},\"author\":{\"name\":\"Latitud 25\",\"@id\":\"https:\/\/enlatitud25.com\/news\/#\/schema\/person\/23aafe968917005a721b8eb760f2586e\"},\"headline\":\"La realidad de ni\u00f1as y adolescentes forzadas a uniones tempranas\",\"datePublished\":\"2023-03-04T17:59:54+00:00\",\"dateModified\":\"2023-03-06T13:42:35+00:00\",\"mainEntityOfPage\":{\"@id\":\"https:\/\/enlatitud25.com\/news\/la-realidad-invisibilizada-de-ninas-y-adolescentes-forzadas-a-uniones-tempranas\/\"},\"wordCount\":1400,\"publisher\":{\"@id\":\"https:\/\/enlatitud25.com\/news\/#organization\"},\"keywords\":[\"desprotecci\u00f3n\",\"matrimonio\",\"ni\u00f1as y adolescentes\",\"uniones\"],\"articleSection\":[\"Realidad\"],\"inLanguage\":\"es\"},{\"@type\":\"WebPage\",\"@id\":\"https:\/\/enlatitud25.com\/news\/la-realidad-invisibilizada-de-ninas-y-adolescentes-forzadas-a-uniones-tempranas\/\",\"url\":\"https:\/\/enlatitud25.com\/news\/la-realidad-invisibilizada-de-ninas-y-adolescentes-forzadas-a-uniones-tempranas\/\",\"name\":\"La realidad de ni\u00f1as y adolescentes forzadas a uniones tempranas &ndash; Latitud25\",\"isPartOf\":{\"@id\":\"https:\/\/enlatitud25.com\/news\/#website\"},\"datePublished\":\"2023-03-04T17:59:54+00:00\",\"dateModified\":\"2023-03-06T13:42:35+00:00\",\"description\":\"Abordamos la situaci\u00f3n en Latinoam\u00e9rica y en Paraguay. Te contamos sobre la problem\u00e1tica y porqu\u00e9 las leyes no son suficientes.\",\"breadcrumb\":{\"@id\":\"https:\/\/enlatitud25.com\/news\/la-realidad-invisibilizada-de-ninas-y-adolescentes-forzadas-a-uniones-tempranas\/#breadcrumb\"},\"inLanguage\":\"es\",\"potentialAction\":[{\"@type\":\"ReadAction\",\"target\":[\"https:\/\/enlatitud25.com\/news\/la-realidad-invisibilizada-de-ninas-y-adolescentes-forzadas-a-uniones-tempranas\/\"]}]},{\"@type\":\"BreadcrumbList\",\"@id\":\"https:\/\/enlatitud25.com\/news\/la-realidad-invisibilizada-de-ninas-y-adolescentes-forzadas-a-uniones-tempranas\/#breadcrumb\",\"itemListElement\":[{\"@type\":\"ListItem\",\"position\":1,\"name\":\"Home\",\"item\":\"https:\/\/enlatitud25.com\/news\/\"},{\"@type\":\"ListItem\",\"position\":2,\"name\":\"La realidad de ni\u00f1as y adolescentes forzadas a uniones tempranas\"}]},{\"@type\":\"WebSite\",\"@id\":\"https:\/\/enlatitud25.com\/news\/#website\",\"url\":\"https:\/\/enlatitud25.com\/news\/\",\"name\":\"Latitud25\",\"description\":\"news\",\"publisher\":{\"@id\":\"https:\/\/enlatitud25.com\/news\/#organization\"},\"potentialAction\":[{\"@type\":\"SearchAction\",\"target\":{\"@type\":\"EntryPoint\",\"urlTemplate\":\"https:\/\/enlatitud25.com\/news\/?s={search_term_string}\"},\"query-input\":\"required name=search_term_string\"}],\"inLanguage\":\"es\"},{\"@type\":\"Organization\",\"@id\":\"https:\/\/enlatitud25.com\/news\/#organization\",\"name\":\"Latitud 25 - News\",\"url\":\"https:\/\/enlatitud25.com\/news\/\",\"logo\":{\"@type\":\"ImageObject\",\"inLanguage\":\"es\",\"@id\":\"https:\/\/enlatitud25.com\/news\/#\/schema\/logo\/image\/\",\"url\":\"https:\/\/enlatitud25.com\/news\/wp-content\/uploads\/2020\/11\/logo_latitud.png\",\"contentUrl\":\"https:\/\/enlatitud25.com\/news\/wp-content\/uploads\/2020\/11\/logo_latitud.png\",\"width\":235,\"height\":39,\"caption\":\"Latitud 25 - News\"},\"image\":{\"@id\":\"https:\/\/enlatitud25.com\/news\/#\/schema\/logo\/image\/\"},\"sameAs\":[\"https:\/\/www.facebook.com\/EnLatitud25\",\"https:\/\/twitter.com\/EnLatitud25\",\"https:\/\/www.instagram.com\/enlatitud25\/\",\"https:\/\/www.youtube.com\/user\/desdelatitud25\"]},{\"@type\":\"Person\",\"@id\":\"https:\/\/enlatitud25.com\/news\/#\/schema\/person\/23aafe968917005a721b8eb760f2586e\",\"name\":\"Latitud 25\",\"sameAs\":[\"https:\/\/enlatitud25.com\/news\",\"https:\/\/www.facebook.com\/EnLatitud25\",\"https:\/\/www.instagram.com\/enlatitud25\",\"https:\/\/www.youtube.com\/user\/desdelatitud25\",\"https:\/\/soundcloud.com\/enlatitud25\"],\"url\":\"https:\/\/enlatitud25.com\/news\/author\/nnews-uss00\/\"}]}<\/script>\n<!-- \/ Yoast SEO plugin. -->","yoast_head_json":{"title":"La realidad de ni\u00f1as y adolescentes forzadas a uniones tempranas &ndash; Latitud25","description":"Abordamos la situaci\u00f3n en Latinoam\u00e9rica y en Paraguay. Te contamos sobre la problem\u00e1tica y porqu\u00e9 las leyes no son suficientes.","robots":{"index":"index","follow":"follow","max-snippet":"max-snippet:-1","max-image-preview":"max-image-preview:large","max-video-preview":"max-video-preview:-1"},"canonical":"https:\/\/enlatitud25.com\/news\/la-realidad-invisibilizada-de-ninas-y-adolescentes-forzadas-a-uniones-tempranas\/","og_locale":"es_ES","og_type":"article","og_title":"La realidad de ni\u00f1as y adolescentes forzadas a uniones tempranas &ndash; Latitud25","og_description":"Abordamos la situaci\u00f3n en Latinoam\u00e9rica y en Paraguay. Te contamos sobre la problem\u00e1tica y porqu\u00e9 las leyes no son suficientes.","og_url":"https:\/\/enlatitud25.com\/news\/la-realidad-invisibilizada-de-ninas-y-adolescentes-forzadas-a-uniones-tempranas\/","og_site_name":"Latitud25","article_publisher":"https:\/\/www.facebook.com\/EnLatitud25","article_author":"https:\/\/www.facebook.com\/EnLatitud25","article_published_time":"2023-03-04T17:59:54+00:00","article_modified_time":"2023-03-06T13:42:35+00:00","og_image":[{"width":800,"height":500,"url":"https:\/\/enlatitud25.com\/news\/wp-content\/uploads\/2023\/03\/Pag0-Nin\u0303as-NO-Novias.jpg","type":"image\/jpeg"}],"author":"Latitud 25","twitter_card":"summary_large_image","twitter_creator":"@EnLatitud25","twitter_site":"@EnLatitud25","twitter_misc":{"Escrito por":"Latitud 25","Tiempo de lectura":"7 minutos"},"schema":{"@context":"https:\/\/schema.org","@graph":[{"@type":"Article","@id":"https:\/\/enlatitud25.com\/news\/la-realidad-invisibilizada-de-ninas-y-adolescentes-forzadas-a-uniones-tempranas\/#article","isPartOf":{"@id":"https:\/\/enlatitud25.com\/news\/la-realidad-invisibilizada-de-ninas-y-adolescentes-forzadas-a-uniones-tempranas\/"},"author":{"name":"Latitud 25","@id":"https:\/\/enlatitud25.com\/news\/#\/schema\/person\/23aafe968917005a721b8eb760f2586e"},"headline":"La realidad de ni\u00f1as y adolescentes forzadas a uniones tempranas","datePublished":"2023-03-04T17:59:54+00:00","dateModified":"2023-03-06T13:42:35+00:00","mainEntityOfPage":{"@id":"https:\/\/enlatitud25.com\/news\/la-realidad-invisibilizada-de-ninas-y-adolescentes-forzadas-a-uniones-tempranas\/"},"wordCount":1400,"publisher":{"@id":"https:\/\/enlatitud25.com\/news\/#organization"},"keywords":["desprotecci\u00f3n","matrimonio","ni\u00f1as y adolescentes","uniones"],"articleSection":["Realidad"],"inLanguage":"es"},{"@type":"WebPage","@id":"https:\/\/enlatitud25.com\/news\/la-realidad-invisibilizada-de-ninas-y-adolescentes-forzadas-a-uniones-tempranas\/","url":"https:\/\/enlatitud25.com\/news\/la-realidad-invisibilizada-de-ninas-y-adolescentes-forzadas-a-uniones-tempranas\/","name":"La realidad de ni\u00f1as y adolescentes forzadas a uniones tempranas &ndash; Latitud25","isPartOf":{"@id":"https:\/\/enlatitud25.com\/news\/#website"},"datePublished":"2023-03-04T17:59:54+00:00","dateModified":"2023-03-06T13:42:35+00:00","description":"Abordamos la situaci\u00f3n en Latinoam\u00e9rica y en Paraguay. Te contamos sobre la problem\u00e1tica y porqu\u00e9 las leyes no son suficientes.","breadcrumb":{"@id":"https:\/\/enlatitud25.com\/news\/la-realidad-invisibilizada-de-ninas-y-adolescentes-forzadas-a-uniones-tempranas\/#breadcrumb"},"inLanguage":"es","potentialAction":[{"@type":"ReadAction","target":["https:\/\/enlatitud25.com\/news\/la-realidad-invisibilizada-de-ninas-y-adolescentes-forzadas-a-uniones-tempranas\/"]}]},{"@type":"BreadcrumbList","@id":"https:\/\/enlatitud25.com\/news\/la-realidad-invisibilizada-de-ninas-y-adolescentes-forzadas-a-uniones-tempranas\/#breadcrumb","itemListElement":[{"@type":"ListItem","position":1,"name":"Home","item":"https:\/\/enlatitud25.com\/news\/"},{"@type":"ListItem","position":2,"name":"La realidad de ni\u00f1as y adolescentes forzadas a uniones tempranas"}]},{"@type":"WebSite","@id":"https:\/\/enlatitud25.com\/news\/#website","url":"https:\/\/enlatitud25.com\/news\/","name":"Latitud25","description":"news","publisher":{"@id":"https:\/\/enlatitud25.com\/news\/#organization"},"potentialAction":[{"@type":"SearchAction","target":{"@type":"EntryPoint","urlTemplate":"https:\/\/enlatitud25.com\/news\/?s={search_term_string}"},"query-input":"required name=search_term_string"}],"inLanguage":"es"},{"@type":"Organization","@id":"https:\/\/enlatitud25.com\/news\/#organization","name":"Latitud 25 - News","url":"https:\/\/enlatitud25.com\/news\/","logo":{"@type":"ImageObject","inLanguage":"es","@id":"https:\/\/enlatitud25.com\/news\/#\/schema\/logo\/image\/","url":"https:\/\/enlatitud25.com\/news\/wp-content\/uploads\/2020\/11\/logo_latitud.png","contentUrl":"https:\/\/enlatitud25.com\/news\/wp-content\/uploads\/2020\/11\/logo_latitud.png","width":235,"height":39,"caption":"Latitud 25 - News"},"image":{"@id":"https:\/\/enlatitud25.com\/news\/#\/schema\/logo\/image\/"},"sameAs":["https:\/\/www.facebook.com\/EnLatitud25","https:\/\/twitter.com\/EnLatitud25","https:\/\/www.instagram.com\/enlatitud25\/","https:\/\/www.youtube.com\/user\/desdelatitud25"]},{"@type":"Person","@id":"https:\/\/enlatitud25.com\/news\/#\/schema\/person\/23aafe968917005a721b8eb760f2586e","name":"Latitud 25","sameAs":["https:\/\/enlatitud25.com\/news","https:\/\/www.facebook.com\/EnLatitud25","https:\/\/www.instagram.com\/enlatitud25","https:\/\/www.youtube.com\/user\/desdelatitud25","https:\/\/soundcloud.com\/enlatitud25"],"url":"https:\/\/enlatitud25.com\/news\/author\/nnews-uss00\/"}]}},"_links":{"self":[{"href":"https:\/\/enlatitud25.com\/news\/wp-json\/wp\/v2\/posts\/13758"}],"collection":[{"href":"https:\/\/enlatitud25.com\/news\/wp-json\/wp\/v2\/posts"}],"about":[{"href":"https:\/\/enlatitud25.com\/news\/wp-json\/wp\/v2\/types\/post"}],"author":[{"embeddable":true,"href":"https:\/\/enlatitud25.com\/news\/wp-json\/wp\/v2\/users\/1"}],"replies":[{"embeddable":true,"href":"https:\/\/enlatitud25.com\/news\/wp-json\/wp\/v2\/comments?post=13758"}],"version-history":[{"count":14,"href":"https:\/\/enlatitud25.com\/news\/wp-json\/wp\/v2\/posts\/13758\/revisions"}],"predecessor-version":[{"id":13820,"href":"https:\/\/enlatitud25.com\/news\/wp-json\/wp\/v2\/posts\/13758\/revisions\/13820"}],"wp:featuredmedia":[{"embeddable":true,"href":"https:\/\/enlatitud25.com\/news\/wp-json\/wp\/v2\/media\/13768"}],"wp:attachment":[{"href":"https:\/\/enlatitud25.com\/news\/wp-json\/wp\/v2\/media?parent=13758"}],"wp:term":[{"taxonomy":"category","embeddable":true,"href":"https:\/\/enlatitud25.com\/news\/wp-json\/wp\/v2\/categories?post=13758"},{"taxonomy":"post_tag","embeddable":true,"href":"https:\/\/enlatitud25.com\/news\/wp-json\/wp\/v2\/tags?post=13758"},{"taxonomy":"ubicacion","embeddable":true,"href":"https:\/\/enlatitud25.com\/news\/wp-json\/wp\/v2\/ubicacion?post=13758"}],"curies":[{"name":"wp","href":"https:\/\/api.w.org\/{rel}","templated":true}]}}