{"id":13728,"date":"2023-03-02T16:02:21","date_gmt":"2023-03-02T16:02:21","guid":{"rendered":"https:\/\/enlatitud25.com\/news\/?p=13728"},"modified":"2023-03-09T20:12:43","modified_gmt":"2023-03-09T20:12:43","slug":"hablemos-del-debate-que-aun-divide-al-paraguay-la-vida-y-legado-de-lopez","status":"publish","type":"post","link":"https:\/\/enlatitud25.com\/news\/hablemos-del-debate-que-aun-divide-al-paraguay-la-vida-y-legado-de-lopez\/","title":{"rendered":"Hablemos del debate que a\u00fan divide al Paraguay: la vida y legado de L\u00f3pez"},"content":{"rendered":"\n<p>Un personaje que supo marcar su nombre a fuego en la historia del Paraguay. Un hombre de contextura f\u00edsica baja, facciones marcadas y una prominente barba que hac\u00eda que su humanidad no pase inadvertida. <\/p>\n\n\n\n<p>Pero lo que m\u00e1s genera atenci\u00f3n, es el debate que gira en torno a su figura pol\u00edtica, 153 a\u00f1os despu\u00e9s de su muerte, c\u00f3mo ejerci\u00f3 el poder y qu\u00e9 dej\u00f3 a un pa\u00eds que lo tuvo como mariscal en una de las guerras m\u00e1s sangrientas de la historia.<\/p>\n\n\n\n<p><strong>Francisc<\/strong>o <strong>Solano L\u00f3pez<\/strong>, Presidente del Paraguay y Mariscal de sus ej\u00e9rcitos durante la <strong>Guerra de la Triple Alianza<\/strong> (1864-1870), fue por mucho tiempo y sigue siendo hoy, un im\u00e1n de controversias.<\/p>\n\n\n\n<p>Su vida engendra pol\u00e9mica de inicio a fin. Y puede decirse de inicio a fin de modo literal, ya que se ha discutido apasionadamente, no solo sobre sus actos y sobre su muerte, sino tambi\u00e9n sobre su nacimiento. Hubo posturas encontradas con respecto a si naci\u00f3 el 24 de julio de 1826 o 1827.<\/p>\n\n\n\n<p>Revisamos aqu\u00ed el \u00faltimo d\u00eda de esa vida tumultuosa y controvertida, que se llam\u00f3 Francisco Solano. \u00bfC\u00f3mo fue ese 1\u00b0 de marzo? \u00bfC\u00f3mo muri\u00f3 el Mariscal? \u00bfQui\u00e9n lo mat\u00f3? Esto y m\u00e1s a continuaci\u00f3n.<\/p>\n\n\n\n<h4 id=\"como-se-llego-a-cerro-cora\" class=\"wp-block-heading\"><strong>\u00bfC\u00f3mo se lleg\u00f3 a Cerro Cor\u00e1?<\/strong><\/h4>\n\n\n\n<p>\u00bfPor qu\u00e9 la guerra termin\u00f3 en Cerro Cor\u00e1, en los confines de la rep\u00fablica? \u00bfPor qu\u00e9 no en Asunci\u00f3n, Caacup\u00e9, Humait\u00e1 o cualquier otro lugar menos apartado?<\/p>\n\n\n\n<p>Cerro Cor\u00e1 fue la \u00faltima parada de una larga retirada, que inici\u00f3 en 1869, cuando Asunci\u00f3n ya estaba ocupada hace meses por los ej\u00e9rcitos de la Triple Alianza, y el Mariscal L\u00f3pez decidi\u00f3 abandonar su campamento de Azcurra, que se situaba entre las cordilleras, pr\u00f3ximo a Caacup\u00e9.<\/p>\n\n\n\n<p>Esa retirada sigui\u00f3 una larga ruta de cientos de kil\u00f3metros a lo largo de muchos meses. El ej\u00e9rcito del Mariscal march\u00f3 hacia el norte y cruz\u00f3 Barrero Grande (renombrado luego como Eusebio Ayala). All\u00ed, el 16 de agosto de 1869, fue alcanzada por el enemigo la retaguardia del ej\u00e9rcito, que llevaba numerosas carretas y suministros, y estaba conformada en su mayor\u00eda, por ni\u00f1os y soldados.<\/p>\n\n\n\n<p>La orden que dio L\u00f3pez al jefe de la retaguardia, el c\u00e9lebre General Bernardino Caballero, fue tan simple como terrible: presentar batalla y resistir todo el tiempo posible, mientras \u00e9l prosegu\u00eda con su retirada hacia Caraguatay. \u00bfSu resultado? La infame Batalla de Acosta \u00d1\u00fa, que result\u00f3 en una derrota total para los paraguayos.<\/p>\n\n\n\n<p>El Presidente L\u00f3pez lleg\u00f3 a salvo a Caraguatay, con los ej\u00e9rcitos del invasor pis\u00e1ndole los talones. Prosigui\u00f3 tierra adentro, llegando eventualmente a lugares como Santan\u00ed y Curuguaty, esta \u00faltima declarada brevemente como capital provisoria (antes fueron capitales provisorias Luque y Piribebuy). Cruz\u00f3 la Cordillera de Amambay hacia lo que hoy es territorio brasile\u00f1o, para luego volver a cruzarla y dirigirse a Cerro Cor\u00e1.<\/p>\n\n\n\n<p><\/p>\n\n\n\n<figure class=\"wp-block-image size-full\"><img decoding=\"async\" loading=\"lazy\" width=\"800\" height=\"500\" src=\"https:\/\/enlatitud25.com\/news\/wp-content\/uploads\/2023\/03\/Pag2-Mcal-Lopez-Cerro-Cora_.jpg\" alt=\"\" class=\"wp-image-13747\" srcset=\"https:\/\/enlatitud25.com\/news\/wp-content\/uploads\/2023\/03\/Pag2-Mcal-Lopez-Cerro-Cora_.jpg 800w, https:\/\/enlatitud25.com\/news\/wp-content\/uploads\/2023\/03\/Pag2-Mcal-Lopez-Cerro-Cora_-300x188.jpg 300w, https:\/\/enlatitud25.com\/news\/wp-content\/uploads\/2023\/03\/Pag2-Mcal-Lopez-Cerro-Cora_-768x480.jpg 768w, https:\/\/enlatitud25.com\/news\/wp-content\/uploads\/2023\/03\/Pag2-Mcal-Lopez-Cerro-Cora_-380x238.jpg 380w\" sizes=\"(max-width: 800px) 100vw, 800px\" \/><\/figure>\n\n\n\n<p>Esta larga retirada provoc\u00f3 dudas y cr\u00edticas, durante y despu\u00e9s de la guerra. Ya hacia el final de la guerra, una fuerza paraguaya que tambi\u00e9n se dirig\u00eda a Cerro Cor\u00e1 y era comandada por el Coronel Juan Bautista Delvalle, se neg\u00f3 a seguir marchando para encontrarse con L\u00f3pez. Delvalle y sus hombres escribieron una nota para el Mariscal, anunci\u00e1ndole su decisi\u00f3n y acusando al mismo de innecesariamente prolongar la guerra.<\/p>\n\n\n\n<p>Estos hombres redactaron una nota para L\u00f3pez, en la que entre otras cosas le dec\u00edan que la prolongaci\u00f3n de la guerra <em>&#8220;servir\u00e1 m\u00e1s bien para el duro aniquilamiento de nuestra Naci\u00f3n, bajo el yugo de una voluntad arbitraria y caprichosa sin esperanza de ning\u00fan otro resultado m\u00e1s que un prolongado padecimiento de aquellos que a\u00fan se encuentran bajo pies de Vuestra Excelencia&#8221;<\/em>.<\/p>\n\n\n\n<p>Tambi\u00e9n circulaban rumores, sobre una supuesta intenci\u00f3n de escape a Bolivia de parte de L\u00f3pez. Rumores que el mismo lament\u00f3 y neg\u00f3. Lo enigm\u00e1tico con respecto a esta retirada, en la cual las deserciones, ejecuciones y muertes por hambre y enfermedad, fueron el pan de cada d\u00eda; es que la misma no revela un objetivo estrat\u00e9gico claro.<\/p>\n\n\n\n<p>\u00bfQu\u00e9 pretend\u00eda Francisco Solano L\u00f3pez al marchar hacia Cerro Cor\u00e1, donde no hab\u00eda nada que defender m\u00e1s que \u00e1rboles y monos? Seguir\u00e1n las cr\u00edticas, reivindicaciones y debates. Lo cierto y concreto es que esa larga retirada de 6 meses que empez\u00f3 cerca de Caacup\u00e9, termin\u00f3 un 1\u00b0 de marzo.<\/p>\n\n\n\n<p>Repasemos aquella fat\u00eddica y memorable jornada.<\/p>\n\n\n\n<h4 id=\"el-1-de-marzo-la-batalla-de-cerro-cora\" class=\"wp-block-heading\"><strong>El 1\u00b0 de marzo &#8211; La Batalla de Cerro Cor\u00e1<\/strong><\/h4>\n\n\n\n<p>Quiz\u00e1s sea generoso llamar batalla a lo que aconteci\u00f3 en Cerro Cor\u00e1, por la breve duraci\u00f3n del enfrentamiento (alrededor de 15 minutos) y por lo peque\u00f1o de sus dimensiones. El Mariscal L\u00f3pez contaba con apenas poco m\u00e1s de 400 hombres, entre los que se contaban enfermos, heridos, ni\u00f1os y adolescentes hambrientos, para enfrentar a miles de aliados (principalmente brasile\u00f1os).<\/p>\n\n\n\n<p>El campamento de Cerro Cor\u00e1 estaba rodeado de cerros, y protegido por el r\u00edo Aquidab\u00e1n que estaba a corta distancia. Su situaci\u00f3n geogr\u00e1fica hac\u00eda que solo se pueda llegar al mismo por dos caminos. Uno, conocido como el paso de Chirig\u00fcelo, de tr\u00e1nsito dif\u00edcil, que proven\u00eda desde el sur. Otro, era el paso del Aquidab\u00e1n al norte, que estaba protegido por una guardia ligera con dos ca\u00f1ones.<\/p>\n\n\n\n<p>All\u00ed se encontraban, adem\u00e1s del Mariscal L\u00f3pez y sus tropas, su familia y los principales oficiales sobrevivientes de su ya muy disminuido ej\u00e9rcito. Uno de los principales ausentes fue Bernardino Caballero, a quien L\u00f3pez envi\u00f3 algunas semanas antes a buscar ganado al Matto-Grosso (Brasil).<\/p>\n\n\n\n<p>Seg\u00fan el Coronel Juan Cris\u00f3stomo Centuri\u00f3n, quien fue uno de los sobrevivientes del combate de ese d\u00eda y escribi\u00f3 las memorias m\u00e1s completas de la guerra publicadas por un veterano paraguayo, a eso de las 7 de la ma\u00f1ana unas mujeres trajeron las primeras noticias sobre la aproximaci\u00f3n del enemigo.<\/p>\n\n\n\n<p>Una o dos horas despu\u00e9s, se escucharon disparos provenientes del paso del Aquidab\u00e1n. L\u00f3pez orden\u00f3 a Juan Crist\u00f3stomo Centuri\u00f3n que vaya a averiguar lo que suced\u00eda. Cuando \u00e9ste lleg\u00f3 al r\u00edo, observ\u00f3 que los brasile\u00f1os ya hab\u00edan vencido a la guardia paraguaya que proteg\u00eda el paso del Aquidab\u00e1n y dado muerte a la mayor\u00eda de sus defensores.<\/p>\n\n\n\n<p>Volvi\u00f3 velozmente al campamento del Mariscal y sin bajar del caballo le grit\u00f3: &#8220;\u00a1El enemigo ha pasado el paso!&#8221;<\/p>\n\n\n\n<p>L\u00f3pez ordena a sus hombres que tomen sus armas. Centuri\u00f3n organiza la resistencia, la \u00faltima de una guerra de 5 largos a\u00f1os. Poco despu\u00e9s, ya iniciada la balacera, al coronel le avisan que su caballo recibi\u00f3 un balazo. Mira a su caballo, detecta la herida, gira la cabeza para responder a su compa\u00f1ero que el caballo parece no sentir la herida, y en ese instante recibe \u00e9l mismo un balazo que le atraviesa la cara y casi le corta la lengua.<\/p>\n\n\n\n<p>Al ver esto desde alguna distancia, L\u00f3pez le pregunta a su hijo Panchito -quien ten\u00eda solo 15 a\u00f1os- qui\u00e9n fue el que cay\u00f3. &#8220;El Coronel Centuri\u00f3n pap\u00e1, gravemente herido&#8221;, respondi\u00f3 Panchito L\u00f3pez.<\/p>\n\n\n\n<p>Al o\u00edr esto, el Mariscal sale galopando en direcci\u00f3n opuesta a la acci\u00f3n, intentando escapar. En su ruta de escape se cruza con Juana Pabla Carrillo, viuda de Carlos Antonio L\u00f3pez, su propia madre a quien ten\u00eda bajo arresto en una carreta.<\/p>\n\n\n\n<p>Su madre le grita al verlo pasar: &#8220;\u00a1Socorro Pancho!&#8221;<\/p>\n\n\n\n<p>El Mariscal responde las \u00faltimas palabras que dir\u00eda a su madre: &#8220;\u00a1F\u00edese de su sexo se\u00f1ora!&#8221;, como dici\u00e9ndole que conf\u00ede en que por ser mujer no la matar\u00edan.<\/p>\n\n\n\n<p>Es seguido en furiosa persecuci\u00f3n por 6 jinetes brasile\u00f1os, quienes lo interceptan en un sendero que hoy en d\u00eda se puede recorrer en el Parque Nacional Cerro Cor\u00e1, y es conocido como &#8220;Avenida de los H\u00e9roes&#8221;.<\/p>\n\n\n\n<p>All\u00ed, L\u00f3pez se enfrenta a sus persecutores y recibe dos heridas. Un golpe de sable en la frente, que le hace volar su sombrero de paja. Y otra herida de lanza , propinada por el Cabo Francisco Lacerda alias &#8220;Chico Diabo&#8221;, en la zona baja de su vientre. Furioso, grita a sus oficiales: <em>&#8220;\u00a1Maten a esos diablos de macacos!<\/em>&#8220;<\/p>\n\n\n\n<p>Mientras algunos de sus oficiales se sacrifican defendiendo a L\u00f3pez, el Coronel Silvestre Aveiro llega a la escena y logra introducir a L\u00f3pez en el bosque, a pie, abriendo camino entre la maleza con su sable. Llegan a un arroyo, el Aquidab\u00e1n-Nig\u00fci. L\u00f3pez se queda en la otra orilla, no pudiendo moverse m\u00e1s. Se aproximan brasile\u00f1os, Aveiro e Ignacio Ibarra (otro oficial paraguayo que acababa de acercarse) salen corriendo.<\/p>\n\n\n\n<p>L\u00f3pez queda solo con los brasile\u00f1os, y partir de all\u00ed el recuerdo hist\u00f3rico se vuelve mucho m\u00e1s difuso y contradictorio.<\/p>\n\n\n\n<figure class=\"wp-block-image size-full\"><img decoding=\"async\" loading=\"lazy\" width=\"800\" height=\"500\" src=\"https:\/\/enlatitud25.com\/news\/wp-content\/uploads\/2023\/03\/Cerro-Cora-imagen-de-apoyo-1.jpeg\" alt=\"\" class=\"wp-image-13730\" srcset=\"https:\/\/enlatitud25.com\/news\/wp-content\/uploads\/2023\/03\/Cerro-Cora-imagen-de-apoyo-1.jpeg 800w, https:\/\/enlatitud25.com\/news\/wp-content\/uploads\/2023\/03\/Cerro-Cora-imagen-de-apoyo-1-300x188.jpeg 300w, https:\/\/enlatitud25.com\/news\/wp-content\/uploads\/2023\/03\/Cerro-Cora-imagen-de-apoyo-1-768x480.jpeg 768w, https:\/\/enlatitud25.com\/news\/wp-content\/uploads\/2023\/03\/Cerro-Cora-imagen-de-apoyo-1-380x238.jpeg 380w\" sizes=\"(max-width: 800px) 100vw, 800px\" \/><\/figure>\n\n\n\n<h4 id=\"varios-aseguran-haber-matado-a-lopez\" class=\"wp-block-heading\"><strong>Varios aseguran haber matado a L\u00f3pez<\/strong><\/h4>\n\n\n\n<p>Hay bastante consenso con respecto a lo siguiente. Manuel Correa Da C\u00e1mara, el general brasile\u00f1o que lideraba el ataque, se acerc\u00f3 hasta L\u00f3pez acompa\u00f1ado de varios de sus soldados y oficiales.<\/p>\n\n\n\n<p>\u00bfQu\u00e9 ocurri\u00f3 despu\u00e9s? Diferentes versiones llegaron hasta nuestros d\u00edas, con diferentes hechos.<\/p>\n\n\n\n<p>Correa Da C\u00e1mara escribi\u00f3 ese mismo d\u00eda, al culminar la acci\u00f3n, un escueto reporte en el que simplemente dec\u00eda que &#8220;el tirano&#8221; fue alcanzado y que al no querer rendirse, lo mataron.<\/p>\n\n\n\n<p>El 13 de marzo, ya estando m\u00e1s c\u00f3modo en Concepci\u00f3n y disponiendo de m\u00e1s tiempo, confeccion\u00f3 un informe mucho m\u00e1s detallado, en el que el brasile\u00f1o asegur\u00f3 que solicit\u00f3 a L\u00f3pez su rendici\u00f3n, aclar\u00e1ndole que le garantizaba su vida. L\u00f3pez -siempre seg\u00fan la versi\u00f3n de Correa Da C\u00e1mara- le respondi\u00f3 directamente lanz\u00e1ndole un golpe de espada al aire.<\/p>\n\n\n\n<p><em>&#8220;Mand\u00e9 que un soldado lo desarmase, lo que fue ejecutado al mismo tiempo que exhalaba el \u00faltimo suspiro, librando la tierra de un monstruo, al Paraguay de su tirano, y al Brasil del flagelo de la guerra&#8221;<\/em>, agregaba en su reporte.<\/p>\n\n\n\n<p>Entonces, seg\u00fan esta versi\u00f3n, L\u00f3pez habr\u00eda muerto mientras forcejeaba con un soldado en el arroyo, ya como producto de la herida de lanza que recibi\u00f3 antes, y su asesino habr\u00eda sido &#8220;Chico Diabo&#8221;.<\/p>\n\n\n\n<p>Sin embargo, esta no es la \u00fanica versi\u00f3n. Los propios brasile\u00f1os no se pusieron de acuerdo acerca de cu\u00e1l de sus camaradas mat\u00f3 a su gran enemigo.<\/p>\n\n\n\n<p>Seg\u00fan el Mayor Jos\u00e9 Portes de Lima Franco, quien formaba parte del Estado Mayor del General Correa Da C\u00e1mara, L\u00f3pez ya lleg\u00f3 al arroyo con una herida, pero de bala. <\/p>\n\n\n\n<p>Lima Franco testific\u00f3 que en realidad no fue &#8220;Chico Diabo&#8221; quien mat\u00f3 a L\u00f3pez, sino otro combatiente que le propin\u00f3 un tiro en medio de la persecuci\u00f3n, pero que el General Correa Da C\u00e1mara acept\u00f3 la versi\u00f3n del lanzazo, porque Diabo estaba bajo las \u00f3rdenes del coronel Joca Tavares, quien prefer\u00eda creer que fue su subordinado el que acab\u00f3 la guerra con su lanza. Tavares ten\u00eda un temperamento violento, por lo que C\u00e1mara habr\u00eda preferido no discutir el asunto.<\/p>\n\n\n\n<p>Otro brasile\u00f1o, ayudante del General Da C\u00e1mara, se atribuy\u00f3 a s\u00ed mismo la muerte del jefe paraguayo. Su nombre era Franklin Menna Machado. Este hombre asegur\u00f3 que al llegar al arroyo donde se encontraba el Mariscal, le dispar\u00f3 dos tiros de rev\u00f3lver en el vientre, los cuales resultaron fatales.<\/p>\n\n\n\n<p>En medio de su agon\u00eda, L\u00f3pez recibi\u00f3 la intimaci\u00f3n a rendici\u00f3n de parte del general adversario y respondi\u00f3 que mor\u00eda por su patria, muriendo instantes despu\u00e9s.<\/p>\n\n\n\n<p>Otros brasile\u00f1os secundaron la versi\u00f3n de Franklin Menna Machado. El General Correa Da C\u00e1mara, asegur\u00f3 a un peri\u00f3dico meses despu\u00e9s, que &#8220;las balas de nuestros soldados pusieron t\u00e9rmino a la vida de L\u00f3pez&#8221;. A\u00f1os despu\u00e9s, en m\u00e1s de una ocasi\u00f3n, volvi\u00f3 a reiterar que L\u00f3pez muri\u00f3 por heridas de bala, y que no fue el Chico Diabo quien lo mat\u00f3.<\/p>\n\n\n\n<h4 id=\"y-que-dijeron-los-paraguayos\" class=\"wp-block-heading\">\u00bfY qu\u00e9 dijeron los paraguayos?<\/h4>\n\n\n\n<p>Los \u00faltimos que lo vieron a L\u00f3pez con vida, fueron Silvestre Aveiro e Ignacio Ibarra, los oficiales que huyeron ante la llegada de los brasile\u00f1os donde yac\u00eda el Mariscal.<\/p>\n\n\n\n<p>La versi\u00f3n de que L\u00f3pez fue rematado a balazos en el arroyo, fue reforzada por Ibarra, quien declar\u00f3 a\u00f1os despu\u00e9s que &#8220;entraron los brasileros y lo masacraron de la manera seguramente como ellos mismos lo refirieron en sus correspondencias escritas desde Humait\u00e1 al Jornal do Comercio&#8221; (o sea a balazos).<\/p>\n\n\n\n<p>En otra declaraci\u00f3n posterior, asegur\u00f3 que sacaron a L\u00f3pez del arroyo con vida, que escuch\u00f3 vagamente una conversaci\u00f3n entre este y el general brasile\u00f1o, y que parece haber dicho L\u00f3pez algo de patria.<\/p>\n\n\n\n<p>El General Francisco Isidoro Resquin, paraguayo que estuvo en Cerro Cor\u00e1 pero no en el lugar exacto donde muri\u00f3 L\u00f3pez, declar\u00f3 que su antiguo jefe hab\u00eda muerto a balazos en el arroyo.<\/p>\n\n\n\n<p>Tambi\u00e9n existen otras versiones y discrepancias. Que L\u00f3pez primero pregunt\u00f3 si le garantizaban tambi\u00e9n conservar sus bienes, que L\u00f3pez no lleg\u00f3 a hablar, que recibi\u00f3 un tiro en el hombro, son solo algunos de otros datos que fueron referenciados.<\/p>\n\n\n\n<p>Lo m\u00e1s seguro, ante estas diferencias encontradas entre testigos, es concluir que L\u00f3pez muri\u00f3 a orillas del Aquidab\u00e1n-Nig\u00fci por heridas infligidas por alg\u00fan brasile\u00f1o. Si esa herida fue recibida en el arroyo o mientras escapapa a caballo, si fueron balas o una lanza, si fue Chico Diabo o Menna Machado, seguir\u00e1 formando parte de una discusi\u00f3n complicada, que resucitar\u00e1 cada 1\u00b0 de marzo.<\/p>\n","protected":false},"excerpt":{"rendered":"\u00bfQui\u00e9n mat\u00f3 a Francisco Solano L\u00f3pez?, \u00bfc\u00f3mo muri\u00f3?, \u00bfqu\u00e9 dijo? Muchos de los detalles de aquella fat\u00eddica ma\u00f1ana del 1\u00b0 de marzo de 1870, fueron motivo de controversia en su momento y sigue habiendo un manto de duda y un gran misticismo hasta hoy. Abordamos uno de los grandes debates que divide a los paraguayos y hacemos un repaso de hechos y testimonios (a menudo contradictorios) de quienes estuvieron en el lugar de los hechos.\n","protected":false},"author":1,"featured_media":13711,"comment_status":"closed","ping_status":"closed","sticky":false,"template":"","format":"standard","meta":[],"categories":[14],"tags":[1412,1410,506,1411,59],"ubicacion":[17],"yoast_head":"<!-- This site is optimized with the Yoast SEO plugin v20.8 - https:\/\/yoast.com\/wordpress\/plugins\/seo\/ -->\n<title>Hablemos del debate que a\u00fan divide al Paraguay: la vida y legado de L\u00f3pez &ndash; Latitud25<\/title>\n<meta name=\"description\" content=\"Mir\u00e1 nuestros reportajes audiovisuales y seguinos para enterarte de las \u00faltimas noticias de Paraguay y el mundo, desde la Latitud25. Somos Alternativa de Informaci\u00f3n.\" \/>\n<meta name=\"robots\" content=\"index, follow, max-snippet:-1, max-image-preview:large, max-video-preview:-1\" \/>\n<link rel=\"canonical\" href=\"https:\/\/enlatitud25.com\/news\/hablemos-del-debate-que-aun-divide-al-paraguay-la-vida-y-legado-de-lopez\/\" \/>\n<meta property=\"og:locale\" content=\"es_ES\" \/>\n<meta property=\"og:type\" content=\"article\" \/>\n<meta property=\"og:title\" content=\"Hablemos del debate que a\u00fan divide al Paraguay: la vida y legado de L\u00f3pez &ndash; Latitud25\" \/>\n<meta property=\"og:description\" content=\"Mir\u00e1 nuestros reportajes audiovisuales y seguinos para enterarte de las \u00faltimas noticias de Paraguay y el mundo, desde la Latitud25. Somos Alternativa de Informaci\u00f3n.\" \/>\n<meta property=\"og:url\" content=\"https:\/\/enlatitud25.com\/news\/hablemos-del-debate-que-aun-divide-al-paraguay-la-vida-y-legado-de-lopez\/\" \/>\n<meta property=\"og:site_name\" content=\"Latitud25\" \/>\n<meta property=\"article:publisher\" content=\"https:\/\/www.facebook.com\/EnLatitud25\" \/>\n<meta property=\"article:author\" content=\"https:\/\/www.facebook.com\/EnLatitud25\" \/>\n<meta property=\"article:published_time\" content=\"2023-03-02T16:02:21+00:00\" \/>\n<meta property=\"article:modified_time\" content=\"2023-03-09T20:12:43+00:00\" \/>\n<meta property=\"og:image\" content=\"https:\/\/enlatitud25.com\/news\/wp-content\/uploads\/2023\/03\/Cerro-Cora-Portada-1.jpeg\" \/>\n\t<meta property=\"og:image:width\" content=\"800\" \/>\n\t<meta property=\"og:image:height\" content=\"500\" \/>\n\t<meta property=\"og:image:type\" content=\"image\/jpeg\" \/>\n<meta name=\"author\" content=\"Latitud 25\" \/>\n<meta name=\"twitter:card\" content=\"summary_large_image\" \/>\n<meta name=\"twitter:creator\" content=\"@EnLatitud25\" \/>\n<meta name=\"twitter:site\" content=\"@EnLatitud25\" \/>\n<meta name=\"twitter:label1\" content=\"Escrito por\" \/>\n\t<meta name=\"twitter:data1\" content=\"Latitud 25\" \/>\n\t<meta name=\"twitter:label2\" content=\"Tiempo de lectura\" \/>\n\t<meta name=\"twitter:data2\" content=\"11 minutos\" \/>\n<script type=\"application\/ld+json\" class=\"yoast-schema-graph\">{\"@context\":\"https:\/\/schema.org\",\"@graph\":[{\"@type\":\"Article\",\"@id\":\"https:\/\/enlatitud25.com\/news\/hablemos-del-debate-que-aun-divide-al-paraguay-la-vida-y-legado-de-lopez\/#article\",\"isPartOf\":{\"@id\":\"https:\/\/enlatitud25.com\/news\/hablemos-del-debate-que-aun-divide-al-paraguay-la-vida-y-legado-de-lopez\/\"},\"author\":{\"name\":\"Latitud 25\",\"@id\":\"https:\/\/enlatitud25.com\/news\/#\/schema\/person\/23aafe968917005a721b8eb760f2586e\"},\"headline\":\"Hablemos del debate que a\u00fan divide al Paraguay: la vida y legado de L\u00f3pez\",\"datePublished\":\"2023-03-02T16:02:21+00:00\",\"dateModified\":\"2023-03-09T20:12:43+00:00\",\"mainEntityOfPage\":{\"@id\":\"https:\/\/enlatitud25.com\/news\/hablemos-del-debate-que-aun-divide-al-paraguay-la-vida-y-legado-de-lopez\/\"},\"wordCount\":2355,\"publisher\":{\"@id\":\"https:\/\/enlatitud25.com\/news\/#organization\"},\"keywords\":[\"dia de los heroes\",\"Guerra de la Triple Alianza\",\"Historia\",\"Mariscal L\u00f3pez\",\"paraguay\"],\"articleSection\":[\"Cultura\"],\"inLanguage\":\"es\"},{\"@type\":\"WebPage\",\"@id\":\"https:\/\/enlatitud25.com\/news\/hablemos-del-debate-que-aun-divide-al-paraguay-la-vida-y-legado-de-lopez\/\",\"url\":\"https:\/\/enlatitud25.com\/news\/hablemos-del-debate-que-aun-divide-al-paraguay-la-vida-y-legado-de-lopez\/\",\"name\":\"Hablemos del debate que a\u00fan divide al Paraguay: la vida y legado de L\u00f3pez &ndash; Latitud25\",\"isPartOf\":{\"@id\":\"https:\/\/enlatitud25.com\/news\/#website\"},\"datePublished\":\"2023-03-02T16:02:21+00:00\",\"dateModified\":\"2023-03-09T20:12:43+00:00\",\"description\":\"Mir\u00e1 nuestros reportajes audiovisuales y seguinos para enterarte de las \u00faltimas noticias de Paraguay y el mundo, desde la Latitud25. Somos Alternativa de Informaci\u00f3n.\",\"breadcrumb\":{\"@id\":\"https:\/\/enlatitud25.com\/news\/hablemos-del-debate-que-aun-divide-al-paraguay-la-vida-y-legado-de-lopez\/#breadcrumb\"},\"inLanguage\":\"es\",\"potentialAction\":[{\"@type\":\"ReadAction\",\"target\":[\"https:\/\/enlatitud25.com\/news\/hablemos-del-debate-que-aun-divide-al-paraguay-la-vida-y-legado-de-lopez\/\"]}]},{\"@type\":\"BreadcrumbList\",\"@id\":\"https:\/\/enlatitud25.com\/news\/hablemos-del-debate-que-aun-divide-al-paraguay-la-vida-y-legado-de-lopez\/#breadcrumb\",\"itemListElement\":[{\"@type\":\"ListItem\",\"position\":1,\"name\":\"Home\",\"item\":\"https:\/\/enlatitud25.com\/news\/\"},{\"@type\":\"ListItem\",\"position\":2,\"name\":\"Hablemos del debate que a\u00fan divide al Paraguay: la vida y legado de L\u00f3pez\"}]},{\"@type\":\"WebSite\",\"@id\":\"https:\/\/enlatitud25.com\/news\/#website\",\"url\":\"https:\/\/enlatitud25.com\/news\/\",\"name\":\"Latitud25\",\"description\":\"news\",\"publisher\":{\"@id\":\"https:\/\/enlatitud25.com\/news\/#organization\"},\"potentialAction\":[{\"@type\":\"SearchAction\",\"target\":{\"@type\":\"EntryPoint\",\"urlTemplate\":\"https:\/\/enlatitud25.com\/news\/?s={search_term_string}\"},\"query-input\":\"required name=search_term_string\"}],\"inLanguage\":\"es\"},{\"@type\":\"Organization\",\"@id\":\"https:\/\/enlatitud25.com\/news\/#organization\",\"name\":\"Latitud 25 - News\",\"url\":\"https:\/\/enlatitud25.com\/news\/\",\"logo\":{\"@type\":\"ImageObject\",\"inLanguage\":\"es\",\"@id\":\"https:\/\/enlatitud25.com\/news\/#\/schema\/logo\/image\/\",\"url\":\"https:\/\/enlatitud25.com\/news\/wp-content\/uploads\/2020\/11\/logo_latitud.png\",\"contentUrl\":\"https:\/\/enlatitud25.com\/news\/wp-content\/uploads\/2020\/11\/logo_latitud.png\",\"width\":235,\"height\":39,\"caption\":\"Latitud 25 - News\"},\"image\":{\"@id\":\"https:\/\/enlatitud25.com\/news\/#\/schema\/logo\/image\/\"},\"sameAs\":[\"https:\/\/www.facebook.com\/EnLatitud25\",\"https:\/\/twitter.com\/EnLatitud25\",\"https:\/\/www.instagram.com\/enlatitud25\/\",\"https:\/\/www.youtube.com\/user\/desdelatitud25\"]},{\"@type\":\"Person\",\"@id\":\"https:\/\/enlatitud25.com\/news\/#\/schema\/person\/23aafe968917005a721b8eb760f2586e\",\"name\":\"Latitud 25\",\"sameAs\":[\"https:\/\/enlatitud25.com\/news\",\"https:\/\/www.facebook.com\/EnLatitud25\",\"https:\/\/www.instagram.com\/enlatitud25\",\"https:\/\/www.youtube.com\/user\/desdelatitud25\",\"https:\/\/soundcloud.com\/enlatitud25\"],\"url\":\"https:\/\/enlatitud25.com\/news\/author\/nnews-uss00\/\"}]}<\/script>\n<!-- \/ Yoast SEO plugin. -->","yoast_head_json":{"title":"Hablemos del debate que a\u00fan divide al Paraguay: la vida y legado de L\u00f3pez &ndash; Latitud25","description":"Mir\u00e1 nuestros reportajes audiovisuales y seguinos para enterarte de las \u00faltimas noticias de Paraguay y el mundo, desde la Latitud25. Somos Alternativa de Informaci\u00f3n.","robots":{"index":"index","follow":"follow","max-snippet":"max-snippet:-1","max-image-preview":"max-image-preview:large","max-video-preview":"max-video-preview:-1"},"canonical":"https:\/\/enlatitud25.com\/news\/hablemos-del-debate-que-aun-divide-al-paraguay-la-vida-y-legado-de-lopez\/","og_locale":"es_ES","og_type":"article","og_title":"Hablemos del debate que a\u00fan divide al Paraguay: la vida y legado de L\u00f3pez &ndash; Latitud25","og_description":"Mir\u00e1 nuestros reportajes audiovisuales y seguinos para enterarte de las \u00faltimas noticias de Paraguay y el mundo, desde la Latitud25. Somos Alternativa de Informaci\u00f3n.","og_url":"https:\/\/enlatitud25.com\/news\/hablemos-del-debate-que-aun-divide-al-paraguay-la-vida-y-legado-de-lopez\/","og_site_name":"Latitud25","article_publisher":"https:\/\/www.facebook.com\/EnLatitud25","article_author":"https:\/\/www.facebook.com\/EnLatitud25","article_published_time":"2023-03-02T16:02:21+00:00","article_modified_time":"2023-03-09T20:12:43+00:00","og_image":[{"width":800,"height":500,"url":"https:\/\/enlatitud25.com\/news\/wp-content\/uploads\/2023\/03\/Cerro-Cora-Portada-1.jpeg","type":"image\/jpeg"}],"author":"Latitud 25","twitter_card":"summary_large_image","twitter_creator":"@EnLatitud25","twitter_site":"@EnLatitud25","twitter_misc":{"Escrito por":"Latitud 25","Tiempo de lectura":"11 minutos"},"schema":{"@context":"https:\/\/schema.org","@graph":[{"@type":"Article","@id":"https:\/\/enlatitud25.com\/news\/hablemos-del-debate-que-aun-divide-al-paraguay-la-vida-y-legado-de-lopez\/#article","isPartOf":{"@id":"https:\/\/enlatitud25.com\/news\/hablemos-del-debate-que-aun-divide-al-paraguay-la-vida-y-legado-de-lopez\/"},"author":{"name":"Latitud 25","@id":"https:\/\/enlatitud25.com\/news\/#\/schema\/person\/23aafe968917005a721b8eb760f2586e"},"headline":"Hablemos del debate que a\u00fan divide al Paraguay: la vida y legado de L\u00f3pez","datePublished":"2023-03-02T16:02:21+00:00","dateModified":"2023-03-09T20:12:43+00:00","mainEntityOfPage":{"@id":"https:\/\/enlatitud25.com\/news\/hablemos-del-debate-que-aun-divide-al-paraguay-la-vida-y-legado-de-lopez\/"},"wordCount":2355,"publisher":{"@id":"https:\/\/enlatitud25.com\/news\/#organization"},"keywords":["dia de los heroes","Guerra de la Triple Alianza","Historia","Mariscal L\u00f3pez","paraguay"],"articleSection":["Cultura"],"inLanguage":"es"},{"@type":"WebPage","@id":"https:\/\/enlatitud25.com\/news\/hablemos-del-debate-que-aun-divide-al-paraguay-la-vida-y-legado-de-lopez\/","url":"https:\/\/enlatitud25.com\/news\/hablemos-del-debate-que-aun-divide-al-paraguay-la-vida-y-legado-de-lopez\/","name":"Hablemos del debate que a\u00fan divide al Paraguay: la vida y legado de L\u00f3pez &ndash; Latitud25","isPartOf":{"@id":"https:\/\/enlatitud25.com\/news\/#website"},"datePublished":"2023-03-02T16:02:21+00:00","dateModified":"2023-03-09T20:12:43+00:00","description":"Mir\u00e1 nuestros reportajes audiovisuales y seguinos para enterarte de las \u00faltimas noticias de Paraguay y el mundo, desde la Latitud25. Somos Alternativa de Informaci\u00f3n.","breadcrumb":{"@id":"https:\/\/enlatitud25.com\/news\/hablemos-del-debate-que-aun-divide-al-paraguay-la-vida-y-legado-de-lopez\/#breadcrumb"},"inLanguage":"es","potentialAction":[{"@type":"ReadAction","target":["https:\/\/enlatitud25.com\/news\/hablemos-del-debate-que-aun-divide-al-paraguay-la-vida-y-legado-de-lopez\/"]}]},{"@type":"BreadcrumbList","@id":"https:\/\/enlatitud25.com\/news\/hablemos-del-debate-que-aun-divide-al-paraguay-la-vida-y-legado-de-lopez\/#breadcrumb","itemListElement":[{"@type":"ListItem","position":1,"name":"Home","item":"https:\/\/enlatitud25.com\/news\/"},{"@type":"ListItem","position":2,"name":"Hablemos del debate que a\u00fan divide al Paraguay: la vida y legado de L\u00f3pez"}]},{"@type":"WebSite","@id":"https:\/\/enlatitud25.com\/news\/#website","url":"https:\/\/enlatitud25.com\/news\/","name":"Latitud25","description":"news","publisher":{"@id":"https:\/\/enlatitud25.com\/news\/#organization"},"potentialAction":[{"@type":"SearchAction","target":{"@type":"EntryPoint","urlTemplate":"https:\/\/enlatitud25.com\/news\/?s={search_term_string}"},"query-input":"required name=search_term_string"}],"inLanguage":"es"},{"@type":"Organization","@id":"https:\/\/enlatitud25.com\/news\/#organization","name":"Latitud 25 - News","url":"https:\/\/enlatitud25.com\/news\/","logo":{"@type":"ImageObject","inLanguage":"es","@id":"https:\/\/enlatitud25.com\/news\/#\/schema\/logo\/image\/","url":"https:\/\/enlatitud25.com\/news\/wp-content\/uploads\/2020\/11\/logo_latitud.png","contentUrl":"https:\/\/enlatitud25.com\/news\/wp-content\/uploads\/2020\/11\/logo_latitud.png","width":235,"height":39,"caption":"Latitud 25 - News"},"image":{"@id":"https:\/\/enlatitud25.com\/news\/#\/schema\/logo\/image\/"},"sameAs":["https:\/\/www.facebook.com\/EnLatitud25","https:\/\/twitter.com\/EnLatitud25","https:\/\/www.instagram.com\/enlatitud25\/","https:\/\/www.youtube.com\/user\/desdelatitud25"]},{"@type":"Person","@id":"https:\/\/enlatitud25.com\/news\/#\/schema\/person\/23aafe968917005a721b8eb760f2586e","name":"Latitud 25","sameAs":["https:\/\/enlatitud25.com\/news","https:\/\/www.facebook.com\/EnLatitud25","https:\/\/www.instagram.com\/enlatitud25","https:\/\/www.youtube.com\/user\/desdelatitud25","https:\/\/soundcloud.com\/enlatitud25"],"url":"https:\/\/enlatitud25.com\/news\/author\/nnews-uss00\/"}]}},"_links":{"self":[{"href":"https:\/\/enlatitud25.com\/news\/wp-json\/wp\/v2\/posts\/13728"}],"collection":[{"href":"https:\/\/enlatitud25.com\/news\/wp-json\/wp\/v2\/posts"}],"about":[{"href":"https:\/\/enlatitud25.com\/news\/wp-json\/wp\/v2\/types\/post"}],"author":[{"embeddable":true,"href":"https:\/\/enlatitud25.com\/news\/wp-json\/wp\/v2\/users\/1"}],"replies":[{"embeddable":true,"href":"https:\/\/enlatitud25.com\/news\/wp-json\/wp\/v2\/comments?post=13728"}],"version-history":[{"count":14,"href":"https:\/\/enlatitud25.com\/news\/wp-json\/wp\/v2\/posts\/13728\/revisions"}],"predecessor-version":[{"id":14017,"href":"https:\/\/enlatitud25.com\/news\/wp-json\/wp\/v2\/posts\/13728\/revisions\/14017"}],"wp:featuredmedia":[{"embeddable":true,"href":"https:\/\/enlatitud25.com\/news\/wp-json\/wp\/v2\/media\/13711"}],"wp:attachment":[{"href":"https:\/\/enlatitud25.com\/news\/wp-json\/wp\/v2\/media?parent=13728"}],"wp:term":[{"taxonomy":"category","embeddable":true,"href":"https:\/\/enlatitud25.com\/news\/wp-json\/wp\/v2\/categories?post=13728"},{"taxonomy":"post_tag","embeddable":true,"href":"https:\/\/enlatitud25.com\/news\/wp-json\/wp\/v2\/tags?post=13728"},{"taxonomy":"ubicacion","embeddable":true,"href":"https:\/\/enlatitud25.com\/news\/wp-json\/wp\/v2\/ubicacion?post=13728"}],"curies":[{"name":"wp","href":"https:\/\/api.w.org\/{rel}","templated":true}]}}