{"id":13594,"date":"2023-02-24T23:13:48","date_gmt":"2023-02-24T23:13:48","guid":{"rendered":"https:\/\/enlatitud25.com\/news\/?p=13594"},"modified":"2023-02-24T23:13:49","modified_gmt":"2023-02-24T23:13:49","slug":"un-ano-de-guerra-te-resumimos-la-guerra-de-ucrania-desde-su-inicio-hasta-hoy","status":"publish","type":"post","link":"https:\/\/enlatitud25.com\/news\/un-ano-de-guerra-te-resumimos-la-guerra-de-ucrania-desde-su-inicio-hasta-hoy\/","title":{"rendered":"Un a\u00f1o de guerra: Te resumimos la guerra de Ucrania desde su inicio hasta hoy"},"content":{"rendered":"\n<p>En febrero de 2022, el gobierno de los Estados Unidos advert\u00eda a Ucrania y al mundo, que la Federaci\u00f3n Rusa aglomeraba tropas en su frontera con Ucrania para una inminente invasi\u00f3n a ese pa\u00eds. No todos tomaron la advertencia en serio, la cual fue calificada por algunos como mera propaganda estadounidense para desprestigiar al gobierno ruso.<\/p>\n\n\n\n<p>En las primeras horas del jueves 24 de febrero de 2022, los rumores y advertencias se convirtieron en realidad. Las principales ciudades ucranianas despertaron con el ruido aterrador de bombardeos y las tropas de Vladimir Putin cruzaron la frontera en masa.<\/p>\n\n\n\n<p>La mayor\u00eda de los pron\u00f3sticos coincid\u00edan en vaticinar una pronta derrota ucraniana. Seg\u00fan las estimaciones de los servicios de inteligencia estadounidenses, el gobierno de Volodimir Zelenski no resistir\u00eda m\u00e1s que unos d\u00edas. En ese contexto, ofrecieron al Presidente Zelenski ser evacuado del pa\u00eds. <\/p>\n\n\n\n<p>Ante este escenario tan pesimista, Zelenski respondi\u00f3 con una frase que es candidata a figurar en los libros de historia: <em>&#8220;I don&#8217;t need a ride, I need ammo&#8221;<\/em> (<em>&#8220;no necesito un avent\u00f3n, necesito munici\u00f3n&#8221;<\/em>).<\/p>\n\n\n\n<p>La actitud del l\u00edder ucraniano, que no solo se mostr\u00f3 desafiante ante el invasor con su ret\u00f3rica, sino adem\u00e1s se qued\u00f3 en la capital, Kyiv, y se filmaba con frecuencia con un celular para confirmar su presencia en las calles de la ciudad, elev\u00f3 el esp\u00edritu de su pueblo y reforz\u00f3 su confianza para resistir al agresor.<\/p>\n\n\n\n<p><\/p>\n\n\n\n<figure class=\"wp-block-image size-full\"><img decoding=\"async\" loading=\"lazy\" width=\"800\" height=\"500\" src=\"https:\/\/enlatitud25.com\/news\/wp-content\/uploads\/2023\/02\/SAVE_20230224_195849.jpg\" alt=\"\" class=\"wp-image-13634\" srcset=\"https:\/\/enlatitud25.com\/news\/wp-content\/uploads\/2023\/02\/SAVE_20230224_195849.jpg 800w, https:\/\/enlatitud25.com\/news\/wp-content\/uploads\/2023\/02\/SAVE_20230224_195849-300x188.jpg 300w, https:\/\/enlatitud25.com\/news\/wp-content\/uploads\/2023\/02\/SAVE_20230224_195849-768x480.jpg 768w, https:\/\/enlatitud25.com\/news\/wp-content\/uploads\/2023\/02\/SAVE_20230224_195849-380x238.jpg 380w\" sizes=\"(max-width: 800px) 100vw, 800px\" \/><\/figure>\n\n\n\n<h4 id=\"el-fracaso-de-la-ofensiva-a-kyiv\" class=\"wp-block-heading\">El fracaso de la ofensiva a Kyiv<\/h4>\n\n\n\n<p>Las fuerzas de la Federaci\u00f3n Rusa planearon una guerra breve. Tomar por asalto la capital, deponer al gobierno y cerrar el conflicto con una victoria r\u00e1pida.<\/p>\n\n\n\n<p>Para el efecto, organizaron una potente fuerza que se dirigi\u00f3 a Kyiv desde la cercana frontera con Bielorrusia (este pa\u00eds sirvi\u00f3 y a\u00fan sirve como base de operaciones para los rusos).<\/p>\n\n\n\n<p>Para sorpresa del mundo entero y de los propios rusos, esta fuerza de ataque demostr\u00f3 severos problemas de desorganizaci\u00f3n y falta de equipamiento adecuado. Se form\u00f3 un embotellamiento de alrededor de mil tanques, camiones cisterna con combustible, transportes con suministros y distintos tipos de veh\u00edculos militares, que form\u00f3 una fila de 64 kms, casi la misma distancia entre Asunci\u00f3n y Paraguari.<\/p>\n\n\n\n<p>Los ucranianos detuvieron el avance ruso en la localidad de Bucha, un suburbio de la capital donde se produjeron intensos combates, tras los cuales fueron denunciados cr\u00edmenes de guerra perpetrados por los rusos, quienes seg\u00fan estas acusaciones, habr\u00edan ejecutado a civiles.<\/p>\n\n\n\n<p>Las tropas ucranianas aprovecharon este importante inconveniente de su adversario, para lanzar una serie de ataques al convoy estancado en la ruta a Kyiv, gener\u00e1ndole p\u00e9rdidas suficientes como para frustrar su avance y obligarlo a retirarse.<\/p>\n\n\n\n<h4 id=\"la-guerra-en-el-donbass\" class=\"wp-block-heading\">La guerra en el Donbass<\/h4>\n\n\n\n<p>Donbass es un nombre que se lee y escucha con mucha frecuencia, cuando se presta atenci\u00f3n a las noticias que provienen del conflicto. <\/p>\n\n\n\n<p>\u00bfQu\u00e9 es el Donbass? El r\u00edo Don atraviesa Ucrania de norte a sur. Las tierras al este del r\u00edo Don, contienen a dos provincias (los ucranianos llaman a sus provincias &#8220;oblasts&#8221;) que tienen una identidad cultural m\u00e1s pr\u00f3xima a Rusia, y donde el idioma de uso predominante es el ruso.<\/p>\n\n\n\n<p>Desde 2014, separatistas de esta regi\u00f3n, alentados y apoyados por el r\u00e9gimen de Putin, iniciaron una insurrecci\u00f3n militar con el objetivo declarado de proclamar su independencia con respecto a Ucrania, y crear dos nuevas rep\u00fablicas. La Rep\u00fablica de Luhansk, al norte, y la Rep\u00fablica de Donetsk, al sur.<\/p>\n\n\n\n<p>Desde entonces, una parte del Donbass ha quedado en manos de los separatistas y otra bajo el control del gobierno nacional ucraniano. Una de las excusas del gobierno ruso para invadir Ucrania -y decimos una porque dio distintos motivos en diferentes momentos- fue la supuesta intenci\u00f3n de liberar a estas provincias de la opresi\u00f3n ucraniana, y defender su independencia.<\/p>\n\n\n\n<p>Por lo expuesto, era de capital importancia para Putin y su gobierno, lograr capturar la totalidad de esta regi\u00f3n. Para ello, se lanz\u00f3 un ataque contra las posiciones ucranianas en Donbass, pero los ucranianos se mantuvieron firmes.<\/p>\n\n\n\n<figure class=\"wp-block-image size-full\"><img decoding=\"async\" loading=\"lazy\" width=\"800\" height=\"500\" src=\"https:\/\/enlatitud25.com\/news\/wp-content\/uploads\/2023\/02\/SAVE_20230224_195858.jpg\" alt=\"\" class=\"wp-image-13636\" srcset=\"https:\/\/enlatitud25.com\/news\/wp-content\/uploads\/2023\/02\/SAVE_20230224_195858.jpg 800w, https:\/\/enlatitud25.com\/news\/wp-content\/uploads\/2023\/02\/SAVE_20230224_195858-300x188.jpg 300w, https:\/\/enlatitud25.com\/news\/wp-content\/uploads\/2023\/02\/SAVE_20230224_195858-768x480.jpg 768w, https:\/\/enlatitud25.com\/news\/wp-content\/uploads\/2023\/02\/SAVE_20230224_195858-380x238.jpg 380w\" sizes=\"(max-width: 800px) 100vw, 800px\" \/><\/figure>\n\n\n\n<p>La ciudad m\u00e1s grande de esa parte del pa\u00eds, que cay\u00f3 en manos rusas, es Mariupol. Una ciudad que se convirti\u00f3 en un s\u00edmbolo de la resistencia, ya que sus defensores resistieron all\u00ed un enemigo muy superior en n\u00fameros y material b\u00e9lico, desde el primer d\u00eda de la guerra hasta el 20 de mayo. El costo: la destrucci\u00f3n absoluta de la ciudad y la evacuaci\u00f3n de sus habitantes.<\/p>\n\n\n\n<p>El 30 de septiembre de 2022, contradiciendo el objetivo declarado inicialmente de independizar esta regi\u00f3n, los oblasts de Luhansk y Donetsk, que hab\u00edan sido reconocidos como rep\u00fablicas independientes por Rusia a inicios del a\u00f1o, fueron formalmente anexadas al territorio ruso. La ONU emiti\u00f3 una resoluci\u00f3n que declara la anexi\u00f3n como ilegal y alienta a la comunidad internacional a no reconocer el cambio de fronteras.<\/p>\n\n\n\n<p>Actualmente, la mayor concentraci\u00f3n de tropas de ambos bandos tiene lugar en el Donbass, y es en este frente donde se producen los principales enfrentamientos.<\/p>\n\n\n\n<h4 id=\"la-disputa-por-jerson\" class=\"wp-block-heading\">La disputa por Jers\u00f3n<\/h4>\n\n\n\n<p>Jers\u00f3n es el nombre de una importante ciudad en el sur de Ucrania, capital de un oblast del mismo nombre.<\/p>\n\n\n\n<p>Los invasores lograron capturar la ciudad y la mayor parte del territorio del oblast en las primeras etapas del conflicto. Una de las escenas m\u00e1s famosas de esta guerra, se produjo cuando la ciudadan\u00eda se manifest\u00f3 en las calles de Jers\u00f3n contra las fuerzas de ocupaci\u00f3n. Cuando desde Mosc\u00fa se declar\u00f3 la anexi\u00f3n de Luhansk y Donetsk, tambi\u00e9n se anunci\u00f3 que Jers\u00f3n pasaba a formar parte de Rusia. <\/p>\n\n\n\n<p>El oblast de Zaporiyia, un territorio que se encuentra entre el Donbass y Jers\u00f3n, tambi\u00e9n fue agregado al mapa del gigante ruso. Estas anexiones suscitaron cuestionamientos hacia Rusia, acus\u00e1ndola de emprender una guerra de conquista territorial, algo que en el pasado se aceptaba como com\u00fan, pero que en el \u00faltimo siglo ha sido rechazada por el Derecho Internacional.<\/p>\n\n\n\n<p>El 9 de noviembre pasado, el ej\u00e9rcito ruso se retir\u00f3 de Jers\u00f3n, cediendo a la presi\u00f3n de una contraofensiva ucraniana. Actualmente, la ciudad y cerca de la mitad del oblast del mismo nombre, se encuentran nuevamente en posesi\u00f3n de los ucranianos.<\/p>\n\n\n\n<h4 id=\"nombres-que-tenes-que-conocer\" class=\"wp-block-heading\">Nombres que ten\u00e9s que conocer<\/h4>\n\n\n\n<p><strong>Grupo Wagner:<\/strong> Este es un grupo mercenario, fundado y dirigido por Yevgeny Prigozhin, un oligarca cercano a Putin, que ha dirigido operaciones de este grupo en muchos otros pa\u00edses, especialmente en \u00c1frica. El grupo Wagner ha sido motivo de varias controversias, entre ellas, el reclutamiento de prisioneros de c\u00e1rceles rusas, cr\u00edmenes contra la poblaci\u00f3n civil de los territorios ocupados, y maltratos a sus propios soldados.<\/p>\n\n\n\n<p>El propio Prigozhin amenaz\u00f3 a un grupo de reclusos, en un video que recorri\u00f3 el mundo, que cualquiera de ellos que se negara a combatir, ser\u00eda ejecutado. Al ser esta una unidad de combate que no responde a la jerarqu\u00eda de las Fuerzas Armadas de Rusia, mantiene una tensi\u00f3n y rivalidad casi constante con el ej\u00e9rcito.<\/p>\n\n\n\n<p><strong>Vitali Klitschko:<\/strong> Este hombre gan\u00f3 fama internacional como campe\u00f3n mundial de boxeo en la categor\u00eda de peso pesado. Luego de retirarse de los duelos en el ring, Klitschko se convirti\u00f3 en alcalde de Kyiv. Cuando estall\u00f3 la guerra, tambi\u00e9n se qued\u00f3 en Kyiv y prometi\u00f3 contribuir personalmente a la defensa de la ciudad, si llegara a convertirse en campo de batalla.<\/p>\n\n\n\n<p>Aprovech\u00f3 su fama internacional para convertirse en un vocero de la causa ucraniana en medios internacionales.<\/p>\n\n\n\n<figure class=\"wp-block-image size-full\"><img decoding=\"async\" loading=\"lazy\" width=\"800\" height=\"500\" src=\"https:\/\/enlatitud25.com\/news\/wp-content\/uploads\/2023\/02\/SAVE_20230224_195853.jpg\" alt=\"\" class=\"wp-image-13637\" srcset=\"https:\/\/enlatitud25.com\/news\/wp-content\/uploads\/2023\/02\/SAVE_20230224_195853.jpg 800w, https:\/\/enlatitud25.com\/news\/wp-content\/uploads\/2023\/02\/SAVE_20230224_195853-300x188.jpg 300w, https:\/\/enlatitud25.com\/news\/wp-content\/uploads\/2023\/02\/SAVE_20230224_195853-768x480.jpg 768w, https:\/\/enlatitud25.com\/news\/wp-content\/uploads\/2023\/02\/SAVE_20230224_195853-380x238.jpg 380w\" sizes=\"(max-width: 800px) 100vw, 800px\" \/><\/figure>\n\n\n\n<p><strong>HIMARS:<\/strong> Uno de los factores que explican la larga y exitosa resistencia ucraniana, es la provisi\u00f3n de material de guerra de parte de pa\u00edses europeos, y principalmente de EE.UU. Una de las donaciones m\u00e1s destacadas en este sentido, son los HIMARS (acr\u00f3nimo en ingl\u00e9s para &#8220;<em>Sistema de cohetes de artiller\u00eda de alta movilidad<\/em>&#8220;).<\/p>\n\n\n\n<p>Los HIMARS, veh\u00edculos que transportan y lanzan misiles de alta precisi\u00f3n, se han convertido en una bendici\u00f3n para los militares ucranianos, y en una pesadilla para los combatientes rusos. <\/p>\n\n\n\n<p>Gracias a este armamento, los ucranianos han logrado golpear desde larga distancia los dep\u00f3sitos de suministros, los centros de comando, las defensas y bases de su enemigo. Los rusos cuentan con una cantidad muy superior de artiller\u00eda convencional, pero los HIMARS brindan a los ucranianos con mayor rango y precisi\u00f3n para bombardear objetivos.<\/p>\n\n\n\n<p><strong>Batall\u00f3n Azov:<\/strong> Naci\u00f3 como una milicia independiente, cuando se desat\u00f3 el conflicto por el Donbass en 2014. Tuvo una destacada actuaci\u00f3n, la cual en parte hizo posible que Mariupol se mantenga bajo control ucraniano en ese momento.<\/p>\n\n\n\n<p>Sin embargo, la presencia medi\u00e1tica de Azov, se debe m\u00e1s a una circunstancia ajena a su destreza militar. Los fundadores de la unidad y gran parte de sus combatientes, eran radicales de ultraderecha y fueron acusados de ser nazis.<\/p>\n\n\n\n<p>Eventualmente, la unidad fue incorporada oficialmente al ej\u00e9rcito ucraniano, pas\u00f3 a ser controlada por el gobierno y sus fundadores salieron del batall\u00f3n. <\/p>\n\n\n\n<p>Esto sirvi\u00f3 como pretexto al gobierno de Putin y a los medios de comunicaci\u00f3n estatales rusos, para instalar la noci\u00f3n de que toda Ucrania est\u00e1 bajo el yugo de un r\u00e9gimen nazi, y que la &#8220;operaci\u00f3n militar especial&#8221; (eufemismo utilizado por Mosc\u00fa para referirse a la guerra), se justificaba por ser en realidad una cruzada para &#8220;desnazificar&#8221; Ucrania.<\/p>\n\n\n\n<p>La guerra de tres d\u00edas acaba de cumplir un a\u00f1o, y si bien es dif\u00edcil pronosticar una fecha concreta para el cese de hostilidades, la mayor\u00eda de los analistas coincide en que lamentablemente a\u00fan queda mucha guerra por delante.<\/p>\n\n\n\n<p>Mientras tanto, dos pueblos que hasta hace poco se consideraban cercanos y emparentados (a veces incluso en sentido literal, pues muchos ucranianos tienen familia en Rusia y viceversa), seguir\u00e1n sufriendo el fen\u00f3meno de la guerra, tan elocuentemente definido por Paul Val\u00e9ry:<\/p>\n\n\n\n<p>&#8220;<em>La<\/em> gu<em>erra es una masacre entre gentes que no se conocen, para provecho de gentes que si se conocen pero que no se masacran&#8221;<\/em>.<\/p>\n","protected":false},"excerpt":{"rendered":"Ayer, viernes 24 de febrero, se cumpli\u00f3 un a\u00f1o del inicio de la invasi\u00f3n rusa en Ucrania. Un evento que se esperaba que dure unos pocos d\u00edas, al considerar la enorme desproporcionalidad que existe entre los oponentes, deriv\u00f3 en un conflicto b\u00e9lico que pone en vilo el mundo. Si bien, aun no se puede augurar un final del conflicto, especialistas aseguran que no ser\u00e1 un episodio que se resuelva en poco tiempo. Este es un resumen clave para entender la guerra.\n","protected":false},"author":6,"featured_media":13635,"comment_status":"closed","ping_status":"closed","sticky":false,"template":"","format":"standard","meta":[],"categories":[1],"tags":[],"ubicacion":[],"yoast_head":"<!-- This site is optimized with the Yoast SEO plugin v20.8 - https:\/\/yoast.com\/wordpress\/plugins\/seo\/ -->\n<title>Un a\u00f1o de guerra: Te resumimos la guerra de Ucrania desde su inicio hasta hoy &ndash; Latitud25<\/title>\n<meta name=\"description\" content=\"Mir\u00e1 nuestros reportajes audiovisuales y seguinos para enterarte de las \u00faltimas noticias de Paraguay y el mundo, desde la Latitud25. Somos Alternativa de Informaci\u00f3n.\" \/>\n<meta name=\"robots\" content=\"index, follow, max-snippet:-1, max-image-preview:large, max-video-preview:-1\" \/>\n<link rel=\"canonical\" href=\"https:\/\/enlatitud25.com\/news\/un-ano-de-guerra-te-resumimos-la-guerra-de-ucrania-desde-su-inicio-hasta-hoy\/\" \/>\n<meta property=\"og:locale\" content=\"es_ES\" \/>\n<meta property=\"og:type\" content=\"article\" \/>\n<meta property=\"og:title\" content=\"Un a\u00f1o de guerra: Te resumimos la guerra de Ucrania desde su inicio hasta hoy &ndash; Latitud25\" \/>\n<meta property=\"og:description\" content=\"Mir\u00e1 nuestros reportajes audiovisuales y seguinos para enterarte de las \u00faltimas noticias de Paraguay y el mundo, desde la Latitud25. Somos Alternativa de Informaci\u00f3n.\" \/>\n<meta property=\"og:url\" content=\"https:\/\/enlatitud25.com\/news\/un-ano-de-guerra-te-resumimos-la-guerra-de-ucrania-desde-su-inicio-hasta-hoy\/\" \/>\n<meta property=\"og:site_name\" content=\"Latitud25\" \/>\n<meta property=\"article:publisher\" content=\"https:\/\/www.facebook.com\/EnLatitud25\" \/>\n<meta property=\"article:published_time\" content=\"2023-02-24T23:13:48+00:00\" \/>\n<meta property=\"article:modified_time\" content=\"2023-02-24T23:13:49+00:00\" \/>\n<meta property=\"og:image\" content=\"https:\/\/enlatitud25.com\/news\/wp-content\/uploads\/2023\/02\/SAVE_20230224_195846.jpg\" \/>\n\t<meta property=\"og:image:width\" content=\"800\" \/>\n\t<meta property=\"og:image:height\" content=\"500\" \/>\n\t<meta property=\"og:image:type\" content=\"image\/jpeg\" \/>\n<meta name=\"author\" content=\"Federico Filartiga\" \/>\n<meta name=\"twitter:card\" content=\"summary_large_image\" \/>\n<meta name=\"twitter:creator\" content=\"@EnLatitud25\" \/>\n<meta name=\"twitter:site\" content=\"@EnLatitud25\" \/>\n<meta name=\"twitter:label1\" content=\"Escrito por\" \/>\n\t<meta name=\"twitter:data1\" content=\"Federico Filartiga\" \/>\n\t<meta name=\"twitter:label2\" content=\"Tiempo de lectura\" \/>\n\t<meta name=\"twitter:data2\" content=\"8 minutos\" \/>\n<script type=\"application\/ld+json\" class=\"yoast-schema-graph\">{\"@context\":\"https:\/\/schema.org\",\"@graph\":[{\"@type\":\"Article\",\"@id\":\"https:\/\/enlatitud25.com\/news\/un-ano-de-guerra-te-resumimos-la-guerra-de-ucrania-desde-su-inicio-hasta-hoy\/#article\",\"isPartOf\":{\"@id\":\"https:\/\/enlatitud25.com\/news\/un-ano-de-guerra-te-resumimos-la-guerra-de-ucrania-desde-su-inicio-hasta-hoy\/\"},\"author\":{\"name\":\"Federico Filartiga\",\"@id\":\"https:\/\/enlatitud25.com\/news\/#\/schema\/person\/6dfb4d8d4ff3f8ea87212ddd177dd8ac\"},\"headline\":\"Un a\u00f1o de guerra: Te resumimos la guerra de Ucrania desde su inicio hasta hoy\",\"datePublished\":\"2023-02-24T23:13:48+00:00\",\"dateModified\":\"2023-02-24T23:13:49+00:00\",\"mainEntityOfPage\":{\"@id\":\"https:\/\/enlatitud25.com\/news\/un-ano-de-guerra-te-resumimos-la-guerra-de-ucrania-desde-su-inicio-hasta-hoy\/\"},\"wordCount\":1726,\"publisher\":{\"@id\":\"https:\/\/enlatitud25.com\/news\/#organization\"},\"inLanguage\":\"es\"},{\"@type\":\"WebPage\",\"@id\":\"https:\/\/enlatitud25.com\/news\/un-ano-de-guerra-te-resumimos-la-guerra-de-ucrania-desde-su-inicio-hasta-hoy\/\",\"url\":\"https:\/\/enlatitud25.com\/news\/un-ano-de-guerra-te-resumimos-la-guerra-de-ucrania-desde-su-inicio-hasta-hoy\/\",\"name\":\"Un a\u00f1o de guerra: Te resumimos la guerra de Ucrania desde su inicio hasta hoy &ndash; Latitud25\",\"isPartOf\":{\"@id\":\"https:\/\/enlatitud25.com\/news\/#website\"},\"datePublished\":\"2023-02-24T23:13:48+00:00\",\"dateModified\":\"2023-02-24T23:13:49+00:00\",\"description\":\"Mir\u00e1 nuestros reportajes audiovisuales y seguinos para enterarte de las \u00faltimas noticias de Paraguay y el mundo, desde la Latitud25. Somos Alternativa de Informaci\u00f3n.\",\"breadcrumb\":{\"@id\":\"https:\/\/enlatitud25.com\/news\/un-ano-de-guerra-te-resumimos-la-guerra-de-ucrania-desde-su-inicio-hasta-hoy\/#breadcrumb\"},\"inLanguage\":\"es\",\"potentialAction\":[{\"@type\":\"ReadAction\",\"target\":[\"https:\/\/enlatitud25.com\/news\/un-ano-de-guerra-te-resumimos-la-guerra-de-ucrania-desde-su-inicio-hasta-hoy\/\"]}]},{\"@type\":\"BreadcrumbList\",\"@id\":\"https:\/\/enlatitud25.com\/news\/un-ano-de-guerra-te-resumimos-la-guerra-de-ucrania-desde-su-inicio-hasta-hoy\/#breadcrumb\",\"itemListElement\":[{\"@type\":\"ListItem\",\"position\":1,\"name\":\"Home\",\"item\":\"https:\/\/enlatitud25.com\/news\/\"},{\"@type\":\"ListItem\",\"position\":2,\"name\":\"Un a\u00f1o de guerra: Te resumimos la guerra de Ucrania desde su inicio hasta hoy\"}]},{\"@type\":\"WebSite\",\"@id\":\"https:\/\/enlatitud25.com\/news\/#website\",\"url\":\"https:\/\/enlatitud25.com\/news\/\",\"name\":\"Latitud25\",\"description\":\"news\",\"publisher\":{\"@id\":\"https:\/\/enlatitud25.com\/news\/#organization\"},\"potentialAction\":[{\"@type\":\"SearchAction\",\"target\":{\"@type\":\"EntryPoint\",\"urlTemplate\":\"https:\/\/enlatitud25.com\/news\/?s={search_term_string}\"},\"query-input\":\"required name=search_term_string\"}],\"inLanguage\":\"es\"},{\"@type\":\"Organization\",\"@id\":\"https:\/\/enlatitud25.com\/news\/#organization\",\"name\":\"Latitud 25 - News\",\"url\":\"https:\/\/enlatitud25.com\/news\/\",\"logo\":{\"@type\":\"ImageObject\",\"inLanguage\":\"es\",\"@id\":\"https:\/\/enlatitud25.com\/news\/#\/schema\/logo\/image\/\",\"url\":\"https:\/\/enlatitud25.com\/news\/wp-content\/uploads\/2020\/11\/logo_latitud.png\",\"contentUrl\":\"https:\/\/enlatitud25.com\/news\/wp-content\/uploads\/2020\/11\/logo_latitud.png\",\"width\":235,\"height\":39,\"caption\":\"Latitud 25 - News\"},\"image\":{\"@id\":\"https:\/\/enlatitud25.com\/news\/#\/schema\/logo\/image\/\"},\"sameAs\":[\"https:\/\/www.facebook.com\/EnLatitud25\",\"https:\/\/twitter.com\/EnLatitud25\",\"https:\/\/www.instagram.com\/enlatitud25\/\",\"https:\/\/www.youtube.com\/user\/desdelatitud25\"]},{\"@type\":\"Person\",\"@id\":\"https:\/\/enlatitud25.com\/news\/#\/schema\/person\/6dfb4d8d4ff3f8ea87212ddd177dd8ac\",\"name\":\"Federico Filartiga\",\"sameAs\":[\"https:\/\/enlatitud25.com\/news\"],\"url\":\"https:\/\/enlatitud25.com\/news\/author\/federico-filartiga\/\"}]}<\/script>\n<!-- \/ Yoast SEO plugin. -->","yoast_head_json":{"title":"Un a\u00f1o de guerra: Te resumimos la guerra de Ucrania desde su inicio hasta hoy &ndash; Latitud25","description":"Mir\u00e1 nuestros reportajes audiovisuales y seguinos para enterarte de las \u00faltimas noticias de Paraguay y el mundo, desde la Latitud25. Somos Alternativa de Informaci\u00f3n.","robots":{"index":"index","follow":"follow","max-snippet":"max-snippet:-1","max-image-preview":"max-image-preview:large","max-video-preview":"max-video-preview:-1"},"canonical":"https:\/\/enlatitud25.com\/news\/un-ano-de-guerra-te-resumimos-la-guerra-de-ucrania-desde-su-inicio-hasta-hoy\/","og_locale":"es_ES","og_type":"article","og_title":"Un a\u00f1o de guerra: Te resumimos la guerra de Ucrania desde su inicio hasta hoy &ndash; Latitud25","og_description":"Mir\u00e1 nuestros reportajes audiovisuales y seguinos para enterarte de las \u00faltimas noticias de Paraguay y el mundo, desde la Latitud25. Somos Alternativa de Informaci\u00f3n.","og_url":"https:\/\/enlatitud25.com\/news\/un-ano-de-guerra-te-resumimos-la-guerra-de-ucrania-desde-su-inicio-hasta-hoy\/","og_site_name":"Latitud25","article_publisher":"https:\/\/www.facebook.com\/EnLatitud25","article_published_time":"2023-02-24T23:13:48+00:00","article_modified_time":"2023-02-24T23:13:49+00:00","og_image":[{"width":800,"height":500,"url":"https:\/\/enlatitud25.com\/news\/wp-content\/uploads\/2023\/02\/SAVE_20230224_195846.jpg","type":"image\/jpeg"}],"author":"Federico Filartiga","twitter_card":"summary_large_image","twitter_creator":"@EnLatitud25","twitter_site":"@EnLatitud25","twitter_misc":{"Escrito por":"Federico Filartiga","Tiempo de lectura":"8 minutos"},"schema":{"@context":"https:\/\/schema.org","@graph":[{"@type":"Article","@id":"https:\/\/enlatitud25.com\/news\/un-ano-de-guerra-te-resumimos-la-guerra-de-ucrania-desde-su-inicio-hasta-hoy\/#article","isPartOf":{"@id":"https:\/\/enlatitud25.com\/news\/un-ano-de-guerra-te-resumimos-la-guerra-de-ucrania-desde-su-inicio-hasta-hoy\/"},"author":{"name":"Federico Filartiga","@id":"https:\/\/enlatitud25.com\/news\/#\/schema\/person\/6dfb4d8d4ff3f8ea87212ddd177dd8ac"},"headline":"Un a\u00f1o de guerra: Te resumimos la guerra de Ucrania desde su inicio hasta hoy","datePublished":"2023-02-24T23:13:48+00:00","dateModified":"2023-02-24T23:13:49+00:00","mainEntityOfPage":{"@id":"https:\/\/enlatitud25.com\/news\/un-ano-de-guerra-te-resumimos-la-guerra-de-ucrania-desde-su-inicio-hasta-hoy\/"},"wordCount":1726,"publisher":{"@id":"https:\/\/enlatitud25.com\/news\/#organization"},"inLanguage":"es"},{"@type":"WebPage","@id":"https:\/\/enlatitud25.com\/news\/un-ano-de-guerra-te-resumimos-la-guerra-de-ucrania-desde-su-inicio-hasta-hoy\/","url":"https:\/\/enlatitud25.com\/news\/un-ano-de-guerra-te-resumimos-la-guerra-de-ucrania-desde-su-inicio-hasta-hoy\/","name":"Un a\u00f1o de guerra: Te resumimos la guerra de Ucrania desde su inicio hasta hoy &ndash; Latitud25","isPartOf":{"@id":"https:\/\/enlatitud25.com\/news\/#website"},"datePublished":"2023-02-24T23:13:48+00:00","dateModified":"2023-02-24T23:13:49+00:00","description":"Mir\u00e1 nuestros reportajes audiovisuales y seguinos para enterarte de las \u00faltimas noticias de Paraguay y el mundo, desde la Latitud25. Somos Alternativa de Informaci\u00f3n.","breadcrumb":{"@id":"https:\/\/enlatitud25.com\/news\/un-ano-de-guerra-te-resumimos-la-guerra-de-ucrania-desde-su-inicio-hasta-hoy\/#breadcrumb"},"inLanguage":"es","potentialAction":[{"@type":"ReadAction","target":["https:\/\/enlatitud25.com\/news\/un-ano-de-guerra-te-resumimos-la-guerra-de-ucrania-desde-su-inicio-hasta-hoy\/"]}]},{"@type":"BreadcrumbList","@id":"https:\/\/enlatitud25.com\/news\/un-ano-de-guerra-te-resumimos-la-guerra-de-ucrania-desde-su-inicio-hasta-hoy\/#breadcrumb","itemListElement":[{"@type":"ListItem","position":1,"name":"Home","item":"https:\/\/enlatitud25.com\/news\/"},{"@type":"ListItem","position":2,"name":"Un a\u00f1o de guerra: Te resumimos la guerra de Ucrania desde su inicio hasta hoy"}]},{"@type":"WebSite","@id":"https:\/\/enlatitud25.com\/news\/#website","url":"https:\/\/enlatitud25.com\/news\/","name":"Latitud25","description":"news","publisher":{"@id":"https:\/\/enlatitud25.com\/news\/#organization"},"potentialAction":[{"@type":"SearchAction","target":{"@type":"EntryPoint","urlTemplate":"https:\/\/enlatitud25.com\/news\/?s={search_term_string}"},"query-input":"required name=search_term_string"}],"inLanguage":"es"},{"@type":"Organization","@id":"https:\/\/enlatitud25.com\/news\/#organization","name":"Latitud 25 - News","url":"https:\/\/enlatitud25.com\/news\/","logo":{"@type":"ImageObject","inLanguage":"es","@id":"https:\/\/enlatitud25.com\/news\/#\/schema\/logo\/image\/","url":"https:\/\/enlatitud25.com\/news\/wp-content\/uploads\/2020\/11\/logo_latitud.png","contentUrl":"https:\/\/enlatitud25.com\/news\/wp-content\/uploads\/2020\/11\/logo_latitud.png","width":235,"height":39,"caption":"Latitud 25 - News"},"image":{"@id":"https:\/\/enlatitud25.com\/news\/#\/schema\/logo\/image\/"},"sameAs":["https:\/\/www.facebook.com\/EnLatitud25","https:\/\/twitter.com\/EnLatitud25","https:\/\/www.instagram.com\/enlatitud25\/","https:\/\/www.youtube.com\/user\/desdelatitud25"]},{"@type":"Person","@id":"https:\/\/enlatitud25.com\/news\/#\/schema\/person\/6dfb4d8d4ff3f8ea87212ddd177dd8ac","name":"Federico Filartiga","sameAs":["https:\/\/enlatitud25.com\/news"],"url":"https:\/\/enlatitud25.com\/news\/author\/federico-filartiga\/"}]}},"_links":{"self":[{"href":"https:\/\/enlatitud25.com\/news\/wp-json\/wp\/v2\/posts\/13594"}],"collection":[{"href":"https:\/\/enlatitud25.com\/news\/wp-json\/wp\/v2\/posts"}],"about":[{"href":"https:\/\/enlatitud25.com\/news\/wp-json\/wp\/v2\/types\/post"}],"author":[{"embeddable":true,"href":"https:\/\/enlatitud25.com\/news\/wp-json\/wp\/v2\/users\/6"}],"replies":[{"embeddable":true,"href":"https:\/\/enlatitud25.com\/news\/wp-json\/wp\/v2\/comments?post=13594"}],"version-history":[{"count":14,"href":"https:\/\/enlatitud25.com\/news\/wp-json\/wp\/v2\/posts\/13594\/revisions"}],"predecessor-version":[{"id":13640,"href":"https:\/\/enlatitud25.com\/news\/wp-json\/wp\/v2\/posts\/13594\/revisions\/13640"}],"wp:featuredmedia":[{"embeddable":true,"href":"https:\/\/enlatitud25.com\/news\/wp-json\/wp\/v2\/media\/13635"}],"wp:attachment":[{"href":"https:\/\/enlatitud25.com\/news\/wp-json\/wp\/v2\/media?parent=13594"}],"wp:term":[{"taxonomy":"category","embeddable":true,"href":"https:\/\/enlatitud25.com\/news\/wp-json\/wp\/v2\/categories?post=13594"},{"taxonomy":"post_tag","embeddable":true,"href":"https:\/\/enlatitud25.com\/news\/wp-json\/wp\/v2\/tags?post=13594"},{"taxonomy":"ubicacion","embeddable":true,"href":"https:\/\/enlatitud25.com\/news\/wp-json\/wp\/v2\/ubicacion?post=13594"}],"curies":[{"name":"wp","href":"https:\/\/api.w.org\/{rel}","templated":true}]}}