{"id":13570,"date":"2023-02-24T20:23:41","date_gmt":"2023-02-24T20:23:41","guid":{"rendered":"https:\/\/enlatitud25.com\/news\/?p=13570"},"modified":"2023-02-24T22:12:38","modified_gmt":"2023-02-24T22:12:38","slug":"bebe-hallada-en-un-baldio-como-se-vincula-con-la-falta-de-educacion-sexual","status":"publish","type":"post","link":"https:\/\/enlatitud25.com\/news\/bebe-hallada-en-un-baldio-como-se-vincula-con-la-falta-de-educacion-sexual\/","title":{"rendered":"Beb\u00e9 hallada en un bald\u00edo: \u00bfC\u00f3mo se vincula con la falta de Educaci\u00f3n Sexual?"},"content":{"rendered":"\n<p>En Paraguay, cada d\u00eda, 2 adolescentes de 15 a 19 a\u00f1os dan a luz, una cifra que si bien no es nueva, sigue comprometiendo la realidad de miles de ni\u00f1as todos los a\u00f1os. Entretanto, grupos antiderechos se siguen oponiendo a que se imparta<strong> Educaci\u00f3n Integral de la Sexualidad <\/strong>en escuelas y colegios.<\/p>\n\n\n\n<p>Casos de abuso de ni\u00f1as y adolescentes, se han repetido tan insistentemente en los medios, que muchas personas las han ignorado o hasta normalizado. Detr\u00e1s de cada n\u00famero, de cada hora, hay una historia; de ni\u00f1as y adolescentes que deben pasar por traumas y procesos para las que no est\u00e1n preparadas y beb\u00e9s que llegan al mundo en situaci\u00f3n precaria e insegura. <\/p>\n\n\n\n<p>El nivel de afectaci\u00f3n se pudo dimensionar en cierta medida, el 21 de febrero pasado, cuando encontraron a una beb\u00e9 reci\u00e9n nacida, en un patio bald\u00edo en las inmediaciones del Instituto de Previsi\u00f3n Social. R\u00e1pidamente se tuvo acceso a un video de circuito cerrado, en el que se ve a dos mujeres pasar con una mochila saliendo del hospital, para dejarla en un bald\u00edo cercano.<\/p>\n\n\n\n<p>Este hecho produjo gran indignaci\u00f3n en los medios de comunicaci\u00f3n y la opini\u00f3n p\u00fablica, que se manifest\u00f3 a trav\u00e9s de las redes sociales. Muchas personas hicieron acusaciones y lanzaron improperios, sin conocer la historia detr\u00e1s de la beb\u00e9 abandonada.<\/p>\n\n\n\n<p>Tras investigaciones de la fiscal\u00eda, se dio a conocer que una ni\u00f1a de 15 a\u00f1os es la madre de la beb\u00e9 abandonada. Tambi\u00e9n se supo que la mam\u00e1 de la ni\u00f1a tiene 34 a\u00f1os.<\/p>\n\n\n\n<figure class=\"wp-block-image size-full\"><img decoding=\"async\" loading=\"lazy\" width=\"800\" height=\"500\" src=\"https:\/\/enlatitud25.com\/news\/wp-content\/uploads\/2023\/02\/pag3-bebe-abandono-ESI.jpg\" alt=\"\" class=\"wp-image-13595\" srcset=\"https:\/\/enlatitud25.com\/news\/wp-content\/uploads\/2023\/02\/pag3-bebe-abandono-ESI.jpg 800w, https:\/\/enlatitud25.com\/news\/wp-content\/uploads\/2023\/02\/pag3-bebe-abandono-ESI-300x188.jpg 300w, https:\/\/enlatitud25.com\/news\/wp-content\/uploads\/2023\/02\/pag3-bebe-abandono-ESI-768x480.jpg 768w, https:\/\/enlatitud25.com\/news\/wp-content\/uploads\/2023\/02\/pag3-bebe-abandono-ESI-380x238.jpg 380w\" sizes=\"(max-width: 800px) 100vw, 800px\" \/><\/figure>\n\n\n\n<h4 id=\"sobre-el-caso\" class=\"wp-block-heading\">Sobre el caso<\/h4>\n\n\n\n<p>La fiscala Laura \u00c1valos, comenta en una entrevista con RadioCast25, que la ni\u00f1a tuvo a la beb\u00e9 en el ba\u00f1o del IPS. &#8220;La ni\u00f1a ten\u00eda sangrado, estaba con muchos dolores y hab\u00eda que llevarla urgentemente a un hospital&#8221;, explica.<\/p>\n\n\n\n<p>Seg\u00fan indicaciones de la madre de la adolescente de 15 a\u00f1os, fueron a IPS porque la ni\u00f1a ten\u00eda fuerte dolor abdominal. Luego la ni\u00f1a va al ba\u00f1o, porque supuestamente ten\u00eda ganas de vomitar y ah\u00ed dio a luz a la beb\u00e9. <\/p>\n\n\n\n<p>&#8220;La mam\u00e1 afirma que se asustaron mucho, le pusieron a la beb\u00e9 dentro de una mochila y la dejaron en un bald\u00edo donde fue abandonada&#8221;, agrega la fiscal.<\/p>\n\n\n\n<p>La abuela de la beba, fue imputada por intento de homicidio, abandono y violaci\u00f3n al deber del cuidado. <\/p>\n\n\n\n<h4 id=\"un-problema-impostergable\" class=\"wp-block-heading\">Un problema impostergable<\/h4>\n\n\n\n<p>Clyde Soto, pol\u00edtica y feminista, habl\u00f3 al respecto, a trav\u00e9s de Twitter. Resalt\u00f3 que &#8220;la ni\u00f1a de 15 a\u00f1os que tuvo a su beb\u00e9 en un ba\u00f1o de hospital y luego lo abandon\u00f3, ten\u00eda 3 a\u00f1os en 2011, cuando el MEC suspendi\u00f3 el debate sobre una pol\u00edtica de educaci\u00f3n integral en sexualidad. El sistema educativo le neg\u00f3 herramientas para prevenir este desenlace&#8221;. <\/p>\n\n\n\n<p>Agreg\u00f3 que en ese entonces los anti derechos se envalentonaron para impedir que se trate sobre Educaci\u00f3n Integral de la Sexualidad (EIS) y sobre g\u00e9nero en el sistema educativo. &#8220;Y cada vez fue siendo peor. Paraguay dej\u00f3 indefensas a las ni\u00f1as frente al abuso sexual y a los embarazos tempranos, no planificados y hasta forzados&#8221;, asevera.<\/p>\n\n\n\n<p>Asimismo,<strong> Paola Vaccotti<\/strong>, especialista en pol\u00edticas p\u00fablicas, presidenta de <strong>Familias por la Educaci\u00f3n Integral en Paraguay (<em>FEIPAR<\/em>)<\/strong>,&nbsp;habla en contacto con RadioCast25 sobre el tema. Dice que esta situaci\u00f3n demuestra justamente  que se requiere de manera urgente que se implemente este tipo de educaci\u00f3n en las instituciones educativas.<\/p>\n\n\n\n<figure class=\"wp-block-image size-full\"><img decoding=\"async\" loading=\"lazy\" width=\"800\" height=\"500\" src=\"https:\/\/enlatitud25.com\/news\/wp-content\/uploads\/2023\/02\/pag3-bebe-abandono-ESI-2.jpg\" alt=\"\" class=\"wp-image-13596\" srcset=\"https:\/\/enlatitud25.com\/news\/wp-content\/uploads\/2023\/02\/pag3-bebe-abandono-ESI-2.jpg 800w, https:\/\/enlatitud25.com\/news\/wp-content\/uploads\/2023\/02\/pag3-bebe-abandono-ESI-2-300x188.jpg 300w, https:\/\/enlatitud25.com\/news\/wp-content\/uploads\/2023\/02\/pag3-bebe-abandono-ESI-2-768x480.jpg 768w, https:\/\/enlatitud25.com\/news\/wp-content\/uploads\/2023\/02\/pag3-bebe-abandono-ESI-2-380x238.jpg 380w\" sizes=\"(max-width: 800px) 100vw, 800px\" \/><\/figure>\n\n\n\n<p>Hace \u00e9nfasis en que es un derecho de los adolescentes y los j\u00f3venes saber que pueden decidir no tener relaciones sexuales, m\u00e1s all\u00e1 de que las presiones sociales les quiera empujar a eso. <\/p>\n\n\n\n<p>&#8220;Es un derecho poder elegir si quieren o no tener relaciones con una persona. Pero para eso hay que hablar. Este caso de la chica de 15 a\u00f1os se supo despu\u00e9s que su pareja tiene casi su misma edad, pero esa no es la regla. La mayor\u00eda de los casos en Paraguay son de abuso&#8221;, explica.<\/p>\n\n\n\n<p>Recuerda datos de uniones forzadas de ni\u00f1as, que desde los 13 a\u00f1os que est\u00e1n impulsadas incluso por la propia familia, a estar con hombres de cinco, 10 o 15 a\u00f1os m\u00e1s. &#8220;Eso es normalizar la pedofilia y eso est\u00e1 mal&#8221;, apunta.<\/p>\n\n\n\n<h4 id=\"mas-cifras-que-estremecen\" class=\"wp-block-heading\">M\u00e1s cifras que estremecen<\/h4>\n\n\n\n<p>La <strong>Coordinadora por los Derechos de la Infancia y la Adolescencia<\/strong> public\u00f3 ayer <a href=\"https:\/\/twitter.com\/CDIApy\/status\/1628698948876500992\" target=\"_blank\" rel=\"noreferrer noopener\">cifras alarmantes<\/a> sobre abusos a ni\u00f1os, ni\u00f1as y adolescentes, en base a reportes de la Fiscal\u00eda. <\/p>\n\n\n\n<p>&#8220;En los \u00faltimos 5 a\u00f1os, se registraron un total de 17.156 v\u00edctimas por abuso sexual, que tienen entre 0 y 17 edad&#8221;, se\u00f1ala la publicaci\u00f3n.<\/p>\n\n\n\n<p>Asimismo, indica que se registra un abuso cada dos horas. Agrega, adem\u00e1s que en Paraguay, en el a\u00f1o 2021, el 85,9% del total de victimas de abuso sexual registradas fueron mujeres, es decir 86 de cada 100.<\/p>\n\n\n\n<p><strong>Le\u00e9 m\u00e1s: <a href=\"https:\/\/enlatitud25.com\/news\/viralizacion-de-maltrato-un-debate-sobre-como-evitar-revictimizar-a-ninos-y-ninas\/\" target=\"_blank\" rel=\"noreferrer noopener\">Viralizaci\u00f3n de maltrato: Un debate sobre c\u00f3mo evitar revictimizar a ni\u00f1os y ni\u00f1as<\/a><\/strong><\/p>\n\n\n\n<figure class=\"wp-block-image size-full\"><img decoding=\"async\" loading=\"lazy\" width=\"800\" height=\"500\" src=\"https:\/\/enlatitud25.com\/news\/wp-content\/uploads\/2023\/02\/pag2-bebe-abandono-ESI.jpg\" alt=\"\" class=\"wp-image-13597\" srcset=\"https:\/\/enlatitud25.com\/news\/wp-content\/uploads\/2023\/02\/pag2-bebe-abandono-ESI.jpg 800w, https:\/\/enlatitud25.com\/news\/wp-content\/uploads\/2023\/02\/pag2-bebe-abandono-ESI-300x188.jpg 300w, https:\/\/enlatitud25.com\/news\/wp-content\/uploads\/2023\/02\/pag2-bebe-abandono-ESI-768x480.jpg 768w, https:\/\/enlatitud25.com\/news\/wp-content\/uploads\/2023\/02\/pag2-bebe-abandono-ESI-380x238.jpg 380w\" sizes=\"(max-width: 800px) 100vw, 800px\" \/><\/figure>\n\n\n\n<p>En ese contexto, Vaccotti, advierte que nos vamos acostumbrando a ver cada d\u00eda alguna estad\u00edstica de abuso sexual, de embarazo adolescente, de embarazo de ni\u00f1as.<\/p>\n\n\n\n<p>&#8220;Esos abusos suceden en todos los niveles sociales, no solo le pasa a los ni\u00f1os y ni\u00f1as pobres, pero posiblemente las familias acomodadas econ\u00f3micamente son las que menos denuncian&#8221;, sostiene.<\/p>\n\n\n\n<p>Vaccotti insiste que es fundamental que los ni\u00f1os y ni\u00f1as tengan informaci\u00f3n para cuidar sus cuerpos y que conocer m\u00e1s sobre sexualidad, lejos de fomentar la iniciaci\u00f3n sexual, puede retrasarla.<\/p>\n\n\n\n<p>&#8220;No podemos pensar que un ni\u00f1o de tres, cuatro o cinco a\u00f1os se va a defender de su abusador. Pero puede entender que lo que est\u00e1 pasando no est\u00e1 bien y le puede pedir ayuda a alguien, por lo menos en la escuela&#8221;, remarca.<\/p>\n\n\n\n<h4 id=\"esto-nos-tiene-que-interpelar-como-sociedad\" class=\"wp-block-heading\">&#8220;Esto nos tiene que interpelar como sociedad&#8221;<\/h4>\n\n\n\n<p>La especialista en pol\u00edticas p\u00fablicas hace referencia a estudios sociales, que indican que hay personas adulas, que de ni\u00f1as fueron v\u00edctimas de abuso sexual y no sab\u00edan. <\/p>\n\n\n\n<p>&#8220;Entonces muchas personas normalizan de alguna manera que esto suceda, es uno de los motivos por los que tenemos una cantidad de casos de ni\u00f1os y ni\u00f1as abusados, porque en la familia est\u00e1 normalizado que el ni\u00f1o es un objeto de uso&#8221;, recalca.<\/p>\n\n\n\n<p>Insiste que es algo que debemos cambiar y es un cambio que se va a dar a trav\u00e9s de la educaci\u00f3n. Si conocemos los casos de abuso sexual podemos transmitirles que desde las escuelas o desde las casas mismas, para que puedan alertar.<\/p>\n\n\n\n<figure class=\"wp-block-image size-full\"><img decoding=\"async\" loading=\"lazy\" width=\"800\" height=\"500\" src=\"https:\/\/enlatitud25.com\/news\/wp-content\/uploads\/2023\/02\/pag1-bebe-abandono-ESI.jpg\" alt=\"\" class=\"wp-image-13598\" srcset=\"https:\/\/enlatitud25.com\/news\/wp-content\/uploads\/2023\/02\/pag1-bebe-abandono-ESI.jpg 800w, https:\/\/enlatitud25.com\/news\/wp-content\/uploads\/2023\/02\/pag1-bebe-abandono-ESI-300x188.jpg 300w, https:\/\/enlatitud25.com\/news\/wp-content\/uploads\/2023\/02\/pag1-bebe-abandono-ESI-768x480.jpg 768w, https:\/\/enlatitud25.com\/news\/wp-content\/uploads\/2023\/02\/pag1-bebe-abandono-ESI-380x238.jpg 380w\" sizes=\"(max-width: 800px) 100vw, 800px\" \/><\/figure>\n\n\n\n<p>&#8220;Adem\u00e1s, imag\u00ednate, me pon\u00eda en la situaci\u00f3n de la ni\u00f1a madre y de la mam\u00e1 de la ni\u00f1a madre que hoy es abuela. Esa ni\u00f1a no tuvo educaci\u00f3n sexual, esa ni\u00f1a no tuvo atenci\u00f3n prenatal y se fue a tener a su beb\u00e9 en un ba\u00f1o. El embarazo fue una de las cosas m\u00e1s hermosas y m\u00e1s duras de mi vida. Yo no me puedo imaginar un embarazo sin ayuda, sin contenci\u00f3n sin atenci\u00f3n prenatal&#8221;, considera. <\/p>\n\n\n\n<p>Finalmente, hace \u00e9nfasis en que &#8220;esto nos tiene que interpelar como sociedad&#8221;. Resalta que con la educaci\u00f3n integral de la sexualidad no se busca sexualizar a los ni\u00f1os, sino por el contrario,  darles informaci\u00f3n para que puedan cuidar su mente, cuerpo, su vida.<\/p>\n\n\n\n<p><strong>Nota relacionada: <a href=\"https:\/\/enlatitud25.com\/news\/si-estas-al-tanto-de-un-caso-de-abuso-y-no-lo-denunciaste-sos-un-complice-mas\/\" target=\"_blank\" rel=\"noreferrer noopener\">Cambios de conducta y llanto frecuente: Algunas se\u00f1ales de alerta ante el abuso infantil<\/a><\/strong><\/p>\n","protected":false},"excerpt":{"rendered":"Luego del sonado caso de una beb\u00e9 que fue abandonada en un bald\u00edo d\u00edas atr\u00e1s, se reactiv\u00f3 el debate sobre la urgencia de prevenir abusos y embarazos no deseados, sobre todo de menores de 18 a\u00f1os. La madre de la beb\u00e9 es una adolescente de 15 a\u00f1os, y la abuela, una joven de 34. Especialistas alertan sobre los terribles efectos que podr\u00edan llegar a afectar a ni\u00f1os, ni\u00f1as y adolescentes, si persiste la resistencia a la Educaci\u00f3n Integral de la Sexualidad.\n","protected":false},"author":1,"featured_media":13591,"comment_status":"closed","ping_status":"closed","sticky":false,"template":"","format":"standard","meta":[],"categories":[1],"tags":[97,645,59],"ubicacion":[18],"yoast_head":"<!-- This site is optimized with the Yoast SEO plugin v20.8 - https:\/\/yoast.com\/wordpress\/plugins\/seo\/ -->\n<title>Beb\u00e9 hallada en un bald\u00edo: \u00bfC\u00f3mo se vincula con la falta de Educaci\u00f3n Sexual? &ndash; Latitud25<\/title>\n<meta name=\"description\" content=\"Hablamos de por qu\u00e9, sin educaci\u00f3n integral de la sexualidad, los ni\u00f1os, ni\u00f1as y adolescentes est\u00e1n en constante peligro.\" \/>\n<meta name=\"robots\" content=\"index, follow, max-snippet:-1, max-image-preview:large, max-video-preview:-1\" \/>\n<link rel=\"canonical\" href=\"https:\/\/enlatitud25.com\/news\/bebe-hallada-en-un-baldio-como-se-vincula-con-la-falta-de-educacion-sexual\/\" \/>\n<meta property=\"og:locale\" content=\"es_ES\" \/>\n<meta property=\"og:type\" content=\"article\" \/>\n<meta property=\"og:title\" content=\"Beb\u00e9 hallada en un bald\u00edo: \u00bfC\u00f3mo se vincula con la falta de Educaci\u00f3n Sexual? &ndash; Latitud25\" \/>\n<meta property=\"og:description\" content=\"Hablamos de por qu\u00e9, sin educaci\u00f3n integral de la sexualidad, los ni\u00f1os, ni\u00f1as y adolescentes est\u00e1n en constante peligro.\" \/>\n<meta property=\"og:url\" content=\"https:\/\/enlatitud25.com\/news\/bebe-hallada-en-un-baldio-como-se-vincula-con-la-falta-de-educacion-sexual\/\" \/>\n<meta property=\"og:site_name\" content=\"Latitud25\" \/>\n<meta property=\"article:publisher\" content=\"https:\/\/www.facebook.com\/EnLatitud25\" \/>\n<meta property=\"article:author\" content=\"https:\/\/www.facebook.com\/EnLatitud25\" \/>\n<meta property=\"article:published_time\" content=\"2023-02-24T20:23:41+00:00\" \/>\n<meta property=\"article:modified_time\" content=\"2023-02-24T22:12:38+00:00\" \/>\n<meta property=\"og:image\" content=\"https:\/\/enlatitud25.com\/news\/wp-content\/uploads\/2023\/02\/Pag0-bebe-abandono-baldi\u0301o.jpg\" \/>\n\t<meta property=\"og:image:width\" content=\"800\" \/>\n\t<meta property=\"og:image:height\" content=\"500\" \/>\n\t<meta property=\"og:image:type\" content=\"image\/jpeg\" \/>\n<meta name=\"author\" content=\"Latitud 25\" \/>\n<meta name=\"twitter:card\" content=\"summary_large_image\" \/>\n<meta name=\"twitter:creator\" content=\"@EnLatitud25\" \/>\n<meta name=\"twitter:site\" content=\"@EnLatitud25\" \/>\n<meta name=\"twitter:label1\" content=\"Escrito por\" \/>\n\t<meta name=\"twitter:data1\" content=\"Latitud 25\" \/>\n\t<meta name=\"twitter:label2\" content=\"Tiempo de lectura\" \/>\n\t<meta name=\"twitter:data2\" content=\"7 minutos\" \/>\n<script type=\"application\/ld+json\" class=\"yoast-schema-graph\">{\"@context\":\"https:\/\/schema.org\",\"@graph\":[{\"@type\":\"Article\",\"@id\":\"https:\/\/enlatitud25.com\/news\/bebe-hallada-en-un-baldio-como-se-vincula-con-la-falta-de-educacion-sexual\/#article\",\"isPartOf\":{\"@id\":\"https:\/\/enlatitud25.com\/news\/bebe-hallada-en-un-baldio-como-se-vincula-con-la-falta-de-educacion-sexual\/\"},\"author\":{\"name\":\"Latitud 25\",\"@id\":\"https:\/\/enlatitud25.com\/news\/#\/schema\/person\/23aafe968917005a721b8eb760f2586e\"},\"headline\":\"Beb\u00e9 hallada en un bald\u00edo: \u00bfC\u00f3mo se vincula con la falta de Educaci\u00f3n Sexual?\",\"datePublished\":\"2023-02-24T20:23:41+00:00\",\"dateModified\":\"2023-02-24T22:12:38+00:00\",\"mainEntityOfPage\":{\"@id\":\"https:\/\/enlatitud25.com\/news\/bebe-hallada-en-un-baldio-como-se-vincula-con-la-falta-de-educacion-sexual\/\"},\"wordCount\":1298,\"publisher\":{\"@id\":\"https:\/\/enlatitud25.com\/news\/#organization\"},\"keywords\":[\"Educaci\u00f3n\",\"educaci\u00f3n sexual\",\"paraguay\"],\"inLanguage\":\"es\"},{\"@type\":\"WebPage\",\"@id\":\"https:\/\/enlatitud25.com\/news\/bebe-hallada-en-un-baldio-como-se-vincula-con-la-falta-de-educacion-sexual\/\",\"url\":\"https:\/\/enlatitud25.com\/news\/bebe-hallada-en-un-baldio-como-se-vincula-con-la-falta-de-educacion-sexual\/\",\"name\":\"Beb\u00e9 hallada en un bald\u00edo: \u00bfC\u00f3mo se vincula con la falta de Educaci\u00f3n Sexual? &ndash; Latitud25\",\"isPartOf\":{\"@id\":\"https:\/\/enlatitud25.com\/news\/#website\"},\"datePublished\":\"2023-02-24T20:23:41+00:00\",\"dateModified\":\"2023-02-24T22:12:38+00:00\",\"description\":\"Hablamos de por qu\u00e9, sin educaci\u00f3n integral de la sexualidad, los ni\u00f1os, ni\u00f1as y adolescentes est\u00e1n en constante peligro.\",\"breadcrumb\":{\"@id\":\"https:\/\/enlatitud25.com\/news\/bebe-hallada-en-un-baldio-como-se-vincula-con-la-falta-de-educacion-sexual\/#breadcrumb\"},\"inLanguage\":\"es\",\"potentialAction\":[{\"@type\":\"ReadAction\",\"target\":[\"https:\/\/enlatitud25.com\/news\/bebe-hallada-en-un-baldio-como-se-vincula-con-la-falta-de-educacion-sexual\/\"]}]},{\"@type\":\"BreadcrumbList\",\"@id\":\"https:\/\/enlatitud25.com\/news\/bebe-hallada-en-un-baldio-como-se-vincula-con-la-falta-de-educacion-sexual\/#breadcrumb\",\"itemListElement\":[{\"@type\":\"ListItem\",\"position\":1,\"name\":\"Home\",\"item\":\"https:\/\/enlatitud25.com\/news\/\"},{\"@type\":\"ListItem\",\"position\":2,\"name\":\"Beb\u00e9 hallada en un bald\u00edo: \u00bfC\u00f3mo se vincula con la falta de Educaci\u00f3n Sexual?\"}]},{\"@type\":\"WebSite\",\"@id\":\"https:\/\/enlatitud25.com\/news\/#website\",\"url\":\"https:\/\/enlatitud25.com\/news\/\",\"name\":\"Latitud25\",\"description\":\"news\",\"publisher\":{\"@id\":\"https:\/\/enlatitud25.com\/news\/#organization\"},\"potentialAction\":[{\"@type\":\"SearchAction\",\"target\":{\"@type\":\"EntryPoint\",\"urlTemplate\":\"https:\/\/enlatitud25.com\/news\/?s={search_term_string}\"},\"query-input\":\"required name=search_term_string\"}],\"inLanguage\":\"es\"},{\"@type\":\"Organization\",\"@id\":\"https:\/\/enlatitud25.com\/news\/#organization\",\"name\":\"Latitud 25 - News\",\"url\":\"https:\/\/enlatitud25.com\/news\/\",\"logo\":{\"@type\":\"ImageObject\",\"inLanguage\":\"es\",\"@id\":\"https:\/\/enlatitud25.com\/news\/#\/schema\/logo\/image\/\",\"url\":\"https:\/\/enlatitud25.com\/news\/wp-content\/uploads\/2020\/11\/logo_latitud.png\",\"contentUrl\":\"https:\/\/enlatitud25.com\/news\/wp-content\/uploads\/2020\/11\/logo_latitud.png\",\"width\":235,\"height\":39,\"caption\":\"Latitud 25 - News\"},\"image\":{\"@id\":\"https:\/\/enlatitud25.com\/news\/#\/schema\/logo\/image\/\"},\"sameAs\":[\"https:\/\/www.facebook.com\/EnLatitud25\",\"https:\/\/twitter.com\/EnLatitud25\",\"https:\/\/www.instagram.com\/enlatitud25\/\",\"https:\/\/www.youtube.com\/user\/desdelatitud25\"]},{\"@type\":\"Person\",\"@id\":\"https:\/\/enlatitud25.com\/news\/#\/schema\/person\/23aafe968917005a721b8eb760f2586e\",\"name\":\"Latitud 25\",\"sameAs\":[\"https:\/\/enlatitud25.com\/news\",\"https:\/\/www.facebook.com\/EnLatitud25\",\"https:\/\/www.instagram.com\/enlatitud25\",\"https:\/\/www.youtube.com\/user\/desdelatitud25\",\"https:\/\/soundcloud.com\/enlatitud25\"],\"url\":\"https:\/\/enlatitud25.com\/news\/author\/nnews-uss00\/\"}]}<\/script>\n<!-- \/ Yoast SEO plugin. -->","yoast_head_json":{"title":"Beb\u00e9 hallada en un bald\u00edo: \u00bfC\u00f3mo se vincula con la falta de Educaci\u00f3n Sexual? &ndash; Latitud25","description":"Hablamos de por qu\u00e9, sin educaci\u00f3n integral de la sexualidad, los ni\u00f1os, ni\u00f1as y adolescentes est\u00e1n en constante peligro.","robots":{"index":"index","follow":"follow","max-snippet":"max-snippet:-1","max-image-preview":"max-image-preview:large","max-video-preview":"max-video-preview:-1"},"canonical":"https:\/\/enlatitud25.com\/news\/bebe-hallada-en-un-baldio-como-se-vincula-con-la-falta-de-educacion-sexual\/","og_locale":"es_ES","og_type":"article","og_title":"Beb\u00e9 hallada en un bald\u00edo: \u00bfC\u00f3mo se vincula con la falta de Educaci\u00f3n Sexual? &ndash; Latitud25","og_description":"Hablamos de por qu\u00e9, sin educaci\u00f3n integral de la sexualidad, los ni\u00f1os, ni\u00f1as y adolescentes est\u00e1n en constante peligro.","og_url":"https:\/\/enlatitud25.com\/news\/bebe-hallada-en-un-baldio-como-se-vincula-con-la-falta-de-educacion-sexual\/","og_site_name":"Latitud25","article_publisher":"https:\/\/www.facebook.com\/EnLatitud25","article_author":"https:\/\/www.facebook.com\/EnLatitud25","article_published_time":"2023-02-24T20:23:41+00:00","article_modified_time":"2023-02-24T22:12:38+00:00","og_image":[{"width":800,"height":500,"url":"https:\/\/enlatitud25.com\/news\/wp-content\/uploads\/2023\/02\/Pag0-bebe-abandono-baldi\u0301o.jpg","type":"image\/jpeg"}],"author":"Latitud 25","twitter_card":"summary_large_image","twitter_creator":"@EnLatitud25","twitter_site":"@EnLatitud25","twitter_misc":{"Escrito por":"Latitud 25","Tiempo de lectura":"7 minutos"},"schema":{"@context":"https:\/\/schema.org","@graph":[{"@type":"Article","@id":"https:\/\/enlatitud25.com\/news\/bebe-hallada-en-un-baldio-como-se-vincula-con-la-falta-de-educacion-sexual\/#article","isPartOf":{"@id":"https:\/\/enlatitud25.com\/news\/bebe-hallada-en-un-baldio-como-se-vincula-con-la-falta-de-educacion-sexual\/"},"author":{"name":"Latitud 25","@id":"https:\/\/enlatitud25.com\/news\/#\/schema\/person\/23aafe968917005a721b8eb760f2586e"},"headline":"Beb\u00e9 hallada en un bald\u00edo: \u00bfC\u00f3mo se vincula con la falta de Educaci\u00f3n Sexual?","datePublished":"2023-02-24T20:23:41+00:00","dateModified":"2023-02-24T22:12:38+00:00","mainEntityOfPage":{"@id":"https:\/\/enlatitud25.com\/news\/bebe-hallada-en-un-baldio-como-se-vincula-con-la-falta-de-educacion-sexual\/"},"wordCount":1298,"publisher":{"@id":"https:\/\/enlatitud25.com\/news\/#organization"},"keywords":["Educaci\u00f3n","educaci\u00f3n sexual","paraguay"],"inLanguage":"es"},{"@type":"WebPage","@id":"https:\/\/enlatitud25.com\/news\/bebe-hallada-en-un-baldio-como-se-vincula-con-la-falta-de-educacion-sexual\/","url":"https:\/\/enlatitud25.com\/news\/bebe-hallada-en-un-baldio-como-se-vincula-con-la-falta-de-educacion-sexual\/","name":"Beb\u00e9 hallada en un bald\u00edo: \u00bfC\u00f3mo se vincula con la falta de Educaci\u00f3n Sexual? &ndash; Latitud25","isPartOf":{"@id":"https:\/\/enlatitud25.com\/news\/#website"},"datePublished":"2023-02-24T20:23:41+00:00","dateModified":"2023-02-24T22:12:38+00:00","description":"Hablamos de por qu\u00e9, sin educaci\u00f3n integral de la sexualidad, los ni\u00f1os, ni\u00f1as y adolescentes est\u00e1n en constante peligro.","breadcrumb":{"@id":"https:\/\/enlatitud25.com\/news\/bebe-hallada-en-un-baldio-como-se-vincula-con-la-falta-de-educacion-sexual\/#breadcrumb"},"inLanguage":"es","potentialAction":[{"@type":"ReadAction","target":["https:\/\/enlatitud25.com\/news\/bebe-hallada-en-un-baldio-como-se-vincula-con-la-falta-de-educacion-sexual\/"]}]},{"@type":"BreadcrumbList","@id":"https:\/\/enlatitud25.com\/news\/bebe-hallada-en-un-baldio-como-se-vincula-con-la-falta-de-educacion-sexual\/#breadcrumb","itemListElement":[{"@type":"ListItem","position":1,"name":"Home","item":"https:\/\/enlatitud25.com\/news\/"},{"@type":"ListItem","position":2,"name":"Beb\u00e9 hallada en un bald\u00edo: \u00bfC\u00f3mo se vincula con la falta de Educaci\u00f3n Sexual?"}]},{"@type":"WebSite","@id":"https:\/\/enlatitud25.com\/news\/#website","url":"https:\/\/enlatitud25.com\/news\/","name":"Latitud25","description":"news","publisher":{"@id":"https:\/\/enlatitud25.com\/news\/#organization"},"potentialAction":[{"@type":"SearchAction","target":{"@type":"EntryPoint","urlTemplate":"https:\/\/enlatitud25.com\/news\/?s={search_term_string}"},"query-input":"required name=search_term_string"}],"inLanguage":"es"},{"@type":"Organization","@id":"https:\/\/enlatitud25.com\/news\/#organization","name":"Latitud 25 - News","url":"https:\/\/enlatitud25.com\/news\/","logo":{"@type":"ImageObject","inLanguage":"es","@id":"https:\/\/enlatitud25.com\/news\/#\/schema\/logo\/image\/","url":"https:\/\/enlatitud25.com\/news\/wp-content\/uploads\/2020\/11\/logo_latitud.png","contentUrl":"https:\/\/enlatitud25.com\/news\/wp-content\/uploads\/2020\/11\/logo_latitud.png","width":235,"height":39,"caption":"Latitud 25 - News"},"image":{"@id":"https:\/\/enlatitud25.com\/news\/#\/schema\/logo\/image\/"},"sameAs":["https:\/\/www.facebook.com\/EnLatitud25","https:\/\/twitter.com\/EnLatitud25","https:\/\/www.instagram.com\/enlatitud25\/","https:\/\/www.youtube.com\/user\/desdelatitud25"]},{"@type":"Person","@id":"https:\/\/enlatitud25.com\/news\/#\/schema\/person\/23aafe968917005a721b8eb760f2586e","name":"Latitud 25","sameAs":["https:\/\/enlatitud25.com\/news","https:\/\/www.facebook.com\/EnLatitud25","https:\/\/www.instagram.com\/enlatitud25","https:\/\/www.youtube.com\/user\/desdelatitud25","https:\/\/soundcloud.com\/enlatitud25"],"url":"https:\/\/enlatitud25.com\/news\/author\/nnews-uss00\/"}]}},"_links":{"self":[{"href":"https:\/\/enlatitud25.com\/news\/wp-json\/wp\/v2\/posts\/13570"}],"collection":[{"href":"https:\/\/enlatitud25.com\/news\/wp-json\/wp\/v2\/posts"}],"about":[{"href":"https:\/\/enlatitud25.com\/news\/wp-json\/wp\/v2\/types\/post"}],"author":[{"embeddable":true,"href":"https:\/\/enlatitud25.com\/news\/wp-json\/wp\/v2\/users\/1"}],"replies":[{"embeddable":true,"href":"https:\/\/enlatitud25.com\/news\/wp-json\/wp\/v2\/comments?post=13570"}],"version-history":[{"count":24,"href":"https:\/\/enlatitud25.com\/news\/wp-json\/wp\/v2\/posts\/13570\/revisions"}],"predecessor-version":[{"id":13628,"href":"https:\/\/enlatitud25.com\/news\/wp-json\/wp\/v2\/posts\/13570\/revisions\/13628"}],"wp:featuredmedia":[{"embeddable":true,"href":"https:\/\/enlatitud25.com\/news\/wp-json\/wp\/v2\/media\/13591"}],"wp:attachment":[{"href":"https:\/\/enlatitud25.com\/news\/wp-json\/wp\/v2\/media?parent=13570"}],"wp:term":[{"taxonomy":"category","embeddable":true,"href":"https:\/\/enlatitud25.com\/news\/wp-json\/wp\/v2\/categories?post=13570"},{"taxonomy":"post_tag","embeddable":true,"href":"https:\/\/enlatitud25.com\/news\/wp-json\/wp\/v2\/tags?post=13570"},{"taxonomy":"ubicacion","embeddable":true,"href":"https:\/\/enlatitud25.com\/news\/wp-json\/wp\/v2\/ubicacion?post=13570"}],"curies":[{"name":"wp","href":"https:\/\/api.w.org\/{rel}","templated":true}]}}