{"id":13524,"date":"2023-02-23T20:29:24","date_gmt":"2023-02-23T20:29:24","guid":{"rendered":"https:\/\/enlatitud25.com\/news\/?p=13524"},"modified":"2023-02-23T20:29:26","modified_gmt":"2023-02-23T20:29:26","slug":"la-primera-cosecha-publica-de-marihuana-fue-historica-y-te-contamos-por-que","status":"publish","type":"post","link":"https:\/\/enlatitud25.com\/news\/la-primera-cosecha-publica-de-marihuana-fue-historica-y-te-contamos-por-que\/","title":{"rendered":"La primera cosecha p\u00fablica de marihuana fue hist\u00f3rica, y te contamos por qu\u00e9"},"content":{"rendered":"\n<p>Ag\u00fcerito, una comunidad rural del departamento de San Pedro, fue el escenario de la primera cosecha p\u00fablica de marihuana realizada en Paraguay. Agricultores y visitantes fueron testigos de esta hist\u00f3rica actividad, que busca iniciar una conversaci\u00f3n social sobre la desestigmatizaci\u00f3n de la producci\u00f3n de esta planta. Adem\u00e1s pretende incentivar la formalizaci\u00f3n de un negocio que genera millones de d\u00f3lares.<\/p>\n\n\n\n<p>El evento se llev\u00f3 a cabo el 19 de febrero de 2023 y fue organizado por la Cooperativa Paraguaya de Cannabis. La presencia de invitados de diferentes sectores y periodistas, respond\u00eda a la necesidad de posicionar el tema. En ese sentido, logr\u00f3 acercar esta planta a personas que quiz\u00e1 nunca la hab\u00edan visto antes, adem\u00e1s de hacerles conocer sus m\u00e9todos de cultivo y cosecha.<\/p>\n\n\n\n<p>La jornada tuvo adem\u00e1s otros atractivos como cursos, talleres y una asamblea p\u00fablica. Disert\u00f3 el Dr. Hern\u00e1n Codas, miembro de la Sociedad Cient\u00edfica del Paraguay. Estuvo tambi\u00e9n presente el Dr. Jorge Rol\u00f3n Luna, especialista en Derecho Constitucional y Asesor del proyecto de ley, que se encuentra en el Congreso Nacional. La iniciativa busca la descriminalizaci\u00f3n del cannabis.<\/p>\n\n\n\n<figure class=\"wp-block-image size-full\"><img decoding=\"async\" loading=\"lazy\" width=\"800\" height=\"500\" src=\"https:\/\/enlatitud25.com\/news\/wp-content\/uploads\/2023\/02\/Pag4-plantacion-pu\u0301blica-marihuana.jpg\" alt=\"\" class=\"wp-image-13535\" srcset=\"https:\/\/enlatitud25.com\/news\/wp-content\/uploads\/2023\/02\/Pag4-plantacion-pu\u0301blica-marihuana.jpg 800w, https:\/\/enlatitud25.com\/news\/wp-content\/uploads\/2023\/02\/Pag4-plantacion-pu\u0301blica-marihuana-300x188.jpg 300w, https:\/\/enlatitud25.com\/news\/wp-content\/uploads\/2023\/02\/Pag4-plantacion-pu\u0301blica-marihuana-768x480.jpg 768w, https:\/\/enlatitud25.com\/news\/wp-content\/uploads\/2023\/02\/Pag4-plantacion-pu\u0301blica-marihuana-380x238.jpg 380w\" sizes=\"(max-width: 800px) 100vw, 800px\" \/><\/figure>\n\n\n\n<p><strong>Le\u00e9 la nota completa: <a href=\"https:\/\/enlatitud25.com\/news\/la-marihuana-legal-podria-generar-turismo-canabico-y-capital-externo\/\" target=\"_blank\" rel=\"noreferrer noopener\">La marihuana legal podr\u00eda generar turismo can\u00e1bico y cap<\/a>ital externo<\/strong><\/p>\n\n\n\n<h4 id=\"por-que-fue-historico\" class=\"wp-block-heading\">\u00bfPor qu\u00e9 fue hist\u00f3rico?<\/h4>\n\n\n\n<p>El presidente de la C\u00e1mara Paraguaya de Cannabis Industrial , <strong>Juan Carlos Fischer,<\/strong> responde a Latitud25, que este hecho fue hist\u00f3rico, literalmente, porque nadie termin\u00f3 preso, luego de una cosecha de marihuana.<\/p>\n\n\n\n<p>&#8220;Eso es lo hist\u00f3rico, el cannabis se conoce en el pa\u00eds hace mucho tiempo. Se conocen miles de hect\u00e1reas, la menci\u00f3n de que fue hist\u00f3rico es que fue p\u00fablico y nadie fue preso. Porque estaba toda la Polic\u00eda y la Senad (Secretar\u00eda Nacional Antidrogas) ah\u00ed y no pas\u00f3 nada. Fueron centenares de personas e inclusive autoridades. De ah\u00ed hablan que fue un hecho hist\u00f3rico&#8221;, apunta. <\/p>\n\n\n\n<p>Agrega que adem\u00e1s de la Polic\u00eda y la Senad, participaron diputados, senadores y muchos integrantes de la comunidad urbana y rural.<\/p>\n\n\n\n<p>&#8220;Si miramos la ley 1340; una planta, preso. Sin embargo, se demostr\u00f3 que se est\u00e1 hablando de una planta, que lejos de hacer mal, es muy beneficiosa. Se hace de forma militante, forzando la ley, la reglamentaci\u00f3n y forzando a las autoridades a que regularicen la situaci\u00f3n&#8221;, enfatiza.<\/p>\n\n\n\n<p>Por su parte, el especialista en derecho,<strong> Jorge Rol\u00f3n Luna<\/strong>, refiere que normalmente se considera un hecho hist\u00f3rico a un evento que marca un antes y un despu\u00e9s. Se\u00f1ala que el Estado ha criminalizado desde hace d\u00e9cadas el uso y producci\u00f3n de la marihuana, mientras que en este caso se ven dos aspectos resaltantes. <\/p>\n\n\n\n<figure class=\"wp-block-image size-full\"><img decoding=\"async\" loading=\"lazy\" width=\"800\" height=\"500\" src=\"https:\/\/enlatitud25.com\/news\/wp-content\/uploads\/2023\/02\/Pag1-plantacion-pu\u0301blica-marihuana.jpg\" alt=\"\" class=\"wp-image-13536\" srcset=\"https:\/\/enlatitud25.com\/news\/wp-content\/uploads\/2023\/02\/Pag1-plantacion-pu\u0301blica-marihuana.jpg 800w, https:\/\/enlatitud25.com\/news\/wp-content\/uploads\/2023\/02\/Pag1-plantacion-pu\u0301blica-marihuana-300x188.jpg 300w, https:\/\/enlatitud25.com\/news\/wp-content\/uploads\/2023\/02\/Pag1-plantacion-pu\u0301blica-marihuana-768x480.jpg 768w, https:\/\/enlatitud25.com\/news\/wp-content\/uploads\/2023\/02\/Pag1-plantacion-pu\u0301blica-marihuana-380x238.jpg 380w\" sizes=\"(max-width: 800px) 100vw, 800px\" \/><\/figure>\n\n\n\n<p>En primer lugar, la manera p\u00fablica en que esto se llev\u00f3 a cabo. &#8220;Por primera vez se hace esto p\u00fablicamente, algo que siempre fue clandestino&#8221;, subraya. <\/p>\n\n\n\n<p>Como segundo punto, menciona que el Estado pudo ver la diferencia entre: por un lado, las personas que plantan el cannabis, para hacer aceites, ung\u00fcentos, de manera comunitaria. Por otra parte, quienes solo buscan sacar un lucro, recurren a la violencia y las organizaciones criminales. <\/p>\n\n\n\n<p>&#8220;En esta ocasi\u00f3n las personas que participaron de esa primera cosecha p\u00fablica de marihuana estuvieron blindadas, por varias razones. Una, lo que viene pasando en el mundo, que se va liberando esto, se va despenalizando. Dos, que esto fue anunciado p\u00fablicamente y adem\u00e1s de eso, adem\u00e1s de no tener un tinte clandestino, tuvo un gran apoyo societario&#8221;, subraya.<\/p>\n\n\n\n<p>Asimismo, el periodista <strong>Leo Rub\u00edn<\/strong>, en contacto con RadioCast25, resalta que el evento fue muy did\u00e1ctico. Explica, entre otras cosas, que actividades como estas visibilizan la falta de aplicaci\u00f3n de leyes, por ausencia del propio Estado. <\/p>\n\n\n\n<p>Recuerda, por ejemplo, la existencia de la <a href=\"https:\/\/www.mspbs.gov.py\/dependencias\/dnvs\/adjunto\/0d73a7-LeyN6007.18PROINCUMEC.PDF\">Ley N\u00b0 6007<\/a>, que &#8220;Crea El Programa Nacional Para El Estudio y la Investigaci\u00f3n M\u00e9dica y Cient\u00edfica del Uso Medicinal de la Planta de Cannabis y sus Derivados&#8221;. Esta ley si bien signific\u00f3 un hecho notable en el abordaje de la producci\u00f3n de cannabis, no registr\u00f3 mayores avances hasta la fecha.<\/p>\n\n\n\n<figure class=\"wp-block-image size-full\"><img decoding=\"async\" loading=\"lazy\" width=\"800\" height=\"500\" src=\"https:\/\/enlatitud25.com\/news\/wp-content\/uploads\/2023\/02\/Pag3-plantacion-pu\u0301blica-marihuana-1.jpg\" alt=\"\" class=\"wp-image-13534\" srcset=\"https:\/\/enlatitud25.com\/news\/wp-content\/uploads\/2023\/02\/Pag3-plantacion-pu\u0301blica-marihuana-1.jpg 800w, https:\/\/enlatitud25.com\/news\/wp-content\/uploads\/2023\/02\/Pag3-plantacion-pu\u0301blica-marihuana-1-300x188.jpg 300w, https:\/\/enlatitud25.com\/news\/wp-content\/uploads\/2023\/02\/Pag3-plantacion-pu\u0301blica-marihuana-1-768x480.jpg 768w, https:\/\/enlatitud25.com\/news\/wp-content\/uploads\/2023\/02\/Pag3-plantacion-pu\u0301blica-marihuana-1-380x238.jpg 380w\" sizes=\"(max-width: 800px) 100vw, 800px\" \/><\/figure>\n\n\n\n<p>&#8220;La ley que se sancion\u00f3 dice que el aceite de cannabis debe estar disponible gratuitamente para los enfermos y esa ley est\u00e1 parada hace cuatro a\u00f1os, no se les da ni una gota. Mientras tanto, Juan Carlos Cabezudo (activista por la liberaci\u00f3n del cannabis) y todo su equipo, van a regalar a 200 personas que tienen problemas de salud&#8221;, ejemplifica.<\/p>\n\n\n\n<h4 id=\"impulsar-que-el-estado-cumpla-leyes-y-se-involucre-en-el-proceso\" class=\"wp-block-heading\">Impulsar que el Estado cumpla leyes y se involucre en el proceso<\/h4>\n\n\n\n<p>Los organizadores de la cosecha p\u00fablica, entre ellos el propio Cabezudo, integrante de la Cooperativa Paraguaya de Cannabis y directivo de&nbsp;Granja Madre, realiz\u00f3 una &#8220;autodenuncia p\u00fablica&#8221; remitida a la Fiscal\u00eda. <\/p>\n\n\n\n<p>Este documento tuvo por objeto comunicar la actividad, la intenci\u00f3n con la que se realiza. Adem\u00e1s cita las leyes aprobadas en el territorio nacional con respecto al cannabis, el incumplimiento de aspectos se\u00f1alados en dichas normativas. Asimismo habla del proyecto de ley ya en estudio en el Congreso para descriminalizar la producci\u00f3n y uso del cannabis.<\/p>\n\n\n\n<p>En la parte final del extenso documento, la Cooperativa Paraguaya de Cannabis recalca la importancia de esta actividad y los objetivos de la organizaci\u00f3n:<\/p>\n\n\n\n<ul><li>Equipar un laboratorio p\u00fablico para la venta gratuita de extracciones id\u00f3neas, fuera de la industria farmac\u00e9utica. <\/li><\/ul>\n\n\n\n<ul><li>Descentralizar el desarrollo de cultivos, priorizando a la agricultura familiar campesina.<\/li><\/ul>\n\n\n\n<ul><li>Socializar este proceso para comunicar a la ciudadan\u00eda sobre los beneficios del aceite de cannabis.<\/li><\/ul>\n\n\n\n<ul><li>Pretende uniformar la interpretaci\u00f3n del Ministerio P\u00fablico respecto al nuevo escenario jur\u00eddico del cannabis, acorde a nuestra realidad y promover la cultura familiar campesina.<\/li><\/ul>\n\n\n\n<ul><li>Convocar a las autoridades competentes a audiencias p\u00fablicas para promover la investigaci\u00f3n cient\u00edfica, la transparencia y apertura para normas que permitan la diversificaci\u00f3n de los productos del cannabis.<\/li><\/ul>\n\n\n\n<p><\/p>\n\n\n\n<figure class=\"wp-block-image size-full\"><img decoding=\"async\" loading=\"lazy\" width=\"800\" height=\"500\" src=\"https:\/\/enlatitud25.com\/news\/wp-content\/uploads\/2023\/02\/Pag5-plantacion-pu\u0301blica-marihuana.jpg\" alt=\"\" class=\"wp-image-13531\" srcset=\"https:\/\/enlatitud25.com\/news\/wp-content\/uploads\/2023\/02\/Pag5-plantacion-pu\u0301blica-marihuana.jpg 800w, https:\/\/enlatitud25.com\/news\/wp-content\/uploads\/2023\/02\/Pag5-plantacion-pu\u0301blica-marihuana-300x188.jpg 300w, https:\/\/enlatitud25.com\/news\/wp-content\/uploads\/2023\/02\/Pag5-plantacion-pu\u0301blica-marihuana-768x480.jpg 768w, https:\/\/enlatitud25.com\/news\/wp-content\/uploads\/2023\/02\/Pag5-plantacion-pu\u0301blica-marihuana-380x238.jpg 380w\" sizes=\"(max-width: 800px) 100vw, 800px\" \/><\/figure>\n\n\n\n<h4 id=\"proyecto-se-debe-aprobar-en-la-brevedad-posible\" class=\"wp-block-heading\">Proyecto se debe aprobar en la brevedad posible<\/h4>\n\n\n\n<p>Leo Rub\u00edn recuerda que la iniciativa que se encuentra en el Parlamento busca establecer un instituto y sacar al cannabis del \u00e1mbito de Senad y del C\u00f3digo Penal. <\/p>\n\n\n\n<p>&#8220;El proyecto es para no tratarle a la gente como traficante. La ley actual dice que pod\u00e9s tener 10 gramos de marihuana, pero si ten\u00e9s 12, es decir, un poco m\u00e1s, sos tratado igual que un narco&#8221;, comenta.<\/p>\n\n\n\n<p>Por otra parte, <strong>Juan Carlos Fischer<\/strong>, recuerda que la despenalizaci\u00f3n del cannabis puede traer grandes ventajas a productores, comerciantes e industrias a nivel econ\u00f3mico.<\/p>\n\n\n\n<figure class=\"wp-block-image size-full\"><img decoding=\"async\" loading=\"lazy\" width=\"800\" height=\"500\" src=\"https:\/\/enlatitud25.com\/news\/wp-content\/uploads\/2023\/02\/Pag2-plantacion-pu\u0301blica-marihuana-1.jpg\" alt=\"\" class=\"wp-image-13552\" srcset=\"https:\/\/enlatitud25.com\/news\/wp-content\/uploads\/2023\/02\/Pag2-plantacion-pu\u0301blica-marihuana-1.jpg 800w, https:\/\/enlatitud25.com\/news\/wp-content\/uploads\/2023\/02\/Pag2-plantacion-pu\u0301blica-marihuana-1-300x188.jpg 300w, https:\/\/enlatitud25.com\/news\/wp-content\/uploads\/2023\/02\/Pag2-plantacion-pu\u0301blica-marihuana-1-768x480.jpg 768w, https:\/\/enlatitud25.com\/news\/wp-content\/uploads\/2023\/02\/Pag2-plantacion-pu\u0301blica-marihuana-1-380x238.jpg 380w\" sizes=\"(max-width: 800px) 100vw, 800px\" \/><\/figure>\n\n\n\n<p>&#8220;Es muy beneficioso que los senadores y diputados lo aprueben en la brevedad. Porque se est\u00e1 gestando un monstruo en Brasil, uno gigante, que una vez que ellos legalicen todo y empiecen a comercializar antes (el cannabis), no s\u00e9 a qui\u00e9n le vamos a vender nosotros nuestro producto&#8221;, indica. <\/p>\n\n\n\n<p>Jorge Rol\u00f3n Luna, dice finalmente que habr\u00e1 m\u00e1s actividades similares a la cosecha p\u00fablica, para buscar que el Congreso avance en el estudio del proyecto de ley presentado.<\/p>\n\n\n\n<p><\/p>\n","protected":false},"excerpt":{"rendered":"Por primera vez en Paraguay, se llev\u00f3 a cabo una cosecha p\u00fablica de marihuana. En el evento, participaron varias organizaciones, autoridades, adem\u00e1s de la presencia de agentes de la Senad y la Polic\u00eda. Preguntamos a referentes del tema, qu\u00e9 puertas se abren de ahora en m\u00e1s y por qu\u00e9 es tan significativo un hecho de estas caracter\u00edsticas, siendo Paraguay hace a\u00f1os, uno de los principales productores de marihuana de la regi\u00f3n.\n","protected":false},"author":1,"featured_media":13529,"comment_status":"closed","ping_status":"closed","sticky":false,"template":"","format":"standard","meta":[],"categories":[20],"tags":[1406,480,1405,976,59],"ubicacion":[17],"yoast_head":"<!-- This site is optimized with the Yoast SEO plugin v20.8 - https:\/\/yoast.com\/wordpress\/plugins\/seo\/ -->\n<title>La primera cosecha p\u00fablica de marihuana fue hist\u00f3rica, y te contamos por qu\u00e9 &ndash; Latitud25<\/title>\n<meta name=\"description\" content=\"Preguntamos a referentes del tema, por qu\u00e9 es hist\u00f3rica la cosecha p\u00fablica de marihuana y qu\u00e9 representa, adem\u00e1s de otras implicancias.\" \/>\n<meta name=\"robots\" content=\"index, follow, max-snippet:-1, max-image-preview:large, max-video-preview:-1\" \/>\n<link rel=\"canonical\" href=\"https:\/\/enlatitud25.com\/news\/la-primera-cosecha-publica-de-marihuana-fue-historica-y-te-contamos-por-que\/\" \/>\n<meta property=\"og:locale\" content=\"es_ES\" \/>\n<meta property=\"og:type\" content=\"article\" \/>\n<meta property=\"og:title\" content=\"La primera cosecha p\u00fablica de marihuana fue hist\u00f3rica, y te contamos por qu\u00e9 &ndash; Latitud25\" \/>\n<meta property=\"og:description\" content=\"Preguntamos a referentes del tema, por qu\u00e9 es hist\u00f3rica la cosecha p\u00fablica de marihuana y qu\u00e9 representa, adem\u00e1s de otras implicancias.\" \/>\n<meta property=\"og:url\" content=\"https:\/\/enlatitud25.com\/news\/la-primera-cosecha-publica-de-marihuana-fue-historica-y-te-contamos-por-que\/\" \/>\n<meta property=\"og:site_name\" content=\"Latitud25\" \/>\n<meta property=\"article:publisher\" content=\"https:\/\/www.facebook.com\/EnLatitud25\" \/>\n<meta property=\"article:author\" content=\"https:\/\/www.facebook.com\/EnLatitud25\" \/>\n<meta property=\"article:published_time\" content=\"2023-02-23T20:29:24+00:00\" \/>\n<meta property=\"article:modified_time\" content=\"2023-02-23T20:29:26+00:00\" \/>\n<meta property=\"og:image\" content=\"https:\/\/enlatitud25.com\/news\/wp-content\/uploads\/2023\/02\/Pag0-plantacion-pu\u0301blica-marihuana.jpg\" \/>\n\t<meta property=\"og:image:width\" content=\"800\" \/>\n\t<meta property=\"og:image:height\" content=\"500\" \/>\n\t<meta property=\"og:image:type\" content=\"image\/jpeg\" \/>\n<meta name=\"author\" content=\"Latitud 25\" \/>\n<meta name=\"twitter:card\" content=\"summary_large_image\" \/>\n<meta name=\"twitter:creator\" content=\"@EnLatitud25\" \/>\n<meta name=\"twitter:site\" content=\"@EnLatitud25\" \/>\n<meta name=\"twitter:label1\" content=\"Escrito por\" \/>\n\t<meta name=\"twitter:data1\" content=\"Latitud 25\" \/>\n\t<meta name=\"twitter:label2\" content=\"Tiempo de lectura\" \/>\n\t<meta name=\"twitter:data2\" content=\"7 minutos\" \/>\n<script type=\"application\/ld+json\" class=\"yoast-schema-graph\">{\"@context\":\"https:\/\/schema.org\",\"@graph\":[{\"@type\":\"Article\",\"@id\":\"https:\/\/enlatitud25.com\/news\/la-primera-cosecha-publica-de-marihuana-fue-historica-y-te-contamos-por-que\/#article\",\"isPartOf\":{\"@id\":\"https:\/\/enlatitud25.com\/news\/la-primera-cosecha-publica-de-marihuana-fue-historica-y-te-contamos-por-que\/\"},\"author\":{\"name\":\"Latitud 25\",\"@id\":\"https:\/\/enlatitud25.com\/news\/#\/schema\/person\/23aafe968917005a721b8eb760f2586e\"},\"headline\":\"La primera cosecha p\u00fablica de marihuana fue hist\u00f3rica, y te contamos por qu\u00e9\",\"datePublished\":\"2023-02-23T20:29:24+00:00\",\"dateModified\":\"2023-02-23T20:29:26+00:00\",\"mainEntityOfPage\":{\"@id\":\"https:\/\/enlatitud25.com\/news\/la-primera-cosecha-publica-de-marihuana-fue-historica-y-te-contamos-por-que\/\"},\"wordCount\":1192,\"publisher\":{\"@id\":\"https:\/\/enlatitud25.com\/news\/#organization\"},\"keywords\":[\"Ag\u00fcerito\",\"cannabis\",\"cosecha\",\"marihuana\",\"paraguay\"],\"articleSection\":[\"Salud\"],\"inLanguage\":\"es\"},{\"@type\":\"WebPage\",\"@id\":\"https:\/\/enlatitud25.com\/news\/la-primera-cosecha-publica-de-marihuana-fue-historica-y-te-contamos-por-que\/\",\"url\":\"https:\/\/enlatitud25.com\/news\/la-primera-cosecha-publica-de-marihuana-fue-historica-y-te-contamos-por-que\/\",\"name\":\"La primera cosecha p\u00fablica de marihuana fue hist\u00f3rica, y te contamos por qu\u00e9 &ndash; Latitud25\",\"isPartOf\":{\"@id\":\"https:\/\/enlatitud25.com\/news\/#website\"},\"datePublished\":\"2023-02-23T20:29:24+00:00\",\"dateModified\":\"2023-02-23T20:29:26+00:00\",\"description\":\"Preguntamos a referentes del tema, por qu\u00e9 es hist\u00f3rica la cosecha p\u00fablica de marihuana y qu\u00e9 representa, adem\u00e1s de otras implicancias.\",\"breadcrumb\":{\"@id\":\"https:\/\/enlatitud25.com\/news\/la-primera-cosecha-publica-de-marihuana-fue-historica-y-te-contamos-por-que\/#breadcrumb\"},\"inLanguage\":\"es\",\"potentialAction\":[{\"@type\":\"ReadAction\",\"target\":[\"https:\/\/enlatitud25.com\/news\/la-primera-cosecha-publica-de-marihuana-fue-historica-y-te-contamos-por-que\/\"]}]},{\"@type\":\"BreadcrumbList\",\"@id\":\"https:\/\/enlatitud25.com\/news\/la-primera-cosecha-publica-de-marihuana-fue-historica-y-te-contamos-por-que\/#breadcrumb\",\"itemListElement\":[{\"@type\":\"ListItem\",\"position\":1,\"name\":\"Home\",\"item\":\"https:\/\/enlatitud25.com\/news\/\"},{\"@type\":\"ListItem\",\"position\":2,\"name\":\"La primera cosecha p\u00fablica de marihuana fue hist\u00f3rica, y te contamos por qu\u00e9\"}]},{\"@type\":\"WebSite\",\"@id\":\"https:\/\/enlatitud25.com\/news\/#website\",\"url\":\"https:\/\/enlatitud25.com\/news\/\",\"name\":\"Latitud25\",\"description\":\"news\",\"publisher\":{\"@id\":\"https:\/\/enlatitud25.com\/news\/#organization\"},\"potentialAction\":[{\"@type\":\"SearchAction\",\"target\":{\"@type\":\"EntryPoint\",\"urlTemplate\":\"https:\/\/enlatitud25.com\/news\/?s={search_term_string}\"},\"query-input\":\"required name=search_term_string\"}],\"inLanguage\":\"es\"},{\"@type\":\"Organization\",\"@id\":\"https:\/\/enlatitud25.com\/news\/#organization\",\"name\":\"Latitud 25 - News\",\"url\":\"https:\/\/enlatitud25.com\/news\/\",\"logo\":{\"@type\":\"ImageObject\",\"inLanguage\":\"es\",\"@id\":\"https:\/\/enlatitud25.com\/news\/#\/schema\/logo\/image\/\",\"url\":\"https:\/\/enlatitud25.com\/news\/wp-content\/uploads\/2020\/11\/logo_latitud.png\",\"contentUrl\":\"https:\/\/enlatitud25.com\/news\/wp-content\/uploads\/2020\/11\/logo_latitud.png\",\"width\":235,\"height\":39,\"caption\":\"Latitud 25 - News\"},\"image\":{\"@id\":\"https:\/\/enlatitud25.com\/news\/#\/schema\/logo\/image\/\"},\"sameAs\":[\"https:\/\/www.facebook.com\/EnLatitud25\",\"https:\/\/twitter.com\/EnLatitud25\",\"https:\/\/www.instagram.com\/enlatitud25\/\",\"https:\/\/www.youtube.com\/user\/desdelatitud25\"]},{\"@type\":\"Person\",\"@id\":\"https:\/\/enlatitud25.com\/news\/#\/schema\/person\/23aafe968917005a721b8eb760f2586e\",\"name\":\"Latitud 25\",\"sameAs\":[\"https:\/\/enlatitud25.com\/news\",\"https:\/\/www.facebook.com\/EnLatitud25\",\"https:\/\/www.instagram.com\/enlatitud25\",\"https:\/\/www.youtube.com\/user\/desdelatitud25\",\"https:\/\/soundcloud.com\/enlatitud25\"],\"url\":\"https:\/\/enlatitud25.com\/news\/author\/nnews-uss00\/\"}]}<\/script>\n<!-- \/ Yoast SEO plugin. -->","yoast_head_json":{"title":"La primera cosecha p\u00fablica de marihuana fue hist\u00f3rica, y te contamos por qu\u00e9 &ndash; Latitud25","description":"Preguntamos a referentes del tema, por qu\u00e9 es hist\u00f3rica la cosecha p\u00fablica de marihuana y qu\u00e9 representa, adem\u00e1s de otras implicancias.","robots":{"index":"index","follow":"follow","max-snippet":"max-snippet:-1","max-image-preview":"max-image-preview:large","max-video-preview":"max-video-preview:-1"},"canonical":"https:\/\/enlatitud25.com\/news\/la-primera-cosecha-publica-de-marihuana-fue-historica-y-te-contamos-por-que\/","og_locale":"es_ES","og_type":"article","og_title":"La primera cosecha p\u00fablica de marihuana fue hist\u00f3rica, y te contamos por qu\u00e9 &ndash; Latitud25","og_description":"Preguntamos a referentes del tema, por qu\u00e9 es hist\u00f3rica la cosecha p\u00fablica de marihuana y qu\u00e9 representa, adem\u00e1s de otras implicancias.","og_url":"https:\/\/enlatitud25.com\/news\/la-primera-cosecha-publica-de-marihuana-fue-historica-y-te-contamos-por-que\/","og_site_name":"Latitud25","article_publisher":"https:\/\/www.facebook.com\/EnLatitud25","article_author":"https:\/\/www.facebook.com\/EnLatitud25","article_published_time":"2023-02-23T20:29:24+00:00","article_modified_time":"2023-02-23T20:29:26+00:00","og_image":[{"width":800,"height":500,"url":"https:\/\/enlatitud25.com\/news\/wp-content\/uploads\/2023\/02\/Pag0-plantacion-pu\u0301blica-marihuana.jpg","type":"image\/jpeg"}],"author":"Latitud 25","twitter_card":"summary_large_image","twitter_creator":"@EnLatitud25","twitter_site":"@EnLatitud25","twitter_misc":{"Escrito por":"Latitud 25","Tiempo de lectura":"7 minutos"},"schema":{"@context":"https:\/\/schema.org","@graph":[{"@type":"Article","@id":"https:\/\/enlatitud25.com\/news\/la-primera-cosecha-publica-de-marihuana-fue-historica-y-te-contamos-por-que\/#article","isPartOf":{"@id":"https:\/\/enlatitud25.com\/news\/la-primera-cosecha-publica-de-marihuana-fue-historica-y-te-contamos-por-que\/"},"author":{"name":"Latitud 25","@id":"https:\/\/enlatitud25.com\/news\/#\/schema\/person\/23aafe968917005a721b8eb760f2586e"},"headline":"La primera cosecha p\u00fablica de marihuana fue hist\u00f3rica, y te contamos por qu\u00e9","datePublished":"2023-02-23T20:29:24+00:00","dateModified":"2023-02-23T20:29:26+00:00","mainEntityOfPage":{"@id":"https:\/\/enlatitud25.com\/news\/la-primera-cosecha-publica-de-marihuana-fue-historica-y-te-contamos-por-que\/"},"wordCount":1192,"publisher":{"@id":"https:\/\/enlatitud25.com\/news\/#organization"},"keywords":["Ag\u00fcerito","cannabis","cosecha","marihuana","paraguay"],"articleSection":["Salud"],"inLanguage":"es"},{"@type":"WebPage","@id":"https:\/\/enlatitud25.com\/news\/la-primera-cosecha-publica-de-marihuana-fue-historica-y-te-contamos-por-que\/","url":"https:\/\/enlatitud25.com\/news\/la-primera-cosecha-publica-de-marihuana-fue-historica-y-te-contamos-por-que\/","name":"La primera cosecha p\u00fablica de marihuana fue hist\u00f3rica, y te contamos por qu\u00e9 &ndash; Latitud25","isPartOf":{"@id":"https:\/\/enlatitud25.com\/news\/#website"},"datePublished":"2023-02-23T20:29:24+00:00","dateModified":"2023-02-23T20:29:26+00:00","description":"Preguntamos a referentes del tema, por qu\u00e9 es hist\u00f3rica la cosecha p\u00fablica de marihuana y qu\u00e9 representa, adem\u00e1s de otras implicancias.","breadcrumb":{"@id":"https:\/\/enlatitud25.com\/news\/la-primera-cosecha-publica-de-marihuana-fue-historica-y-te-contamos-por-que\/#breadcrumb"},"inLanguage":"es","potentialAction":[{"@type":"ReadAction","target":["https:\/\/enlatitud25.com\/news\/la-primera-cosecha-publica-de-marihuana-fue-historica-y-te-contamos-por-que\/"]}]},{"@type":"BreadcrumbList","@id":"https:\/\/enlatitud25.com\/news\/la-primera-cosecha-publica-de-marihuana-fue-historica-y-te-contamos-por-que\/#breadcrumb","itemListElement":[{"@type":"ListItem","position":1,"name":"Home","item":"https:\/\/enlatitud25.com\/news\/"},{"@type":"ListItem","position":2,"name":"La primera cosecha p\u00fablica de marihuana fue hist\u00f3rica, y te contamos por qu\u00e9"}]},{"@type":"WebSite","@id":"https:\/\/enlatitud25.com\/news\/#website","url":"https:\/\/enlatitud25.com\/news\/","name":"Latitud25","description":"news","publisher":{"@id":"https:\/\/enlatitud25.com\/news\/#organization"},"potentialAction":[{"@type":"SearchAction","target":{"@type":"EntryPoint","urlTemplate":"https:\/\/enlatitud25.com\/news\/?s={search_term_string}"},"query-input":"required name=search_term_string"}],"inLanguage":"es"},{"@type":"Organization","@id":"https:\/\/enlatitud25.com\/news\/#organization","name":"Latitud 25 - News","url":"https:\/\/enlatitud25.com\/news\/","logo":{"@type":"ImageObject","inLanguage":"es","@id":"https:\/\/enlatitud25.com\/news\/#\/schema\/logo\/image\/","url":"https:\/\/enlatitud25.com\/news\/wp-content\/uploads\/2020\/11\/logo_latitud.png","contentUrl":"https:\/\/enlatitud25.com\/news\/wp-content\/uploads\/2020\/11\/logo_latitud.png","width":235,"height":39,"caption":"Latitud 25 - News"},"image":{"@id":"https:\/\/enlatitud25.com\/news\/#\/schema\/logo\/image\/"},"sameAs":["https:\/\/www.facebook.com\/EnLatitud25","https:\/\/twitter.com\/EnLatitud25","https:\/\/www.instagram.com\/enlatitud25\/","https:\/\/www.youtube.com\/user\/desdelatitud25"]},{"@type":"Person","@id":"https:\/\/enlatitud25.com\/news\/#\/schema\/person\/23aafe968917005a721b8eb760f2586e","name":"Latitud 25","sameAs":["https:\/\/enlatitud25.com\/news","https:\/\/www.facebook.com\/EnLatitud25","https:\/\/www.instagram.com\/enlatitud25","https:\/\/www.youtube.com\/user\/desdelatitud25","https:\/\/soundcloud.com\/enlatitud25"],"url":"https:\/\/enlatitud25.com\/news\/author\/nnews-uss00\/"}]}},"_links":{"self":[{"href":"https:\/\/enlatitud25.com\/news\/wp-json\/wp\/v2\/posts\/13524"}],"collection":[{"href":"https:\/\/enlatitud25.com\/news\/wp-json\/wp\/v2\/posts"}],"about":[{"href":"https:\/\/enlatitud25.com\/news\/wp-json\/wp\/v2\/types\/post"}],"author":[{"embeddable":true,"href":"https:\/\/enlatitud25.com\/news\/wp-json\/wp\/v2\/users\/1"}],"replies":[{"embeddable":true,"href":"https:\/\/enlatitud25.com\/news\/wp-json\/wp\/v2\/comments?post=13524"}],"version-history":[{"count":14,"href":"https:\/\/enlatitud25.com\/news\/wp-json\/wp\/v2\/posts\/13524\/revisions"}],"predecessor-version":[{"id":13553,"href":"https:\/\/enlatitud25.com\/news\/wp-json\/wp\/v2\/posts\/13524\/revisions\/13553"}],"wp:featuredmedia":[{"embeddable":true,"href":"https:\/\/enlatitud25.com\/news\/wp-json\/wp\/v2\/media\/13529"}],"wp:attachment":[{"href":"https:\/\/enlatitud25.com\/news\/wp-json\/wp\/v2\/media?parent=13524"}],"wp:term":[{"taxonomy":"category","embeddable":true,"href":"https:\/\/enlatitud25.com\/news\/wp-json\/wp\/v2\/categories?post=13524"},{"taxonomy":"post_tag","embeddable":true,"href":"https:\/\/enlatitud25.com\/news\/wp-json\/wp\/v2\/tags?post=13524"},{"taxonomy":"ubicacion","embeddable":true,"href":"https:\/\/enlatitud25.com\/news\/wp-json\/wp\/v2\/ubicacion?post=13524"}],"curies":[{"name":"wp","href":"https:\/\/api.w.org\/{rel}","templated":true}]}}