{"id":13323,"date":"2023-02-22T18:42:09","date_gmt":"2023-02-22T18:42:09","guid":{"rendered":"https:\/\/enlatitud25.com\/news\/?p=13323"},"modified":"2023-02-22T18:42:11","modified_gmt":"2023-02-22T18:42:11","slug":"en-patria-querida-dicen-que-no-hay-grieta-interna-pero-reconocen-diferencias","status":"publish","type":"post","link":"https:\/\/enlatitud25.com\/news\/en-patria-querida-dicen-que-no-hay-grieta-interna-pero-reconocen-diferencias\/","title":{"rendered":"En Patria Querida dicen que no hay grieta interna pero reconocen diferencias"},"content":{"rendered":"\n<p>Los partidos y movimientos pol\u00edticos no son organismos inmutables y estancos, sino todo lo contrario. Al estar compuesto de personas, las organizaciones pol\u00edticas son instituciones vivas que experimentan todo tipo de cambios, generando en ocasiones incluso, una din\u00e1mica interna heterog\u00e9nea, que aporta diversidad a las ideas y ejercita el m\u00fasculo democr\u00e1tico de sus miembros.<\/p>\n\n\n\n<p>Meses atr\u00e1s, el bloque progresista del Frente Guasu, se vio dividido por la decisi\u00f3n institucional de a qu\u00e9 dupla presidencial acompa\u00f1ar, pese a presentar una lista \u00fanica de candidatos al Senado, con Fernando Lugo a la cabeza. Jorge Querey y varios partidos y movimientos del frente acompa\u00f1an a Euclides Acevedo, mientras que Esperanza Mart\u00ednez preside la Concertaci\u00f3n.<\/p>\n\n\n\n<p>En ese sentido, existen otros partidos no tradicionales que tambi\u00e9n han tenido sus debates internos acerca de como encarar sus diferencias. Divergencias que en algunos casos son insalvables, y en otros, disimulables.<\/p>\n\n\n\n<p>El Partido Patria Querida, se ha caracterizado durante a\u00f1os por ser una agrupaci\u00f3n pol\u00edtica sin internas duras y por actuar en base a consensos entre sus referentes. <\/p>\n\n\n\n<p>Desde hace alg\u00fan tiempo, esa imagen ha empezado a desdibujarse a partir de contradicciones y fricciones entre sus l\u00edderes, especialmente entre el senador Fidel Zavala y el diputado Sebasti\u00e1n Villarejo, actual presidente del partido.<\/p>\n\n\n\n<p><strong>Le\u00e9 m\u00e1s: <a href=\"https:\/\/enlatitud25.com\/news\/cuanta-gente-hubo-en-la-plaza-la-guerra-narrativa-tras-los-mitines-politicos\/\" target=\"_blank\" rel=\"noreferrer noopener\">\u00bfCu\u00e1nta gente hubo en la plaza? La guerra narrativa tras los mitines pol\u00edticos<\/a><\/strong><\/p>\n\n\n\n<p>Zavala hace una cr\u00edtica a la Comisi\u00f3n de Verdad y Justicia, que investig\u00f3 la corrupci\u00f3n y excesos de la dictadura de Stroessner. Acto seguido, Villarejo defiende p\u00fablicamente la labor de dicha comisi\u00f3n. Este patr\u00f3n de contradicciones, se repiti\u00f3 en otras discusiones importantes en las que los referentes del partido no escondieron sus impresiones, sobre todo en el \u00e1mbito electoral. <\/p>\n\n\n\n<p>Villarejo apoya activamente a la Concertaci\u00f3n Nacional, participa en sus reuniones, se hace presente en los actos de campa\u00f1a y promete su apoyo a la dupla Alegre-N\u00fa\u00f1ez. <\/p>\n\n\n\n<p>Por su parte, Zavala no solo no participa en reuniones y eventos de campa\u00f1a del conglomerado de la oposici\u00f3n, sino que adem\u00e1s declara abiertamente su desagrado al candidato opositor.<\/p>\n\n\n\n<p>\u201cPersonalmente creo que&nbsp;<strong>Efra\u00edn Alegre pierde el foco y entrevera las cosas<\/strong>&nbsp;(\u2026) y tiene un discurso ambiguo al decir que respeta la propiedad privada pero a la vez no apoyar la ley\u201d, dijo a Radio Universo 970AM, d\u00edas atr\u00e1s.<\/p>\n\n\n\n<p>Estas disparidades de actitudes y posturas, tambi\u00e9n tienen eco en las redes sociales, donde simpatizantes de Patria Querida, manifiestan su inclinaci\u00f3n a favor y en contra de estos liderazgos.<\/p>\n\n\n\n<figure class=\"wp-block-image size-full\"><img decoding=\"async\" loading=\"lazy\" width=\"581\" height=\"214\" src=\"https:\/\/enlatitud25.com\/news\/wp-content\/uploads\/2023\/02\/Fidel-vs-Villarejo-Lucas-Nataloni.png\" alt=\"\" class=\"wp-image-13453\" srcset=\"https:\/\/enlatitud25.com\/news\/wp-content\/uploads\/2023\/02\/Fidel-vs-Villarejo-Lucas-Nataloni.png 581w, https:\/\/enlatitud25.com\/news\/wp-content\/uploads\/2023\/02\/Fidel-vs-Villarejo-Lucas-Nataloni-300x110.png 300w, https:\/\/enlatitud25.com\/news\/wp-content\/uploads\/2023\/02\/Fidel-vs-Villarejo-Lucas-Nataloni-380x140.png 380w\" sizes=\"(max-width: 581px) 100vw, 581px\" \/><\/figure>\n\n\n\n<figure class=\"wp-block-image size-full\"><img decoding=\"async\" loading=\"lazy\" width=\"526\" height=\"272\" src=\"https:\/\/enlatitud25.com\/news\/wp-content\/uploads\/2023\/02\/Fercho-Maidana-Zavala-vs-Fidel.png\" alt=\"\" class=\"wp-image-13454\" srcset=\"https:\/\/enlatitud25.com\/news\/wp-content\/uploads\/2023\/02\/Fercho-Maidana-Zavala-vs-Fidel.png 526w, https:\/\/enlatitud25.com\/news\/wp-content\/uploads\/2023\/02\/Fercho-Maidana-Zavala-vs-Fidel-300x155.png 300w, https:\/\/enlatitud25.com\/news\/wp-content\/uploads\/2023\/02\/Fercho-Maidana-Zavala-vs-Fidel-380x197.png 380w\" sizes=\"(max-width: 526px) 100vw, 526px\" \/><\/figure>\n\n\n\n<h4 id=\"lo-que-dicen-los-patriaqueridistas\" class=\"wp-block-heading\">Lo que dicen los patriaqueridistas<\/h4>\n\n\n\n<p>Consultamos con varios referentes del partido para que compartan su parecer acerca de estas divergencias internas que algunos califican de fractura institucional, sin embargo desde este partido tienden a ser conciliadores y minimizar las diferencias.<\/p>\n\n\n\n<p>El senador Zavala, en medio de una gira por el departamento de San Pedro, respondi\u00f3 escuetamente a una consulta telef\u00f3nica de Latitud 25, y asegur\u00f3 que, en relaci\u00f3n a estas diferencias: <em><strong>&#8220;<\/strong><\/em>Creo que la prensa magnific\u00f3 esto&#8221;<em><strong>.<\/strong><\/em><\/p>\n\n\n\n<p>El senador resalta que los parlamentarios patriaqueridistas, tanto en la C\u00e1mara de Senadores como en la de Diputados, siempre votan en el mismo sentido, como demostrando que no existe tal grieta partidaria ni facciones internas dentro de su partido.<\/p>\n\n\n\n<p>Por su parte, el diputado Villarejo, a pesar de ser a quien se toma como punto de contraste con Fidel Zavala, en sus diferentes declaraciones p\u00fablicas ha preferido no confrontar con sus correligionarios.<\/p>\n\n\n\n<p>Ante las consultas realizadas por diferentes medios acerca de sus diferencias con las posiciones de Zavala, el mismo se ha limitado a afirmar que su partido es tolerante, democr\u00e1tico, y que se respetan las opiniones personales.<\/p>\n\n\n\n<p><\/p>\n\n\n\n<figure class=\"wp-block-image size-full\"><img decoding=\"async\" loading=\"lazy\" width=\"800\" height=\"500\" src=\"https:\/\/enlatitud25.com\/news\/wp-content\/uploads\/2023\/02\/Pag1_Fractura-institucional-en-Patria-Querida-1.jpg\" alt=\"\" class=\"wp-image-13518\" srcset=\"https:\/\/enlatitud25.com\/news\/wp-content\/uploads\/2023\/02\/Pag1_Fractura-institucional-en-Patria-Querida-1.jpg 800w, https:\/\/enlatitud25.com\/news\/wp-content\/uploads\/2023\/02\/Pag1_Fractura-institucional-en-Patria-Querida-1-300x188.jpg 300w, https:\/\/enlatitud25.com\/news\/wp-content\/uploads\/2023\/02\/Pag1_Fractura-institucional-en-Patria-Querida-1-768x480.jpg 768w, https:\/\/enlatitud25.com\/news\/wp-content\/uploads\/2023\/02\/Pag1_Fractura-institucional-en-Patria-Querida-1-380x238.jpg 380w\" sizes=\"(max-width: 800px) 100vw, 800px\" \/><\/figure>\n\n\n\n<h4 id=\"dos-tendencias\" class=\"wp-block-heading\">&#8220;Dos tendencias&#8221;<\/h4>\n\n\n\n<p>El concejal de Asunci\u00f3n, Pablo Callizo, si bien no quiso dar mayor importancia al tema, s\u00ed reconoci\u00f3 que en Patria Querida existen dos <em>&#8220;tendencias&#8221;<\/em>.<\/p>\n\n\n\n<p>Consultado acerca de c\u00f3mo llamar\u00eda o identificar\u00eda a estas dos tendencias, asegur\u00f3 que quiz\u00e1s una podr\u00eda denominarse como &#8220;institucionalista&#8221;, mientras que otra (la que actualmente no acompa\u00f1a a la Concertaci\u00f3n) ser\u00eda la tendencia &#8220;disidente&#8221;.<\/p>\n\n\n\n<p>&#8220;No me parece que gente que no est\u00e9 de acuerdo con la postura institucional, salga a contradecir lo que el partido ya decidi\u00f3 en su momento por mayor\u00eda, sea quien sea la persona, creo que no corresponde&#8221;, manifest\u00f3 el concejal.<\/p>\n\n\n\n<p>La diputada por Central y actual candidata a diputada por Asunci\u00f3n, Roc\u00edo Vallejo, brinda una opini\u00f3n muy similar a la que repite Villarejo, limitando tales diferencias como normales dentro de un partido pol\u00edtico. <\/p>\n\n\n\n<p>&#8220;En el partido yo realmente no creo que exista tal quiebre, existen posturas diferentes como en cualquier nucleaci\u00f3n democr\u00e1tica&#8221;.<\/p>\n\n\n\n<p>Vallejo se adhiere a la postura oficial del partido, asegurando que el mismo firm\u00f3 un compromiso dentro de la Concertaci\u00f3n y que se debe acompa\u00f1ar al ganador de la interna, pues de debe honrar el compromiso institucional asumido por Patria Querida.<\/p>\n\n\n\n<figure class=\"wp-block-image size-full\"><img decoding=\"async\" loading=\"lazy\" width=\"800\" height=\"500\" src=\"https:\/\/enlatitud25.com\/news\/wp-content\/uploads\/2023\/02\/Pag2_Fractura-institucional-en-Patria-Querida-1.jpg\" alt=\"\" class=\"wp-image-13519\" srcset=\"https:\/\/enlatitud25.com\/news\/wp-content\/uploads\/2023\/02\/Pag2_Fractura-institucional-en-Patria-Querida-1.jpg 800w, https:\/\/enlatitud25.com\/news\/wp-content\/uploads\/2023\/02\/Pag2_Fractura-institucional-en-Patria-Querida-1-300x188.jpg 300w, https:\/\/enlatitud25.com\/news\/wp-content\/uploads\/2023\/02\/Pag2_Fractura-institucional-en-Patria-Querida-1-768x480.jpg 768w, https:\/\/enlatitud25.com\/news\/wp-content\/uploads\/2023\/02\/Pag2_Fractura-institucional-en-Patria-Querida-1-380x238.jpg 380w\" sizes=\"(max-width: 800px) 100vw, 800px\" \/><\/figure>\n\n\n\n<h4 id=\"una-mirada-desde-afuera\" class=\"wp-block-heading\">Una mirada desde afuera<\/h4>\n\n\n\n<p>Para el polit\u00f3logo especialista en partidos pol\u00edticos y procesos electorales, <strong>Camilo Fil\u00e1rtiga,<\/strong> un punto de tensi\u00f3n ser\u00eda el rechazo p\u00fablico a la llamada &#8220;Ley Riera &#8211; Zavala&#8221;, manifestado por Efra\u00edn Alegre. Para Fidel Zavala, impulsor de esta ley que aumenta la pena por invasi\u00f3n de tierras, esta diferencia ser\u00eda un impedimento para acompa\u00f1ar a la dupla concertacionista.<\/p>\n\n\n\n<p>&#8220;Fidel al d\u00eda siguiente de lo de las tierras malhabidas, sale a decir que no va a acompa\u00f1ar a la concertaci\u00f3n&#8221;, recuerda Fil\u00e1rtiga.<\/p>\n\n\n\n<p>Otra brecha, seg\u00fan el polit\u00f3logo, ser\u00eda la generacional. Hay un ala m\u00e1s joven del partido, en la cual se inserta el liderazgo de Villarejo. Muchos de los cuadros m\u00e1s j\u00f3venes se criaron en democracia y tienen una visi\u00f3n distinta.<\/p>\n\n\n\n<p>La generaci\u00f3n mayor, en cambio, tendr\u00eda una visi\u00f3n m\u00e1s conservadora. El entrevistado hace la aclaraci\u00f3n de que estas tendencias admiten excepciones. Por ejemplo, identifica al senador Stephan Rasmussen como m\u00e1s cercano al grupo de Zavala, a pesar de que pertenece a la misma generaci\u00f3n joven de Villarejo.<\/p>\n\n\n\n<p>Concluye afirmando que &#8220;el disenso es natural en democracia&#8221;, y que administrar esas tensiones, ser\u00e1 uno de los principales pr\u00f3ximos desaf\u00edos del Partido Patria Querida.<\/p>\n","protected":false},"excerpt":{"rendered":"Los partidos tradicionales tienden a dividirse en facciones internas, que cada tanto provocan feroces contiendas entre correligionarios. En los partidos no tradicionales y m\u00e1s peque\u00f1os, esto tambi\u00e9n ocurre, pero al menos lo disimulan muy bien. Te contamos qu\u00e9 est\u00e1 pasando en Patria Querida, ante una fricci\u00f3n entre facciones, de cara a las elecciones de abril, y cual ser\u00eda el elemento que incomoda a m\u00e1s de uno dentro de este partido.\n","protected":false},"author":1,"featured_media":13520,"comment_status":"closed","ping_status":"closed","sticky":false,"template":"","format":"standard","meta":[],"categories":[13],"tags":[1403,59,1401,168,1402],"ubicacion":[18],"yoast_head":"<!-- This site is optimized with the Yoast SEO plugin v20.8 - https:\/\/yoast.com\/wordpress\/plugins\/seo\/ -->\n<title>En Patria Querida dicen que no hay grieta interna pero reconocen diferencias &ndash; Latitud25<\/title>\n<meta name=\"description\" content=\"Mir\u00e1 nuestros reportajes audiovisuales y seguinos para enterarte de las \u00faltimas noticias de Paraguay y el mundo, desde la Latitud25. Somos Alternativa de Informaci\u00f3n.\" \/>\n<meta name=\"robots\" content=\"index, follow, max-snippet:-1, max-image-preview:large, max-video-preview:-1\" \/>\n<link rel=\"canonical\" href=\"https:\/\/enlatitud25.com\/news\/en-patria-querida-dicen-que-no-hay-grieta-interna-pero-reconocen-diferencias\/\" \/>\n<meta property=\"og:locale\" content=\"es_ES\" \/>\n<meta property=\"og:type\" content=\"article\" \/>\n<meta property=\"og:title\" content=\"En Patria Querida dicen que no hay grieta interna pero reconocen diferencias &ndash; Latitud25\" \/>\n<meta property=\"og:description\" content=\"Mir\u00e1 nuestros reportajes audiovisuales y seguinos para enterarte de las \u00faltimas noticias de Paraguay y el mundo, desde la Latitud25. Somos Alternativa de Informaci\u00f3n.\" \/>\n<meta property=\"og:url\" content=\"https:\/\/enlatitud25.com\/news\/en-patria-querida-dicen-que-no-hay-grieta-interna-pero-reconocen-diferencias\/\" \/>\n<meta property=\"og:site_name\" content=\"Latitud25\" \/>\n<meta property=\"article:publisher\" content=\"https:\/\/www.facebook.com\/EnLatitud25\" \/>\n<meta property=\"article:author\" content=\"https:\/\/www.facebook.com\/EnLatitud25\" \/>\n<meta property=\"article:published_time\" content=\"2023-02-22T18:42:09+00:00\" \/>\n<meta property=\"article:modified_time\" content=\"2023-02-22T18:42:11+00:00\" \/>\n<meta property=\"og:image\" content=\"https:\/\/enlatitud25.com\/news\/wp-content\/uploads\/2023\/02\/Pag0_Fractura-institucional-en-Patria-Querida-1.jpg\" \/>\n\t<meta property=\"og:image:width\" content=\"800\" \/>\n\t<meta property=\"og:image:height\" content=\"500\" \/>\n\t<meta property=\"og:image:type\" content=\"image\/jpeg\" \/>\n<meta name=\"author\" content=\"Latitud 25\" \/>\n<meta name=\"twitter:card\" content=\"summary_large_image\" \/>\n<meta name=\"twitter:creator\" content=\"@EnLatitud25\" \/>\n<meta name=\"twitter:site\" content=\"@EnLatitud25\" \/>\n<meta name=\"twitter:label1\" content=\"Escrito por\" \/>\n\t<meta name=\"twitter:data1\" content=\"Latitud 25\" \/>\n\t<meta name=\"twitter:label2\" content=\"Tiempo de lectura\" \/>\n\t<meta name=\"twitter:data2\" content=\"6 minutos\" \/>\n<script type=\"application\/ld+json\" class=\"yoast-schema-graph\">{\"@context\":\"https:\/\/schema.org\",\"@graph\":[{\"@type\":\"Article\",\"@id\":\"https:\/\/enlatitud25.com\/news\/en-patria-querida-dicen-que-no-hay-grieta-interna-pero-reconocen-diferencias\/#article\",\"isPartOf\":{\"@id\":\"https:\/\/enlatitud25.com\/news\/en-patria-querida-dicen-que-no-hay-grieta-interna-pero-reconocen-diferencias\/\"},\"author\":{\"name\":\"Latitud 25\",\"@id\":\"https:\/\/enlatitud25.com\/news\/#\/schema\/person\/23aafe968917005a721b8eb760f2586e\"},\"headline\":\"En Patria Querida dicen que no hay grieta interna pero reconocen diferencias\",\"datePublished\":\"2023-02-22T18:42:09+00:00\",\"dateModified\":\"2023-02-22T18:42:11+00:00\",\"mainEntityOfPage\":{\"@id\":\"https:\/\/enlatitud25.com\/news\/en-patria-querida-dicen-que-no-hay-grieta-interna-pero-reconocen-diferencias\/\"},\"wordCount\":1080,\"publisher\":{\"@id\":\"https:\/\/enlatitud25.com\/news\/#organization\"},\"keywords\":[\"Fidel Zavala\",\"paraguay\",\"Patria Querida\",\"Pol\u00edtica\",\"Sebasti\u00e1n Villarejo\"],\"articleSection\":[\"Pol\u00edtica\"],\"inLanguage\":\"es\"},{\"@type\":\"WebPage\",\"@id\":\"https:\/\/enlatitud25.com\/news\/en-patria-querida-dicen-que-no-hay-grieta-interna-pero-reconocen-diferencias\/\",\"url\":\"https:\/\/enlatitud25.com\/news\/en-patria-querida-dicen-que-no-hay-grieta-interna-pero-reconocen-diferencias\/\",\"name\":\"En Patria Querida dicen que no hay grieta interna pero reconocen diferencias &ndash; Latitud25\",\"isPartOf\":{\"@id\":\"https:\/\/enlatitud25.com\/news\/#website\"},\"datePublished\":\"2023-02-22T18:42:09+00:00\",\"dateModified\":\"2023-02-22T18:42:11+00:00\",\"description\":\"Mir\u00e1 nuestros reportajes audiovisuales y seguinos para enterarte de las \u00faltimas noticias de Paraguay y el mundo, desde la Latitud25. Somos Alternativa de Informaci\u00f3n.\",\"breadcrumb\":{\"@id\":\"https:\/\/enlatitud25.com\/news\/en-patria-querida-dicen-que-no-hay-grieta-interna-pero-reconocen-diferencias\/#breadcrumb\"},\"inLanguage\":\"es\",\"potentialAction\":[{\"@type\":\"ReadAction\",\"target\":[\"https:\/\/enlatitud25.com\/news\/en-patria-querida-dicen-que-no-hay-grieta-interna-pero-reconocen-diferencias\/\"]}]},{\"@type\":\"BreadcrumbList\",\"@id\":\"https:\/\/enlatitud25.com\/news\/en-patria-querida-dicen-que-no-hay-grieta-interna-pero-reconocen-diferencias\/#breadcrumb\",\"itemListElement\":[{\"@type\":\"ListItem\",\"position\":1,\"name\":\"Home\",\"item\":\"https:\/\/enlatitud25.com\/news\/\"},{\"@type\":\"ListItem\",\"position\":2,\"name\":\"En Patria Querida dicen que no hay grieta interna pero reconocen diferencias\"}]},{\"@type\":\"WebSite\",\"@id\":\"https:\/\/enlatitud25.com\/news\/#website\",\"url\":\"https:\/\/enlatitud25.com\/news\/\",\"name\":\"Latitud25\",\"description\":\"news\",\"publisher\":{\"@id\":\"https:\/\/enlatitud25.com\/news\/#organization\"},\"potentialAction\":[{\"@type\":\"SearchAction\",\"target\":{\"@type\":\"EntryPoint\",\"urlTemplate\":\"https:\/\/enlatitud25.com\/news\/?s={search_term_string}\"},\"query-input\":\"required name=search_term_string\"}],\"inLanguage\":\"es\"},{\"@type\":\"Organization\",\"@id\":\"https:\/\/enlatitud25.com\/news\/#organization\",\"name\":\"Latitud 25 - News\",\"url\":\"https:\/\/enlatitud25.com\/news\/\",\"logo\":{\"@type\":\"ImageObject\",\"inLanguage\":\"es\",\"@id\":\"https:\/\/enlatitud25.com\/news\/#\/schema\/logo\/image\/\",\"url\":\"https:\/\/enlatitud25.com\/news\/wp-content\/uploads\/2020\/11\/logo_latitud.png\",\"contentUrl\":\"https:\/\/enlatitud25.com\/news\/wp-content\/uploads\/2020\/11\/logo_latitud.png\",\"width\":235,\"height\":39,\"caption\":\"Latitud 25 - News\"},\"image\":{\"@id\":\"https:\/\/enlatitud25.com\/news\/#\/schema\/logo\/image\/\"},\"sameAs\":[\"https:\/\/www.facebook.com\/EnLatitud25\",\"https:\/\/twitter.com\/EnLatitud25\",\"https:\/\/www.instagram.com\/enlatitud25\/\",\"https:\/\/www.youtube.com\/user\/desdelatitud25\"]},{\"@type\":\"Person\",\"@id\":\"https:\/\/enlatitud25.com\/news\/#\/schema\/person\/23aafe968917005a721b8eb760f2586e\",\"name\":\"Latitud 25\",\"sameAs\":[\"https:\/\/enlatitud25.com\/news\",\"https:\/\/www.facebook.com\/EnLatitud25\",\"https:\/\/www.instagram.com\/enlatitud25\",\"https:\/\/www.youtube.com\/user\/desdelatitud25\",\"https:\/\/soundcloud.com\/enlatitud25\"],\"url\":\"https:\/\/enlatitud25.com\/news\/author\/nnews-uss00\/\"}]}<\/script>\n<!-- \/ Yoast SEO plugin. -->","yoast_head_json":{"title":"En Patria Querida dicen que no hay grieta interna pero reconocen diferencias &ndash; Latitud25","description":"Mir\u00e1 nuestros reportajes audiovisuales y seguinos para enterarte de las \u00faltimas noticias de Paraguay y el mundo, desde la Latitud25. Somos Alternativa de Informaci\u00f3n.","robots":{"index":"index","follow":"follow","max-snippet":"max-snippet:-1","max-image-preview":"max-image-preview:large","max-video-preview":"max-video-preview:-1"},"canonical":"https:\/\/enlatitud25.com\/news\/en-patria-querida-dicen-que-no-hay-grieta-interna-pero-reconocen-diferencias\/","og_locale":"es_ES","og_type":"article","og_title":"En Patria Querida dicen que no hay grieta interna pero reconocen diferencias &ndash; Latitud25","og_description":"Mir\u00e1 nuestros reportajes audiovisuales y seguinos para enterarte de las \u00faltimas noticias de Paraguay y el mundo, desde la Latitud25. Somos Alternativa de Informaci\u00f3n.","og_url":"https:\/\/enlatitud25.com\/news\/en-patria-querida-dicen-que-no-hay-grieta-interna-pero-reconocen-diferencias\/","og_site_name":"Latitud25","article_publisher":"https:\/\/www.facebook.com\/EnLatitud25","article_author":"https:\/\/www.facebook.com\/EnLatitud25","article_published_time":"2023-02-22T18:42:09+00:00","article_modified_time":"2023-02-22T18:42:11+00:00","og_image":[{"width":800,"height":500,"url":"https:\/\/enlatitud25.com\/news\/wp-content\/uploads\/2023\/02\/Pag0_Fractura-institucional-en-Patria-Querida-1.jpg","type":"image\/jpeg"}],"author":"Latitud 25","twitter_card":"summary_large_image","twitter_creator":"@EnLatitud25","twitter_site":"@EnLatitud25","twitter_misc":{"Escrito por":"Latitud 25","Tiempo de lectura":"6 minutos"},"schema":{"@context":"https:\/\/schema.org","@graph":[{"@type":"Article","@id":"https:\/\/enlatitud25.com\/news\/en-patria-querida-dicen-que-no-hay-grieta-interna-pero-reconocen-diferencias\/#article","isPartOf":{"@id":"https:\/\/enlatitud25.com\/news\/en-patria-querida-dicen-que-no-hay-grieta-interna-pero-reconocen-diferencias\/"},"author":{"name":"Latitud 25","@id":"https:\/\/enlatitud25.com\/news\/#\/schema\/person\/23aafe968917005a721b8eb760f2586e"},"headline":"En Patria Querida dicen que no hay grieta interna pero reconocen diferencias","datePublished":"2023-02-22T18:42:09+00:00","dateModified":"2023-02-22T18:42:11+00:00","mainEntityOfPage":{"@id":"https:\/\/enlatitud25.com\/news\/en-patria-querida-dicen-que-no-hay-grieta-interna-pero-reconocen-diferencias\/"},"wordCount":1080,"publisher":{"@id":"https:\/\/enlatitud25.com\/news\/#organization"},"keywords":["Fidel Zavala","paraguay","Patria Querida","Pol\u00edtica","Sebasti\u00e1n Villarejo"],"articleSection":["Pol\u00edtica"],"inLanguage":"es"},{"@type":"WebPage","@id":"https:\/\/enlatitud25.com\/news\/en-patria-querida-dicen-que-no-hay-grieta-interna-pero-reconocen-diferencias\/","url":"https:\/\/enlatitud25.com\/news\/en-patria-querida-dicen-que-no-hay-grieta-interna-pero-reconocen-diferencias\/","name":"En Patria Querida dicen que no hay grieta interna pero reconocen diferencias &ndash; Latitud25","isPartOf":{"@id":"https:\/\/enlatitud25.com\/news\/#website"},"datePublished":"2023-02-22T18:42:09+00:00","dateModified":"2023-02-22T18:42:11+00:00","description":"Mir\u00e1 nuestros reportajes audiovisuales y seguinos para enterarte de las \u00faltimas noticias de Paraguay y el mundo, desde la Latitud25. Somos Alternativa de Informaci\u00f3n.","breadcrumb":{"@id":"https:\/\/enlatitud25.com\/news\/en-patria-querida-dicen-que-no-hay-grieta-interna-pero-reconocen-diferencias\/#breadcrumb"},"inLanguage":"es","potentialAction":[{"@type":"ReadAction","target":["https:\/\/enlatitud25.com\/news\/en-patria-querida-dicen-que-no-hay-grieta-interna-pero-reconocen-diferencias\/"]}]},{"@type":"BreadcrumbList","@id":"https:\/\/enlatitud25.com\/news\/en-patria-querida-dicen-que-no-hay-grieta-interna-pero-reconocen-diferencias\/#breadcrumb","itemListElement":[{"@type":"ListItem","position":1,"name":"Home","item":"https:\/\/enlatitud25.com\/news\/"},{"@type":"ListItem","position":2,"name":"En Patria Querida dicen que no hay grieta interna pero reconocen diferencias"}]},{"@type":"WebSite","@id":"https:\/\/enlatitud25.com\/news\/#website","url":"https:\/\/enlatitud25.com\/news\/","name":"Latitud25","description":"news","publisher":{"@id":"https:\/\/enlatitud25.com\/news\/#organization"},"potentialAction":[{"@type":"SearchAction","target":{"@type":"EntryPoint","urlTemplate":"https:\/\/enlatitud25.com\/news\/?s={search_term_string}"},"query-input":"required name=search_term_string"}],"inLanguage":"es"},{"@type":"Organization","@id":"https:\/\/enlatitud25.com\/news\/#organization","name":"Latitud 25 - News","url":"https:\/\/enlatitud25.com\/news\/","logo":{"@type":"ImageObject","inLanguage":"es","@id":"https:\/\/enlatitud25.com\/news\/#\/schema\/logo\/image\/","url":"https:\/\/enlatitud25.com\/news\/wp-content\/uploads\/2020\/11\/logo_latitud.png","contentUrl":"https:\/\/enlatitud25.com\/news\/wp-content\/uploads\/2020\/11\/logo_latitud.png","width":235,"height":39,"caption":"Latitud 25 - News"},"image":{"@id":"https:\/\/enlatitud25.com\/news\/#\/schema\/logo\/image\/"},"sameAs":["https:\/\/www.facebook.com\/EnLatitud25","https:\/\/twitter.com\/EnLatitud25","https:\/\/www.instagram.com\/enlatitud25\/","https:\/\/www.youtube.com\/user\/desdelatitud25"]},{"@type":"Person","@id":"https:\/\/enlatitud25.com\/news\/#\/schema\/person\/23aafe968917005a721b8eb760f2586e","name":"Latitud 25","sameAs":["https:\/\/enlatitud25.com\/news","https:\/\/www.facebook.com\/EnLatitud25","https:\/\/www.instagram.com\/enlatitud25","https:\/\/www.youtube.com\/user\/desdelatitud25","https:\/\/soundcloud.com\/enlatitud25"],"url":"https:\/\/enlatitud25.com\/news\/author\/nnews-uss00\/"}]}},"_links":{"self":[{"href":"https:\/\/enlatitud25.com\/news\/wp-json\/wp\/v2\/posts\/13323"}],"collection":[{"href":"https:\/\/enlatitud25.com\/news\/wp-json\/wp\/v2\/posts"}],"about":[{"href":"https:\/\/enlatitud25.com\/news\/wp-json\/wp\/v2\/types\/post"}],"author":[{"embeddable":true,"href":"https:\/\/enlatitud25.com\/news\/wp-json\/wp\/v2\/users\/1"}],"replies":[{"embeddable":true,"href":"https:\/\/enlatitud25.com\/news\/wp-json\/wp\/v2\/comments?post=13323"}],"version-history":[{"count":9,"href":"https:\/\/enlatitud25.com\/news\/wp-json\/wp\/v2\/posts\/13323\/revisions"}],"predecessor-version":[{"id":13521,"href":"https:\/\/enlatitud25.com\/news\/wp-json\/wp\/v2\/posts\/13323\/revisions\/13521"}],"wp:featuredmedia":[{"embeddable":true,"href":"https:\/\/enlatitud25.com\/news\/wp-json\/wp\/v2\/media\/13520"}],"wp:attachment":[{"href":"https:\/\/enlatitud25.com\/news\/wp-json\/wp\/v2\/media?parent=13323"}],"wp:term":[{"taxonomy":"category","embeddable":true,"href":"https:\/\/enlatitud25.com\/news\/wp-json\/wp\/v2\/categories?post=13323"},{"taxonomy":"post_tag","embeddable":true,"href":"https:\/\/enlatitud25.com\/news\/wp-json\/wp\/v2\/tags?post=13323"},{"taxonomy":"ubicacion","embeddable":true,"href":"https:\/\/enlatitud25.com\/news\/wp-json\/wp\/v2\/ubicacion?post=13323"}],"curies":[{"name":"wp","href":"https:\/\/api.w.org\/{rel}","templated":true}]}}