{"id":13287,"date":"2023-02-17T20:19:45","date_gmt":"2023-02-17T20:19:45","guid":{"rendered":"https:\/\/enlatitud25.com\/news\/?p=13287"},"modified":"2023-02-17T20:19:49","modified_gmt":"2023-02-17T20:19:49","slug":"desbloqueo-de-listas-a-quien-beneficia-finalmente-este-sistema-electoral","status":"publish","type":"post","link":"https:\/\/enlatitud25.com\/news\/desbloqueo-de-listas-a-quien-beneficia-finalmente-este-sistema-electoral\/","title":{"rendered":"Desbloqueo de Listas: \u00bfa qui\u00e9n beneficia finalmente este sistema electoral?"},"content":{"rendered":"\n<p>Durante la campa\u00f1a para las elecciones generales de 2003, se observ\u00f3 una abundante publicidad electoral con la cara y el nombre de Evanhy de Gallegos, quien entonces era una conocida periodista por conducir el programa de televisi\u00f3n \u201cReportaje al pa\u00eds\u201d.<\/p>\n\n\n\n<p>Sin embargo, Evanhy ten\u00eda un lugar muy abajo en la lista del Partido Colorado, mientras que Juan Carlos Galaverna, quien aparec\u00eda poco o nada en la publicidad de campa\u00f1a, estaba en un puesto m\u00e1s privilegiado.<\/p>\n\n\n\n<p>Finalmente, Galaverna, que \u201cse escondi\u00f3\u201d detr\u00e1s de Evanhy, entr\u00f3 al Senado, y Evanhy, que puso la cara para los afiches, qued\u00f3 afuera. A partir de entonces, se empez\u00f3 a hablar de manera cada vez m\u00e1s reiterada sobre c\u00f3mo el sistema permit\u00eda que pol\u00edticos muy criticados por la ciudadan\u00eda, logren acceder a cargos electivos escondi\u00e9ndose detr\u00e1s de perfiles con mayor aceptaci\u00f3n, con el amparo de las \u201clistas s\u00e1bana\u201d.<\/p>\n\n\n\n<p><strong>Le\u00e9 tambi\u00e9n:<a href=\"https:\/\/enlatitud25.com\/news\/a-quien-favorecio-el-desbloqueo-de-listas-este-es-un-debate-que-divide\/\" target=\"_blank\" rel=\"noreferrer noopener\"> \u00bfA qui\u00e9n favoreci\u00f3 el desbloqueo de listas? Este es un debate que divide<\/a><\/strong><\/p>\n\n\n\n<p>La soluci\u00f3n, seg\u00fan los cr\u00edticos de ese sistema electoral, radicaba en cambiar las reglas de juego, de tal manera que el electorado pueda votar no solamente a la lista en su conjunto, sino tambi\u00e9n a los candidatos individuales.<\/p>\n\n\n\n<p>La idea era que, si la gente pod\u00eda dar un voto preferente a cada candidato y reordenar la lista seg\u00fan la cantidad de votos que individualmente colectasen, los mejores quedar\u00edan en los primeros puestos, y los candidatos con antecedentes de corrupci\u00f3n y otros cuestionamientos, tendr\u00edan pocos votos y quedar\u00edan afuera.<\/p>\n\n\n\n<p>La insistencia para cambiar el sistema de parte de activistas ciudadanos, algunos medios<br>de comunicaci\u00f3n y algunos pol\u00edticos (con especial insistencia de parte del Partido Patria Querida)<br>logr\u00f3 que en 2019, esta idea se plasme en la promulgaci\u00f3n de la Ley de desbloqueo de listas.<\/p>\n\n\n\n<p>Sin embargo, la experiencia de las \u00faltimas elecciones municipales y de las internas de<br>diciembre pasado, arrojaron algunas dudas sobre qu\u00e9 tan acertada es esta l\u00f3gica. Estas elecciones de abril, ser\u00e1n la prueba de fuego que demostrar\u00e1 c\u00f3mo impacta en la calidad de la democracia, el sistema del voto preferencial.<\/p>\n\n\n\n<figure class=\"wp-block-image size-full\"><img decoding=\"async\" loading=\"lazy\" width=\"800\" height=\"500\" src=\"https:\/\/enlatitud25.com\/news\/wp-content\/uploads\/2023\/02\/Pag2_Voto-libre-lista-sabana.jpg\" alt=\"\" class=\"wp-image-13346\" srcset=\"https:\/\/enlatitud25.com\/news\/wp-content\/uploads\/2023\/02\/Pag2_Voto-libre-lista-sabana.jpg 800w, https:\/\/enlatitud25.com\/news\/wp-content\/uploads\/2023\/02\/Pag2_Voto-libre-lista-sabana-300x188.jpg 300w, https:\/\/enlatitud25.com\/news\/wp-content\/uploads\/2023\/02\/Pag2_Voto-libre-lista-sabana-768x480.jpg 768w, https:\/\/enlatitud25.com\/news\/wp-content\/uploads\/2023\/02\/Pag2_Voto-libre-lista-sabana-380x238.jpg 380w\" sizes=\"(max-width: 800px) 100vw, 800px\" \/><\/figure>\n\n\n\n<h4 id=\"una-clara-paradoja\" class=\"wp-block-heading\">Una clara paradoja<\/h4>\n\n\n\n<p>En primer lugar, a\u00fan no ha sucedido aquello de que los candidatos m\u00e1s potables<br>desplacen a los candidatos con antecedentes y cuestionamientos. <\/p>\n\n\n\n<p>El candidato a senador m\u00e1s votado de la ANR en las \u00faltimas internas, fue Silvio \u201cBeto\u201d Ovelar, conocido tambi\u00e9n como \u201ctrato apu\u2019a\u201d, por haber sido descubierto negociando la compra de votos con un dirigente liberal. En las municipales de Asunci\u00f3n, fue reelecto Jos\u00e9 Alvarenga, quien ha<br>recibido numerosas cr\u00edticas y burlas por haber sido filmado comprando votos.<\/p>\n\n\n\n<p>En el PLRA, el candidato a diputado m\u00e1s votado en Alto Paran\u00e1, fue Carlos Portillo, quien<br>fue expulsado de la C\u00e1mara de Diputados tras ser acusado de tr\u00e1fico de influencia. Abundan ejemplos que reafirman que el desbloqueo no ha logrado desplazar a los pol\u00edticos m\u00e1s cuestionados. Al parecer, las candidaturas controvertidas no le deb\u00edan su \u00e9xito solamente a una \u201cs\u00e1bana\u201d tras la que se escond\u00edan.<\/p>\n\n\n\n<p>Otro elemento a considerar es que el desbloqueo tambi\u00e9n puede hacer que candidatos<br>rechazados por parte del electorado, se beneficien con los votos de esa misma parte del electorado que los rechaza. \u00bfC\u00f3mo puede suceder esto?<\/p>\n\n\n\n<p>Un ejemplo claro puede observarse en la lista de concejales del PLRA en Asunci\u00f3n. En<br>2015, los liberales ten\u00edan en su lista a cuestionados concejales que buscaban la reelecci\u00f3n. Esta situaci\u00f3n produc\u00eda una gran fuga de votos de liberales que votaban por otras listas, y as\u00ed la lista obtuvo 26 mil votos.<\/p>\n\n\n\n<p>En las municipales de 2021, la lista liberal cont\u00f3 con nuevas candidaturas, con perfiles menos controvertidos. Estos nuevos candidatos atrajeron a electores que no votaron al Partido Liberal en 2015, cosechando la lista unos 40 mil votos.<\/p>\n\n\n\n<p>A pesar del nuevo empuje que estos nuevos rostros dieron al desempe\u00f1o electoral de su<br>lista, Fiorella Forestieri fue la \u00fanica nueva concejala liberal entre los 4 liberales que entraron a la Junta Municipal. No entr\u00f3 ninguna de las otras nuevas figuras. En cambio, 3 de los concejales que en la elecci\u00f3n previa hab\u00edan logrado mucho menos apoyo, en esta ocasi\u00f3n fueron reelectos. Sin los votos de los nuevos, alguno que otro de estos habr\u00eda quedado afuera.<\/p>\n\n\n\n<p>Es decir, personas que no quer\u00edan votar por el Partido Liberal en Asunci\u00f3n, porque sent\u00edan rechazo por sus concejales, al votar por figuras renovadoras, sin quererlo contribuyeron a reelegir a concejales que les desagradan. Una \u201cnueva s\u00e1bana\u201d, podr\u00eda decirse.<\/p>\n\n\n\n<figure class=\"wp-block-image size-full\"><img decoding=\"async\" loading=\"lazy\" width=\"800\" height=\"500\" src=\"https:\/\/enlatitud25.com\/news\/wp-content\/uploads\/2023\/02\/Pag1_Voto-libre-lista-sabana.jpg\" alt=\"\" class=\"wp-image-13347\" srcset=\"https:\/\/enlatitud25.com\/news\/wp-content\/uploads\/2023\/02\/Pag1_Voto-libre-lista-sabana.jpg 800w, https:\/\/enlatitud25.com\/news\/wp-content\/uploads\/2023\/02\/Pag1_Voto-libre-lista-sabana-300x188.jpg 300w, https:\/\/enlatitud25.com\/news\/wp-content\/uploads\/2023\/02\/Pag1_Voto-libre-lista-sabana-768x480.jpg 768w, https:\/\/enlatitud25.com\/news\/wp-content\/uploads\/2023\/02\/Pag1_Voto-libre-lista-sabana-380x238.jpg 380w\" sizes=\"(max-width: 800px) 100vw, 800px\" \/><\/figure>\n\n\n\n<p>Analizando desde otro \u00e1ngulo, una novedad interesante que aport\u00f3 el desbloqueo es que transparent\u00f3 el caudal electoral de los candidatos. Estos pod\u00edan \u201cvender humo\u201d acerca de<br>su caudal electoral. Con el sistema de voto preferente, se puede saber exactamente cu\u00e1ntos votos consigui\u00f3 cada candidato.<\/p>\n\n\n\n<p>As\u00ed, podr\u00e1n esgrimirse diversos argumentos a favor y en contra del desbloqueo de listas. A continuaci\u00f3n revisamos los argumentos dados por diferentes actores pol\u00edticos.<\/p>\n\n\n\n<h4 id=\"lo-que-dicen-los-politicos\" class=\"wp-block-heading\">Lo que dicen los pol\u00edticos<\/h4>\n\n\n\n<p><strong>Guillermo Ferreiro, <\/strong>Presidente del Partido Revolucionario Febrerista y actual candidato a diputado por Asunci\u00f3n, cuestiona que se pretenda instalar que hacer cr\u00edticas al desbloqueo, te convierta autom\u00e1ticamente en alguien antidemocr\u00e1tico. \u201cTodos los sistemas electorales tienen ventajas y desventajas\u201d, opina.<\/p>\n\n\n\n<p>Entre las desventajas, menciona el alto costo financiero que tiene participar en pujas electorales con el nuevo sistema: \u201cObliga a entrar en pol\u00edtica con much\u00edsimo dinero. Y entrar con tanta plata para candidatarse es una quijotada\u201d.<\/p>\n\n\n\n<p>Rescata una ventaja. Seg\u00fan Ferreiro, el hecho de que se pueda reordenar el orden de la<br>lista, hace m\u00e1s f\u00e1cil conformar alianzas entre sectores de la oposici\u00f3n.<\/p>\n\n\n\n<p>\u201cAntes si a un candidato no le daban el primer lugar de la lista, hac\u00eda su propia lista aparte y el voto opositor se dispersaba en muchas listas. Hoy eso ya no es tan importante, porque el que est\u00e1 m\u00e1s atr\u00e1s en la lista despu\u00e9s puede subir si hace buena campa\u00f1a, eso facilita los procesos de negociaci\u00f3n de alianzas\u201d. Agrega que para las elecciones de abril habr\u00e1 menos listas y m\u00e1s alianzas que antes.<\/p>\n\n\n\n<p>Por su parte, el diputado colorado, <strong>Hugo Ram\u00edrez<\/strong>, coincide con Ferreiro en cuanto a que el desbloqueo ha incrementado los costos de campa\u00f1a, lo que ha sido una coincidencia de opini\u00f3n entre la mayor\u00eda de nuestros entrevistados.<\/p>\n\n\n\n<p>\u201cSuena como una buena idea\u201d, dice el diputado Ram\u00edrez, \u201cel poder elegir por opciones<br>eliminando las listas s\u00e1bana, pero lo que qued\u00f3 demostrado es que este sistema<br>encareci\u00f3 la campa\u00f1a\u201d.<\/p>\n\n\n\n<p>Seg\u00fan el diputado, \u201cgener\u00f3 hambre en ese sector vulnerable que se deja llevar por un cien mil por un voto\u201d. Tambi\u00e9n concluye que resulta desventajoso para los partidos y movimientos m\u00e1s peque\u00f1os, y que incluso puede poner en riesgo la existencia de los partidos no tradicionales.<\/p>\n\n\n\n<p><\/p>\n\n\n\n<figure class=\"wp-block-image size-full\"><img decoding=\"async\" loading=\"lazy\" width=\"800\" height=\"500\" src=\"https:\/\/enlatitud25.com\/news\/wp-content\/uploads\/2023\/02\/Pag3_Voto-libre-lista-sabana.jpg\" alt=\"\" class=\"wp-image-13349\" srcset=\"https:\/\/enlatitud25.com\/news\/wp-content\/uploads\/2023\/02\/Pag3_Voto-libre-lista-sabana.jpg 800w, https:\/\/enlatitud25.com\/news\/wp-content\/uploads\/2023\/02\/Pag3_Voto-libre-lista-sabana-300x188.jpg 300w, https:\/\/enlatitud25.com\/news\/wp-content\/uploads\/2023\/02\/Pag3_Voto-libre-lista-sabana-768x480.jpg 768w, https:\/\/enlatitud25.com\/news\/wp-content\/uploads\/2023\/02\/Pag3_Voto-libre-lista-sabana-380x238.jpg 380w\" sizes=\"(max-width: 800px) 100vw, 800px\" \/><\/figure>\n\n\n\n<p>A pesar de estos se\u00f1alamientos, dice que a\u00fan no cambiar\u00eda la ley y que \u201ctenemos que tener m\u00e1s informaci\u00f3n antes de cambiar este sistema\u201d.<\/p>\n\n\n\n<p>La concejal de Asunci\u00f3n, <strong>Paulina Serrano<\/strong> (Patria Querida), tiene una visi\u00f3n optimista con relaci\u00f3n al desbloqueo, ya que en teor\u00eda, ella y su colega Pablo Callizo, fueron beneficiados por este nuevo sistema en las municipales del 2021. <\/p>\n\n\n\n<p>\u201cCreo que el cambio de sistema era una necesidad imperante para nuestro pa\u00eds\u201d, comenta la concejal, aunque admite que \u201ces cierto que fortalece al m\u00e1s fuerte\u201d.<\/p>\n\n\n\n<p>Cree que el desbloqueo ayuda a renovar los cuerpos colegiados. Menciona que, en capital, concejales de la capital que estuvieron 2 o 3 per\u00edodos quedaron fuera.<\/p>\n\n\n\n<p>A pesar de que considera que solo con el desbloqueo no alcanza, y que hay que sumar ajustes en las leyes y procedimientos, se mantiene firme en su defensa del cambio de ley impulsado por su partido: \u201cNecesit\u00e1bamos una sacudida y el desbloqueo lo logr\u00f3\u201d.<\/p>\n\n\n\n<h4 id=\"una-mirada-desde-las-ciencias-politicas\" class=\"wp-block-heading\">Una mirada desde las Ciencias Pol\u00edticas<\/h4>\n\n\n\n<p><strong>Marcos P\u00e9rez Talia<\/strong> es abogado y Doctor en Ciencia Pol\u00edtica. Comparte con Latitud 25 algunos efectos principales que ya se pueden notar en el panorama electoral, desde la vigencia del voto preferencial:<\/p>\n\n\n\n<h5 id=\"la-politica-se-vuelve-mas-cara\" class=\"wp-block-heading\"><strong>La pol\u00edtica<\/strong> <strong>se vuelve m\u00e1s cara<\/strong><\/h5>\n\n\n\n<p>\u201cSi antes vos gastabas mucho para las internas, pero quedabas en un buen lugar, para las generales ya no gastabas tanto. En cambio, ahora vos pod\u00e9s quedar primero en las internas, pero en las generales pod\u00e9s perder, entonces ten\u00e9s doble gasto de financiaci\u00f3n\u201d, se\u00f1ala P\u00e9rez Talia. Advierte que en un contexto como el de Paraguay, con baja institucionalidad, nulo control del financiamiento pol\u00edtico, y de mucho dinero del narcotr\u00e1fico y del crimen organizado en la pol\u00edtica, \u201ceso es terror\u00edfico\u201d.<\/p>\n\n\n\n<h5 id=\"fortalece-a-los-partidos-tradicionales\" class=\"wp-block-heading\"><strong>Fortalece a los partidos tradicionales<\/strong><\/h5>\n\n\n\n<p>El desbloqueo fue tambi\u00e9n un intento solapado de debilitar a los partidos tradicionales, pero en cambio los ha reforzado, seg\u00fan el polit\u00f3logo. <\/p>\n\n\n\n<p>P\u00e9rez Talia indica que candidatos que antes hac\u00edan brazos ca\u00eddos en las generales, ahora aportan mayores esfuerzos y recursos.<\/p>\n\n\n\n<p>\u201cEl Partido Colorado ten\u00eda claro meter 15 senadores, el Partido Liberal 12. Los que quedaban despu\u00e9s del 20 ya no hac\u00edan pol\u00edtica el d\u00eda de las elecciones, porque naturalmente no ten\u00edan ninguna chance estad\u00edstica de entrar. Pero ahora con este sistema, ten\u00e9s 45 tractores en el Partido Colorado, que es un partido que tiene financiaci\u00f3n por todas partes, tiene estructura por todas partes\u201d, asegura.<\/p>\n\n\n\n<h5 id=\"debilita-los-liderazgos-y-la-disciplina-partidaria\" class=\"wp-block-heading\"><strong>Debilita los liderazgos y la disciplina partidaria<\/strong><\/h5>\n\n\n\n<p>Anteriormente, las listas quedaban ordenadas seg\u00fan las facciones, como ser el lainismo y saguierismo, el llanismo y efrainismo, Honor Colorado y A\u00f1etet\u00e9, etc. Con el desbloqueo,<br>primero los candidatos y luego las autoridades electas, tienden seguir menos la l\u00ednea establecida por su movimiento y a operar con mayor autonom\u00eda. Esto hace m\u00e1s dif\u00edciles las negociaciones pol\u00edticas. <\/p>\n\n\n\n<p>En palabras de P\u00e9rez Talia: \u201cSi antes era fundamental negociar con 2 o 3 bloques para obtener disciplina de cara a la aprobaci\u00f3n de un proyecto, ahora ten\u00e9s que negociar con 15, 20 actores que se autonomizaron con respecto a los l\u00edderes nacionales\u201d. <\/p>\n\n\n\n<p>Seg\u00fan su evaluaci\u00f3n, esto hace mucho m\u00e1s dif\u00edcil establecer un programa pol\u00edtico com\u00fan. El especialista concluye que, si la intenci\u00f3n es mejorar la calidad de la representaci\u00f3n pol\u00edtica, podemos apuntar a otros abordajes, como poner la mirada sobre la financiaci\u00f3n pol\u00edtica y la compra de votos.<\/p>\n\n\n\n<p>\u00bfY vos, sabiendo lo que sabemos hoy, qu\u00e9 pens\u00e1s sobre el desbloqueo? \u00bfVali\u00f3 la pena?<\/p>\n","protected":false},"excerpt":{"rendered":"A 70 d\u00edas de las elecciones, la discusi\u00f3n sobre la efectividad o no del desbloqueo de listas va incrementando. La insatisfacci\u00f3n hacia la calidad de la representaci\u00f3n pol\u00edtica, llev\u00f3 a una campa\u00f1a contra la llamada \u201clista s\u00e1bana\u201d, que finalmente deriv\u00f3 en la ley de desbloqueo de listas, pero a cuatro a\u00f1os de su implementaci\u00f3n, existen elementos que podr\u00edan evidenciar que no sirvi\u00f3 del todo. Analizamos estos efectos y te contamos qu\u00e9 piensan los referentes pol\u00edticos.\n","protected":false},"author":1,"featured_media":13345,"comment_status":"closed","ping_status":"closed","sticky":false,"template":"","format":"standard","meta":[],"categories":[13],"tags":[1395,682,1394],"ubicacion":[17],"yoast_head":"<!-- This site is optimized with the Yoast SEO plugin v20.8 - https:\/\/yoast.com\/wordpress\/plugins\/seo\/ -->\n<title>Desbloqueo de Listas: \u00bfa qui\u00e9n beneficia finalmente este sistema electoral? &ndash; Latitud25<\/title>\n<meta name=\"description\" content=\"Analizamos si el el desbloqueo de listas ayud\u00f3 o no a mejorar la representaci\u00f3n y te contamos qu\u00e9 piensan los referentes pol\u00edticos.\" \/>\n<meta name=\"robots\" content=\"index, follow, max-snippet:-1, max-image-preview:large, max-video-preview:-1\" \/>\n<link rel=\"canonical\" href=\"https:\/\/enlatitud25.com\/news\/desbloqueo-de-listas-a-quien-beneficia-finalmente-este-sistema-electoral\/\" \/>\n<meta property=\"og:locale\" content=\"es_ES\" \/>\n<meta property=\"og:type\" content=\"article\" \/>\n<meta property=\"og:title\" content=\"Desbloqueo de Listas: \u00bfa qui\u00e9n beneficia finalmente este sistema electoral? &ndash; Latitud25\" \/>\n<meta property=\"og:description\" content=\"Analizamos si el el desbloqueo de listas ayud\u00f3 o no a mejorar la representaci\u00f3n y te contamos qu\u00e9 piensan los referentes pol\u00edticos.\" \/>\n<meta property=\"og:url\" content=\"https:\/\/enlatitud25.com\/news\/desbloqueo-de-listas-a-quien-beneficia-finalmente-este-sistema-electoral\/\" \/>\n<meta property=\"og:site_name\" content=\"Latitud25\" \/>\n<meta property=\"article:publisher\" content=\"https:\/\/www.facebook.com\/EnLatitud25\" \/>\n<meta property=\"article:author\" content=\"https:\/\/www.facebook.com\/EnLatitud25\" \/>\n<meta property=\"article:published_time\" content=\"2023-02-17T20:19:45+00:00\" \/>\n<meta property=\"article:modified_time\" content=\"2023-02-17T20:19:49+00:00\" \/>\n<meta property=\"og:image\" content=\"https:\/\/enlatitud25.com\/news\/wp-content\/uploads\/2023\/02\/Pag0_Voto-libre-lista-sabana.jpg\" \/>\n\t<meta property=\"og:image:width\" content=\"800\" \/>\n\t<meta property=\"og:image:height\" content=\"500\" \/>\n\t<meta property=\"og:image:type\" content=\"image\/jpeg\" \/>\n<meta name=\"author\" content=\"Latitud 25\" \/>\n<meta name=\"twitter:card\" content=\"summary_large_image\" \/>\n<meta name=\"twitter:creator\" content=\"@EnLatitud25\" \/>\n<meta name=\"twitter:site\" content=\"@EnLatitud25\" \/>\n<meta name=\"twitter:label1\" content=\"Escrito por\" \/>\n\t<meta name=\"twitter:data1\" content=\"Latitud 25\" \/>\n\t<meta name=\"twitter:label2\" content=\"Tiempo de lectura\" \/>\n\t<meta name=\"twitter:data2\" content=\"9 minutos\" \/>\n<script type=\"application\/ld+json\" class=\"yoast-schema-graph\">{\"@context\":\"https:\/\/schema.org\",\"@graph\":[{\"@type\":\"Article\",\"@id\":\"https:\/\/enlatitud25.com\/news\/desbloqueo-de-listas-a-quien-beneficia-finalmente-este-sistema-electoral\/#article\",\"isPartOf\":{\"@id\":\"https:\/\/enlatitud25.com\/news\/desbloqueo-de-listas-a-quien-beneficia-finalmente-este-sistema-electoral\/\"},\"author\":{\"name\":\"Latitud 25\",\"@id\":\"https:\/\/enlatitud25.com\/news\/#\/schema\/person\/23aafe968917005a721b8eb760f2586e\"},\"headline\":\"Desbloqueo de Listas: \u00bfa qui\u00e9n beneficia finalmente este sistema electoral?\",\"datePublished\":\"2023-02-17T20:19:45+00:00\",\"dateModified\":\"2023-02-17T20:19:49+00:00\",\"mainEntityOfPage\":{\"@id\":\"https:\/\/enlatitud25.com\/news\/desbloqueo-de-listas-a-quien-beneficia-finalmente-este-sistema-electoral\/\"},\"wordCount\":1794,\"publisher\":{\"@id\":\"https:\/\/enlatitud25.com\/news\/#organization\"},\"keywords\":[\"beneficio\",\"desbloqueo\",\"listas s\u00e1bana\"],\"articleSection\":[\"Pol\u00edtica\"],\"inLanguage\":\"es\"},{\"@type\":\"WebPage\",\"@id\":\"https:\/\/enlatitud25.com\/news\/desbloqueo-de-listas-a-quien-beneficia-finalmente-este-sistema-electoral\/\",\"url\":\"https:\/\/enlatitud25.com\/news\/desbloqueo-de-listas-a-quien-beneficia-finalmente-este-sistema-electoral\/\",\"name\":\"Desbloqueo de Listas: \u00bfa qui\u00e9n beneficia finalmente este sistema electoral? &ndash; Latitud25\",\"isPartOf\":{\"@id\":\"https:\/\/enlatitud25.com\/news\/#website\"},\"datePublished\":\"2023-02-17T20:19:45+00:00\",\"dateModified\":\"2023-02-17T20:19:49+00:00\",\"description\":\"Analizamos si el el desbloqueo de listas ayud\u00f3 o no a mejorar la representaci\u00f3n y te contamos qu\u00e9 piensan los referentes pol\u00edticos.\",\"breadcrumb\":{\"@id\":\"https:\/\/enlatitud25.com\/news\/desbloqueo-de-listas-a-quien-beneficia-finalmente-este-sistema-electoral\/#breadcrumb\"},\"inLanguage\":\"es\",\"potentialAction\":[{\"@type\":\"ReadAction\",\"target\":[\"https:\/\/enlatitud25.com\/news\/desbloqueo-de-listas-a-quien-beneficia-finalmente-este-sistema-electoral\/\"]}]},{\"@type\":\"BreadcrumbList\",\"@id\":\"https:\/\/enlatitud25.com\/news\/desbloqueo-de-listas-a-quien-beneficia-finalmente-este-sistema-electoral\/#breadcrumb\",\"itemListElement\":[{\"@type\":\"ListItem\",\"position\":1,\"name\":\"Home\",\"item\":\"https:\/\/enlatitud25.com\/news\/\"},{\"@type\":\"ListItem\",\"position\":2,\"name\":\"Desbloqueo de Listas: \u00bfa qui\u00e9n beneficia finalmente este sistema electoral?\"}]},{\"@type\":\"WebSite\",\"@id\":\"https:\/\/enlatitud25.com\/news\/#website\",\"url\":\"https:\/\/enlatitud25.com\/news\/\",\"name\":\"Latitud25\",\"description\":\"news\",\"publisher\":{\"@id\":\"https:\/\/enlatitud25.com\/news\/#organization\"},\"potentialAction\":[{\"@type\":\"SearchAction\",\"target\":{\"@type\":\"EntryPoint\",\"urlTemplate\":\"https:\/\/enlatitud25.com\/news\/?s={search_term_string}\"},\"query-input\":\"required name=search_term_string\"}],\"inLanguage\":\"es\"},{\"@type\":\"Organization\",\"@id\":\"https:\/\/enlatitud25.com\/news\/#organization\",\"name\":\"Latitud 25 - News\",\"url\":\"https:\/\/enlatitud25.com\/news\/\",\"logo\":{\"@type\":\"ImageObject\",\"inLanguage\":\"es\",\"@id\":\"https:\/\/enlatitud25.com\/news\/#\/schema\/logo\/image\/\",\"url\":\"https:\/\/enlatitud25.com\/news\/wp-content\/uploads\/2020\/11\/logo_latitud.png\",\"contentUrl\":\"https:\/\/enlatitud25.com\/news\/wp-content\/uploads\/2020\/11\/logo_latitud.png\",\"width\":235,\"height\":39,\"caption\":\"Latitud 25 - News\"},\"image\":{\"@id\":\"https:\/\/enlatitud25.com\/news\/#\/schema\/logo\/image\/\"},\"sameAs\":[\"https:\/\/www.facebook.com\/EnLatitud25\",\"https:\/\/twitter.com\/EnLatitud25\",\"https:\/\/www.instagram.com\/enlatitud25\/\",\"https:\/\/www.youtube.com\/user\/desdelatitud25\"]},{\"@type\":\"Person\",\"@id\":\"https:\/\/enlatitud25.com\/news\/#\/schema\/person\/23aafe968917005a721b8eb760f2586e\",\"name\":\"Latitud 25\",\"sameAs\":[\"https:\/\/enlatitud25.com\/news\",\"https:\/\/www.facebook.com\/EnLatitud25\",\"https:\/\/www.instagram.com\/enlatitud25\",\"https:\/\/www.youtube.com\/user\/desdelatitud25\",\"https:\/\/soundcloud.com\/enlatitud25\"],\"url\":\"https:\/\/enlatitud25.com\/news\/author\/nnews-uss00\/\"}]}<\/script>\n<!-- \/ Yoast SEO plugin. -->","yoast_head_json":{"title":"Desbloqueo de Listas: \u00bfa qui\u00e9n beneficia finalmente este sistema electoral? &ndash; Latitud25","description":"Analizamos si el el desbloqueo de listas ayud\u00f3 o no a mejorar la representaci\u00f3n y te contamos qu\u00e9 piensan los referentes pol\u00edticos.","robots":{"index":"index","follow":"follow","max-snippet":"max-snippet:-1","max-image-preview":"max-image-preview:large","max-video-preview":"max-video-preview:-1"},"canonical":"https:\/\/enlatitud25.com\/news\/desbloqueo-de-listas-a-quien-beneficia-finalmente-este-sistema-electoral\/","og_locale":"es_ES","og_type":"article","og_title":"Desbloqueo de Listas: \u00bfa qui\u00e9n beneficia finalmente este sistema electoral? &ndash; Latitud25","og_description":"Analizamos si el el desbloqueo de listas ayud\u00f3 o no a mejorar la representaci\u00f3n y te contamos qu\u00e9 piensan los referentes pol\u00edticos.","og_url":"https:\/\/enlatitud25.com\/news\/desbloqueo-de-listas-a-quien-beneficia-finalmente-este-sistema-electoral\/","og_site_name":"Latitud25","article_publisher":"https:\/\/www.facebook.com\/EnLatitud25","article_author":"https:\/\/www.facebook.com\/EnLatitud25","article_published_time":"2023-02-17T20:19:45+00:00","article_modified_time":"2023-02-17T20:19:49+00:00","og_image":[{"width":800,"height":500,"url":"https:\/\/enlatitud25.com\/news\/wp-content\/uploads\/2023\/02\/Pag0_Voto-libre-lista-sabana.jpg","type":"image\/jpeg"}],"author":"Latitud 25","twitter_card":"summary_large_image","twitter_creator":"@EnLatitud25","twitter_site":"@EnLatitud25","twitter_misc":{"Escrito por":"Latitud 25","Tiempo de lectura":"9 minutos"},"schema":{"@context":"https:\/\/schema.org","@graph":[{"@type":"Article","@id":"https:\/\/enlatitud25.com\/news\/desbloqueo-de-listas-a-quien-beneficia-finalmente-este-sistema-electoral\/#article","isPartOf":{"@id":"https:\/\/enlatitud25.com\/news\/desbloqueo-de-listas-a-quien-beneficia-finalmente-este-sistema-electoral\/"},"author":{"name":"Latitud 25","@id":"https:\/\/enlatitud25.com\/news\/#\/schema\/person\/23aafe968917005a721b8eb760f2586e"},"headline":"Desbloqueo de Listas: \u00bfa qui\u00e9n beneficia finalmente este sistema electoral?","datePublished":"2023-02-17T20:19:45+00:00","dateModified":"2023-02-17T20:19:49+00:00","mainEntityOfPage":{"@id":"https:\/\/enlatitud25.com\/news\/desbloqueo-de-listas-a-quien-beneficia-finalmente-este-sistema-electoral\/"},"wordCount":1794,"publisher":{"@id":"https:\/\/enlatitud25.com\/news\/#organization"},"keywords":["beneficio","desbloqueo","listas s\u00e1bana"],"articleSection":["Pol\u00edtica"],"inLanguage":"es"},{"@type":"WebPage","@id":"https:\/\/enlatitud25.com\/news\/desbloqueo-de-listas-a-quien-beneficia-finalmente-este-sistema-electoral\/","url":"https:\/\/enlatitud25.com\/news\/desbloqueo-de-listas-a-quien-beneficia-finalmente-este-sistema-electoral\/","name":"Desbloqueo de Listas: \u00bfa qui\u00e9n beneficia finalmente este sistema electoral? &ndash; Latitud25","isPartOf":{"@id":"https:\/\/enlatitud25.com\/news\/#website"},"datePublished":"2023-02-17T20:19:45+00:00","dateModified":"2023-02-17T20:19:49+00:00","description":"Analizamos si el el desbloqueo de listas ayud\u00f3 o no a mejorar la representaci\u00f3n y te contamos qu\u00e9 piensan los referentes pol\u00edticos.","breadcrumb":{"@id":"https:\/\/enlatitud25.com\/news\/desbloqueo-de-listas-a-quien-beneficia-finalmente-este-sistema-electoral\/#breadcrumb"},"inLanguage":"es","potentialAction":[{"@type":"ReadAction","target":["https:\/\/enlatitud25.com\/news\/desbloqueo-de-listas-a-quien-beneficia-finalmente-este-sistema-electoral\/"]}]},{"@type":"BreadcrumbList","@id":"https:\/\/enlatitud25.com\/news\/desbloqueo-de-listas-a-quien-beneficia-finalmente-este-sistema-electoral\/#breadcrumb","itemListElement":[{"@type":"ListItem","position":1,"name":"Home","item":"https:\/\/enlatitud25.com\/news\/"},{"@type":"ListItem","position":2,"name":"Desbloqueo de Listas: \u00bfa qui\u00e9n beneficia finalmente este sistema electoral?"}]},{"@type":"WebSite","@id":"https:\/\/enlatitud25.com\/news\/#website","url":"https:\/\/enlatitud25.com\/news\/","name":"Latitud25","description":"news","publisher":{"@id":"https:\/\/enlatitud25.com\/news\/#organization"},"potentialAction":[{"@type":"SearchAction","target":{"@type":"EntryPoint","urlTemplate":"https:\/\/enlatitud25.com\/news\/?s={search_term_string}"},"query-input":"required name=search_term_string"}],"inLanguage":"es"},{"@type":"Organization","@id":"https:\/\/enlatitud25.com\/news\/#organization","name":"Latitud 25 - News","url":"https:\/\/enlatitud25.com\/news\/","logo":{"@type":"ImageObject","inLanguage":"es","@id":"https:\/\/enlatitud25.com\/news\/#\/schema\/logo\/image\/","url":"https:\/\/enlatitud25.com\/news\/wp-content\/uploads\/2020\/11\/logo_latitud.png","contentUrl":"https:\/\/enlatitud25.com\/news\/wp-content\/uploads\/2020\/11\/logo_latitud.png","width":235,"height":39,"caption":"Latitud 25 - News"},"image":{"@id":"https:\/\/enlatitud25.com\/news\/#\/schema\/logo\/image\/"},"sameAs":["https:\/\/www.facebook.com\/EnLatitud25","https:\/\/twitter.com\/EnLatitud25","https:\/\/www.instagram.com\/enlatitud25\/","https:\/\/www.youtube.com\/user\/desdelatitud25"]},{"@type":"Person","@id":"https:\/\/enlatitud25.com\/news\/#\/schema\/person\/23aafe968917005a721b8eb760f2586e","name":"Latitud 25","sameAs":["https:\/\/enlatitud25.com\/news","https:\/\/www.facebook.com\/EnLatitud25","https:\/\/www.instagram.com\/enlatitud25","https:\/\/www.youtube.com\/user\/desdelatitud25","https:\/\/soundcloud.com\/enlatitud25"],"url":"https:\/\/enlatitud25.com\/news\/author\/nnews-uss00\/"}]}},"_links":{"self":[{"href":"https:\/\/enlatitud25.com\/news\/wp-json\/wp\/v2\/posts\/13287"}],"collection":[{"href":"https:\/\/enlatitud25.com\/news\/wp-json\/wp\/v2\/posts"}],"about":[{"href":"https:\/\/enlatitud25.com\/news\/wp-json\/wp\/v2\/types\/post"}],"author":[{"embeddable":true,"href":"https:\/\/enlatitud25.com\/news\/wp-json\/wp\/v2\/users\/1"}],"replies":[{"embeddable":true,"href":"https:\/\/enlatitud25.com\/news\/wp-json\/wp\/v2\/comments?post=13287"}],"version-history":[{"count":13,"href":"https:\/\/enlatitud25.com\/news\/wp-json\/wp\/v2\/posts\/13287\/revisions"}],"predecessor-version":[{"id":13350,"href":"https:\/\/enlatitud25.com\/news\/wp-json\/wp\/v2\/posts\/13287\/revisions\/13350"}],"wp:featuredmedia":[{"embeddable":true,"href":"https:\/\/enlatitud25.com\/news\/wp-json\/wp\/v2\/media\/13345"}],"wp:attachment":[{"href":"https:\/\/enlatitud25.com\/news\/wp-json\/wp\/v2\/media?parent=13287"}],"wp:term":[{"taxonomy":"category","embeddable":true,"href":"https:\/\/enlatitud25.com\/news\/wp-json\/wp\/v2\/categories?post=13287"},{"taxonomy":"post_tag","embeddable":true,"href":"https:\/\/enlatitud25.com\/news\/wp-json\/wp\/v2\/tags?post=13287"},{"taxonomy":"ubicacion","embeddable":true,"href":"https:\/\/enlatitud25.com\/news\/wp-json\/wp\/v2\/ubicacion?post=13287"}],"curies":[{"name":"wp","href":"https:\/\/api.w.org\/{rel}","templated":true}]}}