{"id":13215,"date":"2023-02-16T21:14:33","date_gmt":"2023-02-16T21:14:33","guid":{"rendered":"https:\/\/enlatitud25.com\/news\/?p=13215"},"modified":"2023-02-16T21:14:35","modified_gmt":"2023-02-16T21:14:35","slug":"la-tan-esperada-reforma-de-salud-mental-ya-esta-en-marcha-te-damos-los-detalles","status":"publish","type":"post","link":"https:\/\/enlatitud25.com\/news\/la-tan-esperada-reforma-de-salud-mental-ya-esta-en-marcha-te-damos-los-detalles\/","title":{"rendered":"La tan esperada reforma de salud mental ya est\u00e1 en marcha: te damos los detalles"},"content":{"rendered":"\n<p>Esta ma\u00f1ana se realiz\u00f3 una conferencia de prensa desde Palacio de Gobierno, donde se reunieron los responsables de diferentes ministerios, con la intenci\u00f3n de armar un directorio interinstitucional para trabajar en acciones que atiendan la salud mental de los ciudadanos. <\/p>\n\n\n\n<p>Tras el encuentro, anunciaron una serie de modificaciones estructurales en la atenci\u00f3n a la salud mental en Paraguay, tanto en hospitales p\u00fablicos, escuelas, dependencias estatales, entre otros.<\/p>\n\n\n\n<p>En un primer momento, el jefe del Gabinete de Presidencia, <strong>Hern\u00e1n Huttemann<\/strong>,\u00a0habl\u00f3 de un aumento significativo de los trastornos y enfermedades mentales. Consider\u00f3 que esto se dio, como consecuencia de la pandemia de la COVID-19 y merece un abordaje desde el Estado, luego de a\u00f1os de indiferencia a esta situaci\u00f3n y falta de atenci\u00f3n.<\/p>\n\n\n\n<p>Agreg\u00f3 que esto se combina con la promulgaci\u00f3n reciente de la Ley de Salud Mental (el 17 de noviembre de 2022). Resalt\u00f3 que por primera vez en nuestro pa\u00eds hay una normativa exclusiva para esta \u00e1rea tan importante que no representaba una prioridad urgente para la agenda sanitaria.<\/p>\n\n\n\n<figure class=\"wp-block-embed is-type-rich is-provider-twitter wp-block-embed-twitter\"><div class=\"wp-block-embed__wrapper\">\n<blockquote class=\"twitter-tweet\" data-width=\"550\" data-dnt=\"true\"><p lang=\"es\" dir=\"ltr\">\ud83e\udde0 SALUD MENTAL |<br><br>\ud83d\udcd1 El Poder Ejecutivo promulg\u00f3 la ley de <a href=\"https:\/\/twitter.com\/hashtag\/SaludMental?src=hash&amp;ref_src=twsrc%5Etfw\">#SaludMental<\/a> <br><br>\ud83e\udd7c La ley 7018\/2022 busca asegurar el derecho a la protecci\u00f3n de la salud mental de todas las personas, una atenci\u00f3n humanizada centrada en la persona y su contexto psicosocial \ud83d\ude4c<a href=\"https:\/\/twitter.com\/hashtag\/L25?src=hash&amp;ref_src=twsrc%5Etfw\">#L25<\/a> <a href=\"https:\/\/t.co\/0KtkL9WCRX\">pic.twitter.com\/0KtkL9WCRX<\/a><\/p>&mdash; LATITUD 25 (@EnLatitud25) <a href=\"https:\/\/twitter.com\/EnLatitud25\/status\/1593331611474477057?ref_src=twsrc%5Etfw\">November 17, 2022<\/a><\/blockquote><script async src=\"https:\/\/platform.twitter.com\/widgets.js\" charset=\"utf-8\"><\/script>\n<\/div><\/figure>\n\n\n\n<p>&#8220;Hemos trabajado sobre todo en las l\u00edneas y el dise\u00f1o de implementaci\u00f3n de pol\u00edticas p\u00fablicas. A partir de esta ley que trae consigo un cambio de paradigmas en el abordaje del tema de salud mental. Estamos hablando de una ley que se centra en la persona, en la dignidad humana y la condici\u00f3n social de las personas&#8221;, apunt\u00f3. <\/p>\n\n\n\n<p>Subray\u00f3 que el tema de salud mental es complejo, que excede el \u00e1mbito del Ministerio de Salud. Expres\u00f3 que el objetivo de esta reuni\u00f3n es que se pueda implementar efectivamente la ley. &#8220;Que podamos dar respuesta a una problem\u00e1tica que afecta a un alto porcentaje de nuestra poblaci\u00f3n&#8221;, manifest\u00f3. <\/p>\n\n\n\n<p>La directora de Salud Mental,<strong> Mirta Rodr\u00edguez<\/strong>, expres\u00f3 en RadioCast25, que Paraguay nunca tuvo un marco regulatorio en<strong> salud mental<\/strong>. Entonces los esfuerzos realizados, hasta ahora, ca\u00edan en letra muerta. Ahora est\u00e1n involucradas varias instituciones, no solo el Ministerio de Salud, sino tambi\u00e9n Ministerio de Educaci\u00f3n y Ciencias y la Secretar\u00eda de la Juventud.<\/p>\n\n\n\n<p>&#8220;En cuanto a las acciones, el tema de la salud mental sabemos que es algo transversal. Vamos trabajarla de manera interinstitucional, multidisciplinaria y multisectorial&#8221;, acot\u00f3.  <\/p>\n\n\n\n<h4 id=\"ninos-y-adolescentes-los-mas-afectados\" class=\"wp-block-heading\">Ni\u00f1os y adolescentes, los m\u00e1s afectados<\/h4>\n\n\n\n<p>La funcionaria del Ministerio de Salud sostuvo que, de hecho, todav\u00eda no tienen todos los estudios. No obstante, hizo \u00e9nfasis en que a niveles globales, los m\u00e1s afectados son los ni\u00f1os, adolescentes y j\u00f3venes. <\/p>\n\n\n\n<p>&#8220;La pandemia vino a desnudar los n\u00fameros de los trastornos de ansiedad, de depresi\u00f3n de p\u00e1nico. Hablamos de en una poblaci\u00f3n bastante vulnerable y productiva, que es de los ni\u00f1os y adolescentes, que es una porci\u00f3n bastante afectada&#8221;, inform\u00f3.<\/p>\n\n\n\n<figure class=\"wp-block-image size-full\"><img decoding=\"async\" loading=\"lazy\" width=\"800\" height=\"500\" src=\"https:\/\/enlatitud25.com\/news\/wp-content\/uploads\/2023\/02\/pag4_Salud-mental-en-todos-hospitales.jpg\" alt=\"\" class=\"wp-image-13263\" srcset=\"https:\/\/enlatitud25.com\/news\/wp-content\/uploads\/2023\/02\/pag4_Salud-mental-en-todos-hospitales.jpg 800w, https:\/\/enlatitud25.com\/news\/wp-content\/uploads\/2023\/02\/pag4_Salud-mental-en-todos-hospitales-300x188.jpg 300w, https:\/\/enlatitud25.com\/news\/wp-content\/uploads\/2023\/02\/pag4_Salud-mental-en-todos-hospitales-768x480.jpg 768w, https:\/\/enlatitud25.com\/news\/wp-content\/uploads\/2023\/02\/pag4_Salud-mental-en-todos-hospitales-380x238.jpg 380w\" sizes=\"(max-width: 800px) 100vw, 800px\" \/><\/figure>\n\n\n\n<p>Coment\u00f3 que en los ni\u00f1os observaron varios trastornos conductuales, relacionados a la excesiva exposici\u00f3n a los videojuegos y el aislamiento. Aclar\u00f3 que en algunos escenarios, hubo episodios psic\u00f3ticos en la infancia, aunque no son muy frecuentes. <\/p>\n\n\n\n<p>Sin embargo, indic\u00f3 que es en la poblaci\u00f3n de adolescentes en quienes se dan mayormente estos episodios, los que pueden ser el inicio de una patolog\u00eda mental grave, como el trastorno de la ansiedad, trastornos depresivos y deben ser tratados.<\/p>\n\n\n\n<p>A su vez, el ministro de Educaci\u00f3n, <strong>Nicol\u00e1s Z\u00e1rate,<\/strong> coment\u00f3 cifras de un estudio del Banco Interamericano de Desarrollo, realizado a nivel regional. Se\u00f1al\u00f3 que la investigaci\u00f3n demostr\u00f3 que m\u00e1s del 50% de los ni\u00f1os y adolescentes tuvieron alg\u00fan trastorno ya sea de hiperactividad o ansiedad. &#8220;O sea, que realmente como dijo la doctora, los m\u00e1s afectados fueron los j\u00f3venes&#8221;, asever\u00f3.<\/p>\n\n\n\n<h4 id=\"de-que-se-trata-el-cambio-en-el-sistema-de-atencion\" class=\"wp-block-heading\">\u00bfDe qu\u00e9 se trata el cambio en el sistema de atenci\u00f3n?<\/h4>\n\n\n\n<p>A partir de esta ley, el Estado proceder\u00e1 a la creaci\u00f3n de la Direcci\u00f3n Nacional de Salud Mental. Adem\u00e1s se llevar\u00e1 a cabo la reconversi\u00f3n del Hospital Psiqui\u00e1trico. Este espacio pasar\u00e1 a ser un centro de urgencias psiqui\u00e1tricas.<\/p>\n\n\n\n<p>&#8220;El Ministerio de Salud deber\u00e1 generar unidades de Salud Mental en los hospitales generales, de manera progresiva. Despu\u00e9s en los hospitales regionales. Ya tenemos un modelo que funciona demasiado bien en<strong> Pedro Juan Caballero<\/strong>. Al mismo acuden pacientes que est\u00e1n en la fase aguda, que son pacientes psic\u00f3ticos o que est\u00e1n con un cuadro depresivo&#8221;, ejemplific\u00f3 la directora de Salud Mental, Mirta Rodr\u00edguez.<\/p>\n\n\n\n<figure class=\"wp-block-image size-full\"><img decoding=\"async\" loading=\"lazy\" width=\"800\" height=\"500\" src=\"https:\/\/enlatitud25.com\/news\/wp-content\/uploads\/2023\/02\/pag3_Salud-mental-en-todos-hospitales.jpg\" alt=\"\" class=\"wp-image-13262\" srcset=\"https:\/\/enlatitud25.com\/news\/wp-content\/uploads\/2023\/02\/pag3_Salud-mental-en-todos-hospitales.jpg 800w, https:\/\/enlatitud25.com\/news\/wp-content\/uploads\/2023\/02\/pag3_Salud-mental-en-todos-hospitales-300x188.jpg 300w, https:\/\/enlatitud25.com\/news\/wp-content\/uploads\/2023\/02\/pag3_Salud-mental-en-todos-hospitales-768x480.jpg 768w, https:\/\/enlatitud25.com\/news\/wp-content\/uploads\/2023\/02\/pag3_Salud-mental-en-todos-hospitales-380x238.jpg 380w\" sizes=\"(max-width: 800px) 100vw, 800px\" \/><\/figure>\n\n\n\n<p>Hizo referencia a que el primer punto que se debe considerar es que el paciente no debe ser apartado de su n\u00facleo familiar. Record\u00f3 que, con el sistema actual, se desarraiga a las personas de sus familias y hogares, para tratarlas. Sin embargo, ahora se buscar\u00e1 una atenci\u00f3n comunitaria. <\/p>\n\n\n\n<p>&#8220;Los profesionales salimos y atendemos en la comunidad. El Hospital Psiqui\u00e1trico se reconvierte en un Centro de Emergencia Psiqui\u00e1tricas e internaci\u00f3n de pacientes agudos de corta instancias&#8221;,  explic\u00f3. <\/p>\n\n\n\n<h4 id=\"ni-2-psiquiatras-por-cada-100-000-personas\" class=\"wp-block-heading\">Ni 2 psiquiatras por cada 100.000 personas<\/h4>\n\n\n\n<p>El ministro <a href=\"https:\/\/twitter.com\/ParaguayTVHD\/status\/1626205001864421376\" target=\"_blank\" rel=\"noreferrer noopener\">Nicol\u00e1s Z\u00e1rate<\/a>, anunci\u00f3 adem\u00e1s que el Ministerio de Educaci\u00f3n va a incorporar, desde este a\u00f1o, a 100 nuevos psic\u00f3logos. &#8220;El Ministerio de Educaci\u00f3n y Ciencias va a tener 500 psic\u00f3logos para trabajar estos temas&#8221;, puntualiz\u00f3. <\/p>\n\n\n\n<figure class=\"wp-block-image size-full\"><img decoding=\"async\" loading=\"lazy\" width=\"800\" height=\"500\" src=\"https:\/\/enlatitud25.com\/news\/wp-content\/uploads\/2023\/02\/pag2_Salud-mental-en-todos-hospitales.jpg\" alt=\"\" class=\"wp-image-13264\" srcset=\"https:\/\/enlatitud25.com\/news\/wp-content\/uploads\/2023\/02\/pag2_Salud-mental-en-todos-hospitales.jpg 800w, https:\/\/enlatitud25.com\/news\/wp-content\/uploads\/2023\/02\/pag2_Salud-mental-en-todos-hospitales-300x188.jpg 300w, https:\/\/enlatitud25.com\/news\/wp-content\/uploads\/2023\/02\/pag2_Salud-mental-en-todos-hospitales-768x480.jpg 768w, https:\/\/enlatitud25.com\/news\/wp-content\/uploads\/2023\/02\/pag2_Salud-mental-en-todos-hospitales-380x238.jpg 380w\" sizes=\"(max-width: 800px) 100vw, 800px\" \/><\/figure>\n\n\n\n<p>Dijo tambi\u00e9n que est\u00e1n trabajando fuertemente con el apoyo de las familias, a trav\u00e9s de las Asociaciones de Cooperaciones Escolares (ACES). <\/p>\n\n\n\n<p>Asimismo, la directora de Salud Mental, reconoci\u00f3 que est\u00e1 siempre la pregunta de &#8220;\u00bfC\u00f3mo vamos a lograrlo si somos pocos los especialistas?&#8221;. Cont\u00f3 que en el mundo no son muchos los especialistas en salud mental y que Paraguay no es la excepci\u00f3n. <\/p>\n\n\n\n<p><strong>Le\u00e9 m\u00e1s: <a href=\"https:\/\/enlatitud25.com\/news\/paraguay-tiene-una-deuda-de-32-anos-en-salud-mental-y-la-ley-sigue-sin-aprobarse\/\" target=\"_blank\" rel=\"noreferrer noopener\">Paraguay tiene una deuda de 32 a\u00f1os en salud mental y la ley sigue sin aprobarse<\/a><\/strong><\/p>\n\n\n\n<p>&#8220;Tenemos 150 especialistas siendo que las recomendaciones internacionales hablan de 10 psiquiatras por cada 100.000 habitantes, nosotros tenemos alrededor de 1,7 o 1,8&#8221;, enfatiz\u00f3.<\/p>\n\n\n\n<p>Seguidamente, sostuvo que los pa\u00edses hicieron esta forma sin aislar al paciente del entorno familiar, capacitando a los profesionales de las unidades primarias de atenci\u00f3n, as\u00ed como se est\u00e1 haciendo en Pedro Juan Caballero.<\/p>\n\n\n\n<figure class=\"wp-block-image size-full\"><img decoding=\"async\" loading=\"lazy\" width=\"800\" height=\"500\" src=\"https:\/\/enlatitud25.com\/news\/wp-content\/uploads\/2023\/02\/pag1_Salud-mental-en-todos-hospitales-1.jpg\" alt=\"\" class=\"wp-image-13269\" srcset=\"https:\/\/enlatitud25.com\/news\/wp-content\/uploads\/2023\/02\/pag1_Salud-mental-en-todos-hospitales-1.jpg 800w, https:\/\/enlatitud25.com\/news\/wp-content\/uploads\/2023\/02\/pag1_Salud-mental-en-todos-hospitales-1-300x188.jpg 300w, https:\/\/enlatitud25.com\/news\/wp-content\/uploads\/2023\/02\/pag1_Salud-mental-en-todos-hospitales-1-768x480.jpg 768w, https:\/\/enlatitud25.com\/news\/wp-content\/uploads\/2023\/02\/pag1_Salud-mental-en-todos-hospitales-1-380x238.jpg 380w\" sizes=\"(max-width: 800px) 100vw, 800px\" \/><\/figure>\n\n\n\n<p>&#8220;Capacitaci\u00f3n a m\u00e9dicos de familia, a promotores de salud, enfermeras y psic\u00f3logos. A todos los profesionales de salud para acortar esa brecha hist\u00f3rica. Con esta ley tiene un presupuesto adicional con el 10% de los juegos de azar; el 50% del 50% que recibe Salud del Fonacide y otras instituciones con la que debemos seguir trabajando&#8221;, concluy\u00f3.<\/p>\n","protected":false},"excerpt":{"rendered":"Las autoridades sanitarias anunciaron este jueves, una serie de cambios en el sistema de atenci\u00f3n de la salud mental, tras detectarse un preocupante crecimiento de casos de cuadros psic\u00f3ticos. Se\u00f1alaron que los ni\u00f1os y adolescentes fueron los m\u00e1s afectados por la pandemia de COVID-19, pero que aun se desconocen los efectos reales. Te contamos c\u00f3mo piensan enfrentar este drama ante un d\u00e9ficit de personal capacitado\n","protected":false},"author":1,"featured_media":13261,"comment_status":"closed","ping_status":"closed","sticky":false,"template":"","format":"standard","meta":[],"categories":[20],"tags":[1391,418,71,1390],"ubicacion":[18],"yoast_head":"<!-- This site is optimized with the Yoast SEO plugin v20.8 - https:\/\/yoast.com\/wordpress\/plugins\/seo\/ -->\n<title>La tan esperada reforma de salud mental ya est\u00e1 en marcha: te damos los detalles &ndash; Latitud25<\/title>\n<meta name=\"description\" content=\"En esta nota te contamos de qu\u00e9 tratan las modificaciones en el servicio de salud mental y c\u00f3mo se llevar\u00e1n a cabo.\" \/>\n<meta name=\"robots\" content=\"index, follow, max-snippet:-1, max-image-preview:large, max-video-preview:-1\" \/>\n<link rel=\"canonical\" href=\"https:\/\/enlatitud25.com\/news\/la-tan-esperada-reforma-de-salud-mental-ya-esta-en-marcha-te-damos-los-detalles\/\" \/>\n<meta property=\"og:locale\" content=\"es_ES\" \/>\n<meta property=\"og:type\" content=\"article\" \/>\n<meta property=\"og:title\" content=\"La tan esperada reforma de salud mental ya est\u00e1 en marcha: te damos los detalles &ndash; Latitud25\" \/>\n<meta property=\"og:description\" content=\"En esta nota te contamos de qu\u00e9 tratan las modificaciones en el servicio de salud mental y c\u00f3mo se llevar\u00e1n a cabo.\" \/>\n<meta property=\"og:url\" content=\"https:\/\/enlatitud25.com\/news\/la-tan-esperada-reforma-de-salud-mental-ya-esta-en-marcha-te-damos-los-detalles\/\" \/>\n<meta property=\"og:site_name\" content=\"Latitud25\" \/>\n<meta property=\"article:publisher\" content=\"https:\/\/www.facebook.com\/EnLatitud25\" \/>\n<meta property=\"article:author\" content=\"https:\/\/www.facebook.com\/EnLatitud25\" \/>\n<meta property=\"article:published_time\" content=\"2023-02-16T21:14:33+00:00\" \/>\n<meta property=\"article:modified_time\" content=\"2023-02-16T21:14:35+00:00\" \/>\n<meta property=\"og:image\" content=\"https:\/\/enlatitud25.com\/news\/wp-content\/uploads\/2023\/02\/portada_Salud-mental-en-todos-hospitales.jpg\" \/>\n\t<meta property=\"og:image:width\" content=\"800\" \/>\n\t<meta property=\"og:image:height\" content=\"500\" \/>\n\t<meta property=\"og:image:type\" content=\"image\/jpeg\" \/>\n<meta name=\"author\" content=\"Latitud 25\" \/>\n<meta name=\"twitter:card\" content=\"summary_large_image\" \/>\n<meta name=\"twitter:creator\" content=\"@EnLatitud25\" \/>\n<meta name=\"twitter:site\" content=\"@EnLatitud25\" \/>\n<meta name=\"twitter:label1\" content=\"Escrito por\" \/>\n\t<meta name=\"twitter:data1\" content=\"Latitud 25\" \/>\n\t<meta name=\"twitter:label2\" content=\"Tiempo de lectura\" \/>\n\t<meta name=\"twitter:data2\" content=\"6 minutos\" \/>\n<script type=\"application\/ld+json\" class=\"yoast-schema-graph\">{\"@context\":\"https:\/\/schema.org\",\"@graph\":[{\"@type\":\"Article\",\"@id\":\"https:\/\/enlatitud25.com\/news\/la-tan-esperada-reforma-de-salud-mental-ya-esta-en-marcha-te-damos-los-detalles\/#article\",\"isPartOf\":{\"@id\":\"https:\/\/enlatitud25.com\/news\/la-tan-esperada-reforma-de-salud-mental-ya-esta-en-marcha-te-damos-los-detalles\/\"},\"author\":{\"name\":\"Latitud 25\",\"@id\":\"https:\/\/enlatitud25.com\/news\/#\/schema\/person\/23aafe968917005a721b8eb760f2586e\"},\"headline\":\"La tan esperada reforma de salud mental ya est\u00e1 en marcha: te damos los detalles\",\"datePublished\":\"2023-02-16T21:14:33+00:00\",\"dateModified\":\"2023-02-16T21:14:35+00:00\",\"mainEntityOfPage\":{\"@id\":\"https:\/\/enlatitud25.com\/news\/la-tan-esperada-reforma-de-salud-mental-ya-esta-en-marcha-te-damos-los-detalles\/\"},\"wordCount\":1095,\"publisher\":{\"@id\":\"https:\/\/enlatitud25.com\/news\/#organization\"},\"keywords\":[\"capacitaci\u00f3n\",\"reforma\",\"salud mental\",\"servicios\"],\"articleSection\":[\"Salud\"],\"inLanguage\":\"es\"},{\"@type\":\"WebPage\",\"@id\":\"https:\/\/enlatitud25.com\/news\/la-tan-esperada-reforma-de-salud-mental-ya-esta-en-marcha-te-damos-los-detalles\/\",\"url\":\"https:\/\/enlatitud25.com\/news\/la-tan-esperada-reforma-de-salud-mental-ya-esta-en-marcha-te-damos-los-detalles\/\",\"name\":\"La tan esperada reforma de salud mental ya est\u00e1 en marcha: te damos los detalles &ndash; Latitud25\",\"isPartOf\":{\"@id\":\"https:\/\/enlatitud25.com\/news\/#website\"},\"datePublished\":\"2023-02-16T21:14:33+00:00\",\"dateModified\":\"2023-02-16T21:14:35+00:00\",\"description\":\"En esta nota te contamos de qu\u00e9 tratan las modificaciones en el servicio de salud mental y c\u00f3mo se llevar\u00e1n a cabo.\",\"breadcrumb\":{\"@id\":\"https:\/\/enlatitud25.com\/news\/la-tan-esperada-reforma-de-salud-mental-ya-esta-en-marcha-te-damos-los-detalles\/#breadcrumb\"},\"inLanguage\":\"es\",\"potentialAction\":[{\"@type\":\"ReadAction\",\"target\":[\"https:\/\/enlatitud25.com\/news\/la-tan-esperada-reforma-de-salud-mental-ya-esta-en-marcha-te-damos-los-detalles\/\"]}]},{\"@type\":\"BreadcrumbList\",\"@id\":\"https:\/\/enlatitud25.com\/news\/la-tan-esperada-reforma-de-salud-mental-ya-esta-en-marcha-te-damos-los-detalles\/#breadcrumb\",\"itemListElement\":[{\"@type\":\"ListItem\",\"position\":1,\"name\":\"Home\",\"item\":\"https:\/\/enlatitud25.com\/news\/\"},{\"@type\":\"ListItem\",\"position\":2,\"name\":\"La tan esperada reforma de salud mental ya est\u00e1 en marcha: te damos los detalles\"}]},{\"@type\":\"WebSite\",\"@id\":\"https:\/\/enlatitud25.com\/news\/#website\",\"url\":\"https:\/\/enlatitud25.com\/news\/\",\"name\":\"Latitud25\",\"description\":\"news\",\"publisher\":{\"@id\":\"https:\/\/enlatitud25.com\/news\/#organization\"},\"potentialAction\":[{\"@type\":\"SearchAction\",\"target\":{\"@type\":\"EntryPoint\",\"urlTemplate\":\"https:\/\/enlatitud25.com\/news\/?s={search_term_string}\"},\"query-input\":\"required name=search_term_string\"}],\"inLanguage\":\"es\"},{\"@type\":\"Organization\",\"@id\":\"https:\/\/enlatitud25.com\/news\/#organization\",\"name\":\"Latitud 25 - News\",\"url\":\"https:\/\/enlatitud25.com\/news\/\",\"logo\":{\"@type\":\"ImageObject\",\"inLanguage\":\"es\",\"@id\":\"https:\/\/enlatitud25.com\/news\/#\/schema\/logo\/image\/\",\"url\":\"https:\/\/enlatitud25.com\/news\/wp-content\/uploads\/2020\/11\/logo_latitud.png\",\"contentUrl\":\"https:\/\/enlatitud25.com\/news\/wp-content\/uploads\/2020\/11\/logo_latitud.png\",\"width\":235,\"height\":39,\"caption\":\"Latitud 25 - News\"},\"image\":{\"@id\":\"https:\/\/enlatitud25.com\/news\/#\/schema\/logo\/image\/\"},\"sameAs\":[\"https:\/\/www.facebook.com\/EnLatitud25\",\"https:\/\/twitter.com\/EnLatitud25\",\"https:\/\/www.instagram.com\/enlatitud25\/\",\"https:\/\/www.youtube.com\/user\/desdelatitud25\"]},{\"@type\":\"Person\",\"@id\":\"https:\/\/enlatitud25.com\/news\/#\/schema\/person\/23aafe968917005a721b8eb760f2586e\",\"name\":\"Latitud 25\",\"sameAs\":[\"https:\/\/enlatitud25.com\/news\",\"https:\/\/www.facebook.com\/EnLatitud25\",\"https:\/\/www.instagram.com\/enlatitud25\",\"https:\/\/www.youtube.com\/user\/desdelatitud25\",\"https:\/\/soundcloud.com\/enlatitud25\"],\"url\":\"https:\/\/enlatitud25.com\/news\/author\/nnews-uss00\/\"}]}<\/script>\n<!-- \/ Yoast SEO plugin. -->","yoast_head_json":{"title":"La tan esperada reforma de salud mental ya est\u00e1 en marcha: te damos los detalles &ndash; Latitud25","description":"En esta nota te contamos de qu\u00e9 tratan las modificaciones en el servicio de salud mental y c\u00f3mo se llevar\u00e1n a cabo.","robots":{"index":"index","follow":"follow","max-snippet":"max-snippet:-1","max-image-preview":"max-image-preview:large","max-video-preview":"max-video-preview:-1"},"canonical":"https:\/\/enlatitud25.com\/news\/la-tan-esperada-reforma-de-salud-mental-ya-esta-en-marcha-te-damos-los-detalles\/","og_locale":"es_ES","og_type":"article","og_title":"La tan esperada reforma de salud mental ya est\u00e1 en marcha: te damos los detalles &ndash; Latitud25","og_description":"En esta nota te contamos de qu\u00e9 tratan las modificaciones en el servicio de salud mental y c\u00f3mo se llevar\u00e1n a cabo.","og_url":"https:\/\/enlatitud25.com\/news\/la-tan-esperada-reforma-de-salud-mental-ya-esta-en-marcha-te-damos-los-detalles\/","og_site_name":"Latitud25","article_publisher":"https:\/\/www.facebook.com\/EnLatitud25","article_author":"https:\/\/www.facebook.com\/EnLatitud25","article_published_time":"2023-02-16T21:14:33+00:00","article_modified_time":"2023-02-16T21:14:35+00:00","og_image":[{"width":800,"height":500,"url":"https:\/\/enlatitud25.com\/news\/wp-content\/uploads\/2023\/02\/portada_Salud-mental-en-todos-hospitales.jpg","type":"image\/jpeg"}],"author":"Latitud 25","twitter_card":"summary_large_image","twitter_creator":"@EnLatitud25","twitter_site":"@EnLatitud25","twitter_misc":{"Escrito por":"Latitud 25","Tiempo de lectura":"6 minutos"},"schema":{"@context":"https:\/\/schema.org","@graph":[{"@type":"Article","@id":"https:\/\/enlatitud25.com\/news\/la-tan-esperada-reforma-de-salud-mental-ya-esta-en-marcha-te-damos-los-detalles\/#article","isPartOf":{"@id":"https:\/\/enlatitud25.com\/news\/la-tan-esperada-reforma-de-salud-mental-ya-esta-en-marcha-te-damos-los-detalles\/"},"author":{"name":"Latitud 25","@id":"https:\/\/enlatitud25.com\/news\/#\/schema\/person\/23aafe968917005a721b8eb760f2586e"},"headline":"La tan esperada reforma de salud mental ya est\u00e1 en marcha: te damos los detalles","datePublished":"2023-02-16T21:14:33+00:00","dateModified":"2023-02-16T21:14:35+00:00","mainEntityOfPage":{"@id":"https:\/\/enlatitud25.com\/news\/la-tan-esperada-reforma-de-salud-mental-ya-esta-en-marcha-te-damos-los-detalles\/"},"wordCount":1095,"publisher":{"@id":"https:\/\/enlatitud25.com\/news\/#organization"},"keywords":["capacitaci\u00f3n","reforma","salud mental","servicios"],"articleSection":["Salud"],"inLanguage":"es"},{"@type":"WebPage","@id":"https:\/\/enlatitud25.com\/news\/la-tan-esperada-reforma-de-salud-mental-ya-esta-en-marcha-te-damos-los-detalles\/","url":"https:\/\/enlatitud25.com\/news\/la-tan-esperada-reforma-de-salud-mental-ya-esta-en-marcha-te-damos-los-detalles\/","name":"La tan esperada reforma de salud mental ya est\u00e1 en marcha: te damos los detalles &ndash; Latitud25","isPartOf":{"@id":"https:\/\/enlatitud25.com\/news\/#website"},"datePublished":"2023-02-16T21:14:33+00:00","dateModified":"2023-02-16T21:14:35+00:00","description":"En esta nota te contamos de qu\u00e9 tratan las modificaciones en el servicio de salud mental y c\u00f3mo se llevar\u00e1n a cabo.","breadcrumb":{"@id":"https:\/\/enlatitud25.com\/news\/la-tan-esperada-reforma-de-salud-mental-ya-esta-en-marcha-te-damos-los-detalles\/#breadcrumb"},"inLanguage":"es","potentialAction":[{"@type":"ReadAction","target":["https:\/\/enlatitud25.com\/news\/la-tan-esperada-reforma-de-salud-mental-ya-esta-en-marcha-te-damos-los-detalles\/"]}]},{"@type":"BreadcrumbList","@id":"https:\/\/enlatitud25.com\/news\/la-tan-esperada-reforma-de-salud-mental-ya-esta-en-marcha-te-damos-los-detalles\/#breadcrumb","itemListElement":[{"@type":"ListItem","position":1,"name":"Home","item":"https:\/\/enlatitud25.com\/news\/"},{"@type":"ListItem","position":2,"name":"La tan esperada reforma de salud mental ya est\u00e1 en marcha: te damos los detalles"}]},{"@type":"WebSite","@id":"https:\/\/enlatitud25.com\/news\/#website","url":"https:\/\/enlatitud25.com\/news\/","name":"Latitud25","description":"news","publisher":{"@id":"https:\/\/enlatitud25.com\/news\/#organization"},"potentialAction":[{"@type":"SearchAction","target":{"@type":"EntryPoint","urlTemplate":"https:\/\/enlatitud25.com\/news\/?s={search_term_string}"},"query-input":"required name=search_term_string"}],"inLanguage":"es"},{"@type":"Organization","@id":"https:\/\/enlatitud25.com\/news\/#organization","name":"Latitud 25 - News","url":"https:\/\/enlatitud25.com\/news\/","logo":{"@type":"ImageObject","inLanguage":"es","@id":"https:\/\/enlatitud25.com\/news\/#\/schema\/logo\/image\/","url":"https:\/\/enlatitud25.com\/news\/wp-content\/uploads\/2020\/11\/logo_latitud.png","contentUrl":"https:\/\/enlatitud25.com\/news\/wp-content\/uploads\/2020\/11\/logo_latitud.png","width":235,"height":39,"caption":"Latitud 25 - News"},"image":{"@id":"https:\/\/enlatitud25.com\/news\/#\/schema\/logo\/image\/"},"sameAs":["https:\/\/www.facebook.com\/EnLatitud25","https:\/\/twitter.com\/EnLatitud25","https:\/\/www.instagram.com\/enlatitud25\/","https:\/\/www.youtube.com\/user\/desdelatitud25"]},{"@type":"Person","@id":"https:\/\/enlatitud25.com\/news\/#\/schema\/person\/23aafe968917005a721b8eb760f2586e","name":"Latitud 25","sameAs":["https:\/\/enlatitud25.com\/news","https:\/\/www.facebook.com\/EnLatitud25","https:\/\/www.instagram.com\/enlatitud25","https:\/\/www.youtube.com\/user\/desdelatitud25","https:\/\/soundcloud.com\/enlatitud25"],"url":"https:\/\/enlatitud25.com\/news\/author\/nnews-uss00\/"}]}},"_links":{"self":[{"href":"https:\/\/enlatitud25.com\/news\/wp-json\/wp\/v2\/posts\/13215"}],"collection":[{"href":"https:\/\/enlatitud25.com\/news\/wp-json\/wp\/v2\/posts"}],"about":[{"href":"https:\/\/enlatitud25.com\/news\/wp-json\/wp\/v2\/types\/post"}],"author":[{"embeddable":true,"href":"https:\/\/enlatitud25.com\/news\/wp-json\/wp\/v2\/users\/1"}],"replies":[{"embeddable":true,"href":"https:\/\/enlatitud25.com\/news\/wp-json\/wp\/v2\/comments?post=13215"}],"version-history":[{"count":27,"href":"https:\/\/enlatitud25.com\/news\/wp-json\/wp\/v2\/posts\/13215\/revisions"}],"predecessor-version":[{"id":13285,"href":"https:\/\/enlatitud25.com\/news\/wp-json\/wp\/v2\/posts\/13215\/revisions\/13285"}],"wp:featuredmedia":[{"embeddable":true,"href":"https:\/\/enlatitud25.com\/news\/wp-json\/wp\/v2\/media\/13261"}],"wp:attachment":[{"href":"https:\/\/enlatitud25.com\/news\/wp-json\/wp\/v2\/media?parent=13215"}],"wp:term":[{"taxonomy":"category","embeddable":true,"href":"https:\/\/enlatitud25.com\/news\/wp-json\/wp\/v2\/categories?post=13215"},{"taxonomy":"post_tag","embeddable":true,"href":"https:\/\/enlatitud25.com\/news\/wp-json\/wp\/v2\/tags?post=13215"},{"taxonomy":"ubicacion","embeddable":true,"href":"https:\/\/enlatitud25.com\/news\/wp-json\/wp\/v2\/ubicacion?post=13215"}],"curies":[{"name":"wp","href":"https:\/\/api.w.org\/{rel}","templated":true}]}}