{"id":13007,"date":"2023-02-09T15:59:22","date_gmt":"2023-02-09T15:59:22","guid":{"rendered":"https:\/\/enlatitud25.com\/news\/?p=13007"},"modified":"2023-02-09T15:59:24","modified_gmt":"2023-02-09T15:59:24","slug":"analizamos-el-caso-de-la-joven-que-reacciono-contra-un-acosador-en-el-bus","status":"publish","type":"post","link":"https:\/\/enlatitud25.com\/news\/analizamos-el-caso-de-la-joven-que-reacciono-contra-un-acosador-en-el-bus\/","title":{"rendered":"Analizamos el caso de la joven que reaccion\u00f3 contra un acosador en el bus"},"content":{"rendered":"\n<p>El presunto degenerado fue identificado como Antonio Gim\u00e9nez (65). El hombre, seg\u00fan la denuncia, adem\u00e1s de exhibir sus genitales y masturbarse en p\u00fablico, manose\u00f3 a su v\u00edctima; apoyando su miembro y apret\u00e1ndole las nalgas.<\/p>\n\n\n\n<p>Ante esto, la joven reaccion\u00f3 y lo enfrent\u00f3 en el colectivo, golpe\u00e1ndolo en la cabeza con su zapato, logrando que otros pocos pasajeros la ayuden a llevarlo hasta la Comisar\u00eda 32 en Capiat\u00e1 y que no huya. Tras el hecho, el hombre se encuentra a disposici\u00f3n del Ministerio P\u00fablico.<\/p>\n\n\n\n<p>La joven pudo grabar el momento en el que increp\u00f3 al supuesto depravado y lo poste\u00f3 en su cuenta de Instagram (<a href=\"https:\/\/www.instagram.com\/ajenniifer_\/\" target=\"_blank\" rel=\"noreferrer noopener\">@ajenniifer_<\/a>), donde recibi\u00f3 todo tipo de comentarios; desde mensajes de apoyo, hasta reclamos por haber exagerado la situaci\u00f3n y maltratado a su victimario.<\/p>\n\n\n\n<blockquote class=\"instagram-media\" data-instgrm-permalink=\"https:\/\/www.instagram.com\/reel\/CoVwDKCAgoB\/?utm_source=ig_embed&amp;utm_campaign=loading\" data-instgrm-version=\"14\" style=\" background:#FFF; border:0; border-radius:3px; box-shadow:0 0 1px 0 rgba(0,0,0,0.5),0 1px 10px 0 rgba(0,0,0,0.15); margin: 1px; max-width:540px; min-width:326px; padding:0; width:99.375%; width:-webkit-calc(100% - 2px); width:calc(100% - 2px);\"><div style=\"padding:16px;\"> <a href=\"https:\/\/www.instagram.com\/reel\/CoVwDKCAgoB\/?utm_source=ig_embed&amp;utm_campaign=loading\" style=\" background:#FFFFFF; line-height:0; padding:0 0; text-align:center; text-decoration:none; width:100%;\" target=\"_blank\" rel=\"noopener\"> <div style=\" display: flex; flex-direction: row; align-items: center;\"> <div style=\"background-color: #F4F4F4; border-radius: 50%; flex-grow: 0; height: 40px; margin-right: 14px; width: 40px;\"><\/div> <div style=\"display: flex; flex-direction: column; flex-grow: 1; justify-content: center;\"> <div style=\" background-color: #F4F4F4; border-radius: 4px; flex-grow: 0; height: 14px; margin-bottom: 6px; width: 100px;\"><\/div> <div style=\" background-color: #F4F4F4; border-radius: 4px; flex-grow: 0; height: 14px; width: 60px;\"><\/div><\/div><\/div><div style=\"padding: 19% 0;\"><\/div> <div style=\"display:block; height:50px; margin:0 auto 12px; width:50px;\"><svg width=\"50px\" height=\"50px\" viewBox=\"0 0 60 60\" version=\"1.1\" xmlns=\"https:\/\/www.w3.org\/2000\/svg\" xmlns:xlink=\"https:\/\/www.w3.org\/1999\/xlink\"><g stroke=\"none\" stroke-width=\"1\" fill=\"none\" fill-rule=\"evenodd\"><g transform=\"translate(-511.000000, -20.000000)\" fill=\"#000000\"><g><path d=\"M556.869,30.41 C554.814,30.41 553.148,32.076 553.148,34.131 C553.148,36.186 554.814,37.852 556.869,37.852 C558.924,37.852 560.59,36.186 560.59,34.131 C560.59,32.076 558.924,30.41 556.869,30.41 M541,60.657 C535.114,60.657 530.342,55.887 530.342,50 C530.342,44.114 535.114,39.342 541,39.342 C546.887,39.342 551.658,44.114 551.658,50 C551.658,55.887 546.887,60.657 541,60.657 M541,33.886 C532.1,33.886 524.886,41.1 524.886,50 C524.886,58.899 532.1,66.113 541,66.113 C549.9,66.113 557.115,58.899 557.115,50 C557.115,41.1 549.9,33.886 541,33.886 M565.378,62.101 C565.244,65.022 564.756,66.606 564.346,67.663 C563.803,69.06 563.154,70.057 562.106,71.106 C561.058,72.155 560.06,72.803 558.662,73.347 C557.607,73.757 556.021,74.244 553.102,74.378 C549.944,74.521 548.997,74.552 541,74.552 C533.003,74.552 532.056,74.521 528.898,74.378 C525.979,74.244 524.393,73.757 523.338,73.347 C521.94,72.803 520.942,72.155 519.894,71.106 C518.846,70.057 518.197,69.06 517.654,67.663 C517.244,66.606 516.755,65.022 516.623,62.101 C516.479,58.943 516.448,57.996 516.448,50 C516.448,42.003 516.479,41.056 516.623,37.899 C516.755,34.978 517.244,33.391 517.654,32.338 C518.197,30.938 518.846,29.942 519.894,28.894 C520.942,27.846 521.94,27.196 523.338,26.654 C524.393,26.244 525.979,25.756 528.898,25.623 C532.057,25.479 533.004,25.448 541,25.448 C548.997,25.448 549.943,25.479 553.102,25.623 C556.021,25.756 557.607,26.244 558.662,26.654 C560.06,27.196 561.058,27.846 562.106,28.894 C563.154,29.942 563.803,30.938 564.346,32.338 C564.756,33.391 565.244,34.978 565.378,37.899 C565.522,41.056 565.552,42.003 565.552,50 C565.552,57.996 565.522,58.943 565.378,62.101 M570.82,37.631 C570.674,34.438 570.167,32.258 569.425,30.349 C568.659,28.377 567.633,26.702 565.965,25.035 C564.297,23.368 562.623,22.342 560.652,21.575 C558.743,20.834 556.562,20.326 553.369,20.18 C550.169,20.033 549.148,20 541,20 C532.853,20 531.831,20.033 528.631,20.18 C525.438,20.326 523.257,20.834 521.349,21.575 C519.376,22.342 517.703,23.368 516.035,25.035 C514.368,26.702 513.342,28.377 512.574,30.349 C511.834,32.258 511.326,34.438 511.181,37.631 C511.035,40.831 511,41.851 511,50 C511,58.147 511.035,59.17 511.181,62.369 C511.326,65.562 511.834,67.743 512.574,69.651 C513.342,71.625 514.368,73.296 516.035,74.965 C517.703,76.634 519.376,77.658 521.349,78.425 C523.257,79.167 525.438,79.673 528.631,79.82 C531.831,79.965 532.853,80.001 541,80.001 C549.148,80.001 550.169,79.965 553.369,79.82 C556.562,79.673 558.743,79.167 560.652,78.425 C562.623,77.658 564.297,76.634 565.965,74.965 C567.633,73.296 568.659,71.625 569.425,69.651 C570.167,67.743 570.674,65.562 570.82,62.369 C570.966,59.17 571,58.147 571,50 C571,41.851 570.966,40.831 570.82,37.631\"><\/path><\/g><\/g><\/g><\/svg><\/div><div style=\"padding-top: 8px;\"> <div style=\" color:#3897f0; font-family:Arial,sans-serif; font-size:14px; font-style:normal; font-weight:550; line-height:18px;\">Ver esta publicaci\u00f3n en Instagram<\/div><\/div><div style=\"padding: 12.5% 0;\"><\/div> <div style=\"display: flex; flex-direction: row; margin-bottom: 14px; align-items: center;\"><div> <div style=\"background-color: #F4F4F4; border-radius: 50%; height: 12.5px; width: 12.5px; transform: translateX(0px) translateY(7px);\"><\/div> <div style=\"background-color: #F4F4F4; height: 12.5px; transform: rotate(-45deg) translateX(3px) translateY(1px); width: 12.5px; flex-grow: 0; margin-right: 14px; margin-left: 2px;\"><\/div> <div style=\"background-color: #F4F4F4; border-radius: 50%; height: 12.5px; width: 12.5px; transform: translateX(9px) translateY(-18px);\"><\/div><\/div><div style=\"margin-left: 8px;\"> <div style=\" background-color: #F4F4F4; border-radius: 50%; flex-grow: 0; height: 20px; width: 20px;\"><\/div> <div style=\" width: 0; height: 0; border-top: 2px solid transparent; border-left: 6px solid #f4f4f4; border-bottom: 2px solid transparent; transform: translateX(16px) translateY(-4px) rotate(30deg)\"><\/div><\/div><div style=\"margin-left: auto;\"> <div style=\" width: 0px; border-top: 8px solid #F4F4F4; border-right: 8px solid transparent; transform: translateY(16px);\"><\/div> <div style=\" background-color: #F4F4F4; flex-grow: 0; height: 12px; width: 16px; transform: translateY(-4px);\"><\/div> <div style=\" width: 0; height: 0; border-top: 8px solid #F4F4F4; border-left: 8px solid transparent; transform: translateY(-4px) translateX(8px);\"><\/div><\/div><\/div> <div style=\"display: flex; flex-direction: column; flex-grow: 1; justify-content: center; margin-bottom: 24px;\"> <div style=\" background-color: #F4F4F4; border-radius: 4px; flex-grow: 0; height: 14px; margin-bottom: 6px; width: 224px;\"><\/div> <div style=\" background-color: #F4F4F4; border-radius: 4px; flex-grow: 0; height: 14px; width: 144px;\"><\/div><\/div><\/a><p style=\" color:#c9c8cd; font-family:Arial,sans-serif; font-size:14px; line-height:17px; margin-bottom:0; margin-top:8px; overflow:hidden; padding:8px 0 7px; text-align:center; text-overflow:ellipsis; white-space:nowrap;\"><a href=\"https:\/\/www.instagram.com\/reel\/CoVwDKCAgoB\/?utm_source=ig_embed&amp;utm_campaign=loading\" style=\" color:#c9c8cd; font-family:Arial,sans-serif; font-size:14px; font-style:normal; font-weight:normal; line-height:17px; text-decoration:none;\" target=\"_blank\" rel=\"noopener\">Una publicaci\u00f3n compartida por \ud835\udca5\ud835\udc52\ud835\udcc3\ud835\udcc3\ud835\udcbe\ud835\udcbb\ud835\udc52\ud835\udcc7 (@ajenniifer_)<\/a><\/p><\/div><\/blockquote> <script async src=\"\/\/www.instagram.com\/embed.js\"><\/script>\n\n\n\n<p>Incluso, hubo mujeres que agregaron sus testimonios y narraron que en el pasado tambi\u00e9n fueron v\u00edctimas de este hombre y de otros, que hacen de la masturbaci\u00f3n un arma de acoso y abuso.<\/p>\n\n\n\n<p>Dentro de la oleada de abusos sexuales que salen a la luz, la gran mayor\u00eda de ellos se da por un pleno convencimiento cultural por parte de los hombres, a poder cometer este tipo de hechos impunemente, a sabiendas que casos as\u00ed no tuvieron sanciones ejemplares en el pasado.<\/p>\n\n\n\n<p>Es por esto, que los especialistas instan a no normalizar este tipo de agresiones y denunciarlas ante las instancias correspondientes.<\/p>\n\n\n\n<p>Sin embargo, existen tambi\u00e9n trastornos que pueden generar conductas inapropiadas y sanciones graves, seg\u00fan lo que estipulan las normas locales sobre los hechos punibles contra la autonom\u00eda sexual.<\/p>\n\n\n\n<h4 id=\"es-una-parafilia-y-es-un-delito\" class=\"wp-block-heading\"><strong>Es una parafilia<\/strong> y es un delito<\/h4>\n\n\n\n<p>Seg\u00fan el <a href=\"https:\/\/www.eafit.edu.co\/ninos\/reddelaspreguntas\/Documents\/dsm-v-guia-consulta-manual-diagnostico-estadistico-trastornos-mentales.pdf\">Manual Diagn\u00f3stico y Estad\u00edstico de Trastornos Mentales<\/a> (MDE o DSM 5), las parafilias son impulsos sexuales, fantas\u00edas, o comportamientos recurrentes e intensos que implican actividades u objetos poco habituales. Sin embargo, para considerarse un trastorno mental deben adem\u00e1s causar da\u00f1o a otro o deteriorar la vida del sujeto.<\/p>\n\n\n\n<p>Entre las parafilias m\u00e1s conocidas aparecen el \u00ab<strong>Frotismo<\/strong>\u00bb: \u2018persona que se excita mediante el rozamiento del \u00f3rgano genital con el cuerpo de otra persona\u2019 y el \u00ab<strong>Exhibicionismo<\/strong>\u00bb: \u2018necesidad de una persona de desnudarse, mostrar los \u00f3rganos genitales o conductas sexuales o er\u00f3ticas de forma impulsiva\u2019.<\/p>\n\n\n\n<p>En otras palabras, la persona puede llegar a masturbarse o mostrar sus genitales en p\u00fablico, como fue el caso que estamos abordando.<\/p>\n\n\n\n<p>Al respecto, hablamos con el Dr.&nbsp;<a href=\"https:\/\/twitter.com\/arielgzg\" target=\"_blank\" rel=\"noreferrer noopener\">Ariel Gonz\u00e1lez Galeano<\/a>, psic\u00f3logo cl\u00ednico con m\u00e1ster en Sexolog\u00eda y Salud Sexual, quien manifest\u00f3 que siempre y cuando sea la \u00fanica forma en la que la persona consiga placer, de manera estereotipada y repetitiva; ah\u00ed estamos hablando de exhibicionismo, un trastorno mental.<\/p>\n\n\n\n<blockquote class=\"wp-block-quote\"><p>\u00abEso se trata, se ve y hay demasiadas opciones de tratamiento para que un exhibicionista justamente no caiga en eso y para que, al contrario, tenga una vida sexual saludable y evite este tipo de comportamientos\u00bb, agreg\u00f3.<\/p><\/blockquote>\n\n\n\n<p><strong>Le\u00e9 tambi\u00e9n: <a href=\"https:\/\/enlatitud25.com\/news\/sexologa-retruca-a-jessica-torres-sobre-masturbacion-y-sumision-de-la-mujer\/\" target=\"_blank\" rel=\"noreferrer noopener\">Sex\u00f3loga retruca a Jessica Torres sobre masturbaci\u00f3n y sumisi\u00f3n de la mujer<\/a><\/strong><\/p>\n\n\n\n<figure class=\"wp-block-image size-full\"><img decoding=\"async\" loading=\"lazy\" width=\"800\" height=\"500\" src=\"https:\/\/enlatitud25.com\/news\/wp-content\/uploads\/2023\/02\/pag3_Acoso_bus_defensa_mujer.jpg\" alt=\"\" class=\"wp-image-13030\" srcset=\"https:\/\/enlatitud25.com\/news\/wp-content\/uploads\/2023\/02\/pag3_Acoso_bus_defensa_mujer.jpg 800w, https:\/\/enlatitud25.com\/news\/wp-content\/uploads\/2023\/02\/pag3_Acoso_bus_defensa_mujer-300x188.jpg 300w, https:\/\/enlatitud25.com\/news\/wp-content\/uploads\/2023\/02\/pag3_Acoso_bus_defensa_mujer-768x480.jpg 768w, https:\/\/enlatitud25.com\/news\/wp-content\/uploads\/2023\/02\/pag3_Acoso_bus_defensa_mujer-380x238.jpg 380w\" sizes=\"(max-width: 800px) 100vw, 800px\" \/><\/figure>\n\n\n\n<p>El Art\u00edculo 132, del <a href=\"https:\/\/www.bacn.gov.py\/leyes-paraguayas\/3497\/codigo-penal\" target=\"_blank\" rel=\"noreferrer noopener\">C\u00f3digo Penal del Paraguay Ley N\u00ba 1.160\/97<\/a>, sobre los \u2018Actos exhibicionistas\u2019 menciona que \u00abel que realizara actos exhibicionistas que produjeran una perturbaci\u00f3n considerable o inquietaren en modo relevante a otra persona, ser\u00e1 castigado con pena de multa\u00bb.<\/p>\n\n\n\n<p>Adem\u00e1s, refiere que \u00abse podr\u00e1 prescindir de la ejecuci\u00f3n de la pena cuando el autor se sometiera a un tratamiento id\u00f3neo\u00bb, ya sea psiqui\u00e1trico o psicol\u00f3gico. Esto, aplicando -en lo pertinente- el Art\u00edculo 49 que trata sobre la Revocaci\u00f3n.<\/p>\n\n\n\n<blockquote class=\"wp-block-quote\"><p>\u00abSi le toc\u00f3 ya en alguna parte \u00edntima, pero no le amenaz\u00f3 de muerte o con hacerle da\u00f1o, no pasa a ser coacci\u00f3n sexual. Si es menor de edad (hasta 14 a\u00f1os), es considerado abuso sexual en ni\u00f1os\u00bb, explica el agente fiscal Julio C\u00e9sar Ortiz Gonz\u00e1lez.<\/p><\/blockquote>\n\n\n\n<p>Agreg\u00f3 que tampoco se configurar\u00eda en acoso sexual porque &#8216;no hubo abuso de la autoridad o influencia&#8217;, como refiere el Art\u00edculo 133 de la Ley N\u00ba 1.160\/97.<\/p>\n\n\n\n<h4 id=\"se-puede-alegar-parafilia-para-evitar-ser-imputado\" class=\"wp-block-heading\">\u00bfSe puede alegar &#8216;parafilia&#8217; para evitar ser imputado? <\/h4>\n\n\n\n<p>Seg\u00fan la <a href=\"https:\/\/www.scielo.cl\/scielo.php?script=sci_arttext&amp;pid=S0717-92272020000400447#:~:text=Las%20parafilias%20son%20trastornos%20de,sin%20comorbilidades%20psiqui%C3%A1tricas%20son%20imputables.\" target=\"_blank\" rel=\"noreferrer noopener\">Revista chilena de neuro-psiquiatr\u00eda, vol.58 no.4 (2020)<\/a>, \u00ablos delincuentes sexuales sin diagn\u00f3stico psiqui\u00e1trico, una vez que se verifica la plena presencia de la comprensi\u00f3n y la determinaci\u00f3n, son imputables\u00bb.<\/p>\n\n\n\n<p><br>Las parafilias son trastornos de preferencia sexual que <strong>no provocan la obnubilaci\u00f3n de la conciencia<\/strong>, trastornos sensoperceptivos o juicio de la realidad. Por lo tanto, la gran mayor\u00eda de los paraf\u00edlicos sin comorbilidades psiqui\u00e1tricas son imputables.<\/p>\n\n\n\n<p><br>Agrega que en la esquizofrenia y otros trastornos psic\u00f3ticos, los delitos sexuales pueden estar motivados por delirios y alucinaciones, siendo m\u00e1s comunes en estos casos la inimputabilidad, con la declaraci\u00f3n de medidas de seguridad (sentencia judicial).<\/p>\n\n\n\n<p><br>En ese mismo sentido, la agente fiscal Claudia Aguilera, de la Sede 1 del <a href=\"https:\/\/ministeriopublico.gov.py\/\" target=\"_blank\" rel=\"noreferrer noopener\">Ministerio P\u00fablico<\/a>, explica que ellos solicitan a los psiquiatras que puedan determinar si la persona puede o discernir sus actos, para determinar la reprochabilidad.<\/p>\n\n\n\n<blockquote class=\"wp-block-quote\"><p><br>\u00abPorque hay que descartar trastorno mental. Pero, si sufre de alguna condici\u00f3n, pero se puede controlar, es reprochable\u00bb, argumenta.<\/p><\/blockquote>\n\n\n\n<h4 id=\"una-modalidad-de-abuso\" class=\"wp-block-heading\"><strong>\u2018Una modalidad de abuso\u2019<\/strong><\/h4>\n\n\n\n<p><a href=\"https:\/\/www.sasstherapy.com\/quandra_chaffers.html\" target=\"_blank\" rel=\"noreferrer noopener\">Quandra Chaffers<\/a>, terapeuta especializada en comportamientos sexuales problem\u00e1ticos, quien trabaja en San Francisco (EE.UU.), abord\u00f3 este tipo de conductas en el <a href=\"https:\/\/www.huffpost.com\/\" target=\"_blank\" rel=\"noreferrer noopener\">Huffington Post<\/a> y describi\u00f3: \u00ablos atacantes utilizan a veces esta modalidad de abuso en vez del asalto f\u00edsico o violaci\u00f3n, como una forma calculada de evitar responsabilidades y consecuencias\u00bb.<\/p>\n\n\n\n<figure class=\"wp-block-image size-full\"><img decoding=\"async\" loading=\"lazy\" width=\"800\" height=\"500\" src=\"https:\/\/enlatitud25.com\/news\/wp-content\/uploads\/2023\/02\/pag2_Acoso_bus_defensa_mujer.jpg\" alt=\"\" class=\"wp-image-13031\" srcset=\"https:\/\/enlatitud25.com\/news\/wp-content\/uploads\/2023\/02\/pag2_Acoso_bus_defensa_mujer.jpg 800w, https:\/\/enlatitud25.com\/news\/wp-content\/uploads\/2023\/02\/pag2_Acoso_bus_defensa_mujer-300x188.jpg 300w, https:\/\/enlatitud25.com\/news\/wp-content\/uploads\/2023\/02\/pag2_Acoso_bus_defensa_mujer-768x480.jpg 768w, https:\/\/enlatitud25.com\/news\/wp-content\/uploads\/2023\/02\/pag2_Acoso_bus_defensa_mujer-380x238.jpg 380w\" sizes=\"(max-width: 800px) 100vw, 800px\" \/><\/figure>\n\n\n\n<p>No obstante, Chaffers afirma que la necesidad de masturbarse frente a una persona sin su consentimiento deber\u00eda entenderse como una expresi\u00f3n de violencia, y no como un acto de perversi\u00f3n.<\/p>\n\n\n\n<p>Por su parte, en el art\u00edculo \u2018<a href=\"https:\/\/www.vice.com\/es\/article\/vvamgy\/victimas-de-masturbacion-publica-comparten-sus-historias-traumaticas\" target=\"_blank\" rel=\"noreferrer noopener\">V\u00edctimas de masturbaci\u00f3n p\u00fablica comparten sus historias traum\u00e1ticas<\/a>\u2019, de <a href=\"https:\/\/www.vice.com\/es\" target=\"_blank\" rel=\"noreferrer noopener\">Vice<\/a>, el profesor asociado del Departamento de Derecho Penal de la Facultad de Econom\u00eda de Londres, <a href=\"https:\/\/www.lse.ac.uk\/law\/people\/academic-staff\/peter-ramsay\" target=\"_blank\" rel=\"noreferrer noopener\">Peter Ramsay<\/a>, explica que:<\/p>\n\n\n\n<blockquote class=\"wp-block-quote\"><p>\u00abparte del problema con este tipo de masturbaci\u00f3n p\u00fablica es que, aunque no haya contacto [el requisito previo para levantar un cargo por agresi\u00f3n sexual], hay una participaci\u00f3n no consensual en el placer sexual de otra persona, en la cual la v\u00edctima es tratada como el objeto del placer sexual del agresor\u00bb.<\/p><\/blockquote>\n\n\n\n<p>En otras palabras, dado que la masturbaci\u00f3n p\u00fablica casi nunca implica alg\u00fan tipo contacto f\u00edsico, no se le trata como una ofensa grave.<\/p>\n\n\n\n<p><\/p>\n\n\n\n<h4 id=\"no-hay-registros-especificos\" class=\"wp-block-heading\">No hay registros espec\u00edficos<\/h4>\n\n\n\n<p>\u00abEl acoso sexual en el transporte p\u00fablico es una de las principales manifestaciones de violencia basada en g\u00e9nero, y afecta principalmente a las mujeres y la poblaci\u00f3n LGBTIQ+ a la hora de movilizarse por nuestras ciudades\u00bb, refiere un estudio del <a href=\"https:\/\/cdn.www.gob.pe\/uploads\/document\/file\/560781\/Estudio_sobre_la_seguridad_y_presencia_de_mujeres_en_el_transporte_p%C3%BAblico.pdf\" target=\"_blank\" rel=\"noreferrer noopener\">Ministerio de Transporte de Per\u00fa (2020)<\/a>.<\/p>\n\n\n\n<p><br>En Lima y Callao, el 65% de las mujeres encuestadas dijo haber sufrido acoso sexual en el transporte p\u00fablico.<\/p>\n\n\n\n<p>En Paraguay, no hay registros sobre este punto en espec\u00edfico. Sin embargo, recientemente, el <a href=\"https:\/\/www.ine.gov.py\/news\/news-contenido.php?cod-news=1439#:~:text=De%20acuerdo%20a%20la%20Encuesta,el%20aumento%20de%20la%20edad\" target=\"_blank\" rel=\"noreferrer noopener\">Instituto Nacional de Estad\u00edstica<\/a> present\u00f3 la primera encuesta oficial sobre violencia basada en g\u00e9nero contra las mujeres que se realiz\u00f3 a nivel nacional.<\/p>\n\n\n\n<figure class=\"wp-block-embed is-type-rich is-provider-twitter wp-block-embed-twitter\"><div class=\"wp-block-embed__wrapper\">\n<blockquote class=\"twitter-tweet\" data-width=\"550\" data-dnt=\"true\"><p lang=\"es\" dir=\"ltr\">\u274c BASTA DE VIOLENCIA \u274c<br><br>\ud83d\udcc8 Por primera vez en Paraguay se dieron a conocer cifras oficiales de la violencia en contra de la mujer \u2640\ufe0f<a href=\"https:\/\/twitter.com\/hashtag\/L25?src=hash&amp;ref_src=twsrc%5Etfw\">#L25<\/a><a href=\"https:\/\/twitter.com\/hashtag\/BastadeViolencia?src=hash&amp;ref_src=twsrc%5Etfw\">#BastadeViolencia<\/a><a href=\"https:\/\/twitter.com\/hashtag\/NiUnaMenos?src=hash&amp;ref_src=twsrc%5Etfw\">#NiUnaMenos<\/a> <a href=\"https:\/\/t.co\/8PzTsWBZSU\">pic.twitter.com\/8PzTsWBZSU<\/a><\/p>&mdash; LATITUD 25 (@EnLatitud25) <a href=\"https:\/\/twitter.com\/EnLatitud25\/status\/1616176133157928960?ref_src=twsrc%5Etfw\">January 19, 2023<\/a><\/blockquote><script async src=\"https:\/\/platform.twitter.com\/widgets.js\" charset=\"utf-8\"><\/script>\n<\/div><\/figure>\n\n\n\n<p><br>De acuerdo a la Encuesta, a nivel pa\u00eds, <strong>78,5%<\/strong> de mujeres de 18 a\u00f1os y m\u00e1s ha sufrido alg\u00fan tipo de violencia basado en g\u00e9nero, al menos una vez a lo largo de su vida.<\/p>\n\n\n\n<p><br>En el \u00e1mbito de lo p\u00fablico (educativo, laboral y comunitario) se registra principalmente violencia sexual, incluyendo desde las formas m\u00e1s leves como piropos hasta las m\u00e1s graves como el asalto sexual. <strong>Alrededor del 63,1% sufri\u00f3 alg\u00fan tipo de violencia en el \u00e1mbito p\u00fablico, a lo largo de toda su vida<\/strong>.<\/p>\n\n\n\n<p><strong>Nota relacionada: <a href=\"https:\/\/enlatitud25.com\/news\/preocupa-el-relajo-hacia-la-gravedad-que-implica-la-violencia-contra-la-mujer\/\" target=\"_blank\" rel=\"noreferrer noopener\">Preocupa el relajo hacia la gravedad que implica la violencia contra la mujer<\/a><\/strong><\/p>\n\n\n\n<h4 id=\"las-secuelas-en-la-victima\" class=\"wp-block-heading\"><strong>Las secuelas en la v\u00edctima<\/strong><\/h4>\n\n\n\n<p>El exhibicionismo es una conducta muy aterradora para la v\u00edctima, porque no sabe qu\u00e9 va a suceder despu\u00e9s. Puede escalar violentamente a una coacci\u00f3n o abuso sexual. El verse como objeto de estimulaci\u00f3n sexual de un agresor puede traer repercusiones en el bienestar emocional, psicol\u00f3gico y social de una persona.<\/p>\n\n\n\n<figure class=\"wp-block-image size-full\"><img decoding=\"async\" loading=\"lazy\" width=\"800\" height=\"500\" src=\"https:\/\/enlatitud25.com\/news\/wp-content\/uploads\/2023\/02\/pag5_Acoso_bus_defensa_mujer.jpg\" alt=\"\" class=\"wp-image-13032\" srcset=\"https:\/\/enlatitud25.com\/news\/wp-content\/uploads\/2023\/02\/pag5_Acoso_bus_defensa_mujer.jpg 800w, https:\/\/enlatitud25.com\/news\/wp-content\/uploads\/2023\/02\/pag5_Acoso_bus_defensa_mujer-300x188.jpg 300w, https:\/\/enlatitud25.com\/news\/wp-content\/uploads\/2023\/02\/pag5_Acoso_bus_defensa_mujer-768x480.jpg 768w, https:\/\/enlatitud25.com\/news\/wp-content\/uploads\/2023\/02\/pag5_Acoso_bus_defensa_mujer-380x238.jpg 380w\" sizes=\"(max-width: 800px) 100vw, 800px\" \/><\/figure>\n\n\n\n<p>Muchas v\u00edctimas relatan que, al ser afectadas de sorpresa por un masturbador sufren ataques de ansiedad y quedan en shock, sin poder reaccionar, moverse e incluso poder pedir auxilio.<\/p>\n\n\n\n<p>Sobre este punto, el Dr. Gonz\u00e1lez Galeano sostiene que, definitivamente hay un impacto en las mujeres que son v\u00edctimas. Explica que hay personas v\u00edctimas de exhibicionismo que generan despu\u00e9s una aversi\u00f3n al sexo: ya no quieren saber nada de penes, no pueden hablar de penes. Adem\u00e1s, hay personas que tienen conflictos al intentar tener una vida sexual plena.<\/p>\n\n\n\n<blockquote class=\"wp-block-quote\"><p>\u00abEl exhibicionismo como tal, y me refiero a mostrar los genitales y recibir placer a trav\u00e9s de eso, se ve m\u00e1s en hombres\u00bb, agreg\u00f3.<\/p><\/blockquote>\n\n\n\n<p>A\u00f1ade que, cuando hablamos de tocamientos indebidos se configura en abuso sexual, algo que tiene muchas m\u00e1s implicancias que pueden llevar incluso a cuadros depresivos, porque las v\u00edctimas se sienten culpables. En el peor de los casos, esa depresi\u00f3n puede llevar a suicidios, alert\u00f3, considerando la gravedad del asunto.<\/p>\n\n\n\n<h4 id=\"de-la-realidad-a-la-ficcion-y-viceversa\" class=\"wp-block-heading\"><strong>De la realidad a la ficci\u00f3n<\/strong> y viceversa<\/h4>\n\n\n\n<p>Sin duda alguna, la serie de Netflix \u2018<a href=\"https:\/\/www.netflix.com\/title\/80197526\" target=\"_blank\" rel=\"noreferrer noopener\">Sex Education<\/a>\u2019 hizo un gran trabajo representando c\u00f3mo es el agravio por parte de un exhibicionista. En 2020, tanto la cr\u00edtica como los fans de la serie se rindieron ante el poderoso mensaje de la historia de Aimee Gibbs, que trajo a la mesa una situaci\u00f3n que viven las mujeres en todo el mundo.<\/p>\n\n\n\n<figure class=\"wp-block-image size-full\"><img decoding=\"async\" loading=\"lazy\" width=\"800\" height=\"500\" src=\"https:\/\/enlatitud25.com\/news\/wp-content\/uploads\/2023\/02\/pag4_Acoso_bus_defensa_mujer.jpg\" alt=\"\" class=\"wp-image-13033\" srcset=\"https:\/\/enlatitud25.com\/news\/wp-content\/uploads\/2023\/02\/pag4_Acoso_bus_defensa_mujer.jpg 800w, https:\/\/enlatitud25.com\/news\/wp-content\/uploads\/2023\/02\/pag4_Acoso_bus_defensa_mujer-300x188.jpg 300w, https:\/\/enlatitud25.com\/news\/wp-content\/uploads\/2023\/02\/pag4_Acoso_bus_defensa_mujer-768x480.jpg 768w, https:\/\/enlatitud25.com\/news\/wp-content\/uploads\/2023\/02\/pag4_Acoso_bus_defensa_mujer-380x238.jpg 380w\" sizes=\"(max-width: 800px) 100vw, 800px\" \/><\/figure>\n\n\n\n<p>(<strong>SPOILER ALERT)<\/strong> Y es en el cap\u00edtulo 7 de la temporada 2, que se ve c\u00f3mo Aimee, quien estaba castigada en el colegio con sus compa\u00f1eras, les confiesa que d\u00edas atr\u00e1s fue acosada sexualmente por un hombre que se masturbaba en el bus; lo que la afect\u00f3 tanto que desde entonces no pudo volver a subirse, por miedo a ser atacada otra vez.<\/p>\n\n\n\n<blockquote class=\"wp-block-quote\"><p>\u00ab\u00c9l ten\u00eda un rostro amable, lo recuerdo porque me sonri\u00f3. No parec\u00eda un asesino psic\u00f3pata masturbador. Entonces, si \u00e9l pudo hacer algo as\u00ed, cualquiera podr\u00eda\u00bb, expres\u00f3 Aimee.<\/p><\/blockquote>\n\n\n\n<p>Al d\u00eda siguiente, sus amigas se re\u00fanen en la parada del bus cerca de la casa de Aimee y la esperan. Le dicen que todas juntas subir\u00e1n al autob\u00fas, en un acto que es un s\u00edmbolo de sororidad que emocion\u00f3 a millones.<\/p>\n\n\n\n<figure class=\"wp-block-embed is-type-video is-provider-youtube wp-block-embed-youtube wp-embed-aspect-16-9 wp-has-aspect-ratio\"><div class=\"wp-block-embed__wrapper\">\n<iframe loading=\"lazy\" title=\"No est\u00e1s sola | Sex Education\" width=\"1200\" height=\"675\" src=\"https:\/\/www.youtube.com\/embed\/aDu_L6v9KTY?feature=oembed\" frameborder=\"0\" allow=\"accelerometer; autoplay; clipboard-write; encrypted-media; gyroscope; picture-in-picture; web-share\" allowfullscreen><\/iframe>\n<\/div><figcaption>No est\u00e1s sola | Sex Education<\/figcaption><\/figure>\n\n\n\n<h4 id=\"la-masturbacion-en-si-no-es-el-problema\" class=\"wp-block-heading\"><strong>La masturbaci\u00f3n, en s\u00ed, no es el problema<\/strong><\/h4>\n\n\n\n<p>Definitivamente, el problema no es el acto de la masturbaci\u00f3n en s\u00ed ya que es algo habitual en los seres humanos, no solo en la exploraci\u00f3n y b\u00fasqueda de placer, sino adem\u00e1s a efectos de liberaci\u00f3n de tensi\u00f3n.<\/p>\n\n\n\n<p>De hecho, desde Latitud 25 hemos abordado anteriormente discusiones al respecto como cuando se instal\u00f3 el debate sobre la masturbaci\u00f3n femenina y la b\u00fasqueda de placer o en reportajes audiovisuales visitando sex shops para erradicar tab\u00faes en relaci\u00f3n al erotismo y al placer.<\/p>\n\n\n\n<p><strong>Mir\u00e1 nuestro reportaje: <a href=\"https:\/\/youtu.be\/EUVd1-ClCXY\" target=\"_blank\" rel=\"noreferrer noopener\">#L25 &#8211; Ant\u00edtesis: La Dulce Manera de Conocer Tu Mapa Er\u00f3tico<\/a><\/strong><\/p>\n\n\n\n<figure class=\"wp-block-image size-full\"><img decoding=\"async\" loading=\"lazy\" width=\"800\" height=\"500\" src=\"https:\/\/enlatitud25.com\/news\/wp-content\/uploads\/2023\/02\/pag1_Acoso_bus_defensa_mujer.jpg\" alt=\"\" class=\"wp-image-13034\" srcset=\"https:\/\/enlatitud25.com\/news\/wp-content\/uploads\/2023\/02\/pag1_Acoso_bus_defensa_mujer.jpg 800w, https:\/\/enlatitud25.com\/news\/wp-content\/uploads\/2023\/02\/pag1_Acoso_bus_defensa_mujer-300x188.jpg 300w, https:\/\/enlatitud25.com\/news\/wp-content\/uploads\/2023\/02\/pag1_Acoso_bus_defensa_mujer-768x480.jpg 768w, https:\/\/enlatitud25.com\/news\/wp-content\/uploads\/2023\/02\/pag1_Acoso_bus_defensa_mujer-380x238.jpg 380w\" sizes=\"(max-width: 800px) 100vw, 800px\" \/><\/figure>\n\n\n\n<p>El problema radica en hacerlo en p\u00fablico y exponer a otras personas a esta inc\u00f3moda situaci\u00f3n. Adem\u00e1s, como vimos, esto podr\u00eda traer a la persona exhibicionista un problema legal ya que es un delito grave exponer los genitales y acosar a otra persona.<\/p>\n\n\n\n<p>Es importante mencionar que este trastorno de la sexualidad debe ser diagnosticado por un psic\u00f3logo o psiquiatra. No podemos llegar a conclusiones por un acto ocurrido ya que otras cosas pueden influir, como el uso de drogas o alcohol, los cuales pueden llevar a una persona a actos de exhibicionismo y luego no recordar los hechos ocurridos.<\/p>\n\n\n\n<p>Aunque, espec\u00edficamente en este caso, tras la publicaci\u00f3n de la joven afectada muchas otras mujeres aseguraron tambi\u00e9n haber sido v\u00edctimas del mismo exhibicionista.<\/p>\n\n\n\n<figure class=\"wp-block-embed is-type-video is-provider-youtube wp-block-embed-youtube wp-embed-aspect-16-9 wp-has-aspect-ratio\"><div class=\"wp-block-embed__wrapper\">\n<iframe loading=\"lazy\" title=\"Aimee, la culpa no era tuya | Sex Education\" width=\"1200\" height=\"675\" src=\"https:\/\/www.youtube.com\/embed\/CVWBjviW0wo?feature=oembed\" frameborder=\"0\" allow=\"accelerometer; autoplay; clipboard-write; encrypted-media; gyroscope; picture-in-picture; web-share\" allowfullscreen><\/iframe>\n<\/div><figcaption>Aimee, la culpa no era tuya | Sex Education<\/figcaption><\/figure>\n\n\n\n<p>Mir\u00e1 tambi\u00e9n: <a href=\"https:\/\/youtu.be\/KOUlT5lzNS0\" target=\"_blank\" rel=\"noreferrer noopener\">#L25 &#8211; Ant\u00edtesis: La Demanda de Erotismo<\/a><\/p>\n","protected":false},"excerpt":{"rendered":"El reciente caso de una joven que reaccion\u00f3 contra un hombre que la habr\u00eda acosado agresivamente dentro de un bus, hace necesario el abordaje de este tipo de comportamientos por parte -principal y casi exclusivamente- de los hombres. Hablamos con especialistas para comprender qu\u00e9 motiva a una persona a comportarse de esa manera, sin pudor, en espacios p\u00fablicos y analizamos por qu\u00e9 la v\u00edctima termina siendo la cuestionada.\n","protected":false},"author":1,"featured_media":13029,"comment_status":"closed","ping_status":"closed","sticky":false,"template":"","format":"standard","meta":[],"categories":[12],"tags":[1022,1000,1372,1373,71,1374],"ubicacion":[18],"yoast_head":"<!-- This site is optimized with the Yoast SEO plugin v20.8 - https:\/\/yoast.com\/wordpress\/plugins\/seo\/ -->\n<title>Analizamos el caso de la joven que reaccion\u00f3 contra un acosador en el bus &ndash; Latitud25<\/title>\n<meta name=\"description\" content=\"Mir\u00e1 nuestros reportajes audiovisuales y seguinos para enterarte de las \u00faltimas noticias de Paraguay y el mundo, desde la Latitud25. Somos Alternativa de Informaci\u00f3n.\" \/>\n<meta name=\"robots\" content=\"index, follow, max-snippet:-1, max-image-preview:large, max-video-preview:-1\" \/>\n<link rel=\"canonical\" href=\"https:\/\/enlatitud25.com\/news\/analizamos-el-caso-de-la-joven-que-reacciono-contra-un-acosador-en-el-bus\/\" \/>\n<meta property=\"og:locale\" content=\"es_ES\" \/>\n<meta property=\"og:type\" content=\"article\" \/>\n<meta property=\"og:title\" content=\"Analizamos el caso de la joven que reaccion\u00f3 contra un acosador en el bus &ndash; Latitud25\" \/>\n<meta property=\"og:description\" content=\"Mir\u00e1 nuestros reportajes audiovisuales y seguinos para enterarte de las \u00faltimas noticias de Paraguay y el mundo, desde la Latitud25. Somos Alternativa de Informaci\u00f3n.\" \/>\n<meta property=\"og:url\" content=\"https:\/\/enlatitud25.com\/news\/analizamos-el-caso-de-la-joven-que-reacciono-contra-un-acosador-en-el-bus\/\" \/>\n<meta property=\"og:site_name\" content=\"Latitud25\" \/>\n<meta property=\"article:publisher\" content=\"https:\/\/www.facebook.com\/EnLatitud25\" \/>\n<meta property=\"article:author\" content=\"https:\/\/www.facebook.com\/EnLatitud25\" \/>\n<meta property=\"article:published_time\" content=\"2023-02-09T15:59:22+00:00\" \/>\n<meta property=\"article:modified_time\" content=\"2023-02-09T15:59:24+00:00\" \/>\n<meta property=\"og:image\" content=\"https:\/\/enlatitud25.com\/news\/wp-content\/uploads\/2023\/02\/portada_Acoso_bus_defensa_mujer.jpg\" \/>\n\t<meta property=\"og:image:width\" content=\"800\" \/>\n\t<meta property=\"og:image:height\" content=\"500\" \/>\n\t<meta property=\"og:image:type\" content=\"image\/jpeg\" \/>\n<meta name=\"author\" content=\"Latitud 25\" \/>\n<meta name=\"twitter:card\" content=\"summary_large_image\" \/>\n<meta name=\"twitter:creator\" content=\"@EnLatitud25\" \/>\n<meta name=\"twitter:site\" content=\"@EnLatitud25\" \/>\n<meta name=\"twitter:label1\" content=\"Escrito por\" \/>\n\t<meta name=\"twitter:data1\" content=\"Latitud 25\" \/>\n\t<meta name=\"twitter:label2\" content=\"Tiempo de lectura\" \/>\n\t<meta name=\"twitter:data2\" content=\"10 minutos\" \/>\n<script type=\"application\/ld+json\" class=\"yoast-schema-graph\">{\"@context\":\"https:\/\/schema.org\",\"@graph\":[{\"@type\":\"Article\",\"@id\":\"https:\/\/enlatitud25.com\/news\/analizamos-el-caso-de-la-joven-que-reacciono-contra-un-acosador-en-el-bus\/#article\",\"isPartOf\":{\"@id\":\"https:\/\/enlatitud25.com\/news\/analizamos-el-caso-de-la-joven-que-reacciono-contra-un-acosador-en-el-bus\/\"},\"author\":{\"name\":\"Latitud 25\",\"@id\":\"https:\/\/enlatitud25.com\/news\/#\/schema\/person\/23aafe968917005a721b8eb760f2586e\"},\"headline\":\"Analizamos el caso de la joven que reaccion\u00f3 contra un acosador en el bus\",\"datePublished\":\"2023-02-09T15:59:22+00:00\",\"dateModified\":\"2023-02-09T15:59:24+00:00\",\"mainEntityOfPage\":{\"@id\":\"https:\/\/enlatitud25.com\/news\/analizamos-el-caso-de-la-joven-que-reacciono-contra-un-acosador-en-el-bus\/\"},\"wordCount\":2069,\"publisher\":{\"@id\":\"https:\/\/enlatitud25.com\/news\/#organization\"},\"keywords\":[\"abuso sexual\",\"acoso\",\"Exhibicionismo\",\"masturbaci\u00f3n\",\"salud mental\",\"sex education\"],\"articleSection\":[\"Realidad\"],\"inLanguage\":\"es\"},{\"@type\":\"WebPage\",\"@id\":\"https:\/\/enlatitud25.com\/news\/analizamos-el-caso-de-la-joven-que-reacciono-contra-un-acosador-en-el-bus\/\",\"url\":\"https:\/\/enlatitud25.com\/news\/analizamos-el-caso-de-la-joven-que-reacciono-contra-un-acosador-en-el-bus\/\",\"name\":\"Analizamos el caso de la joven que reaccion\u00f3 contra un acosador en el bus &ndash; Latitud25\",\"isPartOf\":{\"@id\":\"https:\/\/enlatitud25.com\/news\/#website\"},\"datePublished\":\"2023-02-09T15:59:22+00:00\",\"dateModified\":\"2023-02-09T15:59:24+00:00\",\"description\":\"Mir\u00e1 nuestros reportajes audiovisuales y seguinos para enterarte de las \u00faltimas noticias de Paraguay y el mundo, desde la Latitud25. Somos Alternativa de Informaci\u00f3n.\",\"breadcrumb\":{\"@id\":\"https:\/\/enlatitud25.com\/news\/analizamos-el-caso-de-la-joven-que-reacciono-contra-un-acosador-en-el-bus\/#breadcrumb\"},\"inLanguage\":\"es\",\"potentialAction\":[{\"@type\":\"ReadAction\",\"target\":[\"https:\/\/enlatitud25.com\/news\/analizamos-el-caso-de-la-joven-que-reacciono-contra-un-acosador-en-el-bus\/\"]}]},{\"@type\":\"BreadcrumbList\",\"@id\":\"https:\/\/enlatitud25.com\/news\/analizamos-el-caso-de-la-joven-que-reacciono-contra-un-acosador-en-el-bus\/#breadcrumb\",\"itemListElement\":[{\"@type\":\"ListItem\",\"position\":1,\"name\":\"Home\",\"item\":\"https:\/\/enlatitud25.com\/news\/\"},{\"@type\":\"ListItem\",\"position\":2,\"name\":\"Analizamos el caso de la joven que reaccion\u00f3 contra un acosador en el bus\"}]},{\"@type\":\"WebSite\",\"@id\":\"https:\/\/enlatitud25.com\/news\/#website\",\"url\":\"https:\/\/enlatitud25.com\/news\/\",\"name\":\"Latitud25\",\"description\":\"news\",\"publisher\":{\"@id\":\"https:\/\/enlatitud25.com\/news\/#organization\"},\"potentialAction\":[{\"@type\":\"SearchAction\",\"target\":{\"@type\":\"EntryPoint\",\"urlTemplate\":\"https:\/\/enlatitud25.com\/news\/?s={search_term_string}\"},\"query-input\":\"required name=search_term_string\"}],\"inLanguage\":\"es\"},{\"@type\":\"Organization\",\"@id\":\"https:\/\/enlatitud25.com\/news\/#organization\",\"name\":\"Latitud 25 - News\",\"url\":\"https:\/\/enlatitud25.com\/news\/\",\"logo\":{\"@type\":\"ImageObject\",\"inLanguage\":\"es\",\"@id\":\"https:\/\/enlatitud25.com\/news\/#\/schema\/logo\/image\/\",\"url\":\"https:\/\/enlatitud25.com\/news\/wp-content\/uploads\/2020\/11\/logo_latitud.png\",\"contentUrl\":\"https:\/\/enlatitud25.com\/news\/wp-content\/uploads\/2020\/11\/logo_latitud.png\",\"width\":235,\"height\":39,\"caption\":\"Latitud 25 - News\"},\"image\":{\"@id\":\"https:\/\/enlatitud25.com\/news\/#\/schema\/logo\/image\/\"},\"sameAs\":[\"https:\/\/www.facebook.com\/EnLatitud25\",\"https:\/\/twitter.com\/EnLatitud25\",\"https:\/\/www.instagram.com\/enlatitud25\/\",\"https:\/\/www.youtube.com\/user\/desdelatitud25\"]},{\"@type\":\"Person\",\"@id\":\"https:\/\/enlatitud25.com\/news\/#\/schema\/person\/23aafe968917005a721b8eb760f2586e\",\"name\":\"Latitud 25\",\"sameAs\":[\"https:\/\/enlatitud25.com\/news\",\"https:\/\/www.facebook.com\/EnLatitud25\",\"https:\/\/www.instagram.com\/enlatitud25\",\"https:\/\/www.youtube.com\/user\/desdelatitud25\",\"https:\/\/soundcloud.com\/enlatitud25\"],\"url\":\"https:\/\/enlatitud25.com\/news\/author\/nnews-uss00\/\"}]}<\/script>\n<!-- \/ Yoast SEO plugin. -->","yoast_head_json":{"title":"Analizamos el caso de la joven que reaccion\u00f3 contra un acosador en el bus &ndash; Latitud25","description":"Mir\u00e1 nuestros reportajes audiovisuales y seguinos para enterarte de las \u00faltimas noticias de Paraguay y el mundo, desde la Latitud25. Somos Alternativa de Informaci\u00f3n.","robots":{"index":"index","follow":"follow","max-snippet":"max-snippet:-1","max-image-preview":"max-image-preview:large","max-video-preview":"max-video-preview:-1"},"canonical":"https:\/\/enlatitud25.com\/news\/analizamos-el-caso-de-la-joven-que-reacciono-contra-un-acosador-en-el-bus\/","og_locale":"es_ES","og_type":"article","og_title":"Analizamos el caso de la joven que reaccion\u00f3 contra un acosador en el bus &ndash; Latitud25","og_description":"Mir\u00e1 nuestros reportajes audiovisuales y seguinos para enterarte de las \u00faltimas noticias de Paraguay y el mundo, desde la Latitud25. Somos Alternativa de Informaci\u00f3n.","og_url":"https:\/\/enlatitud25.com\/news\/analizamos-el-caso-de-la-joven-que-reacciono-contra-un-acosador-en-el-bus\/","og_site_name":"Latitud25","article_publisher":"https:\/\/www.facebook.com\/EnLatitud25","article_author":"https:\/\/www.facebook.com\/EnLatitud25","article_published_time":"2023-02-09T15:59:22+00:00","article_modified_time":"2023-02-09T15:59:24+00:00","og_image":[{"width":800,"height":500,"url":"https:\/\/enlatitud25.com\/news\/wp-content\/uploads\/2023\/02\/portada_Acoso_bus_defensa_mujer.jpg","type":"image\/jpeg"}],"author":"Latitud 25","twitter_card":"summary_large_image","twitter_creator":"@EnLatitud25","twitter_site":"@EnLatitud25","twitter_misc":{"Escrito por":"Latitud 25","Tiempo de lectura":"10 minutos"},"schema":{"@context":"https:\/\/schema.org","@graph":[{"@type":"Article","@id":"https:\/\/enlatitud25.com\/news\/analizamos-el-caso-de-la-joven-que-reacciono-contra-un-acosador-en-el-bus\/#article","isPartOf":{"@id":"https:\/\/enlatitud25.com\/news\/analizamos-el-caso-de-la-joven-que-reacciono-contra-un-acosador-en-el-bus\/"},"author":{"name":"Latitud 25","@id":"https:\/\/enlatitud25.com\/news\/#\/schema\/person\/23aafe968917005a721b8eb760f2586e"},"headline":"Analizamos el caso de la joven que reaccion\u00f3 contra un acosador en el bus","datePublished":"2023-02-09T15:59:22+00:00","dateModified":"2023-02-09T15:59:24+00:00","mainEntityOfPage":{"@id":"https:\/\/enlatitud25.com\/news\/analizamos-el-caso-de-la-joven-que-reacciono-contra-un-acosador-en-el-bus\/"},"wordCount":2069,"publisher":{"@id":"https:\/\/enlatitud25.com\/news\/#organization"},"keywords":["abuso sexual","acoso","Exhibicionismo","masturbaci\u00f3n","salud mental","sex education"],"articleSection":["Realidad"],"inLanguage":"es"},{"@type":"WebPage","@id":"https:\/\/enlatitud25.com\/news\/analizamos-el-caso-de-la-joven-que-reacciono-contra-un-acosador-en-el-bus\/","url":"https:\/\/enlatitud25.com\/news\/analizamos-el-caso-de-la-joven-que-reacciono-contra-un-acosador-en-el-bus\/","name":"Analizamos el caso de la joven que reaccion\u00f3 contra un acosador en el bus &ndash; Latitud25","isPartOf":{"@id":"https:\/\/enlatitud25.com\/news\/#website"},"datePublished":"2023-02-09T15:59:22+00:00","dateModified":"2023-02-09T15:59:24+00:00","description":"Mir\u00e1 nuestros reportajes audiovisuales y seguinos para enterarte de las \u00faltimas noticias de Paraguay y el mundo, desde la Latitud25. Somos Alternativa de Informaci\u00f3n.","breadcrumb":{"@id":"https:\/\/enlatitud25.com\/news\/analizamos-el-caso-de-la-joven-que-reacciono-contra-un-acosador-en-el-bus\/#breadcrumb"},"inLanguage":"es","potentialAction":[{"@type":"ReadAction","target":["https:\/\/enlatitud25.com\/news\/analizamos-el-caso-de-la-joven-que-reacciono-contra-un-acosador-en-el-bus\/"]}]},{"@type":"BreadcrumbList","@id":"https:\/\/enlatitud25.com\/news\/analizamos-el-caso-de-la-joven-que-reacciono-contra-un-acosador-en-el-bus\/#breadcrumb","itemListElement":[{"@type":"ListItem","position":1,"name":"Home","item":"https:\/\/enlatitud25.com\/news\/"},{"@type":"ListItem","position":2,"name":"Analizamos el caso de la joven que reaccion\u00f3 contra un acosador en el bus"}]},{"@type":"WebSite","@id":"https:\/\/enlatitud25.com\/news\/#website","url":"https:\/\/enlatitud25.com\/news\/","name":"Latitud25","description":"news","publisher":{"@id":"https:\/\/enlatitud25.com\/news\/#organization"},"potentialAction":[{"@type":"SearchAction","target":{"@type":"EntryPoint","urlTemplate":"https:\/\/enlatitud25.com\/news\/?s={search_term_string}"},"query-input":"required name=search_term_string"}],"inLanguage":"es"},{"@type":"Organization","@id":"https:\/\/enlatitud25.com\/news\/#organization","name":"Latitud 25 - News","url":"https:\/\/enlatitud25.com\/news\/","logo":{"@type":"ImageObject","inLanguage":"es","@id":"https:\/\/enlatitud25.com\/news\/#\/schema\/logo\/image\/","url":"https:\/\/enlatitud25.com\/news\/wp-content\/uploads\/2020\/11\/logo_latitud.png","contentUrl":"https:\/\/enlatitud25.com\/news\/wp-content\/uploads\/2020\/11\/logo_latitud.png","width":235,"height":39,"caption":"Latitud 25 - News"},"image":{"@id":"https:\/\/enlatitud25.com\/news\/#\/schema\/logo\/image\/"},"sameAs":["https:\/\/www.facebook.com\/EnLatitud25","https:\/\/twitter.com\/EnLatitud25","https:\/\/www.instagram.com\/enlatitud25\/","https:\/\/www.youtube.com\/user\/desdelatitud25"]},{"@type":"Person","@id":"https:\/\/enlatitud25.com\/news\/#\/schema\/person\/23aafe968917005a721b8eb760f2586e","name":"Latitud 25","sameAs":["https:\/\/enlatitud25.com\/news","https:\/\/www.facebook.com\/EnLatitud25","https:\/\/www.instagram.com\/enlatitud25","https:\/\/www.youtube.com\/user\/desdelatitud25","https:\/\/soundcloud.com\/enlatitud25"],"url":"https:\/\/enlatitud25.com\/news\/author\/nnews-uss00\/"}]}},"_links":{"self":[{"href":"https:\/\/enlatitud25.com\/news\/wp-json\/wp\/v2\/posts\/13007"}],"collection":[{"href":"https:\/\/enlatitud25.com\/news\/wp-json\/wp\/v2\/posts"}],"about":[{"href":"https:\/\/enlatitud25.com\/news\/wp-json\/wp\/v2\/types\/post"}],"author":[{"embeddable":true,"href":"https:\/\/enlatitud25.com\/news\/wp-json\/wp\/v2\/users\/1"}],"replies":[{"embeddable":true,"href":"https:\/\/enlatitud25.com\/news\/wp-json\/wp\/v2\/comments?post=13007"}],"version-history":[{"count":40,"href":"https:\/\/enlatitud25.com\/news\/wp-json\/wp\/v2\/posts\/13007\/revisions"}],"predecessor-version":[{"id":13058,"href":"https:\/\/enlatitud25.com\/news\/wp-json\/wp\/v2\/posts\/13007\/revisions\/13058"}],"wp:featuredmedia":[{"embeddable":true,"href":"https:\/\/enlatitud25.com\/news\/wp-json\/wp\/v2\/media\/13029"}],"wp:attachment":[{"href":"https:\/\/enlatitud25.com\/news\/wp-json\/wp\/v2\/media?parent=13007"}],"wp:term":[{"taxonomy":"category","embeddable":true,"href":"https:\/\/enlatitud25.com\/news\/wp-json\/wp\/v2\/categories?post=13007"},{"taxonomy":"post_tag","embeddable":true,"href":"https:\/\/enlatitud25.com\/news\/wp-json\/wp\/v2\/tags?post=13007"},{"taxonomy":"ubicacion","embeddable":true,"href":"https:\/\/enlatitud25.com\/news\/wp-json\/wp\/v2\/ubicacion?post=13007"}],"curies":[{"name":"wp","href":"https:\/\/api.w.org\/{rel}","templated":true}]}}