{"id":12075,"date":"2022-12-13T21:13:41","date_gmt":"2022-12-13T21:13:41","guid":{"rendered":"https:\/\/enlatitud25.com\/news\/?p=12075"},"modified":"2022-12-13T21:15:54","modified_gmt":"2022-12-13T21:15:54","slug":"no-se-puede-justificar-ningun-tipo-de-abuso-diciendo-que-es-algo-cultural","status":"publish","type":"post","link":"https:\/\/enlatitud25.com\/news\/no-se-puede-justificar-ningun-tipo-de-abuso-diciendo-que-es-algo-cultural\/","title":{"rendered":"&#8220;No se puede justificar ning\u00fan tipo de abuso diciendo que es algo cultural&#8221;"},"content":{"rendered":"\n<p>Una ni\u00f1a de cuatro a\u00f1os, de la comunidad Ava Guaran\u00ed, lleg\u00f3 sin vida hasta al hospital de San Estanislao. Seg\u00fan la informaci\u00f3n oficial, tras hacerle la inspecci\u00f3n, los doctores encontraron signos de abuso sexual. La Fiscal\u00eda intervino en el caso. En el mismo d\u00eda, un hombre de 26 a\u00f1os asesin\u00f3 a una ni\u00f1a de 13 a\u00f1os, de la misma comunidad ind\u00edgena.<\/p>\n\n\n\n<p>El fiscal de este \u00faltimo caso,<em> <\/em>Meiji Udagawa<em>,<\/em> dijo en comunicaci\u00f3n con RadioCast25, que analizan imputar a los padres de la ni\u00f1a v\u00edctima de feminicidio. Los investigadores consideran que supuestamente los progenitores de la misma sab\u00edan de este abuso y habr\u00edan sido c\u00f3mplices de que un hombre mayor viva &#8220;en pareja&#8221; con la ni\u00f1a. <\/p>\n\n\n\n<p>Luego de que varios comunicadores hayan informado que la ni\u00f1a viv\u00eda &#8220;en una relaci\u00f3n&#8221; con el presunto feminicida, la discusi\u00f3n sobre el abuso de ni\u00f1as que est\u00e1n sometidas por un adulto en el marco de una supuesta relaci\u00f3n sentimental, cobr\u00f3 fuerza en redes sociales. <\/p>\n\n\n\n<p>Este mismo debate se propici\u00f3, en noviembre de 2021, cuando una ni\u00f1a de 12 a\u00f1os \u2013integrante de una comunidad ind\u00edgena\u2013, hab\u00eda dado a luz a mellizas. Entonces, la titular del Ministerio de la Ni\u00f1ez y Adolescencia, la ministra<strong>\u00a0Teresa Mart\u00ednez, <\/strong><a href=\"https:\/\/enlatitud25.com\/news\/un-sensible-debate-cuando-las-costumbres-violan-derechos-humanos\/\" target=\"_blank\" rel=\"noreferrer noopener\">afirm\u00f3 que parte de la cultura de esa comunidad ind\u00edgena se basa en las uniones tempranas de parejas<\/a>. Argument\u00f3 que para algunas comunidades las ni\u00f1as despu\u00e9s de empezar a menstruar, ya son consideradas mujeres.<\/p>\n\n\n\n<p><\/p>\n\n\n\n<figure class=\"wp-block-image size-full\"><img decoding=\"async\" loading=\"lazy\" width=\"800\" height=\"500\" src=\"https:\/\/enlatitud25.com\/news\/wp-content\/uploads\/2022\/12\/pag2_nin\u0303as_abuso.png\" alt=\"\" class=\"wp-image-12087\" srcset=\"https:\/\/enlatitud25.com\/news\/wp-content\/uploads\/2022\/12\/pag2_nin\u0303as_abuso.png 800w, https:\/\/enlatitud25.com\/news\/wp-content\/uploads\/2022\/12\/pag2_nin\u0303as_abuso-300x188.png 300w, https:\/\/enlatitud25.com\/news\/wp-content\/uploads\/2022\/12\/pag2_nin\u0303as_abuso-768x480.png 768w, https:\/\/enlatitud25.com\/news\/wp-content\/uploads\/2022\/12\/pag2_nin\u0303as_abuso-380x238.png 380w\" sizes=\"(max-width: 800px) 100vw, 800px\" \/><\/figure>\n\n\n\n<h4 id=\"los-abusos-no-tienen-justificacion\" class=\"wp-block-heading\">Los abusos no tienen justificaci\u00f3n<\/h4>\n\n\n\n<p>Tina Alvarenga, lideresa de Mujeres Ind\u00edgenas del Paraguay y comisionada de las Naciones Unidas por los Derechos Humanos, habl\u00f3 en RadioCast25 al respecto y enfatiz\u00f3 que la sociedad debe renunciar al convencimiento de que existen las relaciones entre ni\u00f1os y adultos. <\/p>\n\n\n\n<p>&#8220;Nosotras somos muy claras como organizaci\u00f3n; no sabemos de ning\u00fan pueblo ind\u00edgena que p\u00fablicamente avale el abuso sexual. Ni\u00f1as de 12 o 13 a\u00f1os no pueden estar en pareja&#8221;, refiri\u00f3.<\/p>\n\n\n\n<p>Afirm\u00f3 adem\u00e1s que si hay alguna pr\u00e1ctica cultural que lo avale, esta debe ser erradicada. Agreg\u00f3 que &#8220;no se puede justificar ning\u00fan tipo de abuso diciendo que es algo cultural&#8221;. <\/p>\n\n\n\n<p>Asimismo, expres\u00f3 preocupaci\u00f3n por la existencia de un sector de la sociedad que sigue emitiendo un discurso discriminativo; principalmente hacia las ni\u00f1as y mujeres ind\u00edgenas.<\/p>\n\n\n\n<figure class=\"wp-block-image size-full\"><img decoding=\"async\" loading=\"lazy\" width=\"800\" height=\"500\" src=\"https:\/\/enlatitud25.com\/news\/wp-content\/uploads\/2022\/12\/pag1_25N_Denuncias_Mujeres.jpg\" alt=\"\" class=\"wp-image-12088\" srcset=\"https:\/\/enlatitud25.com\/news\/wp-content\/uploads\/2022\/12\/pag1_25N_Denuncias_Mujeres.jpg 800w, https:\/\/enlatitud25.com\/news\/wp-content\/uploads\/2022\/12\/pag1_25N_Denuncias_Mujeres-300x188.jpg 300w, https:\/\/enlatitud25.com\/news\/wp-content\/uploads\/2022\/12\/pag1_25N_Denuncias_Mujeres-768x480.jpg 768w, https:\/\/enlatitud25.com\/news\/wp-content\/uploads\/2022\/12\/pag1_25N_Denuncias_Mujeres-380x238.jpg 380w\" sizes=\"(max-width: 800px) 100vw, 800px\" \/><\/figure>\n\n\n\n<p>&#8220;Hay m\u00e1s de 700 comunidades ind\u00edgenas, puede que haya casos de abuso, en no m\u00e1s de 10 y no se puede generalizar. Siempre son personas, supuestos l\u00edderes y hombres que ejercen el poder en las comunidades. Son desquicios de grupos, personas y generalmente varones, que abusan de las ni\u00f1as&#8221;, referenci\u00f3. <\/p>\n\n\n\n<p>En este caso, record\u00f3 que estamos hablando de un pueblo, Ava Guaran\u00ed. Asegur\u00f3 que si alguien pregunta a las mujeres de esa comunidad sobre ese tema, van a responder con un no contundente, respecto a que esa sea una pr\u00e1ctica cultural. <\/p>\n\n\n\n<p>&#8220;Yo soy del pueblo guaran\u00ed occidental. Mi mam\u00e1, mis abuelas, nunca me dijeron que el abuso sea una cuesti\u00f3n normal. Estas situaciones se castigan. Los Nivacl\u00e9 no te van a decir que esto es una cuesti\u00f3n normal, abusar de una ni\u00f1a (&#8230;) Los Ach\u00e9s te van a decir \u00b4nosotros protegemos a nuestras ni\u00f1as&#8221;, sentenci\u00f3. <\/p>\n\n\n\n<h4 id=\"la-realidad-sobre-las-relaciones-tempranas\" class=\"wp-block-heading\">La realidad sobre las relaciones tempranas<\/h4>\n\n\n\n<p>La uni\u00f3n temprana de ni\u00f1as con hombres mayores es una lamentable realidad que se da, en el interior del pa\u00eds, no solo en las comunidades ind\u00edgenas. <\/p>\n\n\n\n<p>Seg\u00fan un informe denominado<a href=\"https:\/\/paraguay.unfpa.org\/es\/publications\/invisibles-plena-luz-uniones-tempranas-y-forzadas-en-paraguay\" target=\"_blank\" rel=\"noreferrer noopener\"> &#8220;Invisibles a Plena Luz&#8221;<\/a>, en Paraguay, 16.589 ni\u00f1as, ni\u00f1os y adolescentes de 13 a 17 a\u00f1os de edad son v\u00edctimas de matrimonios y las uniones infantiles, tempranas y forzadas (MIUTF). <\/p>\n\n\n\n<p><\/p>\n\n\n\n<figure class=\"wp-block-image size-full\"><img decoding=\"async\" loading=\"lazy\" width=\"800\" height=\"500\" src=\"https:\/\/enlatitud25.com\/news\/wp-content\/uploads\/2022\/12\/pag1_nin\u0303as_abuso.png\" alt=\"\" class=\"wp-image-12086\" srcset=\"https:\/\/enlatitud25.com\/news\/wp-content\/uploads\/2022\/12\/pag1_nin\u0303as_abuso.png 800w, https:\/\/enlatitud25.com\/news\/wp-content\/uploads\/2022\/12\/pag1_nin\u0303as_abuso-300x188.png 300w, https:\/\/enlatitud25.com\/news\/wp-content\/uploads\/2022\/12\/pag1_nin\u0303as_abuso-768x480.png 768w, https:\/\/enlatitud25.com\/news\/wp-content\/uploads\/2022\/12\/pag1_nin\u0303as_abuso-380x238.png 380w\" sizes=\"(max-width: 800px) 100vw, 800px\" \/><\/figure>\n\n\n\n<p>El material, fue publicado en 2021, a trav\u00e9s de un trabajo en conjunto del Fondo de Poblaci\u00f3n de las Naciones Unidas (UNFA) y Plan Internacional Paraguay, en colaboraci\u00f3n con el Ministerio de la Ni\u00f1ez y la Adolescencia. <\/p>\n\n\n\n<p>Adem\u00e1s, se\u00f1ala que de las 16.589 v\u00edctimas, 13.563 son ni\u00f1as y adolescentes de entre 13 a 17 a\u00f1os de edad. A su vez, el 62,9% de ellas reside en zonas rurales del pa\u00eds.<\/p>\n\n\n\n<p>La investigaci\u00f3n muestra la estrecha relaci\u00f3n entre las uniones tempranas, el embarazo, la pobreza y el abandono escolar, factores que act\u00faan condicionando a ni\u00f1as y adolescentes a la p\u00e9rdida de oportunidades, la resignaci\u00f3n de sus proyectos de vida y la reproducci\u00f3n de estos condicionantes.<\/p>\n\n\n\n<h4 id=\"la-necesidad-de-un-trabajo-coordinado\" class=\"wp-block-heading\">La necesidad de un trabajo coordinado<\/h4>\n\n\n\n<p>Tina Alvarenga dijo que para erradicar estos problemas es necesario un trabajo coordinado entre instituciones. <\/p>\n\n\n\n<p>&#8220;Las organizaciones ind\u00edgenas mixtas deben incorporar en su agenda organizativa temas, que tienen que ver con protecci\u00f3n a la infancia&#8221;, enfatiz\u00f3. <\/p>\n\n\n\n<p>Por su parte, la <strong>ministra de la Ni\u00f1ez y la Adolescencia, Teresa Mart\u00ednez,<\/strong> refiri\u00f3 que est\u00e1n buscando llegar a algunas comunidades y ya est\u00e1n trabajando activamente con otras para concienciar sobre el cuidado de la ni\u00f1ez en estas comunidades.<\/p>\n\n\n\n<p>&#8220;Estamos trabajando con 25 comunidades en Caaguaz\u00fa, donde no estamos teniendo registro de violencia o abusos hacia los ni\u00f1os. Justamente la atenci\u00f3n, aunque sea m\u00ednima, de seguridad alimentaria que estamos gestionando, ayudan&#8221;, coment\u00f3. <\/p>\n\n\n\n<p>Sin embargo, reconoci\u00f3 que hay comunidades, en las que siguen sin poder ingresar, como algunas comunidades del departamento de Canindey\u00fa, donde ocurri\u00f3 esta tragedia.<\/p>\n","protected":false},"excerpt":{"rendered":"Los casos de abuso y feminicidio de ni\u00f1as de la comunidad Ava Guaran\u00ed generaron conmoci\u00f3n en la opini\u00f3n p\u00fablica. Tina Alvarenga \u2013representante de Mujeres Ind\u00edgenas del Paraguay\u2013 pidi\u00f3 que no se generalicen estos casos respecto a las comunidades ind\u00edgenas y resalt\u00f3 que ninguna cultura puede avalar un abuso. &#8220;No se puede justificar ning\u00fan tipo de abuso diciendo que es algo cultural&#8221;, manifest\u00f3.\n","protected":false},"author":1,"featured_media":12084,"comment_status":"closed","ping_status":"closed","sticky":false,"template":"","format":"standard","meta":[],"categories":[12],"tags":[646,1318,657,897,658,642],"ubicacion":[18],"yoast_head":"<!-- This site is optimized with the Yoast SEO plugin v20.8 - https:\/\/yoast.com\/wordpress\/plugins\/seo\/ -->\n<title>&quot;No se puede justificar ning\u00fan tipo de abuso diciendo que es algo cultural&quot; &ndash; Latitud25<\/title>\n<meta name=\"description\" content=\"Lina Alvarenga \u2013l\u00edder ind\u00edgena y comisionada de las Naciones Unidas por los Derechos Humanos\u2013 dijo que ninguna comunidad puede avalar el abuso sexual.\" \/>\n<meta name=\"robots\" content=\"index, follow, max-snippet:-1, max-image-preview:large, max-video-preview:-1\" \/>\n<link rel=\"canonical\" href=\"https:\/\/enlatitud25.com\/news\/no-se-puede-justificar-ningun-tipo-de-abuso-diciendo-que-es-algo-cultural\/\" \/>\n<meta property=\"og:locale\" content=\"es_ES\" \/>\n<meta property=\"og:type\" content=\"article\" \/>\n<meta property=\"og:title\" content=\"&quot;No se puede justificar ning\u00fan tipo de abuso diciendo que es algo cultural&quot; &ndash; Latitud25\" \/>\n<meta property=\"og:description\" content=\"Lina Alvarenga \u2013l\u00edder ind\u00edgena y comisionada de las Naciones Unidas por los Derechos Humanos\u2013 dijo que ninguna comunidad puede avalar el abuso sexual.\" \/>\n<meta property=\"og:url\" content=\"https:\/\/enlatitud25.com\/news\/no-se-puede-justificar-ningun-tipo-de-abuso-diciendo-que-es-algo-cultural\/\" \/>\n<meta property=\"og:site_name\" content=\"Latitud25\" \/>\n<meta property=\"article:publisher\" content=\"https:\/\/www.facebook.com\/EnLatitud25\" \/>\n<meta property=\"article:author\" content=\"https:\/\/www.facebook.com\/EnLatitud25\" \/>\n<meta property=\"article:published_time\" content=\"2022-12-13T21:13:41+00:00\" \/>\n<meta property=\"article:modified_time\" content=\"2022-12-13T21:15:54+00:00\" \/>\n<meta property=\"og:image\" content=\"https:\/\/enlatitud25.com\/news\/wp-content\/uploads\/2022\/12\/pag3_nin\u0303as_abuso.png\" \/>\n\t<meta property=\"og:image:width\" content=\"800\" \/>\n\t<meta property=\"og:image:height\" content=\"500\" \/>\n\t<meta property=\"og:image:type\" content=\"image\/png\" \/>\n<meta name=\"author\" content=\"Latitud 25\" \/>\n<meta name=\"twitter:card\" content=\"summary_large_image\" \/>\n<meta name=\"twitter:creator\" content=\"@EnLatitud25\" \/>\n<meta name=\"twitter:site\" content=\"@EnLatitud25\" \/>\n<meta name=\"twitter:label1\" content=\"Escrito por\" \/>\n\t<meta name=\"twitter:data1\" content=\"Latitud 25\" \/>\n\t<meta name=\"twitter:label2\" content=\"Tiempo de lectura\" \/>\n\t<meta name=\"twitter:data2\" content=\"5 minutos\" \/>\n<script type=\"application\/ld+json\" class=\"yoast-schema-graph\">{\"@context\":\"https:\/\/schema.org\",\"@graph\":[{\"@type\":\"Article\",\"@id\":\"https:\/\/enlatitud25.com\/news\/no-se-puede-justificar-ningun-tipo-de-abuso-diciendo-que-es-algo-cultural\/#article\",\"isPartOf\":{\"@id\":\"https:\/\/enlatitud25.com\/news\/no-se-puede-justificar-ningun-tipo-de-abuso-diciendo-que-es-algo-cultural\/\"},\"author\":{\"name\":\"Latitud 25\",\"@id\":\"https:\/\/enlatitud25.com\/news\/#\/schema\/person\/23aafe968917005a721b8eb760f2586e\"},\"headline\":\"&#8220;No se puede justificar ning\u00fan tipo de abuso diciendo que es algo cultural&#8221;\",\"datePublished\":\"2022-12-13T21:13:41+00:00\",\"dateModified\":\"2022-12-13T21:15:54+00:00\",\"mainEntityOfPage\":{\"@id\":\"https:\/\/enlatitud25.com\/news\/no-se-puede-justificar-ningun-tipo-de-abuso-diciendo-que-es-algo-cultural\/\"},\"wordCount\":918,\"publisher\":{\"@id\":\"https:\/\/enlatitud25.com\/news\/#organization\"},\"keywords\":[\"abuso\",\"castigo\",\"comunidades\",\"cultura\",\"ind\u00edgenas\",\"ni\u00f1as\"],\"articleSection\":[\"Realidad\"],\"inLanguage\":\"es\"},{\"@type\":\"WebPage\",\"@id\":\"https:\/\/enlatitud25.com\/news\/no-se-puede-justificar-ningun-tipo-de-abuso-diciendo-que-es-algo-cultural\/\",\"url\":\"https:\/\/enlatitud25.com\/news\/no-se-puede-justificar-ningun-tipo-de-abuso-diciendo-que-es-algo-cultural\/\",\"name\":\"\\\"No se puede justificar ning\u00fan tipo de abuso diciendo que es algo cultural\\\" &ndash; Latitud25\",\"isPartOf\":{\"@id\":\"https:\/\/enlatitud25.com\/news\/#website\"},\"datePublished\":\"2022-12-13T21:13:41+00:00\",\"dateModified\":\"2022-12-13T21:15:54+00:00\",\"description\":\"Lina Alvarenga \u2013l\u00edder ind\u00edgena y comisionada de las Naciones Unidas por los Derechos Humanos\u2013 dijo que ninguna comunidad puede avalar el abuso sexual.\",\"breadcrumb\":{\"@id\":\"https:\/\/enlatitud25.com\/news\/no-se-puede-justificar-ningun-tipo-de-abuso-diciendo-que-es-algo-cultural\/#breadcrumb\"},\"inLanguage\":\"es\",\"potentialAction\":[{\"@type\":\"ReadAction\",\"target\":[\"https:\/\/enlatitud25.com\/news\/no-se-puede-justificar-ningun-tipo-de-abuso-diciendo-que-es-algo-cultural\/\"]}]},{\"@type\":\"BreadcrumbList\",\"@id\":\"https:\/\/enlatitud25.com\/news\/no-se-puede-justificar-ningun-tipo-de-abuso-diciendo-que-es-algo-cultural\/#breadcrumb\",\"itemListElement\":[{\"@type\":\"ListItem\",\"position\":1,\"name\":\"Home\",\"item\":\"https:\/\/enlatitud25.com\/news\/\"},{\"@type\":\"ListItem\",\"position\":2,\"name\":\"&#8220;No se puede justificar ning\u00fan tipo de abuso diciendo que es algo cultural&#8221;\"}]},{\"@type\":\"WebSite\",\"@id\":\"https:\/\/enlatitud25.com\/news\/#website\",\"url\":\"https:\/\/enlatitud25.com\/news\/\",\"name\":\"Latitud25\",\"description\":\"news\",\"publisher\":{\"@id\":\"https:\/\/enlatitud25.com\/news\/#organization\"},\"potentialAction\":[{\"@type\":\"SearchAction\",\"target\":{\"@type\":\"EntryPoint\",\"urlTemplate\":\"https:\/\/enlatitud25.com\/news\/?s={search_term_string}\"},\"query-input\":\"required name=search_term_string\"}],\"inLanguage\":\"es\"},{\"@type\":\"Organization\",\"@id\":\"https:\/\/enlatitud25.com\/news\/#organization\",\"name\":\"Latitud 25 - News\",\"url\":\"https:\/\/enlatitud25.com\/news\/\",\"logo\":{\"@type\":\"ImageObject\",\"inLanguage\":\"es\",\"@id\":\"https:\/\/enlatitud25.com\/news\/#\/schema\/logo\/image\/\",\"url\":\"https:\/\/enlatitud25.com\/news\/wp-content\/uploads\/2020\/11\/logo_latitud.png\",\"contentUrl\":\"https:\/\/enlatitud25.com\/news\/wp-content\/uploads\/2020\/11\/logo_latitud.png\",\"width\":235,\"height\":39,\"caption\":\"Latitud 25 - News\"},\"image\":{\"@id\":\"https:\/\/enlatitud25.com\/news\/#\/schema\/logo\/image\/\"},\"sameAs\":[\"https:\/\/www.facebook.com\/EnLatitud25\",\"https:\/\/twitter.com\/EnLatitud25\",\"https:\/\/www.instagram.com\/enlatitud25\/\",\"https:\/\/www.youtube.com\/user\/desdelatitud25\"]},{\"@type\":\"Person\",\"@id\":\"https:\/\/enlatitud25.com\/news\/#\/schema\/person\/23aafe968917005a721b8eb760f2586e\",\"name\":\"Latitud 25\",\"sameAs\":[\"https:\/\/enlatitud25.com\/news\",\"https:\/\/www.facebook.com\/EnLatitud25\",\"https:\/\/www.instagram.com\/enlatitud25\",\"https:\/\/www.youtube.com\/user\/desdelatitud25\",\"https:\/\/soundcloud.com\/enlatitud25\"],\"url\":\"https:\/\/enlatitud25.com\/news\/author\/nnews-uss00\/\"}]}<\/script>\n<!-- \/ Yoast SEO plugin. -->","yoast_head_json":{"title":"\"No se puede justificar ning\u00fan tipo de abuso diciendo que es algo cultural\" &ndash; Latitud25","description":"Lina Alvarenga \u2013l\u00edder ind\u00edgena y comisionada de las Naciones Unidas por los Derechos Humanos\u2013 dijo que ninguna comunidad puede avalar el abuso sexual.","robots":{"index":"index","follow":"follow","max-snippet":"max-snippet:-1","max-image-preview":"max-image-preview:large","max-video-preview":"max-video-preview:-1"},"canonical":"https:\/\/enlatitud25.com\/news\/no-se-puede-justificar-ningun-tipo-de-abuso-diciendo-que-es-algo-cultural\/","og_locale":"es_ES","og_type":"article","og_title":"\"No se puede justificar ning\u00fan tipo de abuso diciendo que es algo cultural\" &ndash; Latitud25","og_description":"Lina Alvarenga \u2013l\u00edder ind\u00edgena y comisionada de las Naciones Unidas por los Derechos Humanos\u2013 dijo que ninguna comunidad puede avalar el abuso sexual.","og_url":"https:\/\/enlatitud25.com\/news\/no-se-puede-justificar-ningun-tipo-de-abuso-diciendo-que-es-algo-cultural\/","og_site_name":"Latitud25","article_publisher":"https:\/\/www.facebook.com\/EnLatitud25","article_author":"https:\/\/www.facebook.com\/EnLatitud25","article_published_time":"2022-12-13T21:13:41+00:00","article_modified_time":"2022-12-13T21:15:54+00:00","og_image":[{"width":800,"height":500,"url":"https:\/\/enlatitud25.com\/news\/wp-content\/uploads\/2022\/12\/pag3_nin\u0303as_abuso.png","type":"image\/png"}],"author":"Latitud 25","twitter_card":"summary_large_image","twitter_creator":"@EnLatitud25","twitter_site":"@EnLatitud25","twitter_misc":{"Escrito por":"Latitud 25","Tiempo de lectura":"5 minutos"},"schema":{"@context":"https:\/\/schema.org","@graph":[{"@type":"Article","@id":"https:\/\/enlatitud25.com\/news\/no-se-puede-justificar-ningun-tipo-de-abuso-diciendo-que-es-algo-cultural\/#article","isPartOf":{"@id":"https:\/\/enlatitud25.com\/news\/no-se-puede-justificar-ningun-tipo-de-abuso-diciendo-que-es-algo-cultural\/"},"author":{"name":"Latitud 25","@id":"https:\/\/enlatitud25.com\/news\/#\/schema\/person\/23aafe968917005a721b8eb760f2586e"},"headline":"&#8220;No se puede justificar ning\u00fan tipo de abuso diciendo que es algo cultural&#8221;","datePublished":"2022-12-13T21:13:41+00:00","dateModified":"2022-12-13T21:15:54+00:00","mainEntityOfPage":{"@id":"https:\/\/enlatitud25.com\/news\/no-se-puede-justificar-ningun-tipo-de-abuso-diciendo-que-es-algo-cultural\/"},"wordCount":918,"publisher":{"@id":"https:\/\/enlatitud25.com\/news\/#organization"},"keywords":["abuso","castigo","comunidades","cultura","ind\u00edgenas","ni\u00f1as"],"articleSection":["Realidad"],"inLanguage":"es"},{"@type":"WebPage","@id":"https:\/\/enlatitud25.com\/news\/no-se-puede-justificar-ningun-tipo-de-abuso-diciendo-que-es-algo-cultural\/","url":"https:\/\/enlatitud25.com\/news\/no-se-puede-justificar-ningun-tipo-de-abuso-diciendo-que-es-algo-cultural\/","name":"\"No se puede justificar ning\u00fan tipo de abuso diciendo que es algo cultural\" &ndash; Latitud25","isPartOf":{"@id":"https:\/\/enlatitud25.com\/news\/#website"},"datePublished":"2022-12-13T21:13:41+00:00","dateModified":"2022-12-13T21:15:54+00:00","description":"Lina Alvarenga \u2013l\u00edder ind\u00edgena y comisionada de las Naciones Unidas por los Derechos Humanos\u2013 dijo que ninguna comunidad puede avalar el abuso sexual.","breadcrumb":{"@id":"https:\/\/enlatitud25.com\/news\/no-se-puede-justificar-ningun-tipo-de-abuso-diciendo-que-es-algo-cultural\/#breadcrumb"},"inLanguage":"es","potentialAction":[{"@type":"ReadAction","target":["https:\/\/enlatitud25.com\/news\/no-se-puede-justificar-ningun-tipo-de-abuso-diciendo-que-es-algo-cultural\/"]}]},{"@type":"BreadcrumbList","@id":"https:\/\/enlatitud25.com\/news\/no-se-puede-justificar-ningun-tipo-de-abuso-diciendo-que-es-algo-cultural\/#breadcrumb","itemListElement":[{"@type":"ListItem","position":1,"name":"Home","item":"https:\/\/enlatitud25.com\/news\/"},{"@type":"ListItem","position":2,"name":"&#8220;No se puede justificar ning\u00fan tipo de abuso diciendo que es algo cultural&#8221;"}]},{"@type":"WebSite","@id":"https:\/\/enlatitud25.com\/news\/#website","url":"https:\/\/enlatitud25.com\/news\/","name":"Latitud25","description":"news","publisher":{"@id":"https:\/\/enlatitud25.com\/news\/#organization"},"potentialAction":[{"@type":"SearchAction","target":{"@type":"EntryPoint","urlTemplate":"https:\/\/enlatitud25.com\/news\/?s={search_term_string}"},"query-input":"required name=search_term_string"}],"inLanguage":"es"},{"@type":"Organization","@id":"https:\/\/enlatitud25.com\/news\/#organization","name":"Latitud 25 - News","url":"https:\/\/enlatitud25.com\/news\/","logo":{"@type":"ImageObject","inLanguage":"es","@id":"https:\/\/enlatitud25.com\/news\/#\/schema\/logo\/image\/","url":"https:\/\/enlatitud25.com\/news\/wp-content\/uploads\/2020\/11\/logo_latitud.png","contentUrl":"https:\/\/enlatitud25.com\/news\/wp-content\/uploads\/2020\/11\/logo_latitud.png","width":235,"height":39,"caption":"Latitud 25 - News"},"image":{"@id":"https:\/\/enlatitud25.com\/news\/#\/schema\/logo\/image\/"},"sameAs":["https:\/\/www.facebook.com\/EnLatitud25","https:\/\/twitter.com\/EnLatitud25","https:\/\/www.instagram.com\/enlatitud25\/","https:\/\/www.youtube.com\/user\/desdelatitud25"]},{"@type":"Person","@id":"https:\/\/enlatitud25.com\/news\/#\/schema\/person\/23aafe968917005a721b8eb760f2586e","name":"Latitud 25","sameAs":["https:\/\/enlatitud25.com\/news","https:\/\/www.facebook.com\/EnLatitud25","https:\/\/www.instagram.com\/enlatitud25","https:\/\/www.youtube.com\/user\/desdelatitud25","https:\/\/soundcloud.com\/enlatitud25"],"url":"https:\/\/enlatitud25.com\/news\/author\/nnews-uss00\/"}]}},"_links":{"self":[{"href":"https:\/\/enlatitud25.com\/news\/wp-json\/wp\/v2\/posts\/12075"}],"collection":[{"href":"https:\/\/enlatitud25.com\/news\/wp-json\/wp\/v2\/posts"}],"about":[{"href":"https:\/\/enlatitud25.com\/news\/wp-json\/wp\/v2\/types\/post"}],"author":[{"embeddable":true,"href":"https:\/\/enlatitud25.com\/news\/wp-json\/wp\/v2\/users\/1"}],"replies":[{"embeddable":true,"href":"https:\/\/enlatitud25.com\/news\/wp-json\/wp\/v2\/comments?post=12075"}],"version-history":[{"count":10,"href":"https:\/\/enlatitud25.com\/news\/wp-json\/wp\/v2\/posts\/12075\/revisions"}],"predecessor-version":[{"id":12100,"href":"https:\/\/enlatitud25.com\/news\/wp-json\/wp\/v2\/posts\/12075\/revisions\/12100"}],"wp:featuredmedia":[{"embeddable":true,"href":"https:\/\/enlatitud25.com\/news\/wp-json\/wp\/v2\/media\/12084"}],"wp:attachment":[{"href":"https:\/\/enlatitud25.com\/news\/wp-json\/wp\/v2\/media?parent=12075"}],"wp:term":[{"taxonomy":"category","embeddable":true,"href":"https:\/\/enlatitud25.com\/news\/wp-json\/wp\/v2\/categories?post=12075"},{"taxonomy":"post_tag","embeddable":true,"href":"https:\/\/enlatitud25.com\/news\/wp-json\/wp\/v2\/tags?post=12075"},{"taxonomy":"ubicacion","embeddable":true,"href":"https:\/\/enlatitud25.com\/news\/wp-json\/wp\/v2\/ubicacion?post=12075"}],"curies":[{"name":"wp","href":"https:\/\/api.w.org\/{rel}","templated":true}]}}