{"id":12029,"date":"2022-12-14T13:16:07","date_gmt":"2022-12-14T13:16:07","guid":{"rendered":"https:\/\/enlatitud25.com\/news\/?p=12029"},"modified":"2022-12-14T14:40:17","modified_gmt":"2022-12-14T14:40:17","slug":"historias-de-derechos-hoy-aceptados-que-eran-negados-por-ir-contra-la-familia","status":"publish","type":"post","link":"https:\/\/enlatitud25.com\/news\/historias-de-derechos-hoy-aceptados-que-eran-negados-por-ir-contra-la-familia\/","title":{"rendered":"Historias de derechos hoy aceptados, que eran negados por ir &#8220;contra la familia&#8221;"},"content":{"rendered":"\n<p>La conquista de derechos b\u00e1sicos en el Paraguay est\u00e1 en riesgo, ante el resurgimiento de l\u00edneas de pensamiento absolutistas. Estas ideas vuelven con lemas que instan al p\u00e1nico social, como: \u201cQue quieren destruir la familia, que se quieren meter con la patria, con dios y con los ni\u00f1os\u201d. <\/p>\n\n\n\n<p>Este discurso que parecer\u00eda anacr\u00f3nico, se est\u00e1 afianzando de nuevo hace algunos a\u00f1os en diferentes pa\u00edses de manera simult\u00e1nea. De esta manera, comprometen el avance hacia derechos sociales en nuestro pa\u00eds, que sigue teniendo una gran deuda en este sentido.<\/p>\n\n\n\n<p>En Paraguay, esta ret\u00f3rica cobr\u00f3 fuerza en redes sociales de la mano de bases religiosas evang\u00e9licas y cat\u00f3licas. Lograron incidir directamente en discusiones relacionadas a la pol\u00edtica educativa de nuestro pa\u00eds y condicionaron acciones pol\u00edticas afines a sus intereses por parte de las autoridades p\u00fablicas.<\/p>\n\n\n\n<p>Lo cierto es que, al analizar algunos momentos hist\u00f3ricos de lucha en favor de derechos de las personas y de las mujeres, podemos encontrar este recurrente discurso a lo largo de la historia.<\/p>\n\n\n\n<h4 id=\"igualdad-de-salario-para-mujeres-iria-en-contra-de-la-familia\" class=\"wp-block-heading\">\u00bfIgualdad de salario para mujeres ir\u00eda en contra de la familia?<\/h4>\n\n\n\n<p>En 1951, nuestro pa\u00eds debat\u00eda acerca de la equiparaci\u00f3n del salario de las mujeres al de los hombres. En la resoluci\u00f3n 103, del 25 de julio de ese a\u00f1o, el Departamento Nacional de Trabajo \u2013 que establec\u00eda las consideraciones del ajuste del salario m\u00ednimo\u2013 apunta a que no se deber\u00eda equiparar el salario de las mujeres al de los hombres. <\/p>\n\n\n\n<p>El argumento de la negativa se bas\u00f3 \u201cen salvaguarda de intereses m<strong>uy elevados de la familia<\/strong>, fundamento y base de nuestra sociedad. Esto qued\u00f3 registrado en el documento: \u201cMujer, trabajo y familia en las normas laborales del Paraguay. Revista Paraguaya de Historia, Vol. 1 N\u00ba1\u201d. <\/p>\n\n\n\n<p>Para entender este contexto, el <strong>historiador David Vel\u00e1zquez<\/strong>, en entrevista con Latitud25, habla sobre el maternalismo pol\u00edtico. Explica que en el orden jur\u00eddico significa que la figura de la mujer era protegida entonces por la ley en cuanto a madre e integrante de una familia, no en cuanto a su persona en s\u00ed.<\/p>\n\n\n\n<figure class=\"wp-block-image size-full\"><img decoding=\"async\" loading=\"lazy\" width=\"800\" height=\"500\" src=\"https:\/\/enlatitud25.com\/news\/wp-content\/uploads\/2022\/12\/pag3_Derechos_Profamilia_Patria.jpg\" alt=\"\" class=\"wp-image-12032\" srcset=\"https:\/\/enlatitud25.com\/news\/wp-content\/uploads\/2022\/12\/pag3_Derechos_Profamilia_Patria.jpg 800w, https:\/\/enlatitud25.com\/news\/wp-content\/uploads\/2022\/12\/pag3_Derechos_Profamilia_Patria-300x188.jpg 300w, https:\/\/enlatitud25.com\/news\/wp-content\/uploads\/2022\/12\/pag3_Derechos_Profamilia_Patria-768x480.jpg 768w, https:\/\/enlatitud25.com\/news\/wp-content\/uploads\/2022\/12\/pag3_Derechos_Profamilia_Patria-380x238.jpg 380w\" sizes=\"(max-width: 800px) 100vw, 800px\" \/><\/figure>\n\n\n\n<p>\u201cNo se contemplaba la situaci\u00f3n de la mujer por fuera de la unidad familiar. La mujer ten\u00eda un estatuto de minoridad, igual al estatus de su hijo, en relaci\u00f3n al padre (esposo). No hab\u00eda normas, como hoy, que pod\u00edan proteger a la mujer como trabajadora independiente\u201d, resalta.<\/p>\n\n\n\n<p>Vel\u00e1zquez hace \u00e9nfasis en que la Constituci\u00f3n de 1870, no establec\u00eda desigualdades entre el hombre y la mujer. Sin embargo, esa Constituci\u00f3n no sirvi\u00f3, por ejemplo, para que las mujeres votaran. <\/p>\n\n\n\n<p>&#8220;Ni siquiera los tratadistas liberales de la \u00e9poca, coherentes con este pensamiento igualitario, <strong>contemplaban que las mujeres est\u00e9n incluidas en esa igualdad<\/strong>. Aunque fueran laicos, aunque tuvieran clara la separaci\u00f3n de Iglesia y Estado, aunque fueran incluso muchos de ellos, anticlericales. <strong>Poqu\u00edsimos se animaron a sostener la igualdad de derechos <\/strong>entre hombres y mujeres y los que sostuvieron, no tuvieron \u00e9xito&#8221;, relata. <\/p>\n\n\n\n<h4 id=\"la-decision-antipatrotica-de-permitir-el-matrimonio-civil\" class=\"wp-block-heading\">La decisi\u00f3n &#8220;antipatr\u00f3tica&#8221; de permitir el matrimonio civil <\/h4>\n\n\n\n<p>El historiador considera que Paraguay tiene una institucionalidad muy d\u00e9bil hist\u00f3ricamente. Recuerda que cuando se aprob\u00f3, en 1898, la ley del matrimonio civil, por ejemplo, hubo todo un esc\u00e1ndalo. Hasta entonces, la uni\u00f3n de la pareja solo estaba concebida, en el pa\u00eds, a trav\u00e9s de la Iglesia Cat\u00f3lica.<\/p>\n\n\n\n<p>&#8220;Hubo que esperar a que Monse\u00f1or Juan Sinforiano Bogar\u00edn saliera de gira y estuviera lejos de la capital para hacer el proceso&#8221;, indica en relaci\u00f3n al poder de la Iglesia en las decisiones del Estado.<\/p>\n\n\n\n<p>En 1919, se vivi\u00f3 otro intenso debate en Paraguay, luego de que una joven pareja anunciara p\u00fablicamente que solo se casar\u00eda por civil. Por ese motivo, en un peri\u00f3dico cat\u00f3lico denominado &#8220;Los Principios&#8221;, se public\u00f3, el 16 de enero de 1919, el art\u00edculo llamado &#8220;El matrimonio civil&#8221;. <\/p>\n\n\n\n<p>En un fragmento de la publicaci\u00f3n se\u00f1ala que quienes no se casan por iglesia, vivir\u00edan en pecado mortal a la vista y conocimiento de todos.  &#8220;Son pecadores p\u00fablicos\u201d. &#8220;Son traidores de su Dios, ap\u00f3statas de una creencia tradicional y secular del Paraguay, son \u201cesc\u00e1ndalo viviente, esc\u00e1ndalo antirreligioso, esc\u00e1ndalo antinacional y por lo tanto antipatri\u00f3tico\u201d, enfatiza el art\u00edculo. <\/p>\n\n\n\n<figure class=\"wp-block-image size-full\"><img decoding=\"async\" loading=\"lazy\" width=\"800\" height=\"500\" src=\"https:\/\/enlatitud25.com\/news\/wp-content\/uploads\/2022\/12\/pag4_Derechos_Profamilia_Patria.jpg\" alt=\"\" class=\"wp-image-12033\" srcset=\"https:\/\/enlatitud25.com\/news\/wp-content\/uploads\/2022\/12\/pag4_Derechos_Profamilia_Patria.jpg 800w, https:\/\/enlatitud25.com\/news\/wp-content\/uploads\/2022\/12\/pag4_Derechos_Profamilia_Patria-300x188.jpg 300w, https:\/\/enlatitud25.com\/news\/wp-content\/uploads\/2022\/12\/pag4_Derechos_Profamilia_Patria-768x480.jpg 768w, https:\/\/enlatitud25.com\/news\/wp-content\/uploads\/2022\/12\/pag4_Derechos_Profamilia_Patria-380x238.jpg 380w\" sizes=\"(max-width: 800px) 100vw, 800px\" \/><\/figure>\n\n\n\n<p>Vel\u00e1zquez explica que el peso simb\u00f3lico de estas palabras era apelar a los sentimientos de una mayor\u00eda cat\u00f3lica a considerar que una \u00e9lite liberal &#8220;demon\u00edaca&#8221; y &#8220;mas\u00f3nica&#8221; hab\u00edan impuesto r<strong>eglas extranjerizantes que disolv\u00edan la familia paraguaya<\/strong>. <\/p>\n\n\n\n<p>Este modelo nuclear de familia paraguaya estaba muy arraigada en el imaginario cat\u00f3lico. &#8220;Aun cuando toda la evidencia indica que estaba lejos de ser el modelo de familia predominante&#8221;, se\u00f1ala Vel\u00e1zquez.<\/p>\n\n\n\n<h4 id=\"una-iniciativa-retrasada-casi-80-anos-por-injerencia-religiosa\" class=\"wp-block-heading\">Una iniciativa retrasada casi 80 a\u00f1os por injerencia religiosa<\/h4>\n\n\n\n<p>El divorcio tambi\u00e9n ser\u00eda el fin de la familia, seg\u00fan Bogar\u00edn. El gobierno liberal impuls\u00f3 proyectos de ley de divorcio, entre 1909 y 1919. El monse\u00f1or Sinforiano Bogar\u00edn se opuso una vez m\u00e1s a esta idea. Organiz\u00f3 m\u00edtines y redact\u00f3 cartas pastorales alarmando sobre las consecuencias de esta ley. <\/p>\n\n\n\n<p>Una vez m\u00e1s se menciona \u201cque traer\u00eda la<strong> disoluci\u00f3n de las familias<\/strong> y la sociedad humana, que es el prop\u00f3sito de socialistas y comunistas\u201d. (Cita al Papa Le\u00f3n XIII en la Carta Pastoral Sobre el divorcio 14\/05\/1919). <\/p>\n\n\n\n<p>Esta oposici\u00f3n logr\u00f3 postergar la aprobaci\u00f3n de la iniciativa por casi 80 a\u00f1os. El divorcio se aprobar\u00eda reci\u00e9n en el C\u00f3digo Civil de 1991, a trav\u00e9s de la Ley 45\/91.<\/p>\n\n\n\n<h4 id=\"buscaban-proteger-la-familia-pero-y-los-ninos-fuera-del-matrimonio\" class=\"wp-block-heading\">Buscaban proteger la familia, pero \u00bfy los ni\u00f1os fuera del matrimonio?<\/h4>\n\n\n\n<p>El historiador explica que en el C\u00f3digo Civil anterior, los hijos no ten\u00edan la misma jerarqu\u00eda. Estaban los hijos leg\u00edtimos y por fuera del matrimonio hab\u00eda cuatro tipos de hijos. Los hijos productos de la uni\u00f3n de hecho, los hijos adulterinos, sacr\u00edlegos o incestuosos. <\/p>\n\n\n\n<p>&#8220;Los sacr\u00edlegos ni los naturales no pod\u00edan pedir saber qui\u00e9n era su padre&#8221;, aclara. Esto evidencia la cultura de segregaci\u00f3n que imperaba en esos tiempos y que estaba normalizado discriminar a los hijos dependiendo de su naturaleza civil, lo que implicaba limitaciones en su acceso a derechos.<\/p>\n\n\n\n<p>Agrega que ese es el tipo de cosas que cambiaron luego de que se implementara un enfoque de derecho en las leyes paraguayas. &#8220;Porque ah\u00ed es el ni\u00f1o el que tiene el derecho a la identidad, no el padre que puede d\u00e1rsela o no&#8221;, comenta. <\/p>\n\n\n\n<p>En ese punto, refiere que, hubo una pol\u00e9mica a mediados de los 60 cuando en el proyecto de C\u00f3digo Civil de la Comisi\u00f3n Nacional, liderado por el Luis de G\u00e1speri. Entonces se plante\u00f3 la eliminaci\u00f3n de las categor\u00edas de hijos. En ese momento, hubo una intensa reacci\u00f3n de los intelectuales cat\u00f3licos y de las damas cat\u00f3licas, que se manifestaron en contra de la medida.<\/p>\n\n\n\n<figure class=\"wp-block-image size-full\"><img decoding=\"async\" loading=\"lazy\" width=\"800\" height=\"500\" src=\"https:\/\/enlatitud25.com\/news\/wp-content\/uploads\/2022\/12\/pag2_Derechos_Profamilia_Patria.jpg\" alt=\"\" class=\"wp-image-12034\" srcset=\"https:\/\/enlatitud25.com\/news\/wp-content\/uploads\/2022\/12\/pag2_Derechos_Profamilia_Patria.jpg 800w, https:\/\/enlatitud25.com\/news\/wp-content\/uploads\/2022\/12\/pag2_Derechos_Profamilia_Patria-300x188.jpg 300w, https:\/\/enlatitud25.com\/news\/wp-content\/uploads\/2022\/12\/pag2_Derechos_Profamilia_Patria-768x480.jpg 768w, https:\/\/enlatitud25.com\/news\/wp-content\/uploads\/2022\/12\/pag2_Derechos_Profamilia_Patria-380x238.jpg 380w\" sizes=\"(max-width: 800px) 100vw, 800px\" \/><\/figure>\n\n\n\n<p>&#8220;Ellas dec\u00edan que eso ser\u00eda igualdad entre la concubina y la esposa. Esto gener\u00f3 un debate interesante. Finalmente, la dictadura termin\u00f3 rechazando la propuesta de la Comisi\u00f3n Nacional de Codificaci\u00f3n y prevaleci\u00f3 la tesis cat\u00f3lica en ese momento&#8221;, detalla.<\/p>\n\n\n\n<p>Sin embargo, contradictoriamente las tasas de los hijos nacidos fuera del matrimonio, hasta el 80, era muy alta. <\/p>\n\n\n\n<p>&#8220;Tengo un texto escolar del 82 donde se dice todav\u00eda que hab\u00eda una cantidad importante de hijos nacen fuera del matrimonio. Era un libro de orientaciones para maestros, no se utilizaba en el aula. Para hablaba de una masa lo suficientemente grande. Entonces no era llamativo el matrimonio como opci\u00f3n de vida conjunta&#8221;, reflexiona acerca de la verdadera conformaci\u00f3n de las familias en Paraguay.<\/p>\n\n\n\n<h4 id=\"paraguay-siempre-ultimo-en-el-avance-de-derechos\" class=\"wp-block-heading\">Paraguay siempre \u00faltimo en el avance de derechos<\/h4>\n\n\n\n<p>El historiador recuerda que en Paraguay siempre se habl\u00f3 de derechos, pero el ingreso a la norma para la aplicaci\u00f3n a las leyes, es la Constituci\u00f3n de 1992. Despu\u00e9s, vino el C\u00f3digo de la Ni\u00f1ez y la Adolescencia, que se regula bajo este art\u00edculo constitucional. <\/p>\n\n\n\n<p>Puntualiza que, a partir de 1992, el eje de la patria potestad no est\u00e1 centrado solo en el derecho de los padres. M\u00e1s bien hay una serie de derechos y obligaciones, que se ejercen en funci\u00f3n del desarrollo de los ni\u00f1os, ni\u00f1as y adolescentes. <\/p>\n\n\n\n<p>En cuanto, a que Paraguay fue uno de los pa\u00edses que m\u00e1s tard\u00f3 en avanzar hacia derechos y libertades, recuerda que estamos en un pa\u00eds de l<strong>argas tradiciones autoritarias<\/strong> y de <strong>\u00e9lites conservadoras muy fuertes<\/strong>. Adem\u00e1s de tener una poblaci\u00f3n civil que muy lenta y recientemente se moviliza en escala por la reivindicaci\u00f3n de derechos. Tambi\u00e9n reiter\u00f3 la institucionalidad d\u00e9bil del pa\u00eds. <\/p>\n\n\n\n<p>Acota adem\u00e1s, que en el caso de la Iglesia Cat\u00f3lica el n\u00facleo sustancial sigue siendo el mismo. &#8220;El matrimonio es una instituci\u00f3n que viene de Dios, forma parte del proceso de creaci\u00f3n y fuera del matrimonio religioso, solo el matrimonio civil, el matrimonio no sirve. Eso es as\u00ed desde los discursos de Bogar\u00edn hasta hoy&#8221;, expresa. <\/p>\n\n\n\n<figure class=\"wp-block-image size-full\"><img decoding=\"async\" loading=\"lazy\" width=\"800\" height=\"500\" src=\"https:\/\/enlatitud25.com\/news\/wp-content\/uploads\/2022\/12\/pag1_Derechos_Profamilia_Patria.jpg\" alt=\"\" class=\"wp-image-12035\" srcset=\"https:\/\/enlatitud25.com\/news\/wp-content\/uploads\/2022\/12\/pag1_Derechos_Profamilia_Patria.jpg 800w, https:\/\/enlatitud25.com\/news\/wp-content\/uploads\/2022\/12\/pag1_Derechos_Profamilia_Patria-300x188.jpg 300w, https:\/\/enlatitud25.com\/news\/wp-content\/uploads\/2022\/12\/pag1_Derechos_Profamilia_Patria-768x480.jpg 768w, https:\/\/enlatitud25.com\/news\/wp-content\/uploads\/2022\/12\/pag1_Derechos_Profamilia_Patria-380x238.jpg 380w\" sizes=\"(max-width: 800px) 100vw, 800px\" \/><\/figure>\n\n\n\n<h4 id=\"la-historia-se-vuelve-a-repetir\" class=\"wp-block-heading\">La historia se vuelve a repetir<\/h4>\n\n\n\n<p>El rechazo del<strong> Plan de Transform<\/strong>a<strong>ci\u00f3n Educativa,<\/strong> es un claro ejemplo de la fuerza que puede llegar a tener un articulado y repetitivo discurso. Este proceso, empez\u00f3 en 2017, se realizaron varios estudios y consultas en todos los departamentos del pa\u00eds. Sin embargo, empez\u00f3 a tener resistencia reci\u00e9n este 2022.<\/p>\n\n\n\n<p><strong>Le\u00e9 m\u00e1s: <a href=\"https:\/\/enlatitud25.com\/news\/plan-de-transformacion-educativa-advierten-sobre-distorsiones-peligrosas\/\" target=\"_blank\" rel=\"noreferrer noopener\">Plan de Transformaci\u00f3n Educativa: Advierten sobre distorsiones peligrosas<\/a><\/strong><\/p>\n\n\n\n<p>Un grupo de personas pertenecientes a grupos que militan por restringir derechos civiles, aliadas con pastores evang\u00e9licos e integrantes de la Iglesia Cat\u00f3lica, present\u00f3 una f\u00e9rrea e intempestiva oposici\u00f3n al proyecto. El motivo, supuestamente la inclusi\u00f3n de la \u201cideolog\u00eda de g\u00e9nero en el enfoque del proceso\u201d.<\/p>\n\n\n\n<p>Con suficiente evidencia, los encargados de la iniciativa demostraron <a href=\"https:\/\/enlatitud25.com\/news\/ojala-los-padres-realmente-se-involucren-reclaman-desde-el-pnte\/\" target=\"_blank\" rel=\"noreferrer noopener\">que no exist\u00eda nada al respecto en el documento en cuesti\u00f3n<\/a>. Sin embargo, la resistencia sigui\u00f3 y apuntaron contra los ejes transversales del plan. Una voluntad pol\u00edtica clara de empa\u00f1ar el proceso pero con oscuros intereses pol\u00edticos por detr\u00e1s, en puertas del periodo electoral en que surgi\u00f3 la campa\u00f1a.<\/p>\n\n\n\n<p>Si bien, estos ejes tampoco ten\u00edan nada de ideolog\u00eda de g\u00e9nero, esta vez decidieron afirmar la ambig\u00fcedad del los mismos, que hacen referencia al enfoque de derechos, la interculturalidad y la no discriminaci\u00f3n. Conceptos que ya est\u00e1n previstos en la Constituci\u00f3n Nacional y en el C\u00f3digo de la Protecci\u00f3n de la Ni\u00f1ez y la Adolescencia. <\/p>\n\n\n\n<figure class=\"wp-block-image size-full\"><img decoding=\"async\" loading=\"lazy\" width=\"800\" height=\"500\" src=\"https:\/\/enlatitud25.com\/news\/wp-content\/uploads\/2022\/09\/portada_Transformacio\u0301n_Educativa_roci\u0301o.jpg\" alt=\"\" class=\"wp-image-10649\" srcset=\"https:\/\/enlatitud25.com\/news\/wp-content\/uploads\/2022\/09\/portada_Transformacio\u0301n_Educativa_roci\u0301o.jpg 800w, https:\/\/enlatitud25.com\/news\/wp-content\/uploads\/2022\/09\/portada_Transformacio\u0301n_Educativa_roci\u0301o-300x188.jpg 300w, https:\/\/enlatitud25.com\/news\/wp-content\/uploads\/2022\/09\/portada_Transformacio\u0301n_Educativa_roci\u0301o-768x480.jpg 768w, https:\/\/enlatitud25.com\/news\/wp-content\/uploads\/2022\/09\/portada_Transformacio\u0301n_Educativa_roci\u0301o-380x238.jpg 380w\" sizes=\"(max-width: 800px) 100vw, 800px\" \/><\/figure>\n\n\n\n<p>\u00bfCu\u00e1les son los argumentos principales para rechazar este plan? De nuevo el mismo motivo, &#8220;El fin de la familia&#8221; y &#8220;el atentado contra la patria&#8221;. <\/p>\n\n\n\n<p>Posteriormente, ese discurso camin\u00f3 peligrosamente hacia la derogaci\u00f3n de los fondos donados por la <strong>Uni\u00f3n Europea <\/strong>en materia de educaci\u00f3n. En este punto, el eje cuestionado se basa en que supuestamente la UE busca imponer &#8220;ideas extranjeras&#8221;, otra vez una alusi\u00f3n al patriotismo. Bajo ese argumento, la C\u00e1mara de Diputados aprob\u00f3 la derogaci\u00f3n de la ley convenio. No obstante, ese dinero era usado por el MEC, para kits escolares, meriendas escolares y libros educativos.<\/p>\n\n\n\n<p><strong>Nota relacionada:  \u201c<a href=\"https:\/\/enlatitud25.com\/news\/ojala-los-padres-realmente-se-involucren-reclaman-desde-el-pnte\/\" target=\"_blank\" rel=\"noreferrer noopener\">Ojal\u00e1 los padres realmente se involucren\u201d, reclaman desde el PNTE<\/a><\/strong><\/p>\n\n\n\n<h4 id=\"el-constante-anuncio-del-fin-de-la-familia\" class=\"wp-block-heading\">El constante anuncio del &#8220;fin de la familia&#8221;<\/h4>\n\n\n\n<p>Vel\u00e1zquez recuerda que la Iglesia viene anunciando el deterioro de la familia, desde el Monse\u00f1or Bogar\u00edn, hasta hoy. <\/p>\n\n\n\n<p>Sin embargo, y a pesar de que este es un pueblo mayoritariamente cat\u00f3lico, la realidad da cuenta que los hogares y las familias liderados por mujeres o familias ensambladas, no es una cifra menor. Es decir, el modelo familiar \u00fanico que estos grupos presentan, no es el modelo mayoritario. <\/p>\n\n\n\n<p>&#8220;Yo creo que no est\u00e1 estudiado suficientemente el fen\u00f3meno de las familias en Paraguay. Desde los 80 hasta ahora, no se puede negar que hay una continuidad y que esa continuidad precede, incluso a la existencia de las Naciones Unidas. Se puede entender mucho mejor (lo que pasa) <strong>con la propia historia del pa\u00eds, que por la influencia de factores externos<\/strong>&#8220;, concluy\u00f3 en relaci\u00f3n a los discursos que hablan de una intromisi\u00f3n extranjeras en &#8220;nuevas ideas&#8221; que atentan contra las familias paraguayas. <\/p>\n\n\n\n<p>En la actualidad, hay datos del <strong>Instituto Nacional de Estad\u00edsticas<\/strong> en el marco de la Encuesta Permanente de Hogares (del tercer trimestre de 2022), que ratifican esta idea. Las cifras se\u00f1alan que, el 80% de los beb\u00e9s, que fueron registrados en el Registro Civil y Ministerio de Salud son de padres no casados. Adem\u00e1s de que un 41% de las familias paraguayas no est\u00e1n conformadas \u00fanicamente por pap\u00e1, mam\u00e1 e hijos.<\/p>\n\n\n\n<p><strong>Le\u00e9 m\u00e1s:<a href=\"https:\/\/enlatitud25.com\/news\/cifras-del-ine-ratifican-que-en-paraguay-no-existe-un-modelo-unico-de-familia\/\" target=\"_blank\" rel=\"noreferrer noopener\"> Cifras del INE ratifican que en Paraguay no existe un modelo \u00fanico de familia<\/a><\/strong><\/p>\n\n\n\n<p>En cuanto a los derechos antes cuestionados, hoy existe una igualdad entre la categorizaci\u00f3n de los hijos y la igualdad en el salario m\u00ednimo tanto de hombres como mujeres. Adem\u00e1s de la opci\u00f3n de acceder al matrimonio civil, con las obligaciones y beneficios que representa, as\u00ed como la posibilidad de divorciarse. Todo esto se logr\u00f3, pese a la negativa coyuntural que pudo haber existido, aunque las discusiones lograron postergar leyes, la conquista de nuevos derechos civiles termin\u00f3 prevaleciendo.<\/p>\n","protected":false},"excerpt":{"rendered":"El discurso utilizado por grupos \u2013que militan en contra del acceso a derechos civiles\u2013, para tratar de frenarlos, no es nuevo ni democr\u00e1tico. Te contamos algunos hitos en los que se puede notar c\u00f3mo se us\u00f3 este discurso \u201cprofamilia\u201d y \u201cen favor de la patria\u201d para frenar derechos, hoy integrados a nuestras vidas.\n","protected":false},"author":1,"featured_media":12031,"comment_status":"closed","ping_status":"closed","sticky":false,"template":"","format":"standard","meta":[],"categories":[12],"tags":[1179,1315,506,59],"ubicacion":[17],"yoast_head":"<!-- This site is optimized with the Yoast SEO plugin v20.8 - https:\/\/yoast.com\/wordpress\/plugins\/seo\/ -->\n<title>Historias de derechos hoy aceptados, que eran negados por ir &quot;contra la familia&quot; &ndash; Latitud25<\/title>\n<meta name=\"description\" content=\"Te contamos algunos hitos en los que se puede notar c\u00f3mo se us\u00f3 este discurso \u201cprofamilia\u201d y \u201cen favor de la patria\u201d para frenar derechos.\" \/>\n<meta name=\"robots\" content=\"index, follow, max-snippet:-1, max-image-preview:large, max-video-preview:-1\" \/>\n<link rel=\"canonical\" href=\"https:\/\/enlatitud25.com\/news\/historias-de-derechos-hoy-aceptados-que-eran-negados-por-ir-contra-la-familia\/\" \/>\n<meta property=\"og:locale\" content=\"es_ES\" \/>\n<meta property=\"og:type\" content=\"article\" \/>\n<meta property=\"og:title\" content=\"Historias de derechos hoy aceptados, que eran negados por ir &quot;contra la familia&quot; &ndash; Latitud25\" \/>\n<meta property=\"og:description\" content=\"Te contamos algunos hitos en los que se puede notar c\u00f3mo se us\u00f3 este discurso \u201cprofamilia\u201d y \u201cen favor de la patria\u201d para frenar derechos.\" \/>\n<meta property=\"og:url\" content=\"https:\/\/enlatitud25.com\/news\/historias-de-derechos-hoy-aceptados-que-eran-negados-por-ir-contra-la-familia\/\" \/>\n<meta property=\"og:site_name\" content=\"Latitud25\" \/>\n<meta property=\"article:publisher\" content=\"https:\/\/www.facebook.com\/EnLatitud25\" \/>\n<meta property=\"article:author\" content=\"https:\/\/www.facebook.com\/EnLatitud25\" \/>\n<meta property=\"article:published_time\" content=\"2022-12-14T13:16:07+00:00\" \/>\n<meta property=\"article:modified_time\" content=\"2022-12-14T14:40:17+00:00\" \/>\n<meta property=\"og:image\" content=\"https:\/\/enlatitud25.com\/news\/wp-content\/uploads\/2022\/12\/Portada_Derechos_Profamilia_Patria.jpg\" \/>\n\t<meta property=\"og:image:width\" content=\"800\" \/>\n\t<meta property=\"og:image:height\" content=\"500\" \/>\n\t<meta property=\"og:image:type\" content=\"image\/jpeg\" \/>\n<meta name=\"author\" content=\"Latitud 25\" \/>\n<meta name=\"twitter:card\" content=\"summary_large_image\" \/>\n<meta name=\"twitter:creator\" content=\"@EnLatitud25\" \/>\n<meta name=\"twitter:site\" content=\"@EnLatitud25\" \/>\n<meta name=\"twitter:label1\" content=\"Escrito por\" \/>\n\t<meta name=\"twitter:data1\" content=\"Latitud 25\" \/>\n\t<meta name=\"twitter:label2\" content=\"Tiempo de lectura\" \/>\n\t<meta name=\"twitter:data2\" content=\"11 minutos\" \/>\n<script type=\"application\/ld+json\" class=\"yoast-schema-graph\">{\"@context\":\"https:\/\/schema.org\",\"@graph\":[{\"@type\":\"Article\",\"@id\":\"https:\/\/enlatitud25.com\/news\/historias-de-derechos-hoy-aceptados-que-eran-negados-por-ir-contra-la-familia\/#article\",\"isPartOf\":{\"@id\":\"https:\/\/enlatitud25.com\/news\/historias-de-derechos-hoy-aceptados-que-eran-negados-por-ir-contra-la-familia\/\"},\"author\":{\"name\":\"Latitud 25\",\"@id\":\"https:\/\/enlatitud25.com\/news\/#\/schema\/person\/23aafe968917005a721b8eb760f2586e\"},\"headline\":\"Historias de derechos hoy aceptados, que eran negados por ir &#8220;contra la familia&#8221;\",\"datePublished\":\"2022-12-14T13:16:07+00:00\",\"dateModified\":\"2022-12-14T14:40:17+00:00\",\"mainEntityOfPage\":{\"@id\":\"https:\/\/enlatitud25.com\/news\/historias-de-derechos-hoy-aceptados-que-eran-negados-por-ir-contra-la-familia\/\"},\"wordCount\":2264,\"publisher\":{\"@id\":\"https:\/\/enlatitud25.com\/news\/#organization\"},\"keywords\":[\"derechos\",\"familia\",\"Historia\",\"paraguay\"],\"articleSection\":[\"Realidad\"],\"inLanguage\":\"es\"},{\"@type\":\"WebPage\",\"@id\":\"https:\/\/enlatitud25.com\/news\/historias-de-derechos-hoy-aceptados-que-eran-negados-por-ir-contra-la-familia\/\",\"url\":\"https:\/\/enlatitud25.com\/news\/historias-de-derechos-hoy-aceptados-que-eran-negados-por-ir-contra-la-familia\/\",\"name\":\"Historias de derechos hoy aceptados, que eran negados por ir \\\"contra la familia\\\" &ndash; Latitud25\",\"isPartOf\":{\"@id\":\"https:\/\/enlatitud25.com\/news\/#website\"},\"datePublished\":\"2022-12-14T13:16:07+00:00\",\"dateModified\":\"2022-12-14T14:40:17+00:00\",\"description\":\"Te contamos algunos hitos en los que se puede notar c\u00f3mo se us\u00f3 este discurso \u201cprofamilia\u201d y \u201cen favor de la patria\u201d para frenar derechos.\",\"breadcrumb\":{\"@id\":\"https:\/\/enlatitud25.com\/news\/historias-de-derechos-hoy-aceptados-que-eran-negados-por-ir-contra-la-familia\/#breadcrumb\"},\"inLanguage\":\"es\",\"potentialAction\":[{\"@type\":\"ReadAction\",\"target\":[\"https:\/\/enlatitud25.com\/news\/historias-de-derechos-hoy-aceptados-que-eran-negados-por-ir-contra-la-familia\/\"]}]},{\"@type\":\"BreadcrumbList\",\"@id\":\"https:\/\/enlatitud25.com\/news\/historias-de-derechos-hoy-aceptados-que-eran-negados-por-ir-contra-la-familia\/#breadcrumb\",\"itemListElement\":[{\"@type\":\"ListItem\",\"position\":1,\"name\":\"Home\",\"item\":\"https:\/\/enlatitud25.com\/news\/\"},{\"@type\":\"ListItem\",\"position\":2,\"name\":\"Historias de derechos hoy aceptados, que eran negados por ir &#8220;contra la familia&#8221;\"}]},{\"@type\":\"WebSite\",\"@id\":\"https:\/\/enlatitud25.com\/news\/#website\",\"url\":\"https:\/\/enlatitud25.com\/news\/\",\"name\":\"Latitud25\",\"description\":\"news\",\"publisher\":{\"@id\":\"https:\/\/enlatitud25.com\/news\/#organization\"},\"potentialAction\":[{\"@type\":\"SearchAction\",\"target\":{\"@type\":\"EntryPoint\",\"urlTemplate\":\"https:\/\/enlatitud25.com\/news\/?s={search_term_string}\"},\"query-input\":\"required name=search_term_string\"}],\"inLanguage\":\"es\"},{\"@type\":\"Organization\",\"@id\":\"https:\/\/enlatitud25.com\/news\/#organization\",\"name\":\"Latitud 25 - News\",\"url\":\"https:\/\/enlatitud25.com\/news\/\",\"logo\":{\"@type\":\"ImageObject\",\"inLanguage\":\"es\",\"@id\":\"https:\/\/enlatitud25.com\/news\/#\/schema\/logo\/image\/\",\"url\":\"https:\/\/enlatitud25.com\/news\/wp-content\/uploads\/2020\/11\/logo_latitud.png\",\"contentUrl\":\"https:\/\/enlatitud25.com\/news\/wp-content\/uploads\/2020\/11\/logo_latitud.png\",\"width\":235,\"height\":39,\"caption\":\"Latitud 25 - News\"},\"image\":{\"@id\":\"https:\/\/enlatitud25.com\/news\/#\/schema\/logo\/image\/\"},\"sameAs\":[\"https:\/\/www.facebook.com\/EnLatitud25\",\"https:\/\/twitter.com\/EnLatitud25\",\"https:\/\/www.instagram.com\/enlatitud25\/\",\"https:\/\/www.youtube.com\/user\/desdelatitud25\"]},{\"@type\":\"Person\",\"@id\":\"https:\/\/enlatitud25.com\/news\/#\/schema\/person\/23aafe968917005a721b8eb760f2586e\",\"name\":\"Latitud 25\",\"sameAs\":[\"https:\/\/enlatitud25.com\/news\",\"https:\/\/www.facebook.com\/EnLatitud25\",\"https:\/\/www.instagram.com\/enlatitud25\",\"https:\/\/www.youtube.com\/user\/desdelatitud25\",\"https:\/\/soundcloud.com\/enlatitud25\"],\"url\":\"https:\/\/enlatitud25.com\/news\/author\/nnews-uss00\/\"}]}<\/script>\n<!-- \/ Yoast SEO plugin. -->","yoast_head_json":{"title":"Historias de derechos hoy aceptados, que eran negados por ir \"contra la familia\" &ndash; Latitud25","description":"Te contamos algunos hitos en los que se puede notar c\u00f3mo se us\u00f3 este discurso \u201cprofamilia\u201d y \u201cen favor de la patria\u201d para frenar derechos.","robots":{"index":"index","follow":"follow","max-snippet":"max-snippet:-1","max-image-preview":"max-image-preview:large","max-video-preview":"max-video-preview:-1"},"canonical":"https:\/\/enlatitud25.com\/news\/historias-de-derechos-hoy-aceptados-que-eran-negados-por-ir-contra-la-familia\/","og_locale":"es_ES","og_type":"article","og_title":"Historias de derechos hoy aceptados, que eran negados por ir \"contra la familia\" &ndash; Latitud25","og_description":"Te contamos algunos hitos en los que se puede notar c\u00f3mo se us\u00f3 este discurso \u201cprofamilia\u201d y \u201cen favor de la patria\u201d para frenar derechos.","og_url":"https:\/\/enlatitud25.com\/news\/historias-de-derechos-hoy-aceptados-que-eran-negados-por-ir-contra-la-familia\/","og_site_name":"Latitud25","article_publisher":"https:\/\/www.facebook.com\/EnLatitud25","article_author":"https:\/\/www.facebook.com\/EnLatitud25","article_published_time":"2022-12-14T13:16:07+00:00","article_modified_time":"2022-12-14T14:40:17+00:00","og_image":[{"width":800,"height":500,"url":"https:\/\/enlatitud25.com\/news\/wp-content\/uploads\/2022\/12\/Portada_Derechos_Profamilia_Patria.jpg","type":"image\/jpeg"}],"author":"Latitud 25","twitter_card":"summary_large_image","twitter_creator":"@EnLatitud25","twitter_site":"@EnLatitud25","twitter_misc":{"Escrito por":"Latitud 25","Tiempo de lectura":"11 minutos"},"schema":{"@context":"https:\/\/schema.org","@graph":[{"@type":"Article","@id":"https:\/\/enlatitud25.com\/news\/historias-de-derechos-hoy-aceptados-que-eran-negados-por-ir-contra-la-familia\/#article","isPartOf":{"@id":"https:\/\/enlatitud25.com\/news\/historias-de-derechos-hoy-aceptados-que-eran-negados-por-ir-contra-la-familia\/"},"author":{"name":"Latitud 25","@id":"https:\/\/enlatitud25.com\/news\/#\/schema\/person\/23aafe968917005a721b8eb760f2586e"},"headline":"Historias de derechos hoy aceptados, que eran negados por ir &#8220;contra la familia&#8221;","datePublished":"2022-12-14T13:16:07+00:00","dateModified":"2022-12-14T14:40:17+00:00","mainEntityOfPage":{"@id":"https:\/\/enlatitud25.com\/news\/historias-de-derechos-hoy-aceptados-que-eran-negados-por-ir-contra-la-familia\/"},"wordCount":2264,"publisher":{"@id":"https:\/\/enlatitud25.com\/news\/#organization"},"keywords":["derechos","familia","Historia","paraguay"],"articleSection":["Realidad"],"inLanguage":"es"},{"@type":"WebPage","@id":"https:\/\/enlatitud25.com\/news\/historias-de-derechos-hoy-aceptados-que-eran-negados-por-ir-contra-la-familia\/","url":"https:\/\/enlatitud25.com\/news\/historias-de-derechos-hoy-aceptados-que-eran-negados-por-ir-contra-la-familia\/","name":"Historias de derechos hoy aceptados, que eran negados por ir \"contra la familia\" &ndash; Latitud25","isPartOf":{"@id":"https:\/\/enlatitud25.com\/news\/#website"},"datePublished":"2022-12-14T13:16:07+00:00","dateModified":"2022-12-14T14:40:17+00:00","description":"Te contamos algunos hitos en los que se puede notar c\u00f3mo se us\u00f3 este discurso \u201cprofamilia\u201d y \u201cen favor de la patria\u201d para frenar derechos.","breadcrumb":{"@id":"https:\/\/enlatitud25.com\/news\/historias-de-derechos-hoy-aceptados-que-eran-negados-por-ir-contra-la-familia\/#breadcrumb"},"inLanguage":"es","potentialAction":[{"@type":"ReadAction","target":["https:\/\/enlatitud25.com\/news\/historias-de-derechos-hoy-aceptados-que-eran-negados-por-ir-contra-la-familia\/"]}]},{"@type":"BreadcrumbList","@id":"https:\/\/enlatitud25.com\/news\/historias-de-derechos-hoy-aceptados-que-eran-negados-por-ir-contra-la-familia\/#breadcrumb","itemListElement":[{"@type":"ListItem","position":1,"name":"Home","item":"https:\/\/enlatitud25.com\/news\/"},{"@type":"ListItem","position":2,"name":"Historias de derechos hoy aceptados, que eran negados por ir &#8220;contra la familia&#8221;"}]},{"@type":"WebSite","@id":"https:\/\/enlatitud25.com\/news\/#website","url":"https:\/\/enlatitud25.com\/news\/","name":"Latitud25","description":"news","publisher":{"@id":"https:\/\/enlatitud25.com\/news\/#organization"},"potentialAction":[{"@type":"SearchAction","target":{"@type":"EntryPoint","urlTemplate":"https:\/\/enlatitud25.com\/news\/?s={search_term_string}"},"query-input":"required name=search_term_string"}],"inLanguage":"es"},{"@type":"Organization","@id":"https:\/\/enlatitud25.com\/news\/#organization","name":"Latitud 25 - News","url":"https:\/\/enlatitud25.com\/news\/","logo":{"@type":"ImageObject","inLanguage":"es","@id":"https:\/\/enlatitud25.com\/news\/#\/schema\/logo\/image\/","url":"https:\/\/enlatitud25.com\/news\/wp-content\/uploads\/2020\/11\/logo_latitud.png","contentUrl":"https:\/\/enlatitud25.com\/news\/wp-content\/uploads\/2020\/11\/logo_latitud.png","width":235,"height":39,"caption":"Latitud 25 - News"},"image":{"@id":"https:\/\/enlatitud25.com\/news\/#\/schema\/logo\/image\/"},"sameAs":["https:\/\/www.facebook.com\/EnLatitud25","https:\/\/twitter.com\/EnLatitud25","https:\/\/www.instagram.com\/enlatitud25\/","https:\/\/www.youtube.com\/user\/desdelatitud25"]},{"@type":"Person","@id":"https:\/\/enlatitud25.com\/news\/#\/schema\/person\/23aafe968917005a721b8eb760f2586e","name":"Latitud 25","sameAs":["https:\/\/enlatitud25.com\/news","https:\/\/www.facebook.com\/EnLatitud25","https:\/\/www.instagram.com\/enlatitud25","https:\/\/www.youtube.com\/user\/desdelatitud25","https:\/\/soundcloud.com\/enlatitud25"],"url":"https:\/\/enlatitud25.com\/news\/author\/nnews-uss00\/"}]}},"_links":{"self":[{"href":"https:\/\/enlatitud25.com\/news\/wp-json\/wp\/v2\/posts\/12029"}],"collection":[{"href":"https:\/\/enlatitud25.com\/news\/wp-json\/wp\/v2\/posts"}],"about":[{"href":"https:\/\/enlatitud25.com\/news\/wp-json\/wp\/v2\/types\/post"}],"author":[{"embeddable":true,"href":"https:\/\/enlatitud25.com\/news\/wp-json\/wp\/v2\/users\/1"}],"replies":[{"embeddable":true,"href":"https:\/\/enlatitud25.com\/news\/wp-json\/wp\/v2\/comments?post=12029"}],"version-history":[{"count":12,"href":"https:\/\/enlatitud25.com\/news\/wp-json\/wp\/v2\/posts\/12029\/revisions"}],"predecessor-version":[{"id":12107,"href":"https:\/\/enlatitud25.com\/news\/wp-json\/wp\/v2\/posts\/12029\/revisions\/12107"}],"wp:featuredmedia":[{"embeddable":true,"href":"https:\/\/enlatitud25.com\/news\/wp-json\/wp\/v2\/media\/12031"}],"wp:attachment":[{"href":"https:\/\/enlatitud25.com\/news\/wp-json\/wp\/v2\/media?parent=12029"}],"wp:term":[{"taxonomy":"category","embeddable":true,"href":"https:\/\/enlatitud25.com\/news\/wp-json\/wp\/v2\/categories?post=12029"},{"taxonomy":"post_tag","embeddable":true,"href":"https:\/\/enlatitud25.com\/news\/wp-json\/wp\/v2\/tags?post=12029"},{"taxonomy":"ubicacion","embeddable":true,"href":"https:\/\/enlatitud25.com\/news\/wp-json\/wp\/v2\/ubicacion?post=12029"}],"curies":[{"name":"wp","href":"https:\/\/api.w.org\/{rel}","templated":true}]}}