{"id":11949,"date":"2022-12-07T16:23:05","date_gmt":"2022-12-07T16:23:05","guid":{"rendered":"https:\/\/enlatitud25.com\/news\/?p=11949"},"modified":"2022-12-07T19:07:06","modified_gmt":"2022-12-07T19:07:06","slug":"menchi-denuncia-acoso-digital-y-exige-frenar-violencia-de-grupos-antiderechos","status":"publish","type":"post","link":"https:\/\/enlatitud25.com\/news\/menchi-denuncia-acoso-digital-y-exige-frenar-violencia-de-grupos-antiderechos\/","title":{"rendered":"Menchi denuncia acoso digital y exige frenar violencia de grupos antiderechos"},"content":{"rendered":"\n<p>Desde hace tiempo, la presentadora Menchi Barriocanal es v\u00edctima de acosos sistem\u00e1ticos a trav\u00e9s de las redes sociales, por parte de grupos antiderechos. Y notablemente como sucedi\u00f3 en el 2017, estos ataques se dieron en previas electorales, en las cuales, los discursos extremistas radicalizados a prop\u00f3sito buscan antagonizar la discusi\u00f3n con hechos que no existen.<\/p>\n\n\n\n<p>Recientemente, Menchi recibi\u00f3 distintos tipos violencia digital, tras sus expresiones en contra de la decisi\u00f3n de la C\u00e1mara de Diputados, de derogar el Convenio entre Paraguay y la Uni\u00f3n Europea, en el marco de fondos para fortalecer el sistema educativo paraguayo. <\/p>\n\n\n\n<p>Uno de los hechos, que fue evidenciado en redes a trav\u00e9s de capturas, guarda relaci\u00f3n con el dirigente antiderechos, Juan Vera. El mismo inst\u00f3 a sus contactos de WhatsApp, a que hostiguen a la comunicadora proporcionando de manera p\u00fablica su n\u00famero de celular privado.<\/p>\n\n\n\n<figure class=\"wp-block-image size-full\"><img decoding=\"async\" loading=\"lazy\" width=\"855\" height=\"667\" src=\"https:\/\/enlatitud25.com\/news\/wp-content\/uploads\/2022\/12\/captura-de-pantalla.jpg\" alt=\"\" class=\"wp-image-11975\" srcset=\"https:\/\/enlatitud25.com\/news\/wp-content\/uploads\/2022\/12\/captura-de-pantalla.jpg 855w, https:\/\/enlatitud25.com\/news\/wp-content\/uploads\/2022\/12\/captura-de-pantalla-300x234.jpg 300w, https:\/\/enlatitud25.com\/news\/wp-content\/uploads\/2022\/12\/captura-de-pantalla-768x599.jpg 768w, https:\/\/enlatitud25.com\/news\/wp-content\/uploads\/2022\/12\/captura-de-pantalla-380x296.jpg 380w, https:\/\/enlatitud25.com\/news\/wp-content\/uploads\/2022\/12\/captura-de-pantalla-800x624.jpg 800w\" sizes=\"(max-width: 855px) 100vw, 855px\" \/><\/figure>\n\n\n\n<p>Debido ya a las reiterados tipos de acoso, Menchi decidi\u00f3 este mi\u00e9rcoles presentar una denuncia ante el Juzgado de Paz, jurisdicci\u00f3n de La Encarnaci\u00f3n, Asunci\u00f3n. La denuncia se basa en la violaci\u00f3n de la Ley N.\u00b0 5777 de Protecci\u00f3n Integral a la Mujer. <\/p>\n\n\n\n<p>De esta manera, la comunicadora busca una medida cautelar para detener el acoso, la violencia y persecuci\u00f3n de la que fue v\u00edctima. Al presentar la denuncia, adjunt\u00f3 una serie de documentos y capturas de pantalla que demuestran esta persecuci\u00f3n. <\/p>\n\n\n\n<h4 id=\"orden-judicial-de-proteccion-y-auxilio\" class=\"wp-block-heading\">Orden judicial de protecci\u00f3n y auxilio<\/h4>\n\n\n\n<p>El juez de paz del distrito de la Catedral, Gustavo Enmanuel Villalba, emiti\u00f3 este mi\u00e9rcoles, una orden de protecci\u00f3n y auxilio, a favor de la periodista Menchi Barriocanal. <\/p>\n\n\n\n<p>En este documento, no solo proh\u00edbe cualquier tipo de violencia, hostigamiento o amedrentamiento, por cualquier medio, hacia Menchi. Adem\u00e1s ordena la protecci\u00f3n policial de la periodista y su familia, as\u00ed como la investigaci\u00f3n del caso por parte de la Fiscal\u00eda General del Estado.<\/p>\n\n\n\n<figure class=\"wp-block-gallery has-nested-images columns-default is-cropped wp-block-gallery-1 is-layout-flex\">\n<figure class=\"wp-block-image size-large\"><img decoding=\"async\" loading=\"lazy\" width=\"681\" height=\"1024\" data-id=\"11986\"  src=\"https:\/\/enlatitud25.com\/news\/wp-content\/uploads\/2022\/12\/pag2_Documento_Menchi-681x1024.jpg\" alt=\"\" class=\"wp-image-11986\" srcset=\"https:\/\/enlatitud25.com\/news\/wp-content\/uploads\/2022\/12\/pag2_Documento_Menchi-681x1024.jpg 681w, https:\/\/enlatitud25.com\/news\/wp-content\/uploads\/2022\/12\/pag2_Documento_Menchi-200x300.jpg 200w, https:\/\/enlatitud25.com\/news\/wp-content\/uploads\/2022\/12\/pag2_Documento_Menchi-768x1155.jpg 768w, https:\/\/enlatitud25.com\/news\/wp-content\/uploads\/2022\/12\/pag2_Documento_Menchi-1022x1536.jpg 1022w, https:\/\/enlatitud25.com\/news\/wp-content\/uploads\/2022\/12\/pag2_Documento_Menchi-1362x2048.jpg 1362w, https:\/\/enlatitud25.com\/news\/wp-content\/uploads\/2022\/12\/pag2_Documento_Menchi-380x571.jpg 380w, https:\/\/enlatitud25.com\/news\/wp-content\/uploads\/2022\/12\/pag2_Documento_Menchi-800x1203.jpg 800w, https:\/\/enlatitud25.com\/news\/wp-content\/uploads\/2022\/12\/pag2_Documento_Menchi-1160x1744.jpg 1160w, https:\/\/enlatitud25.com\/news\/wp-content\/uploads\/2022\/12\/pag2_Documento_Menchi-scaled.jpg 1703w\" sizes=\"(max-width: 681px) 100vw, 681px\" \/><\/figure>\n\n\n\n<figure class=\"wp-block-image size-large\"><img decoding=\"async\" loading=\"lazy\" width=\"681\" height=\"1024\" data-id=\"11987\"  src=\"https:\/\/enlatitud25.com\/news\/wp-content\/uploads\/2022\/12\/pag1_Documento_Menchi-681x1024.jpg\" alt=\"\" class=\"wp-image-11987\" srcset=\"https:\/\/enlatitud25.com\/news\/wp-content\/uploads\/2022\/12\/pag1_Documento_Menchi-681x1024.jpg 681w, https:\/\/enlatitud25.com\/news\/wp-content\/uploads\/2022\/12\/pag1_Documento_Menchi-200x300.jpg 200w, https:\/\/enlatitud25.com\/news\/wp-content\/uploads\/2022\/12\/pag1_Documento_Menchi-768x1155.jpg 768w, https:\/\/enlatitud25.com\/news\/wp-content\/uploads\/2022\/12\/pag1_Documento_Menchi-1022x1536.jpg 1022w, https:\/\/enlatitud25.com\/news\/wp-content\/uploads\/2022\/12\/pag1_Documento_Menchi-1362x2048.jpg 1362w, https:\/\/enlatitud25.com\/news\/wp-content\/uploads\/2022\/12\/pag1_Documento_Menchi-380x571.jpg 380w, https:\/\/enlatitud25.com\/news\/wp-content\/uploads\/2022\/12\/pag1_Documento_Menchi-800x1203.jpg 800w, https:\/\/enlatitud25.com\/news\/wp-content\/uploads\/2022\/12\/pag1_Documento_Menchi-1160x1744.jpg 1160w, https:\/\/enlatitud25.com\/news\/wp-content\/uploads\/2022\/12\/pag1_Documento_Menchi-scaled.jpg 1703w\" sizes=\"(max-width: 681px) 100vw, 681px\" \/><\/figure>\n<\/figure>\n\n\n\n<h4 id=\"se-cruzo-la-linea\" class=\"wp-block-heading\">&#8220;Se cruz\u00f3 la l\u00ednea&#8221; <\/h4>\n\n\n\n<p>La comunicadora habl\u00f3 hoy con la prensa, luego de presentar el pedido de medida cautelar. Record\u00f3 que desde hace tiempo recibe todo tipo de amedrentamientos, pero asegur\u00f3 que decidi\u00f3 tomar una decisi\u00f3n debido a que en esta ocasi\u00f3n &#8220;se cruz\u00f3 la l\u00ednea&#8221;. <\/p>\n\n\n\n<p>&#8220;Hoy soy v\u00edctima de este hostigamiento, de este discurso de odio justo con mis hijas y mi familia. Pero de alguna manera tambi\u00e9n decidimos llevar adelante esta acci\u00f3n porque creemos que hay muchas mujeres, de hecho somos testigos todos los d\u00edas, sobre todo mujeres periodistas que sufrimos este hostigamiento en redes sociales&#8221;, expres\u00f3. <\/p>\n\n\n\n<figure class=\"wp-block-image size-full\"><img decoding=\"async\" loading=\"lazy\" width=\"800\" height=\"500\" src=\"https:\/\/enlatitud25.com\/news\/wp-content\/uploads\/2022\/12\/portada_Menchi_Barriocanal_Denuncia.jpg\" alt=\"\" class=\"wp-image-11951\" srcset=\"https:\/\/enlatitud25.com\/news\/wp-content\/uploads\/2022\/12\/portada_Menchi_Barriocanal_Denuncia.jpg 800w, https:\/\/enlatitud25.com\/news\/wp-content\/uploads\/2022\/12\/portada_Menchi_Barriocanal_Denuncia-300x188.jpg 300w, https:\/\/enlatitud25.com\/news\/wp-content\/uploads\/2022\/12\/portada_Menchi_Barriocanal_Denuncia-768x480.jpg 768w, https:\/\/enlatitud25.com\/news\/wp-content\/uploads\/2022\/12\/portada_Menchi_Barriocanal_Denuncia-380x238.jpg 380w\" sizes=\"(max-width: 800px) 100vw, 800px\" \/><\/figure>\n\n\n\n<p>Menchi Barriocanal acot\u00f3 que por mucho tiempo aguant\u00f3 esta situaci\u00f3n de acoso digital. Sin embargo, hoy es el d\u00eda en que decide pedir protecci\u00f3n al Estado paraguayo, porque el amedrentamiento tom\u00f3 mayores proporciones.<\/p>\n\n\n\n<h4 id=\"el-estado-debe-garantizar-la-libertad-de-expresion\" class=\"wp-block-heading\">El estado debe garantizar la libertad de expresi\u00f3n<\/h4>\n\n\n\n<p><br>La abogada y cofundadora de Tedic, Maricarmen Sequera, habl\u00f3 en contacto con Latitud25, acerca del hecho particular de violencia digital hacia Menchi Barriocanal.<\/p>\n\n\n\n<p>Record\u00f3 que existi\u00f3 una horda de personas que empez\u00f3 a enviarle mensajes de hostigamiento y tambi\u00e9n amenaza a la integridad de ella.<\/p>\n\n\n\n<p>\u201cVimos acoso, desinformaci\u00f3n y discurso de odio, es una figura de libertad de expresi\u00f3n dentro de nuestro sistema interamericano, que est\u00e1 prohibido por el sistema. Un discurso de odio le pone en una persona no solo en una situaci\u00f3n de amenaza hacia la integridad, sino que le deseen la muerte a una persona como ella, s\u00ed se puede hacer una acci\u00f3n judicial\u201d, resalt\u00f3.<\/p>\n\n\n\n<p>Agreg\u00f3 que esto se debe a una falta del Estado que no est\u00e1 garantizando la protecci\u00f3n, no de cualquier mujer, sino de mujeres periodistas que est\u00e1n opinando sobre temas de alta relevancia pol\u00edtica.<\/p>\n\n\n\n<figure class=\"wp-block-image size-full\"><img decoding=\"async\" loading=\"lazy\" width=\"800\" height=\"500\" src=\"https:\/\/enlatitud25.com\/news\/wp-content\/uploads\/2022\/12\/pag2_casos_feminicidio.jpg\" alt=\"\" class=\"wp-image-11952\" srcset=\"https:\/\/enlatitud25.com\/news\/wp-content\/uploads\/2022\/12\/pag2_casos_feminicidio.jpg 800w, https:\/\/enlatitud25.com\/news\/wp-content\/uploads\/2022\/12\/pag2_casos_feminicidio-300x188.jpg 300w, https:\/\/enlatitud25.com\/news\/wp-content\/uploads\/2022\/12\/pag2_casos_feminicidio-768x480.jpg 768w, https:\/\/enlatitud25.com\/news\/wp-content\/uploads\/2022\/12\/pag2_casos_feminicidio-380x238.jpg 380w\" sizes=\"(max-width: 800px) 100vw, 800px\" \/><\/figure>\n\n\n\n<p>\u201cAc\u00e1 tiene que ver que el estado no le est\u00e1 dando garant\u00eda a una periodista, en su rol de periodista y, adem\u00e1s, como mujer. Estamos viendo una complejidad en que el Estado debe garantizar, por un lado, la libertad de expresi\u00f3n, por otro lado, la privacidad de ella. Una cosa es que la ataquen en su cuenta de Twitter que es p\u00fablica, otra cosa es que le ataquen a su casa, o un n\u00famero privado que ella no facilit\u00f3, a pesar de que todo el mundo ya tiene, porque eso s\u00ed es una informaci\u00f3n privada\u201d, dijo Sequera.<\/p>\n\n\n\n<h4 id=\"la-violencia-digital\" class=\"wp-block-heading\">La violencia digital<\/h4>\n\n\n\n<p>La violencia digital guarda relaci\u00f3n con campa\u00f1as de desinformaci\u00f3n, que recurren a la misoginia y al discurso de odio, ataques selectivos, amenazas de violencia f\u00edsica y sexual, divulgaci\u00f3n de datos personales que ponen en riesgo la integridad de las personas. Esto seg\u00fan explic<a href=\"https:\/\/unesdoc.unesco.org\/ark:\/48223\/pf0000375136_spa\" target=\"_blank\" rel=\"noreferrer noopener\">a una investigaci\u00f3n de Unicef <\/a>y el Centro Internacional para Periodistas (ICFJ), que adem\u00e1s arroja cifras que muestran con mayor claridad el panorama. <\/p>\n\n\n\n<p><strong>Le\u00e9 la nota completa desde: <a href=\"https:\/\/enlatitud25.com\/news\/hablemos-de-violencia-digital-ante-nueva-ola-de-ataques-coordinados-en-redes\/\" target=\"_blank\" rel=\"noreferrer noopener\">Hablemos de violencia digital ante nueva ola de ataques coordinados en redes<\/a><\/strong><\/p>\n\n\n\n<p><\/p>\n","protected":false},"excerpt":{"rendered":"La periodista Menchi Barriocanal, reconocida por activar por los derechos de ni\u00f1os, ni\u00f1as y adolescentes, present\u00f3 oficialmente una denuncia ante la justicia por la violencia digital que recibi\u00f3 en redes. La periodista dijo que hace tiempo es blanco de acoso pero que con la exposici\u00f3n de su familia &#8220;se cruz\u00f3 la raya&#8221;. Conden\u00f3 duramente la escalada de odio que se vive nuevamente en tiempos pre electorales y exige frenar estos hechos de violencia.\n","protected":false},"author":1,"featured_media":11973,"comment_status":"closed","ping_status":"closed","sticky":false,"template":"","format":"standard","meta":[],"categories":[12],"tags":[1312,1313,45,74],"ubicacion":[18],"yoast_head":"<!-- This site is optimized with the Yoast SEO plugin v20.8 - https:\/\/yoast.com\/wordpress\/plugins\/seo\/ -->\n<title>Menchi denuncia acoso digital y exige frenar violencia de grupos antiderechos &ndash; Latitud25<\/title>\n<meta name=\"description\" content=\"La periodista Menchi Barriocanal inici\u00f3 acciones legales a causa del acoso digital que sufri\u00f3 en reiteradas ocasiones.\" \/>\n<meta name=\"robots\" content=\"index, follow, max-snippet:-1, max-image-preview:large, max-video-preview:-1\" \/>\n<link rel=\"canonical\" href=\"https:\/\/enlatitud25.com\/news\/menchi-denuncia-acoso-digital-y-exige-frenar-violencia-de-grupos-antiderechos\/\" \/>\n<meta property=\"og:locale\" content=\"es_ES\" \/>\n<meta property=\"og:type\" content=\"article\" \/>\n<meta property=\"og:title\" content=\"Menchi denuncia acoso digital y exige frenar violencia de grupos antiderechos &ndash; Latitud25\" \/>\n<meta property=\"og:description\" content=\"La periodista Menchi Barriocanal inici\u00f3 acciones legales a causa del acoso digital que sufri\u00f3 en reiteradas ocasiones.\" \/>\n<meta property=\"og:url\" content=\"https:\/\/enlatitud25.com\/news\/menchi-denuncia-acoso-digital-y-exige-frenar-violencia-de-grupos-antiderechos\/\" \/>\n<meta property=\"og:site_name\" content=\"Latitud25\" \/>\n<meta property=\"article:publisher\" content=\"https:\/\/www.facebook.com\/EnLatitud25\" \/>\n<meta property=\"article:author\" content=\"https:\/\/www.facebook.com\/EnLatitud25\" \/>\n<meta property=\"article:published_time\" content=\"2022-12-07T16:23:05+00:00\" \/>\n<meta property=\"article:modified_time\" content=\"2022-12-07T19:07:06+00:00\" \/>\n<meta property=\"og:image\" content=\"https:\/\/enlatitud25.com\/news\/wp-content\/uploads\/2022\/12\/FjYm9xlWYAA8q3_-1.jpg\" \/>\n\t<meta property=\"og:image:width\" content=\"1366\" \/>\n\t<meta property=\"og:image:height\" content=\"768\" \/>\n\t<meta property=\"og:image:type\" content=\"image\/jpeg\" \/>\n<meta name=\"author\" content=\"Latitud 25\" \/>\n<meta name=\"twitter:card\" content=\"summary_large_image\" \/>\n<meta name=\"twitter:creator\" content=\"@EnLatitud25\" \/>\n<meta name=\"twitter:site\" content=\"@EnLatitud25\" \/>\n<meta name=\"twitter:label1\" content=\"Escrito por\" \/>\n\t<meta name=\"twitter:data1\" content=\"Latitud 25\" \/>\n\t<meta name=\"twitter:label2\" content=\"Tiempo de lectura\" \/>\n\t<meta name=\"twitter:data2\" content=\"5 minutos\" \/>\n<script type=\"application\/ld+json\" class=\"yoast-schema-graph\">{\"@context\":\"https:\/\/schema.org\",\"@graph\":[{\"@type\":\"Article\",\"@id\":\"https:\/\/enlatitud25.com\/news\/menchi-denuncia-acoso-digital-y-exige-frenar-violencia-de-grupos-antiderechos\/#article\",\"isPartOf\":{\"@id\":\"https:\/\/enlatitud25.com\/news\/menchi-denuncia-acoso-digital-y-exige-frenar-violencia-de-grupos-antiderechos\/\"},\"author\":{\"name\":\"Latitud 25\",\"@id\":\"https:\/\/enlatitud25.com\/news\/#\/schema\/person\/23aafe968917005a721b8eb760f2586e\"},\"headline\":\"Menchi denuncia acoso digital y exige frenar violencia de grupos antiderechos\",\"datePublished\":\"2022-12-07T16:23:05+00:00\",\"dateModified\":\"2022-12-07T19:07:06+00:00\",\"mainEntityOfPage\":{\"@id\":\"https:\/\/enlatitud25.com\/news\/menchi-denuncia-acoso-digital-y-exige-frenar-violencia-de-grupos-antiderechos\/\"},\"wordCount\":834,\"publisher\":{\"@id\":\"https:\/\/enlatitud25.com\/news\/#organization\"},\"keywords\":[\"acoso digital\",\"Menchi Barriocanal\",\"mujeres\",\"violencia\"],\"articleSection\":[\"Realidad\"],\"inLanguage\":\"es\"},{\"@type\":\"WebPage\",\"@id\":\"https:\/\/enlatitud25.com\/news\/menchi-denuncia-acoso-digital-y-exige-frenar-violencia-de-grupos-antiderechos\/\",\"url\":\"https:\/\/enlatitud25.com\/news\/menchi-denuncia-acoso-digital-y-exige-frenar-violencia-de-grupos-antiderechos\/\",\"name\":\"Menchi denuncia acoso digital y exige frenar violencia de grupos antiderechos &ndash; Latitud25\",\"isPartOf\":{\"@id\":\"https:\/\/enlatitud25.com\/news\/#website\"},\"datePublished\":\"2022-12-07T16:23:05+00:00\",\"dateModified\":\"2022-12-07T19:07:06+00:00\",\"description\":\"La periodista Menchi Barriocanal inici\u00f3 acciones legales a causa del acoso digital que sufri\u00f3 en reiteradas ocasiones.\",\"breadcrumb\":{\"@id\":\"https:\/\/enlatitud25.com\/news\/menchi-denuncia-acoso-digital-y-exige-frenar-violencia-de-grupos-antiderechos\/#breadcrumb\"},\"inLanguage\":\"es\",\"potentialAction\":[{\"@type\":\"ReadAction\",\"target\":[\"https:\/\/enlatitud25.com\/news\/menchi-denuncia-acoso-digital-y-exige-frenar-violencia-de-grupos-antiderechos\/\"]}]},{\"@type\":\"BreadcrumbList\",\"@id\":\"https:\/\/enlatitud25.com\/news\/menchi-denuncia-acoso-digital-y-exige-frenar-violencia-de-grupos-antiderechos\/#breadcrumb\",\"itemListElement\":[{\"@type\":\"ListItem\",\"position\":1,\"name\":\"Home\",\"item\":\"https:\/\/enlatitud25.com\/news\/\"},{\"@type\":\"ListItem\",\"position\":2,\"name\":\"Menchi denuncia acoso digital y exige frenar violencia de grupos antiderechos\"}]},{\"@type\":\"WebSite\",\"@id\":\"https:\/\/enlatitud25.com\/news\/#website\",\"url\":\"https:\/\/enlatitud25.com\/news\/\",\"name\":\"Latitud25\",\"description\":\"news\",\"publisher\":{\"@id\":\"https:\/\/enlatitud25.com\/news\/#organization\"},\"potentialAction\":[{\"@type\":\"SearchAction\",\"target\":{\"@type\":\"EntryPoint\",\"urlTemplate\":\"https:\/\/enlatitud25.com\/news\/?s={search_term_string}\"},\"query-input\":\"required name=search_term_string\"}],\"inLanguage\":\"es\"},{\"@type\":\"Organization\",\"@id\":\"https:\/\/enlatitud25.com\/news\/#organization\",\"name\":\"Latitud 25 - News\",\"url\":\"https:\/\/enlatitud25.com\/news\/\",\"logo\":{\"@type\":\"ImageObject\",\"inLanguage\":\"es\",\"@id\":\"https:\/\/enlatitud25.com\/news\/#\/schema\/logo\/image\/\",\"url\":\"https:\/\/enlatitud25.com\/news\/wp-content\/uploads\/2020\/11\/logo_latitud.png\",\"contentUrl\":\"https:\/\/enlatitud25.com\/news\/wp-content\/uploads\/2020\/11\/logo_latitud.png\",\"width\":235,\"height\":39,\"caption\":\"Latitud 25 - News\"},\"image\":{\"@id\":\"https:\/\/enlatitud25.com\/news\/#\/schema\/logo\/image\/\"},\"sameAs\":[\"https:\/\/www.facebook.com\/EnLatitud25\",\"https:\/\/twitter.com\/EnLatitud25\",\"https:\/\/www.instagram.com\/enlatitud25\/\",\"https:\/\/www.youtube.com\/user\/desdelatitud25\"]},{\"@type\":\"Person\",\"@id\":\"https:\/\/enlatitud25.com\/news\/#\/schema\/person\/23aafe968917005a721b8eb760f2586e\",\"name\":\"Latitud 25\",\"sameAs\":[\"https:\/\/enlatitud25.com\/news\",\"https:\/\/www.facebook.com\/EnLatitud25\",\"https:\/\/www.instagram.com\/enlatitud25\",\"https:\/\/www.youtube.com\/user\/desdelatitud25\",\"https:\/\/soundcloud.com\/enlatitud25\"],\"url\":\"https:\/\/enlatitud25.com\/news\/author\/nnews-uss00\/\"}]}<\/script>\n<!-- \/ Yoast SEO plugin. -->","yoast_head_json":{"title":"Menchi denuncia acoso digital y exige frenar violencia de grupos antiderechos &ndash; Latitud25","description":"La periodista Menchi Barriocanal inici\u00f3 acciones legales a causa del acoso digital que sufri\u00f3 en reiteradas ocasiones.","robots":{"index":"index","follow":"follow","max-snippet":"max-snippet:-1","max-image-preview":"max-image-preview:large","max-video-preview":"max-video-preview:-1"},"canonical":"https:\/\/enlatitud25.com\/news\/menchi-denuncia-acoso-digital-y-exige-frenar-violencia-de-grupos-antiderechos\/","og_locale":"es_ES","og_type":"article","og_title":"Menchi denuncia acoso digital y exige frenar violencia de grupos antiderechos &ndash; Latitud25","og_description":"La periodista Menchi Barriocanal inici\u00f3 acciones legales a causa del acoso digital que sufri\u00f3 en reiteradas ocasiones.","og_url":"https:\/\/enlatitud25.com\/news\/menchi-denuncia-acoso-digital-y-exige-frenar-violencia-de-grupos-antiderechos\/","og_site_name":"Latitud25","article_publisher":"https:\/\/www.facebook.com\/EnLatitud25","article_author":"https:\/\/www.facebook.com\/EnLatitud25","article_published_time":"2022-12-07T16:23:05+00:00","article_modified_time":"2022-12-07T19:07:06+00:00","og_image":[{"width":1366,"height":768,"url":"https:\/\/enlatitud25.com\/news\/wp-content\/uploads\/2022\/12\/FjYm9xlWYAA8q3_-1.jpg","type":"image\/jpeg"}],"author":"Latitud 25","twitter_card":"summary_large_image","twitter_creator":"@EnLatitud25","twitter_site":"@EnLatitud25","twitter_misc":{"Escrito por":"Latitud 25","Tiempo de lectura":"5 minutos"},"schema":{"@context":"https:\/\/schema.org","@graph":[{"@type":"Article","@id":"https:\/\/enlatitud25.com\/news\/menchi-denuncia-acoso-digital-y-exige-frenar-violencia-de-grupos-antiderechos\/#article","isPartOf":{"@id":"https:\/\/enlatitud25.com\/news\/menchi-denuncia-acoso-digital-y-exige-frenar-violencia-de-grupos-antiderechos\/"},"author":{"name":"Latitud 25","@id":"https:\/\/enlatitud25.com\/news\/#\/schema\/person\/23aafe968917005a721b8eb760f2586e"},"headline":"Menchi denuncia acoso digital y exige frenar violencia de grupos antiderechos","datePublished":"2022-12-07T16:23:05+00:00","dateModified":"2022-12-07T19:07:06+00:00","mainEntityOfPage":{"@id":"https:\/\/enlatitud25.com\/news\/menchi-denuncia-acoso-digital-y-exige-frenar-violencia-de-grupos-antiderechos\/"},"wordCount":834,"publisher":{"@id":"https:\/\/enlatitud25.com\/news\/#organization"},"keywords":["acoso digital","Menchi Barriocanal","mujeres","violencia"],"articleSection":["Realidad"],"inLanguage":"es"},{"@type":"WebPage","@id":"https:\/\/enlatitud25.com\/news\/menchi-denuncia-acoso-digital-y-exige-frenar-violencia-de-grupos-antiderechos\/","url":"https:\/\/enlatitud25.com\/news\/menchi-denuncia-acoso-digital-y-exige-frenar-violencia-de-grupos-antiderechos\/","name":"Menchi denuncia acoso digital y exige frenar violencia de grupos antiderechos &ndash; Latitud25","isPartOf":{"@id":"https:\/\/enlatitud25.com\/news\/#website"},"datePublished":"2022-12-07T16:23:05+00:00","dateModified":"2022-12-07T19:07:06+00:00","description":"La periodista Menchi Barriocanal inici\u00f3 acciones legales a causa del acoso digital que sufri\u00f3 en reiteradas ocasiones.","breadcrumb":{"@id":"https:\/\/enlatitud25.com\/news\/menchi-denuncia-acoso-digital-y-exige-frenar-violencia-de-grupos-antiderechos\/#breadcrumb"},"inLanguage":"es","potentialAction":[{"@type":"ReadAction","target":["https:\/\/enlatitud25.com\/news\/menchi-denuncia-acoso-digital-y-exige-frenar-violencia-de-grupos-antiderechos\/"]}]},{"@type":"BreadcrumbList","@id":"https:\/\/enlatitud25.com\/news\/menchi-denuncia-acoso-digital-y-exige-frenar-violencia-de-grupos-antiderechos\/#breadcrumb","itemListElement":[{"@type":"ListItem","position":1,"name":"Home","item":"https:\/\/enlatitud25.com\/news\/"},{"@type":"ListItem","position":2,"name":"Menchi denuncia acoso digital y exige frenar violencia de grupos antiderechos"}]},{"@type":"WebSite","@id":"https:\/\/enlatitud25.com\/news\/#website","url":"https:\/\/enlatitud25.com\/news\/","name":"Latitud25","description":"news","publisher":{"@id":"https:\/\/enlatitud25.com\/news\/#organization"},"potentialAction":[{"@type":"SearchAction","target":{"@type":"EntryPoint","urlTemplate":"https:\/\/enlatitud25.com\/news\/?s={search_term_string}"},"query-input":"required name=search_term_string"}],"inLanguage":"es"},{"@type":"Organization","@id":"https:\/\/enlatitud25.com\/news\/#organization","name":"Latitud 25 - News","url":"https:\/\/enlatitud25.com\/news\/","logo":{"@type":"ImageObject","inLanguage":"es","@id":"https:\/\/enlatitud25.com\/news\/#\/schema\/logo\/image\/","url":"https:\/\/enlatitud25.com\/news\/wp-content\/uploads\/2020\/11\/logo_latitud.png","contentUrl":"https:\/\/enlatitud25.com\/news\/wp-content\/uploads\/2020\/11\/logo_latitud.png","width":235,"height":39,"caption":"Latitud 25 - News"},"image":{"@id":"https:\/\/enlatitud25.com\/news\/#\/schema\/logo\/image\/"},"sameAs":["https:\/\/www.facebook.com\/EnLatitud25","https:\/\/twitter.com\/EnLatitud25","https:\/\/www.instagram.com\/enlatitud25\/","https:\/\/www.youtube.com\/user\/desdelatitud25"]},{"@type":"Person","@id":"https:\/\/enlatitud25.com\/news\/#\/schema\/person\/23aafe968917005a721b8eb760f2586e","name":"Latitud 25","sameAs":["https:\/\/enlatitud25.com\/news","https:\/\/www.facebook.com\/EnLatitud25","https:\/\/www.instagram.com\/enlatitud25","https:\/\/www.youtube.com\/user\/desdelatitud25","https:\/\/soundcloud.com\/enlatitud25"],"url":"https:\/\/enlatitud25.com\/news\/author\/nnews-uss00\/"}]}},"_links":{"self":[{"href":"https:\/\/enlatitud25.com\/news\/wp-json\/wp\/v2\/posts\/11949"}],"collection":[{"href":"https:\/\/enlatitud25.com\/news\/wp-json\/wp\/v2\/posts"}],"about":[{"href":"https:\/\/enlatitud25.com\/news\/wp-json\/wp\/v2\/types\/post"}],"author":[{"embeddable":true,"href":"https:\/\/enlatitud25.com\/news\/wp-json\/wp\/v2\/users\/1"}],"replies":[{"embeddable":true,"href":"https:\/\/enlatitud25.com\/news\/wp-json\/wp\/v2\/comments?post=11949"}],"version-history":[{"count":19,"href":"https:\/\/enlatitud25.com\/news\/wp-json\/wp\/v2\/posts\/11949\/revisions"}],"predecessor-version":[{"id":11991,"href":"https:\/\/enlatitud25.com\/news\/wp-json\/wp\/v2\/posts\/11949\/revisions\/11991"}],"wp:featuredmedia":[{"embeddable":true,"href":"https:\/\/enlatitud25.com\/news\/wp-json\/wp\/v2\/media\/11973"}],"wp:attachment":[{"href":"https:\/\/enlatitud25.com\/news\/wp-json\/wp\/v2\/media?parent=11949"}],"wp:term":[{"taxonomy":"category","embeddable":true,"href":"https:\/\/enlatitud25.com\/news\/wp-json\/wp\/v2\/categories?post=11949"},{"taxonomy":"post_tag","embeddable":true,"href":"https:\/\/enlatitud25.com\/news\/wp-json\/wp\/v2\/tags?post=11949"},{"taxonomy":"ubicacion","embeddable":true,"href":"https:\/\/enlatitud25.com\/news\/wp-json\/wp\/v2\/ubicacion?post=11949"}],"curies":[{"name":"wp","href":"https:\/\/api.w.org\/{rel}","templated":true}]}}