{"id":11883,"date":"2022-12-06T20:51:13","date_gmt":"2022-12-06T20:51:13","guid":{"rendered":"https:\/\/enlatitud25.com\/news\/?p=11883"},"modified":"2022-12-06T20:51:15","modified_gmt":"2022-12-06T20:51:15","slug":"hablemos-de-violencia-digital-ante-nueva-ola-de-ataques-coordinados-en-redes","status":"publish","type":"post","link":"https:\/\/enlatitud25.com\/news\/hablemos-de-violencia-digital-ante-nueva-ola-de-ataques-coordinados-en-redes\/","title":{"rendered":"Hablemos de violencia digital ante nueva ola de ataques coordinados en redes"},"content":{"rendered":"\n<p>Campa\u00f1as de desinformaci\u00f3n, que recurren a la misoginia y al discurso de odio, ataques selectivos, amenazas de violencia f\u00edsica y sexual, divulgaci\u00f3n de datos personales que ponen en riesgo la integridad de las personas, son algunas acciones que se enmarcan en un nuevo tipo de violencia, de la que no se habla mucho, pero que generan enormes efectos en sus v\u00edctimas.<\/p>\n\n\n\n<p>En el plano local, varias mujeres son objeto de este tipo de violencia, por motivos culturales, ideol\u00f3gicos o pol\u00edticos. En ese \u00faltimo punto, cabe resaltar la exposici\u00f3n a la que est\u00e1n sujetas las lideresas pol\u00edticas o periodistas mujeres que intervienen en estas discusiones.<\/p>\n\n\n\n<p>Un nuevo hecho que evidencia este acoso virtual, colectivo y sistem\u00e1tico, fue el ataque coordinado contra la periodista Menchi Barriocanal, cuyos datos fueron divulgados en redes sociales por Juan Vera, dirigente de movimientos antiderechos autodenominado pro-familia. Vera instaba abiertamente a sus seguidores a que hostiguen a la periodista a trav\u00e9s de WhatsApp, habiendo publicado su n\u00famero de celular en una cadena de mensajes.<\/p>\n\n\n\n<p>Este hecho, gener\u00f3 una reacci\u00f3n de diferentes sectores que salieron al paso de esto, condenando la publicaci\u00f3n de datos personales.<\/p>\n\n\n\n<p>A partir de ese hecho podemos desprender ejemplos de c\u00f3mo se da la violencia digital, c\u00f3mo definirla y qu\u00e9 se puede hacer al respecto. <\/p>\n\n\n\n<h4 id=\"que-es-la-violencia-digital\" class=\"wp-block-heading\">\u00bfQu\u00e9 es la violencia digital?<\/h4>\n\n\n\n<p>La abogada Maricarmen Sequera, co-directora y co-fundadora de la organizaci\u00f3n TEDIC, explic\u00f3 que la violencia digital de g\u00e9nero es una violencia hist\u00f3rica y patriarcal muy conservadora que se traslada a internet. &#8220;Lo que vemos es el comportamiento de una tecnolog\u00eda que no es neutral&#8221;, dijo.<\/p>\n\n\n\n<p>Coment\u00f3 que esta violencia se complejiza, considerando que se viraliza mucho m\u00e1s que cualquier otro medio. Se\u00f1al\u00f3 incluso, que puede prosperar desde otros territorios, por lo que tiene mayor amplitud. <\/p>\n\n\n\n<figure class=\"wp-block-image size-full\"><img decoding=\"async\" loading=\"lazy\" width=\"800\" height=\"500\" src=\"https:\/\/enlatitud25.com\/news\/wp-content\/uploads\/2022\/12\/pag1_violencia_digital.jpg\" alt=\"\" class=\"wp-image-11917\" srcset=\"https:\/\/enlatitud25.com\/news\/wp-content\/uploads\/2022\/12\/pag1_violencia_digital.jpg 800w, https:\/\/enlatitud25.com\/news\/wp-content\/uploads\/2022\/12\/pag1_violencia_digital-300x188.jpg 300w, https:\/\/enlatitud25.com\/news\/wp-content\/uploads\/2022\/12\/pag1_violencia_digital-768x480.jpg 768w, https:\/\/enlatitud25.com\/news\/wp-content\/uploads\/2022\/12\/pag1_violencia_digital-380x238.jpg 380w\" sizes=\"(max-width: 800px) 100vw, 800px\" \/><\/figure>\n\n\n\n<p>Agreg\u00f3 que existen otros elementos como el anonimato, que si bien es un derecho de la libertad de expresi\u00f3n, reconoci\u00f3 que hay personas que se aprovechan de estos derechos para hostigar o realizar ciberdelitos, desde estafas, hostigaciones por discursos de odio hasta sextorsiones (extorsiones a cambio de la no divulgaci\u00f3n de contenido privado sexual).<\/p>\n\n\n\n<p>Esto normalmente, conduce a la autocensura de mujeres que tienen voz y luego temen opinar para no ser v\u00edctimas de recibir violencia. &#8220;El periodismo te obliga a opinar y cuando es una mujer, va a recibir mucha m\u00e1s violencia&#8221;, resalt\u00f3.<\/p>\n\n\n\n<h4 id=\"un-ataque-coordinado\" class=\"wp-block-heading\">Un ataque coordinado<\/h4>\n\n\n\n<p>Lo que sufri\u00f3 la periodista Menchi Barriocanal, guarda relaci\u00f3n a su extenso activismo en favor de los derechos de la ni\u00f1ez y la adolescencia. <\/p>\n\n\n\n<p>Tambi\u00e9n por sus comentarios en contra de la radicalizaci\u00f3n de grupos pol\u00edticos que se oponen abiertamente al reconocimiento de derechos civiles, quienes no solo buscan detener el Plan de Transformaci\u00f3n Educativa sino adem\u00e1s, derogar los fondos para el sistema educativo, enmarcados en el convenio que inclu\u00eda la donaci\u00f3n por parte de la Uni\u00f3n Europea. <\/p>\n\n\n\n<p><strong>Le\u00e9 m\u00e1s: <a href=\"https:\/\/enlatitud25.com\/news\/al-menos-1-800-000-ninos-podrian-quedar-sin-alimento-tras-arremetida-cartista\/\" target=\"_blank\" rel=\"noreferrer noopener\">Ni\u00f1os quedar\u00e1n sin 1.800.000 raciones de alimento tras arremetida cartista<\/a><\/strong><\/p>\n\n\n\n<p>Sequera explic\u00f3 que Menchi sufri\u00f3 varios tipos de violencia: una de ellas se denomina <em>doxing<\/em>. Este t\u00e9rmino se basa en revelar informaci\u00f3n identificadora de una persona en l\u00ednea, como su direcci\u00f3n o su n\u00famero de tel\u00e9fono, de modo a que sufra alg\u00fan tipo de represalia.<\/p>\n\n\n\n<p>Adem\u00e1s, los ataques coordinados de personas que en simult\u00e1neo empezaron a atacarle por tel\u00e9fono, luego de que se haya divulgado su n\u00famero personal, son una consecuencia que tambi\u00e9n constituye un grave tipo de violencia.<\/p>\n\n\n\n<p>La especialista hizo referencia a que los discursos de odio est\u00e1n penados en el C\u00f3digo Penal, por lo que, se puede iniciar un proceso judicial, ante un hecho de exposici\u00f3n forzada.<\/p>\n\n\n\n<figure class=\"wp-block-image size-full\"><img decoding=\"async\" loading=\"lazy\" width=\"800\" height=\"500\" src=\"https:\/\/enlatitud25.com\/news\/wp-content\/uploads\/2022\/12\/pag2_violencia_digital.jpg\" alt=\"\" class=\"wp-image-11919\" srcset=\"https:\/\/enlatitud25.com\/news\/wp-content\/uploads\/2022\/12\/pag2_violencia_digital.jpg 800w, https:\/\/enlatitud25.com\/news\/wp-content\/uploads\/2022\/12\/pag2_violencia_digital-300x188.jpg 300w, https:\/\/enlatitud25.com\/news\/wp-content\/uploads\/2022\/12\/pag2_violencia_digital-768x480.jpg 768w, https:\/\/enlatitud25.com\/news\/wp-content\/uploads\/2022\/12\/pag2_violencia_digital-380x238.jpg 380w\" sizes=\"(max-width: 800px) 100vw, 800px\" \/><\/figure>\n\n\n\n<p>Consider\u00f3 que el Estado, en este caso, no le est\u00e1 brindando ni garant\u00edas ni protecci\u00f3n como periodista ni como mujer. &#8220;El Estado no est\u00e1 garantizando la libertad de expresi\u00f3n&#8221;, subray\u00f3. <\/p>\n\n\n\n<h4 id=\"cifras-de-violencia-digital-segun-estudios\" class=\"wp-block-heading\">Cifras de violencia digital seg\u00fan estudios<\/h4>\n\n\n\n<p>Unicef y el Centro Internacional para Periodistas (ICFJ) a finales de 2020 realizaron un estudio, que fue publicado en 2021. El material se denomina: &#8220;<a href=\"https:\/\/unesdoc.unesco.org\/ark:\/48223\/pf0000375136_spa\" target=\"_blank\" rel=\"noreferrer noopener\">Violencia en l\u00ednea contra las mujeres periodistas: instant\u00e1nea mundial de la incidencia y las repercusiones<\/a>&#8220;. <\/p>\n\n\n\n<p>Este estudio cont\u00f3 con 900 participantes validados de 125 pa\u00edses que completaron la encuesta en los idiomas \u00e1rabe, ingl\u00e9s, franc\u00e9s, portugu\u00e9s y espa\u00f1ol.<\/p>\n\n\n\n<p>Algunas de las cifras que arroj\u00f3 esta investigaci\u00f3n se puede resaltar que:<\/p>\n\n\n\n<p>-El 73% de las mujeres encuestadas dijo haber sufrido violencia en l\u00ednea. Las amenazas de violencia f\u00edsica (25%) y sexual (18%) se ensa\u00f1aron con las periodistas encuestadas. <\/p>\n\n\n\n<p>-Adem\u00e1s, estas amenazas salpicaron a otras personas: el 13% de las encuestadas dijo haber recibido amenazas de violencia contra sus allegados.<\/p>\n\n\n\n<p>-El 20% de las encuestadas dijo haber sido agredida o maltratada fuera de l\u00ednea en relaci\u00f3n con la violencia en l\u00ednea que hab\u00eda sufrido.<\/p>\n\n\n\n<p>Eso significa, que no solo hay un alto \u00edndice de violencia en internet, sino que tambi\u00e9n en algunos casos, la violencia trascendi\u00f3 la virtualidad y se manifest\u00f3 en la realidad. <\/p>\n\n\n\n<h4 id=\"la-fiscalia-puede-identificar-a-los-hostigadores\" class=\"wp-block-heading\">La Fiscal\u00eda puede identificar a los hostigadores<\/h4>\n\n\n\n<p>Existe un alto desconocimiento hacia las consecuencias penales de este actuar al perpetrar estos ataques cibern\u00e9ticos, por parte de las personas que ejercen violencia digital, pero la identificaci\u00f3n de ellas, es m\u00e1s f\u00e1cil de lo que se cree, seg\u00fan Sequera.<\/p>\n\n\n\n<p>&#8220;Creen que en internet no hay leyes y no pueden ser perseguidas. Ah\u00ed es mucho m\u00e1s f\u00e1cil para la Fiscal\u00eda y la Polic\u00eda solicitar a los intermediarios de internet, a las proveedoras de internet que pueden pedir la direcci\u00f3n de IP o los contratos de conexiones a internet. Esto tambi\u00e9n se puede pedir a los intermediarios, cuando incurren en delitos m\u00e1s complejos como amenaza a la integridad f\u00edsica&#8221;, detall\u00f3.<\/p>\n\n\n\n<p>Acot\u00f3 que en estos casos se puede recurrir a las plataformas como Twitter o Facebook. Si bien aclar\u00f3 que es mucho m\u00e1s complejo y costoso,  subray\u00f3 que eso no quita la posibilidad de buscar justicia y reparaci\u00f3n del da\u00f1o. <\/p>\n\n\n\n<figure class=\"wp-block-image size-full\"><img decoding=\"async\" loading=\"lazy\" width=\"800\" height=\"500\" src=\"https:\/\/enlatitud25.com\/news\/wp-content\/uploads\/2022\/12\/pag3_violencia_digital.jpg\" alt=\"\" class=\"wp-image-11918\" srcset=\"https:\/\/enlatitud25.com\/news\/wp-content\/uploads\/2022\/12\/pag3_violencia_digital.jpg 800w, https:\/\/enlatitud25.com\/news\/wp-content\/uploads\/2022\/12\/pag3_violencia_digital-300x188.jpg 300w, https:\/\/enlatitud25.com\/news\/wp-content\/uploads\/2022\/12\/pag3_violencia_digital-768x480.jpg 768w, https:\/\/enlatitud25.com\/news\/wp-content\/uploads\/2022\/12\/pag3_violencia_digital-380x238.jpg 380w\" sizes=\"(max-width: 800px) 100vw, 800px\" \/><\/figure>\n\n\n\n<h4 id=\"lo-que-suele-suceder-en-estos-casos\" class=\"wp-block-heading\">Lo que suele suceder en estos casos<\/h4>\n\n\n\n<p>En el proceso de investigaci\u00f3n de organizaciones como TEDIC, se pueden identificar tres aspectos. <\/p>\n\n\n\n<p><strong>En primer lugar, <\/strong>est\u00e1 la <strong>invisibilizaci\u00f3n<\/strong>, ya que en varios casos ocurre que, si no existe un t\u00e9rmino para nombrar lo que est\u00e1 sucediendo, una persona tiende a pensar que no existe. <\/p>\n\n\n\n<p>&#8220;Hay investigaciones de ONU Mujeres, de much\u00edsimo m\u00e1s tiempo que demuestran que en los tipos de violencia, de las que sean, la v\u00edctima muchas veces reconoce mucho despu\u00e9s el hecho. Los procesos de identificaci\u00f3n muy lentos&#8221;, refiri\u00f3 Sequera.<\/p>\n\n\n\n<p>Seguidamente, dijo que existe una <strong>minimizaci\u00f3n<\/strong> de estos casos, ya que las personas que son v\u00edctimas de violencia en internet, minimizan este tipo de violencia. Esto se puede dar porque probablemente les parece mucho menos importante este tipo de violencia a la f\u00edsica o al hostigamiento presencial que sufrieron alguna vez. <\/p>\n\n\n\n<p>Tambi\u00e9n explica, como tercer punto, que muy pocas mujeres se reconocen como v\u00edctimas, porque nadie quiere estar en ese lugar. <\/p>\n\n\n\n<h4 id=\"que-se-puede-hacer-al-respecto\" class=\"wp-block-heading\">\u00bfQu\u00e9 se puede hacer al respecto?<\/h4>\n\n\n\n<p>Especialistas dan cuenta que existen maneras de enfrentar esta situaci\u00f3n. Puede ser bloqueando a los agresores, alej\u00e1ndose de las redes sociales, realizando una denuncia o demanda en el \u00e1rea judicial, que las plataformas borren la informaci\u00f3n o buscando contenci\u00f3n. <\/p>\n\n\n\n<figure class=\"wp-block-image size-full\"><img decoding=\"async\" loading=\"lazy\" width=\"800\" height=\"500\" src=\"https:\/\/enlatitud25.com\/news\/wp-content\/uploads\/2022\/12\/pag4_violencia_digital.jpg\" alt=\"\" class=\"wp-image-11920\" srcset=\"https:\/\/enlatitud25.com\/news\/wp-content\/uploads\/2022\/12\/pag4_violencia_digital.jpg 800w, https:\/\/enlatitud25.com\/news\/wp-content\/uploads\/2022\/12\/pag4_violencia_digital-300x188.jpg 300w, https:\/\/enlatitud25.com\/news\/wp-content\/uploads\/2022\/12\/pag4_violencia_digital-768x480.jpg 768w, https:\/\/enlatitud25.com\/news\/wp-content\/uploads\/2022\/12\/pag4_violencia_digital-380x238.jpg 380w\" sizes=\"(max-width: 800px) 100vw, 800px\" \/><\/figure>\n\n\n\n<p>En ese punto, Sequera dijo que es necesario apoyar a la mujer, v\u00edctima de violencia, en torno a c\u00f3mo quiere proceder. &#8220;Cada una de nosotras va a buscar una respuesta distinta&#8221;, apunt\u00f3. <\/p>\n\n\n\n<p>Tambi\u00e9n hizo \u00e9nfasis en que el Estado debe legislar leyes para que las respuestas a este tipo de violencia sean m\u00e1s efectivas, y por sobre todo, para prevenir que ocurran. &#8220;Se deben buscar normativas que regulen a estas plataformas&#8221;, a\u00f1adi\u00f3. <\/p>\n\n\n\n<p>Con respecto a la posibilidad de bloquear, reflexion\u00f3 que en ocasiones puede hasta ser contraproducente, ya que eso aumenta la polarizaci\u00f3n en las redes sociales. <\/p>\n\n\n\n<p>Por otra parte, resalt\u00f3 que es importante que las mujeres se unan, para ofrezcer espacios de contenci\u00f3n y apoyo. <\/p>\n\n\n\n<p>&#8220;No tenemos que dejarnos solas, estas mujeres deben pedir ayuda para hacerles saber que somos muchas y es la respuesta que dimos todas las mujeres Es muy importante que aquellas mujeres que puedan no se callen, las que tengan ese privilegio sigan levantando su voz y sigan demostrando que esto que est\u00e1 pasando en el espacio digital es tan real como lo f\u00edsico&#8221;, concluy\u00f3. <\/p>\n","protected":false},"excerpt":{"rendered":"La posibilidad de esconderse tras una pantalla, crear perfiles falsos y usar el teclado para insultar o acosar, hizo que grupos pol\u00edticos empleen las redes sociales para ejercer violencia sistem\u00e1tica. El ataque coordinado en redes que volvi\u00f3 a sufrir la periodista Menchi Barriocanal, en el que divulgaron sus datos personales, dispar\u00f3 nuevamente las alarmas. En esta nota hablamos de la importancia de identificar este tipo de violencia, para saber mitigarla.\n","protected":false},"author":1,"featured_media":11916,"comment_status":"closed","ping_status":"closed","sticky":false,"template":"","format":"standard","meta":[],"categories":[617],"tags":[1311,45,1310],"ubicacion":[17],"yoast_head":"<!-- This site is optimized with the Yoast SEO plugin v20.8 - https:\/\/yoast.com\/wordpress\/plugins\/seo\/ -->\n<title>Hablemos de violencia digital ante nueva ola de ataques coordinados en redes &ndash; Latitud25<\/title>\n<meta name=\"description\" content=\"En esta nota hablamos de la importancia de identificar la violencia digital, para saber qu\u00e9 hacer al respecto.\" \/>\n<meta name=\"robots\" content=\"index, follow, max-snippet:-1, max-image-preview:large, max-video-preview:-1\" \/>\n<link rel=\"canonical\" href=\"https:\/\/enlatitud25.com\/news\/hablemos-de-violencia-digital-ante-nueva-ola-de-ataques-coordinados-en-redes\/\" \/>\n<meta property=\"og:locale\" content=\"es_ES\" \/>\n<meta property=\"og:type\" content=\"article\" \/>\n<meta property=\"og:title\" content=\"Hablemos de violencia digital ante nueva ola de ataques coordinados en redes &ndash; Latitud25\" \/>\n<meta property=\"og:description\" content=\"En esta nota hablamos de la importancia de identificar la violencia digital, para saber qu\u00e9 hacer al respecto.\" \/>\n<meta property=\"og:url\" content=\"https:\/\/enlatitud25.com\/news\/hablemos-de-violencia-digital-ante-nueva-ola-de-ataques-coordinados-en-redes\/\" \/>\n<meta property=\"og:site_name\" content=\"Latitud25\" \/>\n<meta property=\"article:publisher\" content=\"https:\/\/www.facebook.com\/EnLatitud25\" \/>\n<meta property=\"article:author\" content=\"https:\/\/www.facebook.com\/EnLatitud25\" \/>\n<meta property=\"article:published_time\" content=\"2022-12-06T20:51:13+00:00\" \/>\n<meta property=\"article:modified_time\" content=\"2022-12-06T20:51:15+00:00\" \/>\n<meta property=\"og:image\" content=\"https:\/\/enlatitud25.com\/news\/wp-content\/uploads\/2022\/12\/portada_violencia_digital.jpg\" \/>\n\t<meta property=\"og:image:width\" content=\"800\" \/>\n\t<meta property=\"og:image:height\" content=\"500\" \/>\n\t<meta property=\"og:image:type\" content=\"image\/jpeg\" \/>\n<meta name=\"author\" content=\"Latitud 25\" \/>\n<meta name=\"twitter:card\" content=\"summary_large_image\" \/>\n<meta name=\"twitter:creator\" content=\"@EnLatitud25\" \/>\n<meta name=\"twitter:site\" content=\"@EnLatitud25\" \/>\n<meta name=\"twitter:label1\" content=\"Escrito por\" \/>\n\t<meta name=\"twitter:data1\" content=\"Latitud 25\" \/>\n\t<meta name=\"twitter:label2\" content=\"Tiempo de lectura\" \/>\n\t<meta name=\"twitter:data2\" content=\"7 minutos\" \/>\n<script type=\"application\/ld+json\" class=\"yoast-schema-graph\">{\"@context\":\"https:\/\/schema.org\",\"@graph\":[{\"@type\":\"Article\",\"@id\":\"https:\/\/enlatitud25.com\/news\/hablemos-de-violencia-digital-ante-nueva-ola-de-ataques-coordinados-en-redes\/#article\",\"isPartOf\":{\"@id\":\"https:\/\/enlatitud25.com\/news\/hablemos-de-violencia-digital-ante-nueva-ola-de-ataques-coordinados-en-redes\/\"},\"author\":{\"name\":\"Latitud 25\",\"@id\":\"https:\/\/enlatitud25.com\/news\/#\/schema\/person\/23aafe968917005a721b8eb760f2586e\"},\"headline\":\"Hablemos de violencia digital ante nueva ola de ataques coordinados en redes\",\"datePublished\":\"2022-12-06T20:51:13+00:00\",\"dateModified\":\"2022-12-06T20:51:15+00:00\",\"mainEntityOfPage\":{\"@id\":\"https:\/\/enlatitud25.com\/news\/hablemos-de-violencia-digital-ante-nueva-ola-de-ataques-coordinados-en-redes\/\"},\"wordCount\":1462,\"publisher\":{\"@id\":\"https:\/\/enlatitud25.com\/news\/#organization\"},\"keywords\":[\"discursos de odio\",\"mujeres\",\"violencia digital\"],\"articleSection\":[\"Tecnolog\u00eda\"],\"inLanguage\":\"es\"},{\"@type\":\"WebPage\",\"@id\":\"https:\/\/enlatitud25.com\/news\/hablemos-de-violencia-digital-ante-nueva-ola-de-ataques-coordinados-en-redes\/\",\"url\":\"https:\/\/enlatitud25.com\/news\/hablemos-de-violencia-digital-ante-nueva-ola-de-ataques-coordinados-en-redes\/\",\"name\":\"Hablemos de violencia digital ante nueva ola de ataques coordinados en redes &ndash; Latitud25\",\"isPartOf\":{\"@id\":\"https:\/\/enlatitud25.com\/news\/#website\"},\"datePublished\":\"2022-12-06T20:51:13+00:00\",\"dateModified\":\"2022-12-06T20:51:15+00:00\",\"description\":\"En esta nota hablamos de la importancia de identificar la violencia digital, para saber qu\u00e9 hacer al respecto.\",\"breadcrumb\":{\"@id\":\"https:\/\/enlatitud25.com\/news\/hablemos-de-violencia-digital-ante-nueva-ola-de-ataques-coordinados-en-redes\/#breadcrumb\"},\"inLanguage\":\"es\",\"potentialAction\":[{\"@type\":\"ReadAction\",\"target\":[\"https:\/\/enlatitud25.com\/news\/hablemos-de-violencia-digital-ante-nueva-ola-de-ataques-coordinados-en-redes\/\"]}]},{\"@type\":\"BreadcrumbList\",\"@id\":\"https:\/\/enlatitud25.com\/news\/hablemos-de-violencia-digital-ante-nueva-ola-de-ataques-coordinados-en-redes\/#breadcrumb\",\"itemListElement\":[{\"@type\":\"ListItem\",\"position\":1,\"name\":\"Home\",\"item\":\"https:\/\/enlatitud25.com\/news\/\"},{\"@type\":\"ListItem\",\"position\":2,\"name\":\"Hablemos de violencia digital ante nueva ola de ataques coordinados en redes\"}]},{\"@type\":\"WebSite\",\"@id\":\"https:\/\/enlatitud25.com\/news\/#website\",\"url\":\"https:\/\/enlatitud25.com\/news\/\",\"name\":\"Latitud25\",\"description\":\"news\",\"publisher\":{\"@id\":\"https:\/\/enlatitud25.com\/news\/#organization\"},\"potentialAction\":[{\"@type\":\"SearchAction\",\"target\":{\"@type\":\"EntryPoint\",\"urlTemplate\":\"https:\/\/enlatitud25.com\/news\/?s={search_term_string}\"},\"query-input\":\"required name=search_term_string\"}],\"inLanguage\":\"es\"},{\"@type\":\"Organization\",\"@id\":\"https:\/\/enlatitud25.com\/news\/#organization\",\"name\":\"Latitud 25 - News\",\"url\":\"https:\/\/enlatitud25.com\/news\/\",\"logo\":{\"@type\":\"ImageObject\",\"inLanguage\":\"es\",\"@id\":\"https:\/\/enlatitud25.com\/news\/#\/schema\/logo\/image\/\",\"url\":\"https:\/\/enlatitud25.com\/news\/wp-content\/uploads\/2020\/11\/logo_latitud.png\",\"contentUrl\":\"https:\/\/enlatitud25.com\/news\/wp-content\/uploads\/2020\/11\/logo_latitud.png\",\"width\":235,\"height\":39,\"caption\":\"Latitud 25 - News\"},\"image\":{\"@id\":\"https:\/\/enlatitud25.com\/news\/#\/schema\/logo\/image\/\"},\"sameAs\":[\"https:\/\/www.facebook.com\/EnLatitud25\",\"https:\/\/twitter.com\/EnLatitud25\",\"https:\/\/www.instagram.com\/enlatitud25\/\",\"https:\/\/www.youtube.com\/user\/desdelatitud25\"]},{\"@type\":\"Person\",\"@id\":\"https:\/\/enlatitud25.com\/news\/#\/schema\/person\/23aafe968917005a721b8eb760f2586e\",\"name\":\"Latitud 25\",\"sameAs\":[\"https:\/\/enlatitud25.com\/news\",\"https:\/\/www.facebook.com\/EnLatitud25\",\"https:\/\/www.instagram.com\/enlatitud25\",\"https:\/\/www.youtube.com\/user\/desdelatitud25\",\"https:\/\/soundcloud.com\/enlatitud25\"],\"url\":\"https:\/\/enlatitud25.com\/news\/author\/nnews-uss00\/\"}]}<\/script>\n<!-- \/ Yoast SEO plugin. -->","yoast_head_json":{"title":"Hablemos de violencia digital ante nueva ola de ataques coordinados en redes &ndash; Latitud25","description":"En esta nota hablamos de la importancia de identificar la violencia digital, para saber qu\u00e9 hacer al respecto.","robots":{"index":"index","follow":"follow","max-snippet":"max-snippet:-1","max-image-preview":"max-image-preview:large","max-video-preview":"max-video-preview:-1"},"canonical":"https:\/\/enlatitud25.com\/news\/hablemos-de-violencia-digital-ante-nueva-ola-de-ataques-coordinados-en-redes\/","og_locale":"es_ES","og_type":"article","og_title":"Hablemos de violencia digital ante nueva ola de ataques coordinados en redes &ndash; Latitud25","og_description":"En esta nota hablamos de la importancia de identificar la violencia digital, para saber qu\u00e9 hacer al respecto.","og_url":"https:\/\/enlatitud25.com\/news\/hablemos-de-violencia-digital-ante-nueva-ola-de-ataques-coordinados-en-redes\/","og_site_name":"Latitud25","article_publisher":"https:\/\/www.facebook.com\/EnLatitud25","article_author":"https:\/\/www.facebook.com\/EnLatitud25","article_published_time":"2022-12-06T20:51:13+00:00","article_modified_time":"2022-12-06T20:51:15+00:00","og_image":[{"width":800,"height":500,"url":"https:\/\/enlatitud25.com\/news\/wp-content\/uploads\/2022\/12\/portada_violencia_digital.jpg","type":"image\/jpeg"}],"author":"Latitud 25","twitter_card":"summary_large_image","twitter_creator":"@EnLatitud25","twitter_site":"@EnLatitud25","twitter_misc":{"Escrito por":"Latitud 25","Tiempo de lectura":"7 minutos"},"schema":{"@context":"https:\/\/schema.org","@graph":[{"@type":"Article","@id":"https:\/\/enlatitud25.com\/news\/hablemos-de-violencia-digital-ante-nueva-ola-de-ataques-coordinados-en-redes\/#article","isPartOf":{"@id":"https:\/\/enlatitud25.com\/news\/hablemos-de-violencia-digital-ante-nueva-ola-de-ataques-coordinados-en-redes\/"},"author":{"name":"Latitud 25","@id":"https:\/\/enlatitud25.com\/news\/#\/schema\/person\/23aafe968917005a721b8eb760f2586e"},"headline":"Hablemos de violencia digital ante nueva ola de ataques coordinados en redes","datePublished":"2022-12-06T20:51:13+00:00","dateModified":"2022-12-06T20:51:15+00:00","mainEntityOfPage":{"@id":"https:\/\/enlatitud25.com\/news\/hablemos-de-violencia-digital-ante-nueva-ola-de-ataques-coordinados-en-redes\/"},"wordCount":1462,"publisher":{"@id":"https:\/\/enlatitud25.com\/news\/#organization"},"keywords":["discursos de odio","mujeres","violencia digital"],"articleSection":["Tecnolog\u00eda"],"inLanguage":"es"},{"@type":"WebPage","@id":"https:\/\/enlatitud25.com\/news\/hablemos-de-violencia-digital-ante-nueva-ola-de-ataques-coordinados-en-redes\/","url":"https:\/\/enlatitud25.com\/news\/hablemos-de-violencia-digital-ante-nueva-ola-de-ataques-coordinados-en-redes\/","name":"Hablemos de violencia digital ante nueva ola de ataques coordinados en redes &ndash; Latitud25","isPartOf":{"@id":"https:\/\/enlatitud25.com\/news\/#website"},"datePublished":"2022-12-06T20:51:13+00:00","dateModified":"2022-12-06T20:51:15+00:00","description":"En esta nota hablamos de la importancia de identificar la violencia digital, para saber qu\u00e9 hacer al respecto.","breadcrumb":{"@id":"https:\/\/enlatitud25.com\/news\/hablemos-de-violencia-digital-ante-nueva-ola-de-ataques-coordinados-en-redes\/#breadcrumb"},"inLanguage":"es","potentialAction":[{"@type":"ReadAction","target":["https:\/\/enlatitud25.com\/news\/hablemos-de-violencia-digital-ante-nueva-ola-de-ataques-coordinados-en-redes\/"]}]},{"@type":"BreadcrumbList","@id":"https:\/\/enlatitud25.com\/news\/hablemos-de-violencia-digital-ante-nueva-ola-de-ataques-coordinados-en-redes\/#breadcrumb","itemListElement":[{"@type":"ListItem","position":1,"name":"Home","item":"https:\/\/enlatitud25.com\/news\/"},{"@type":"ListItem","position":2,"name":"Hablemos de violencia digital ante nueva ola de ataques coordinados en redes"}]},{"@type":"WebSite","@id":"https:\/\/enlatitud25.com\/news\/#website","url":"https:\/\/enlatitud25.com\/news\/","name":"Latitud25","description":"news","publisher":{"@id":"https:\/\/enlatitud25.com\/news\/#organization"},"potentialAction":[{"@type":"SearchAction","target":{"@type":"EntryPoint","urlTemplate":"https:\/\/enlatitud25.com\/news\/?s={search_term_string}"},"query-input":"required name=search_term_string"}],"inLanguage":"es"},{"@type":"Organization","@id":"https:\/\/enlatitud25.com\/news\/#organization","name":"Latitud 25 - News","url":"https:\/\/enlatitud25.com\/news\/","logo":{"@type":"ImageObject","inLanguage":"es","@id":"https:\/\/enlatitud25.com\/news\/#\/schema\/logo\/image\/","url":"https:\/\/enlatitud25.com\/news\/wp-content\/uploads\/2020\/11\/logo_latitud.png","contentUrl":"https:\/\/enlatitud25.com\/news\/wp-content\/uploads\/2020\/11\/logo_latitud.png","width":235,"height":39,"caption":"Latitud 25 - News"},"image":{"@id":"https:\/\/enlatitud25.com\/news\/#\/schema\/logo\/image\/"},"sameAs":["https:\/\/www.facebook.com\/EnLatitud25","https:\/\/twitter.com\/EnLatitud25","https:\/\/www.instagram.com\/enlatitud25\/","https:\/\/www.youtube.com\/user\/desdelatitud25"]},{"@type":"Person","@id":"https:\/\/enlatitud25.com\/news\/#\/schema\/person\/23aafe968917005a721b8eb760f2586e","name":"Latitud 25","sameAs":["https:\/\/enlatitud25.com\/news","https:\/\/www.facebook.com\/EnLatitud25","https:\/\/www.instagram.com\/enlatitud25","https:\/\/www.youtube.com\/user\/desdelatitud25","https:\/\/soundcloud.com\/enlatitud25"],"url":"https:\/\/enlatitud25.com\/news\/author\/nnews-uss00\/"}]}},"_links":{"self":[{"href":"https:\/\/enlatitud25.com\/news\/wp-json\/wp\/v2\/posts\/11883"}],"collection":[{"href":"https:\/\/enlatitud25.com\/news\/wp-json\/wp\/v2\/posts"}],"about":[{"href":"https:\/\/enlatitud25.com\/news\/wp-json\/wp\/v2\/types\/post"}],"author":[{"embeddable":true,"href":"https:\/\/enlatitud25.com\/news\/wp-json\/wp\/v2\/users\/1"}],"replies":[{"embeddable":true,"href":"https:\/\/enlatitud25.com\/news\/wp-json\/wp\/v2\/comments?post=11883"}],"version-history":[{"count":33,"href":"https:\/\/enlatitud25.com\/news\/wp-json\/wp\/v2\/posts\/11883\/revisions"}],"predecessor-version":[{"id":11948,"href":"https:\/\/enlatitud25.com\/news\/wp-json\/wp\/v2\/posts\/11883\/revisions\/11948"}],"wp:featuredmedia":[{"embeddable":true,"href":"https:\/\/enlatitud25.com\/news\/wp-json\/wp\/v2\/media\/11916"}],"wp:attachment":[{"href":"https:\/\/enlatitud25.com\/news\/wp-json\/wp\/v2\/media?parent=11883"}],"wp:term":[{"taxonomy":"category","embeddable":true,"href":"https:\/\/enlatitud25.com\/news\/wp-json\/wp\/v2\/categories?post=11883"},{"taxonomy":"post_tag","embeddable":true,"href":"https:\/\/enlatitud25.com\/news\/wp-json\/wp\/v2\/tags?post=11883"},{"taxonomy":"ubicacion","embeddable":true,"href":"https:\/\/enlatitud25.com\/news\/wp-json\/wp\/v2\/ubicacion?post=11883"}],"curies":[{"name":"wp","href":"https:\/\/api.w.org\/{rel}","templated":true}]}}