{"id":11514,"date":"2022-11-16T21:05:49","date_gmt":"2022-11-16T21:05:49","guid":{"rendered":"https:\/\/enlatitud25.com\/news\/?p=11514"},"modified":"2022-11-16T21:05:50","modified_gmt":"2022-11-16T21:05:50","slug":"campanas-politicas-falta-de-regulacion-en-redes-sociales-apeligra-a-la-democracia","status":"publish","type":"post","link":"https:\/\/enlatitud25.com\/news\/campanas-politicas-falta-de-regulacion-en-redes-sociales-apeligra-a-la-democracia\/","title":{"rendered":"Campa\u00f1as pol\u00edticas: Falta de regulaci\u00f3n en redes sociales apeligra a la democracia"},"content":{"rendered":"\n<p>Paraguay est\u00e1 a meses de elegir a las autoridades que lo gobernar\u00e1n por cinco a\u00f1os, en unas elecciones trascendentales para el futuro del pa\u00eds, debido a los enormes desaf\u00edos que se presentan en materia social, educativa o econ\u00f3mica.<\/p>\n\n\n\n<p>A pesar del poco tiempo que queda para los comicios, hay algunos aspectos imprescindibles del proceso de los que poco se habla. La incidencia de las redes sociales en el comportamiento del elector y la falta de regulaci\u00f3n que existe en cuanto a su uso, es uno de ellos.<\/p>\n\n\n\n<p>En la agenda electoral de partidos o candidatos, no se encuentra el debate sobre el control de la propaganda pol\u00edtica en redes sociales, por la conveniencia que esta situaci\u00f3n genera ante las regulaciones que s\u00ed existen en el &#8220;mundo real&#8221;. <\/p>\n\n\n\n<p>Parece algo tan sencillo y poco trascendente, pero lo cierto, es que m\u00e1s que nunca estas plataformas de internet pueden jugar un papel significativo y hasta, poner en peligro a la d\u00e9bil democracia existente. <\/p>\n\n\n\n<p>Seg\u00fan la investigaci\u00f3n &#8220;La propaganda en redes sociales existe&#8221; de la organizaci\u00f3n Tedic, &#8220;el 47,4% de los electores se informaron de la incorporaci\u00f3n del proceso de votaci\u00f3n con m\u00e1quinas electr\u00f3nicas por medio de redes sociales&#8221;.<\/p>\n\n\n\n<p>Adem\u00e1s a punta a que, en Paraguay, el 81,9% de la poblaci\u00f3n se\u00f1al\u00f3 a las redes sociales (Facebook, Instagram y Twitter) como la finalidad del uso de Internet, seg\u00fan datos del Instituto Nacional de Estad\u00edstica (2021). <\/p>\n\n\n\n<figure class=\"wp-block-image size-full\"><img decoding=\"async\" loading=\"lazy\" width=\"800\" height=\"500\" src=\"https:\/\/enlatitud25.com\/news\/wp-content\/uploads\/2022\/11\/foto2_propaganda_politica_Redes.jpg\" alt=\"\" class=\"wp-image-11534\" srcset=\"https:\/\/enlatitud25.com\/news\/wp-content\/uploads\/2022\/11\/foto2_propaganda_politica_Redes.jpg 800w, https:\/\/enlatitud25.com\/news\/wp-content\/uploads\/2022\/11\/foto2_propaganda_politica_Redes-300x188.jpg 300w, https:\/\/enlatitud25.com\/news\/wp-content\/uploads\/2022\/11\/foto2_propaganda_politica_Redes-768x480.jpg 768w, https:\/\/enlatitud25.com\/news\/wp-content\/uploads\/2022\/11\/foto2_propaganda_politica_Redes-380x238.jpg 380w\" sizes=\"(max-width: 800px) 100vw, 800px\" \/><\/figure>\n\n\n\n<p>Los aspectos a considerar ahora, de cara a las elecciones internas de diciembre pr\u00f3ximo y las generales de 2023, son tres. La falta de cumplimiento de la veda electoral o el tiempo en que est\u00e1 prohibido hacer publicaciones instando al voto; el gasto en las redes sociales en el que puede ser utilizado el dinero sucio, adem\u00e1s de la inexistencia de un m\u00e9todo para contrarrestar las fake news o mensajes de odio. <\/p>\n\n\n\n<p>Actualmente, toda propaganda pol\u00edtica est\u00e1 regulada por el Tribunal Superior de Justicia Electoral (TSJE), pero la trampa radica en que esto contempla solamente a los medios tradicionales de comunicaci\u00f3n, la carteler\u00eda en las calles, o cualquier otro elemento alusivo a un candidato en el d\u00eda de la votaci\u00f3n. Sin embargo, con la aparici\u00f3n de las redes, el TSJE no tiene estipulado hacer el mismo control.<\/p>\n\n\n\n<h4 id=\"responsabilidad-proactiva-del-tsje\" class=\"wp-block-heading\">Responsabilidad proactiva del TSJE<\/h4>\n\n\n\n<p>Al respecto, Latitud25 consult\u00f3 al abogado y analista pol\u00edtico, <strong>Leo G\u00f3mez Berniga,<\/strong> quien consider\u00f3 que es pertinente y urgente abordar este tema, antes de los comicios.<\/p>\n\n\n\n<p>Cabe recordar que la ley electoral prev\u00e9 anuncios reservados en los medios de comunicaci\u00f3n. Cualquier candidato tiene, aunque sea un espacio para promocionar su candidatura. Adem\u00e1s los medios deben tener un mismo precio para todos y hay una fecha l\u00edmite para publicar estas propagandas.<\/p>\n\n\n\n<p>&#8220;Hay dos cuestiones, primero que cuando se habla de propaganda electoral, hay dos caminos, la auto regulaci\u00f3n o la regulaci\u00f3n por medio de normativas estatales. Primero, que el Tribunal Superior de Justicia Electoral (TSJE) explique y se\u00f1ale cu\u00e1les van a ser las medidas que se tomar\u00e1n en las pr\u00f3ximas elecciones en materia de control&#8221;, indic\u00f3. <\/p>\n\n\n\n<p>Manifest\u00f3 que, actualmente, hablar de tener una regulaci\u00f3n para que se pueda prever la problem\u00e1tica es dilatar la conversaci\u00f3n. &#8220;Tiene que haber una responsabilidad proactiva del TSJE de convocar a: medios de comunicaci\u00f3n, representantes de la sociedad civil y a las mismas plataformas&#8221;, expres\u00f3.<\/p>\n\n\n\n<figure class=\"wp-block-image size-full\"><img decoding=\"async\" loading=\"lazy\" width=\"800\" height=\"500\" src=\"https:\/\/enlatitud25.com\/news\/wp-content\/uploads\/2022\/11\/foto1_propaganda_politica_Redes-1.jpg\" alt=\"\" class=\"wp-image-11535\" srcset=\"https:\/\/enlatitud25.com\/news\/wp-content\/uploads\/2022\/11\/foto1_propaganda_politica_Redes-1.jpg 800w, https:\/\/enlatitud25.com\/news\/wp-content\/uploads\/2022\/11\/foto1_propaganda_politica_Redes-1-300x188.jpg 300w, https:\/\/enlatitud25.com\/news\/wp-content\/uploads\/2022\/11\/foto1_propaganda_politica_Redes-1-768x480.jpg 768w, https:\/\/enlatitud25.com\/news\/wp-content\/uploads\/2022\/11\/foto1_propaganda_politica_Redes-1-380x238.jpg 380w\" sizes=\"(max-width: 800px) 100vw, 800px\" \/><\/figure>\n\n\n\n<p>Todas estas plataformas se tienen que sentar con el TSJE a prever un marco de regulaci\u00f3n, que permita transparentar el gasto en redes sociales; transparentar los anuncios y pol\u00edticas que puedan frenar acciones malintencionadas dentro de las redes sociales. <\/p>\n\n\n\n<p>&#8220;Entonces el hecho de que haya una desregulaci\u00f3n en un proceso electoral, afecta la libre competencia&#8221;, subray\u00f3. <\/p>\n\n\n\n<p>Coment\u00f3 que hay buenos ejemplos internacionales, como el caso del Brasil y su Supremo Tribunal Electoral, que se anticipa a este escenario y ya plantea al menos la discusi\u00f3n sobre qu\u00e9 medidas se pueden tomar para controlar el gasto en redes.<\/p>\n\n\n\n<h4 id=\"la-desinformacion-amenaza-la-democracia\" class=\"wp-block-heading\">La desinformaci\u00f3n amenaza la democracia<\/h4>\n\n\n\n<p>La otra cuesti\u00f3n, tampoco regulada ni discutida hasta el momento, es que la desinformaci\u00f3n es una terrible amenazas a la consolidaci\u00f3n democr\u00e1tica, se\u00f1al\u00f3 G\u00f3mez Berniga. <\/p>\n\n\n\n<p>&#8220;Vimos eso en las elecciones en Brasil, en Colombia, en Argentina y en todo el mundo&#8221;, record\u00f3. <\/p>\n\n\n\n<p>Sobre todo, agreg\u00f3, en momentos electorales y \u2013m\u00e1s a\u00fan cuando estamos hablando de plataformas que no tienen ning\u00fan marco de regulaci\u00f3n\u2013, es importante cuestionar y mantenerse alerta ante presuntos distorsiones de la realidad provocadas por intereses pol\u00edticos.<\/p>\n\n\n\n<p>Insisti\u00f3 en que es m\u00e1s necesario a\u00fan poner el tema en la agenda, cuando vemos que las autoridades electorales est\u00e1n siendo sobrepasadas por esta situaci\u00f3n sin tomar medidas a tiempo en ese momento.<\/p>\n\n\n\n<h4 id=\"el-dinero-sucio-que-ingresa-sin-control\" class=\"wp-block-heading\">El dinero sucio que ingresa sin control<\/h4>\n\n\n\n<p>Otra de las aristas cuestionables, es de d\u00f3nde proviene el dinero que se invierte, no s\u00f3lo en las campa\u00f1as anal\u00f3gicas o tradicionales, sino tambi\u00e9n en las campa\u00f1as digitales. <\/p>\n\n\n\n<p>&#8220;Uno puede empezar la campa\u00f1a, si tiene los recursos y muchas veces entra dinero sucio entra a la pol\u00edtica, se lava y mete en un un contexto de campa\u00f1a, sin ning\u00fan peso de la justicia electoral y sin ning\u00fan peso de ning\u00fan \u00f3rgano estatal&#8221;, manifest\u00f3 el especialista. <\/p>\n\n\n\n<p>&#8220;Entonces genera una desigualdad entre candidatos y candidatas mujeres, peor si son candidatas, porque est\u00e1 demostrado que la propaganda en redes sociales es m\u00e1s costosa en mujeres&#8221;, agreg\u00f3. <\/p>\n\n\n\n<p>Esto genera una competencia desigual con los propios medios masivos de comunicaci\u00f3n, porque los medios tradicionales est\u00e1n legislados.<\/p>\n\n\n\n<p>&#8220;No es que solo los pol\u00edticos meten su plata en las redes por el p\u00fablico objetivo, sino tambi\u00e9n porque es un espacio donde se sostiene la impunidad porque no hay ning\u00fan tipo de regulaci\u00f3n&#8221;, resalt\u00f3. <\/p>\n\n\n\n<h4 id=\"que-pasa-con-la-ley-de-financiamiento-politico\" class=\"wp-block-heading\">\u00bfQu\u00e9 pasa con la ley de financiamiento pol\u00edtico?<\/h4>\n\n\n\n<p>Cabe recordar que a inicios de 2020, justamente se promulg\u00f3 la <strong>Ley N\u00b0 6501<\/strong>, con el objetivo de ejercer mayor control de d\u00f3nde sale el dinero destinado a las campa\u00f1as electorales. En esta legislaci\u00f3n, en el art\u00edculo 7, apartado E, se contempla el pautaje en redes sociales como un gasto corriente y no como propaganda electoral. <\/p>\n\n\n\n<figure class=\"wp-block-image size-full\"><img decoding=\"async\" loading=\"lazy\" width=\"800\" height=\"500\" src=\"https:\/\/enlatitud25.com\/news\/wp-content\/uploads\/2022\/11\/foto3_propaganda_politica_Redes-1.jpg\" alt=\"\" class=\"wp-image-11536\" srcset=\"https:\/\/enlatitud25.com\/news\/wp-content\/uploads\/2022\/11\/foto3_propaganda_politica_Redes-1.jpg 800w, https:\/\/enlatitud25.com\/news\/wp-content\/uploads\/2022\/11\/foto3_propaganda_politica_Redes-1-300x188.jpg 300w, https:\/\/enlatitud25.com\/news\/wp-content\/uploads\/2022\/11\/foto3_propaganda_politica_Redes-1-768x480.jpg 768w, https:\/\/enlatitud25.com\/news\/wp-content\/uploads\/2022\/11\/foto3_propaganda_politica_Redes-1-380x238.jpg 380w\" sizes=\"(max-width: 800px) 100vw, 800px\" \/><\/figure>\n\n\n\n<p>&#8220;Pone esto como un servicio de telecomunicaci\u00f3n, no como un espacio que est\u00e9 regulado como propaganda, eso hace que no contemple ning\u00fan tipo de plazos o regulaci\u00f3n de vedas. Si bien lo contemplan y lo rinden, damos cuenta de que no est\u00e1 desagregado. Nosotros no podemos tener un detalle de qu\u00e9 se gast\u00f3 en pautaje en redes sociales. Porque no se utiliza esa categorizaci\u00f3n que hay en la ley&#8221; afirm\u00f3. <\/p>\n\n\n\n<p>Acot\u00f3 que esto no est\u00e1 regulado como propaganda electoral y que no es un gasto cualquiera. Resalt\u00f3 que la difusi\u00f3n, a trav\u00e9s de estas plataformas, afecta directamente en la capacidad de las personas de conocer a su candidato o candidata; de generar un voto informado y de garantizar igualdad de condiciones. <\/p>\n\n\n\n<p>Dijo que, en el mundo, es un tema de preocupaci\u00f3n y Paraguay no es la excepci\u00f3n. Consider\u00f3 adem\u00e1s que el pa\u00eds debe hacer una apuesta para que ese instrumento sea realmente un instrumento de control. &#8220;Necesitamos definir algunos lineamientos para establecer informaci\u00f3n transparente&#8221;, remarc\u00f3. <\/p>\n\n\n\n<h4 id=\"un-tema-del-que-se-debe-hablar\" class=\"wp-block-heading\">Un tema del que se DEBE hablar<\/h4>\n\n\n\n<p>Si bien, ya falta poco para las elecciones, Leo G\u00f3mez consider\u00f3 que esta conversaci\u00f3n se tiene que dar.<\/p>\n\n\n\n<p>Reiter\u00f3 que es preocupante que no exista ninguna regulaci\u00f3n, que no se est\u00e9n considerando las amenazas a la libertad. No obstante, insisti\u00f3 en que esta es una conversaci\u00f3n que debe empezar en el Estado paraguayo.<\/p>\n\n\n\n<p>&#8220;Esto que estamos hablando no es algo tirado de los pelos, es algo que existe y de lo que no se puede dejar de hablar. Nosotros estamos abiertos a que esa conversaci\u00f3n se d\u00e9, pero la iniciativa tiene que venir de la autoridad electoral. Es un factor clave en las elecciones que hay en el mundo, las redes sociales son una realidad, que ya est\u00e1n ac\u00e1&#8221;, concluy\u00f3. <\/p>\n","protected":false},"excerpt":{"rendered":"Las campa\u00f1as electorales est\u00e1n reguladas por leyes nacionales. Sin embargo, ante el avasallamiento y fuerte posicionamiento de las redes sociales en la difusi\u00f3n de informaci\u00f3n, en muchos casos falsa o tendenciosa, faltan acciones por parte del Estado para ejercer un control efectivo en varios aspectos. Seg\u00fan especialistas, la falta de normativas en esta \u00e1rea, ponen en riesgo la democracia. \u00bfPor qu\u00e9? Te contamos en este an\u00e1lisis. \n","protected":false},"author":1,"featured_media":11532,"comment_status":"closed","ping_status":"closed","sticky":false,"template":"","format":"standard","meta":[],"categories":[13],"tags":[184,380,175,1275,1272,1276,168,104],"ubicacion":[17],"yoast_head":"<!-- This site is optimized with the Yoast SEO plugin v20.8 - https:\/\/yoast.com\/wordpress\/plugins\/seo\/ -->\n<title>Campa\u00f1as pol\u00edticas: Falta de regulaci\u00f3n en redes sociales apeligra a la democracia &ndash; Latitud25<\/title>\n<meta name=\"description\" content=\"Mir\u00e1 nuestros reportajes audiovisuales y seguinos para enterarte de las \u00faltimas noticias de Paraguay y el mundo, desde la Latitud25. Somos Alternativa de Informaci\u00f3n.\" \/>\n<meta name=\"robots\" content=\"index, follow, max-snippet:-1, max-image-preview:large, max-video-preview:-1\" \/>\n<link rel=\"canonical\" href=\"https:\/\/enlatitud25.com\/news\/campanas-politicas-falta-de-regulacion-en-redes-sociales-apeligra-a-la-democracia\/\" \/>\n<meta property=\"og:locale\" content=\"es_ES\" \/>\n<meta property=\"og:type\" content=\"article\" \/>\n<meta property=\"og:title\" content=\"Campa\u00f1as pol\u00edticas: Falta de regulaci\u00f3n en redes sociales apeligra a la democracia &ndash; Latitud25\" \/>\n<meta property=\"og:description\" content=\"Mir\u00e1 nuestros reportajes audiovisuales y seguinos para enterarte de las \u00faltimas noticias de Paraguay y el mundo, desde la Latitud25. Somos Alternativa de Informaci\u00f3n.\" \/>\n<meta property=\"og:url\" content=\"https:\/\/enlatitud25.com\/news\/campanas-politicas-falta-de-regulacion-en-redes-sociales-apeligra-a-la-democracia\/\" \/>\n<meta property=\"og:site_name\" content=\"Latitud25\" \/>\n<meta property=\"article:publisher\" content=\"https:\/\/www.facebook.com\/EnLatitud25\" \/>\n<meta property=\"article:author\" content=\"https:\/\/www.facebook.com\/EnLatitud25\" \/>\n<meta property=\"article:published_time\" content=\"2022-11-16T21:05:49+00:00\" \/>\n<meta property=\"article:modified_time\" content=\"2022-11-16T21:05:50+00:00\" \/>\n<meta property=\"og:image\" content=\"https:\/\/enlatitud25.com\/news\/wp-content\/uploads\/2022\/11\/portada_propaganda_politica_Redes.jpg\" \/>\n\t<meta property=\"og:image:width\" content=\"800\" \/>\n\t<meta property=\"og:image:height\" content=\"500\" \/>\n\t<meta property=\"og:image:type\" content=\"image\/jpeg\" \/>\n<meta name=\"author\" content=\"Latitud 25\" \/>\n<meta name=\"twitter:card\" content=\"summary_large_image\" \/>\n<meta name=\"twitter:creator\" content=\"@EnLatitud25\" \/>\n<meta name=\"twitter:site\" content=\"@EnLatitud25\" \/>\n<meta name=\"twitter:label1\" content=\"Escrito por\" \/>\n\t<meta name=\"twitter:data1\" content=\"Latitud 25\" \/>\n\t<meta name=\"twitter:label2\" content=\"Tiempo de lectura\" \/>\n\t<meta name=\"twitter:data2\" content=\"7 minutos\" \/>\n<script type=\"application\/ld+json\" class=\"yoast-schema-graph\">{\"@context\":\"https:\/\/schema.org\",\"@graph\":[{\"@type\":\"Article\",\"@id\":\"https:\/\/enlatitud25.com\/news\/campanas-politicas-falta-de-regulacion-en-redes-sociales-apeligra-a-la-democracia\/#article\",\"isPartOf\":{\"@id\":\"https:\/\/enlatitud25.com\/news\/campanas-politicas-falta-de-regulacion-en-redes-sociales-apeligra-a-la-democracia\/\"},\"author\":{\"name\":\"Latitud 25\",\"@id\":\"https:\/\/enlatitud25.com\/news\/#\/schema\/person\/23aafe968917005a721b8eb760f2586e\"},\"headline\":\"Campa\u00f1as pol\u00edticas: Falta de regulaci\u00f3n en redes sociales apeligra a la democracia\",\"datePublished\":\"2022-11-16T21:05:49+00:00\",\"dateModified\":\"2022-11-16T21:05:50+00:00\",\"mainEntityOfPage\":{\"@id\":\"https:\/\/enlatitud25.com\/news\/campanas-politicas-falta-de-regulacion-en-redes-sociales-apeligra-a-la-democracia\/\"},\"wordCount\":1392,\"publisher\":{\"@id\":\"https:\/\/enlatitud25.com\/news\/#organization\"},\"keywords\":[\"camapa\u00f1a\",\"candidatos\",\"control\",\"dinero sucio\",\"financiamiento\",\"lavado\",\"Pol\u00edtica\",\"redes sociales\"],\"articleSection\":[\"Pol\u00edtica\"],\"inLanguage\":\"es\"},{\"@type\":\"WebPage\",\"@id\":\"https:\/\/enlatitud25.com\/news\/campanas-politicas-falta-de-regulacion-en-redes-sociales-apeligra-a-la-democracia\/\",\"url\":\"https:\/\/enlatitud25.com\/news\/campanas-politicas-falta-de-regulacion-en-redes-sociales-apeligra-a-la-democracia\/\",\"name\":\"Campa\u00f1as pol\u00edticas: Falta de regulaci\u00f3n en redes sociales apeligra a la democracia &ndash; Latitud25\",\"isPartOf\":{\"@id\":\"https:\/\/enlatitud25.com\/news\/#website\"},\"datePublished\":\"2022-11-16T21:05:49+00:00\",\"dateModified\":\"2022-11-16T21:05:50+00:00\",\"description\":\"Mir\u00e1 nuestros reportajes audiovisuales y seguinos para enterarte de las \u00faltimas noticias de Paraguay y el mundo, desde la Latitud25. Somos Alternativa de Informaci\u00f3n.\",\"breadcrumb\":{\"@id\":\"https:\/\/enlatitud25.com\/news\/campanas-politicas-falta-de-regulacion-en-redes-sociales-apeligra-a-la-democracia\/#breadcrumb\"},\"inLanguage\":\"es\",\"potentialAction\":[{\"@type\":\"ReadAction\",\"target\":[\"https:\/\/enlatitud25.com\/news\/campanas-politicas-falta-de-regulacion-en-redes-sociales-apeligra-a-la-democracia\/\"]}]},{\"@type\":\"BreadcrumbList\",\"@id\":\"https:\/\/enlatitud25.com\/news\/campanas-politicas-falta-de-regulacion-en-redes-sociales-apeligra-a-la-democracia\/#breadcrumb\",\"itemListElement\":[{\"@type\":\"ListItem\",\"position\":1,\"name\":\"Home\",\"item\":\"https:\/\/enlatitud25.com\/news\/\"},{\"@type\":\"ListItem\",\"position\":2,\"name\":\"Campa\u00f1as pol\u00edticas: Falta de regulaci\u00f3n en redes sociales apeligra a la democracia\"}]},{\"@type\":\"WebSite\",\"@id\":\"https:\/\/enlatitud25.com\/news\/#website\",\"url\":\"https:\/\/enlatitud25.com\/news\/\",\"name\":\"Latitud25\",\"description\":\"news\",\"publisher\":{\"@id\":\"https:\/\/enlatitud25.com\/news\/#organization\"},\"potentialAction\":[{\"@type\":\"SearchAction\",\"target\":{\"@type\":\"EntryPoint\",\"urlTemplate\":\"https:\/\/enlatitud25.com\/news\/?s={search_term_string}\"},\"query-input\":\"required name=search_term_string\"}],\"inLanguage\":\"es\"},{\"@type\":\"Organization\",\"@id\":\"https:\/\/enlatitud25.com\/news\/#organization\",\"name\":\"Latitud 25 - News\",\"url\":\"https:\/\/enlatitud25.com\/news\/\",\"logo\":{\"@type\":\"ImageObject\",\"inLanguage\":\"es\",\"@id\":\"https:\/\/enlatitud25.com\/news\/#\/schema\/logo\/image\/\",\"url\":\"https:\/\/enlatitud25.com\/news\/wp-content\/uploads\/2020\/11\/logo_latitud.png\",\"contentUrl\":\"https:\/\/enlatitud25.com\/news\/wp-content\/uploads\/2020\/11\/logo_latitud.png\",\"width\":235,\"height\":39,\"caption\":\"Latitud 25 - News\"},\"image\":{\"@id\":\"https:\/\/enlatitud25.com\/news\/#\/schema\/logo\/image\/\"},\"sameAs\":[\"https:\/\/www.facebook.com\/EnLatitud25\",\"https:\/\/twitter.com\/EnLatitud25\",\"https:\/\/www.instagram.com\/enlatitud25\/\",\"https:\/\/www.youtube.com\/user\/desdelatitud25\"]},{\"@type\":\"Person\",\"@id\":\"https:\/\/enlatitud25.com\/news\/#\/schema\/person\/23aafe968917005a721b8eb760f2586e\",\"name\":\"Latitud 25\",\"sameAs\":[\"https:\/\/enlatitud25.com\/news\",\"https:\/\/www.facebook.com\/EnLatitud25\",\"https:\/\/www.instagram.com\/enlatitud25\",\"https:\/\/www.youtube.com\/user\/desdelatitud25\",\"https:\/\/soundcloud.com\/enlatitud25\"],\"url\":\"https:\/\/enlatitud25.com\/news\/author\/nnews-uss00\/\"}]}<\/script>\n<!-- \/ Yoast SEO plugin. -->","yoast_head_json":{"title":"Campa\u00f1as pol\u00edticas: Falta de regulaci\u00f3n en redes sociales apeligra a la democracia &ndash; Latitud25","description":"Mir\u00e1 nuestros reportajes audiovisuales y seguinos para enterarte de las \u00faltimas noticias de Paraguay y el mundo, desde la Latitud25. Somos Alternativa de Informaci\u00f3n.","robots":{"index":"index","follow":"follow","max-snippet":"max-snippet:-1","max-image-preview":"max-image-preview:large","max-video-preview":"max-video-preview:-1"},"canonical":"https:\/\/enlatitud25.com\/news\/campanas-politicas-falta-de-regulacion-en-redes-sociales-apeligra-a-la-democracia\/","og_locale":"es_ES","og_type":"article","og_title":"Campa\u00f1as pol\u00edticas: Falta de regulaci\u00f3n en redes sociales apeligra a la democracia &ndash; Latitud25","og_description":"Mir\u00e1 nuestros reportajes audiovisuales y seguinos para enterarte de las \u00faltimas noticias de Paraguay y el mundo, desde la Latitud25. Somos Alternativa de Informaci\u00f3n.","og_url":"https:\/\/enlatitud25.com\/news\/campanas-politicas-falta-de-regulacion-en-redes-sociales-apeligra-a-la-democracia\/","og_site_name":"Latitud25","article_publisher":"https:\/\/www.facebook.com\/EnLatitud25","article_author":"https:\/\/www.facebook.com\/EnLatitud25","article_published_time":"2022-11-16T21:05:49+00:00","article_modified_time":"2022-11-16T21:05:50+00:00","og_image":[{"width":800,"height":500,"url":"https:\/\/enlatitud25.com\/news\/wp-content\/uploads\/2022\/11\/portada_propaganda_politica_Redes.jpg","type":"image\/jpeg"}],"author":"Latitud 25","twitter_card":"summary_large_image","twitter_creator":"@EnLatitud25","twitter_site":"@EnLatitud25","twitter_misc":{"Escrito por":"Latitud 25","Tiempo de lectura":"7 minutos"},"schema":{"@context":"https:\/\/schema.org","@graph":[{"@type":"Article","@id":"https:\/\/enlatitud25.com\/news\/campanas-politicas-falta-de-regulacion-en-redes-sociales-apeligra-a-la-democracia\/#article","isPartOf":{"@id":"https:\/\/enlatitud25.com\/news\/campanas-politicas-falta-de-regulacion-en-redes-sociales-apeligra-a-la-democracia\/"},"author":{"name":"Latitud 25","@id":"https:\/\/enlatitud25.com\/news\/#\/schema\/person\/23aafe968917005a721b8eb760f2586e"},"headline":"Campa\u00f1as pol\u00edticas: Falta de regulaci\u00f3n en redes sociales apeligra a la democracia","datePublished":"2022-11-16T21:05:49+00:00","dateModified":"2022-11-16T21:05:50+00:00","mainEntityOfPage":{"@id":"https:\/\/enlatitud25.com\/news\/campanas-politicas-falta-de-regulacion-en-redes-sociales-apeligra-a-la-democracia\/"},"wordCount":1392,"publisher":{"@id":"https:\/\/enlatitud25.com\/news\/#organization"},"keywords":["camapa\u00f1a","candidatos","control","dinero sucio","financiamiento","lavado","Pol\u00edtica","redes sociales"],"articleSection":["Pol\u00edtica"],"inLanguage":"es"},{"@type":"WebPage","@id":"https:\/\/enlatitud25.com\/news\/campanas-politicas-falta-de-regulacion-en-redes-sociales-apeligra-a-la-democracia\/","url":"https:\/\/enlatitud25.com\/news\/campanas-politicas-falta-de-regulacion-en-redes-sociales-apeligra-a-la-democracia\/","name":"Campa\u00f1as pol\u00edticas: Falta de regulaci\u00f3n en redes sociales apeligra a la democracia &ndash; Latitud25","isPartOf":{"@id":"https:\/\/enlatitud25.com\/news\/#website"},"datePublished":"2022-11-16T21:05:49+00:00","dateModified":"2022-11-16T21:05:50+00:00","description":"Mir\u00e1 nuestros reportajes audiovisuales y seguinos para enterarte de las \u00faltimas noticias de Paraguay y el mundo, desde la Latitud25. Somos Alternativa de Informaci\u00f3n.","breadcrumb":{"@id":"https:\/\/enlatitud25.com\/news\/campanas-politicas-falta-de-regulacion-en-redes-sociales-apeligra-a-la-democracia\/#breadcrumb"},"inLanguage":"es","potentialAction":[{"@type":"ReadAction","target":["https:\/\/enlatitud25.com\/news\/campanas-politicas-falta-de-regulacion-en-redes-sociales-apeligra-a-la-democracia\/"]}]},{"@type":"BreadcrumbList","@id":"https:\/\/enlatitud25.com\/news\/campanas-politicas-falta-de-regulacion-en-redes-sociales-apeligra-a-la-democracia\/#breadcrumb","itemListElement":[{"@type":"ListItem","position":1,"name":"Home","item":"https:\/\/enlatitud25.com\/news\/"},{"@type":"ListItem","position":2,"name":"Campa\u00f1as pol\u00edticas: Falta de regulaci\u00f3n en redes sociales apeligra a la democracia"}]},{"@type":"WebSite","@id":"https:\/\/enlatitud25.com\/news\/#website","url":"https:\/\/enlatitud25.com\/news\/","name":"Latitud25","description":"news","publisher":{"@id":"https:\/\/enlatitud25.com\/news\/#organization"},"potentialAction":[{"@type":"SearchAction","target":{"@type":"EntryPoint","urlTemplate":"https:\/\/enlatitud25.com\/news\/?s={search_term_string}"},"query-input":"required name=search_term_string"}],"inLanguage":"es"},{"@type":"Organization","@id":"https:\/\/enlatitud25.com\/news\/#organization","name":"Latitud 25 - News","url":"https:\/\/enlatitud25.com\/news\/","logo":{"@type":"ImageObject","inLanguage":"es","@id":"https:\/\/enlatitud25.com\/news\/#\/schema\/logo\/image\/","url":"https:\/\/enlatitud25.com\/news\/wp-content\/uploads\/2020\/11\/logo_latitud.png","contentUrl":"https:\/\/enlatitud25.com\/news\/wp-content\/uploads\/2020\/11\/logo_latitud.png","width":235,"height":39,"caption":"Latitud 25 - News"},"image":{"@id":"https:\/\/enlatitud25.com\/news\/#\/schema\/logo\/image\/"},"sameAs":["https:\/\/www.facebook.com\/EnLatitud25","https:\/\/twitter.com\/EnLatitud25","https:\/\/www.instagram.com\/enlatitud25\/","https:\/\/www.youtube.com\/user\/desdelatitud25"]},{"@type":"Person","@id":"https:\/\/enlatitud25.com\/news\/#\/schema\/person\/23aafe968917005a721b8eb760f2586e","name":"Latitud 25","sameAs":["https:\/\/enlatitud25.com\/news","https:\/\/www.facebook.com\/EnLatitud25","https:\/\/www.instagram.com\/enlatitud25","https:\/\/www.youtube.com\/user\/desdelatitud25","https:\/\/soundcloud.com\/enlatitud25"],"url":"https:\/\/enlatitud25.com\/news\/author\/nnews-uss00\/"}]}},"_links":{"self":[{"href":"https:\/\/enlatitud25.com\/news\/wp-json\/wp\/v2\/posts\/11514"}],"collection":[{"href":"https:\/\/enlatitud25.com\/news\/wp-json\/wp\/v2\/posts"}],"about":[{"href":"https:\/\/enlatitud25.com\/news\/wp-json\/wp\/v2\/types\/post"}],"author":[{"embeddable":true,"href":"https:\/\/enlatitud25.com\/news\/wp-json\/wp\/v2\/users\/1"}],"replies":[{"embeddable":true,"href":"https:\/\/enlatitud25.com\/news\/wp-json\/wp\/v2\/comments?post=11514"}],"version-history":[{"count":15,"href":"https:\/\/enlatitud25.com\/news\/wp-json\/wp\/v2\/posts\/11514\/revisions"}],"predecessor-version":[{"id":11558,"href":"https:\/\/enlatitud25.com\/news\/wp-json\/wp\/v2\/posts\/11514\/revisions\/11558"}],"wp:featuredmedia":[{"embeddable":true,"href":"https:\/\/enlatitud25.com\/news\/wp-json\/wp\/v2\/media\/11532"}],"wp:attachment":[{"href":"https:\/\/enlatitud25.com\/news\/wp-json\/wp\/v2\/media?parent=11514"}],"wp:term":[{"taxonomy":"category","embeddable":true,"href":"https:\/\/enlatitud25.com\/news\/wp-json\/wp\/v2\/categories?post=11514"},{"taxonomy":"post_tag","embeddable":true,"href":"https:\/\/enlatitud25.com\/news\/wp-json\/wp\/v2\/tags?post=11514"},{"taxonomy":"ubicacion","embeddable":true,"href":"https:\/\/enlatitud25.com\/news\/wp-json\/wp\/v2\/ubicacion?post=11514"}],"curies":[{"name":"wp","href":"https:\/\/api.w.org\/{rel}","templated":true}]}}