{"id":11398,"date":"2022-11-08T15:19:49","date_gmt":"2022-11-08T15:19:49","guid":{"rendered":"https:\/\/enlatitud25.com\/news\/?p=11398"},"modified":"2022-11-08T15:19:51","modified_gmt":"2022-11-08T15:19:51","slug":"no-la-cagues-usar-el-cel-todo-el-tiempo-incluso-en-el-bano-puede-afectar-tu-salud","status":"publish","type":"post","link":"https:\/\/enlatitud25.com\/news\/no-la-cagues-usar-el-cel-todo-el-tiempo-incluso-en-el-bano-puede-afectar-tu-salud\/","title":{"rendered":"No la cagues: Usar el cel todo el tiempo, incluso en el ba\u00f1o, puede afectar tu salud"},"content":{"rendered":"\n<p>Los dispositivos m\u00f3viles permiten realizar un sinn\u00famero de actividades de manera remota, desde conectarse a redes sociales, hasta para conseguir parejas en apps de citas. El problema no est\u00e1 en usarlos, sino en hacerlo todo el tiempo, sin medir c\u00f3mo esto puede afectar al funcionamiento del cuerpo. <\/p>\n\n\n\n<p>Probablemente, la mayor\u00eda de las personas \u2013lo reconozcan o no\u2013 llevan alguna pantalla al ba\u00f1o, ya sea para ba\u00f1arse o responder al llamado de la naturaleza. Tambi\u00e9n ese mismo celular es despu\u00e9s utilizado en la mesa mientras se est\u00e1 comiendo, lo que un veh\u00edculo directo de contaminaci\u00f3n del entorno de alimentaci\u00f3n.<\/p>\n\n\n\n<p>En este punto, existen varias aristas que abordar: la higiene, el tiempo de uso que trae consecuencias y la falta de concentraci\u00f3n a la hora de realizar otras actividades. <\/p>\n\n\n\n<p>El primer aspecto, referente a la higiene cuenta de que el tel\u00e9fono es un enorme reservorio de bacterias. Seg\u00fan un estudio hecho por la Universidad de Arizona, Estados Unidos (2012), los celulares tienen hasta 30 m\u00e1s bacterias, que las que est\u00e1n presentes en los inodoros. Adem\u00e1s de los cuestionamientos que hacen referencia a la higiene, tambi\u00e9n hablamos con especialistas, sobre c\u00f3mo puede afectar. <\/p>\n\n\n\n<p><\/p>\n\n\n\n<figure class=\"wp-block-image size-full\"><img decoding=\"async\" loading=\"lazy\" width=\"800\" height=\"500\" src=\"https:\/\/enlatitud25.com\/news\/wp-content\/uploads\/2022\/11\/Pag1_uso_tele\u0301fono_ban\u0303o-1.jpg\" alt=\"\" class=\"wp-image-11415\" srcset=\"https:\/\/enlatitud25.com\/news\/wp-content\/uploads\/2022\/11\/Pag1_uso_tele\u0301fono_ban\u0303o-1.jpg 800w, https:\/\/enlatitud25.com\/news\/wp-content\/uploads\/2022\/11\/Pag1_uso_tele\u0301fono_ban\u0303o-1-300x188.jpg 300w, https:\/\/enlatitud25.com\/news\/wp-content\/uploads\/2022\/11\/Pag1_uso_tele\u0301fono_ban\u0303o-1-768x480.jpg 768w, https:\/\/enlatitud25.com\/news\/wp-content\/uploads\/2022\/11\/Pag1_uso_tele\u0301fono_ban\u0303o-1-380x238.jpg 380w\" sizes=\"(max-width: 800px) 100vw, 800px\" \/><\/figure>\n\n\n\n<h4 id=\"ya-pensaste-en-que-te-puede-causar\" class=\"wp-block-heading\">\u00bfYa pensaste en qu\u00e9 te puede causar?<\/h4>\n\n\n\n<p>En ese contexto, el m\u00e9dico proct\u00f3logo <strong>Jorge Medina,<\/strong> habl\u00f3 en contacto con Latitud25. Explic\u00f3 cu\u00e1les pueden ser las consecuencias capaces de acarrear, un hecho tan normalizado como llevar algo (como un celular) para entretenerse y tratar de &#8220;no aburrirse&#8221; en el ba\u00f1o, viendo un video o respondiendo mails.<\/p>\n\n\n\n<p>Resalt\u00f3 que, es necesario considerar, el tiempo que la persona va a estar sentada en el inodoro al hacer sus necesidades fisiol\u00f3gicas. Agreg\u00f3 que para el efecto, solo es necesario estar un par de minutos en el inodoro, de modo evitar afectaciones importantes al colon.<\/p>\n\n\n\n<p>&#8220;Una persona no debe estar sentada mucho tiempo en el inodoro, es decir no m\u00e1s de 10 a 15 minutos. No se debe llevar el tel\u00e9fono en el momento de hacer nuestras necesidades fisiol\u00f3gicas, ya que durante ese tiempo transcurrido inconscientemente hacemos la maniobra de pujo para evacuar. Esa maniobra aumenta la presi\u00f3n endoluminal de los vasos sangu\u00edneos de la zona anal, por ende, de las venas hemorroidales&#8221;, explic\u00f3. <\/p>\n\n\n\n<p>Se\u00f1al\u00f3 adem\u00e1s que si este hecho, se repite\u00a0de manera diaria y, por mucho tiempo, ejerce\u00a0una\u00a0 acci\u00f3n\u00a0directa sobre el volumen de las hemorroides. Esto sumado a que la mayor\u00eda de las personas es constipada (es decir, tiene estre\u00f1imiento intestinal),\u00a0<\/p>\n\n\n\n<p>De esa manera, las hemorroides aumentan de tama\u00f1o, lo que generan problemas de sangrado o prolapso de las mismas.<\/p>\n\n\n\n<figure class=\"wp-block-image size-full\"><img decoding=\"async\" loading=\"lazy\" width=\"800\" height=\"500\" src=\"https:\/\/enlatitud25.com\/news\/wp-content\/uploads\/2022\/11\/Pag3_uso_tele\u0301fono_ban\u0303o.jpg\" alt=\"\" class=\"wp-image-11428\" srcset=\"https:\/\/enlatitud25.com\/news\/wp-content\/uploads\/2022\/11\/Pag3_uso_tele\u0301fono_ban\u0303o.jpg 800w, https:\/\/enlatitud25.com\/news\/wp-content\/uploads\/2022\/11\/Pag3_uso_tele\u0301fono_ban\u0303o-300x188.jpg 300w, https:\/\/enlatitud25.com\/news\/wp-content\/uploads\/2022\/11\/Pag3_uso_tele\u0301fono_ban\u0303o-768x480.jpg 768w, https:\/\/enlatitud25.com\/news\/wp-content\/uploads\/2022\/11\/Pag3_uso_tele\u0301fono_ban\u0303o-380x238.jpg 380w\" sizes=\"(max-width: 800px) 100vw, 800px\" \/><\/figure>\n\n\n\n<h4 id=\"problemas-que-se-complican-por-falta-de-consulta\" class=\"wp-block-heading\">Problemas que se complican por falta de consulta<\/h4>\n\n\n\n<p>El problema de fondo es que algunas personas padecen de estre\u00f1imiento y en la mayor\u00eda de las veces no consultan. Creen que es un asunto natural y que puede ser revertido f\u00e1cilmente con el paso de los d\u00edas, cuando en realidad el estre\u00f1imiento puede darse por m\u00faltiples factores. <\/p>\n\n\n\n<p>Entonces no solamente esas personas pasan mucho tiempo en el ba\u00f1o y llevan el tel\u00e9fono pensando que eso les va a ayudar. Adem\u00e1s hacen una fuerza excesiva que les puede generar otras molestias.<\/p>\n\n\n\n<p>&#8220;Muchos pacientes consultan por estre\u00f1imiento o constipaci\u00f3n y es tan f\u00e1cil la soluci\u00f3n en muchos casos. Con aumentar la ingesta diaria de fibra alimentaria (verduras crudas, frutas y cereales) y tomar agua (entre 2 a 3 litros diariamente) hay notable mejor\u00eda de ese estre\u00f1imiento. Esa situaci\u00f3n de hacer mucha fuerza para evacuar hace aparecer los problemas de hemorroides o fisuras anales&nbsp;con el dolor o sangrado que lo acompa\u00f1an&#8221;, resalt\u00f3.<\/p>\n\n\n\n<h4 id=\"la-atencion-es-importante\" class=\"wp-block-heading\">La atenci\u00f3n es importante<\/h4>\n\n\n\n<p>El doctor manifest\u00f3 que, sin lugar a dudas, el hecho de usar estos dispositivos en el ba\u00f1o no es recomendable en absoluto. <\/p>\n\n\n\n<p>&#8220;Adem\u00e1s de retardar el reflejo defecatorio, porque nuestra atenci\u00f3n est\u00e1 centrada en otra cosa y no en el acto fisiol\u00f3gico de la evacuaci\u00f3n. El hecho de estar pujando y haciendo fuerza durante muchos minutos har\u00e1 que los pacientes que tengan predisposici\u00f3n a desarrollar hemorroides lo hagan de una manera m\u00e1s temprana&#8221;, enfatiz\u00f3.<\/p>\n\n\n\n<p>En ese contexto, es necesario respetar el horario de ir al ba\u00f1o y centrar la atenci\u00f3n, ingerir abundante fibra alimentaria y beber agua diariamente junto con la realizaci\u00f3n de una actividad f\u00edsica diaria. Esto ayudar\u00e1 a mantener una vida saludable y alejar problemas m\u00e9dicos.<\/p>\n\n\n\n<p>En ese punto, tambi\u00e9n es importante se\u00f1alar los efectos que puede tener estar comiendo o almorzando con el tel\u00e9fono en la mano. La nutricionista <strong>Antonella Zotti <\/strong>resalt\u00f3 que esto tambi\u00e9n puede incidir en la mala digesti\u00f3n, la falta de saciedad y el aumento de la ansiedad al momento de comer. <\/p>\n\n\n\n<p><\/p>\n\n\n\n<figure class=\"wp-block-image size-full\"><img decoding=\"async\" loading=\"lazy\" width=\"800\" height=\"500\" src=\"https:\/\/enlatitud25.com\/news\/wp-content\/uploads\/2022\/11\/Pag2_uso_tele\u0301fono_ban\u0303o.jpg\" alt=\"\" class=\"wp-image-11416\" srcset=\"https:\/\/enlatitud25.com\/news\/wp-content\/uploads\/2022\/11\/Pag2_uso_tele\u0301fono_ban\u0303o.jpg 800w, https:\/\/enlatitud25.com\/news\/wp-content\/uploads\/2022\/11\/Pag2_uso_tele\u0301fono_ban\u0303o-300x188.jpg 300w, https:\/\/enlatitud25.com\/news\/wp-content\/uploads\/2022\/11\/Pag2_uso_tele\u0301fono_ban\u0303o-768x480.jpg 768w, https:\/\/enlatitud25.com\/news\/wp-content\/uploads\/2022\/11\/Pag2_uso_tele\u0301fono_ban\u0303o-380x238.jpg 380w\" sizes=\"(max-width: 800px) 100vw, 800px\" \/><\/figure>\n\n\n\n<h4 id=\"desconectarnos-para-conectar\" class=\"wp-block-heading\">Desconectarnos para conectar<\/h4>\n\n\n\n<p>La desconexi\u00f3n del tel\u00e9fono es importante en muchos aspectos. No solo a nivel mental sino tambi\u00e9n por su influencia en la parte f\u00edsica.<\/p>\n\n\n\n<p><strong>Le\u00e9 m\u00e1s: <a href=\"https:\/\/enlatitud25.com\/news\/cuantas-horas-dia-usas-tu-smartphone-no-te-haces-idea-de-cuanto-te-afecta\/\" target=\"_blank\" rel=\"noreferrer noopener\">\u00bfCu\u00e1ntas horas\/d\u00eda us\u00e1s tu smartphone? No te hac\u00e9s idea de cu\u00e1nto te afecta<\/a><\/strong><\/p>\n\n\n\n<p>La nutricionista reafirma que es muy importante que siempre nos tomemos el tiempo de dejar el tel\u00e9fono, no solo a la hora de comer o ir al ba\u00f1o, sino para realizar actividades que nos hagan beneficien, como cocinar sano, dedicarle la atenci\u00f3n a lo que estamos haciendo y realizar actividades f\u00edsicas. <\/p>\n\n\n\n<p>&#8220;Hacer cosas que nos hagan bien, para buscar esa calidad de vida que todos anhelamos&#8221;, concluy\u00f3 Zotti.<\/p>\n","protected":false},"excerpt":{"rendered":"El smartphone se convirti\u00f3 en una extensi\u00f3n del cuerpo para personas de varias generaciones y por eso, est\u00e1 tan normalizado que nos acompa\u00f1e a todas partes, haci\u00e9ndonos perder el sentido del tiempo en momentos de ocio que se vuelven horas. Si bien, la tecnolog\u00eda nos facilita muchas cosas, puede llegar a ser perjudicial en algunos casos, como por ejemplo llevar tu celular cuando vas al ba\u00f1o, lo que puede tener muchas m\u00e1s implicancias de las que cre\u00e9s.\n","protected":false},"author":1,"featured_media":11412,"comment_status":"closed","ping_status":"closed","sticky":false,"template":"","format":"standard","meta":[],"categories":[20],"tags":[1263,1264,35,1262],"ubicacion":[17],"yoast_head":"<!-- This site is optimized with the Yoast SEO plugin v20.8 - https:\/\/yoast.com\/wordpress\/plugins\/seo\/ -->\n<title>No la cagues: Usar el cel todo el tiempo, incluso en el ba\u00f1o, puede afectar tu salud &ndash; Latitud25<\/title>\n<meta name=\"description\" content=\"Mir\u00e1 nuestros reportajes audiovisuales y seguinos para enterarte de las \u00faltimas noticias de Paraguay y el mundo, desde la Latitud25. Somos Alternativa de Informaci\u00f3n.\" \/>\n<meta name=\"robots\" content=\"index, follow, max-snippet:-1, max-image-preview:large, max-video-preview:-1\" \/>\n<link rel=\"canonical\" href=\"https:\/\/enlatitud25.com\/news\/no-la-cagues-usar-el-cel-todo-el-tiempo-incluso-en-el-bano-puede-afectar-tu-salud\/\" \/>\n<meta property=\"og:locale\" content=\"es_ES\" \/>\n<meta property=\"og:type\" content=\"article\" \/>\n<meta property=\"og:title\" content=\"No la cagues: Usar el cel todo el tiempo, incluso en el ba\u00f1o, puede afectar tu salud &ndash; Latitud25\" \/>\n<meta property=\"og:description\" content=\"Mir\u00e1 nuestros reportajes audiovisuales y seguinos para enterarte de las \u00faltimas noticias de Paraguay y el mundo, desde la Latitud25. Somos Alternativa de Informaci\u00f3n.\" \/>\n<meta property=\"og:url\" content=\"https:\/\/enlatitud25.com\/news\/no-la-cagues-usar-el-cel-todo-el-tiempo-incluso-en-el-bano-puede-afectar-tu-salud\/\" \/>\n<meta property=\"og:site_name\" content=\"Latitud25\" \/>\n<meta property=\"article:publisher\" content=\"https:\/\/www.facebook.com\/EnLatitud25\" \/>\n<meta property=\"article:author\" content=\"https:\/\/www.facebook.com\/EnLatitud25\" \/>\n<meta property=\"article:published_time\" content=\"2022-11-08T15:19:49+00:00\" \/>\n<meta property=\"article:modified_time\" content=\"2022-11-08T15:19:51+00:00\" \/>\n<meta property=\"og:image\" content=\"https:\/\/enlatitud25.com\/news\/wp-content\/uploads\/2022\/11\/portada_uso_tele\u0301fono_ban\u0303o.jpg\" \/>\n\t<meta property=\"og:image:width\" content=\"800\" \/>\n\t<meta property=\"og:image:height\" content=\"500\" \/>\n\t<meta property=\"og:image:type\" content=\"image\/jpeg\" \/>\n<meta name=\"author\" content=\"Latitud 25\" \/>\n<meta name=\"twitter:card\" content=\"summary_large_image\" \/>\n<meta name=\"twitter:creator\" content=\"@EnLatitud25\" \/>\n<meta name=\"twitter:site\" content=\"@EnLatitud25\" \/>\n<meta name=\"twitter:label1\" content=\"Escrito por\" \/>\n\t<meta name=\"twitter:data1\" content=\"Latitud 25\" \/>\n\t<meta name=\"twitter:label2\" content=\"Tiempo de lectura\" \/>\n\t<meta name=\"twitter:data2\" content=\"5 minutos\" \/>\n<script type=\"application\/ld+json\" class=\"yoast-schema-graph\">{\"@context\":\"https:\/\/schema.org\",\"@graph\":[{\"@type\":\"Article\",\"@id\":\"https:\/\/enlatitud25.com\/news\/no-la-cagues-usar-el-cel-todo-el-tiempo-incluso-en-el-bano-puede-afectar-tu-salud\/#article\",\"isPartOf\":{\"@id\":\"https:\/\/enlatitud25.com\/news\/no-la-cagues-usar-el-cel-todo-el-tiempo-incluso-en-el-bano-puede-afectar-tu-salud\/\"},\"author\":{\"name\":\"Latitud 25\",\"@id\":\"https:\/\/enlatitud25.com\/news\/#\/schema\/person\/23aafe968917005a721b8eb760f2586e\"},\"headline\":\"No la cagues: Usar el cel todo el tiempo, incluso en el ba\u00f1o, puede afectar tu salud\",\"datePublished\":\"2022-11-08T15:19:49+00:00\",\"dateModified\":\"2022-11-08T15:19:51+00:00\",\"mainEntityOfPage\":{\"@id\":\"https:\/\/enlatitud25.com\/news\/no-la-cagues-usar-el-cel-todo-el-tiempo-incluso-en-el-bano-puede-afectar-tu-salud\/\"},\"wordCount\":957,\"publisher\":{\"@id\":\"https:\/\/enlatitud25.com\/news\/#organization\"},\"keywords\":[\"desconexi\u00f3n\",\"ir al ba\u00f1o\",\"Salud\",\"tel\u00e9fono\"],\"articleSection\":[\"Salud\"],\"inLanguage\":\"es\"},{\"@type\":\"WebPage\",\"@id\":\"https:\/\/enlatitud25.com\/news\/no-la-cagues-usar-el-cel-todo-el-tiempo-incluso-en-el-bano-puede-afectar-tu-salud\/\",\"url\":\"https:\/\/enlatitud25.com\/news\/no-la-cagues-usar-el-cel-todo-el-tiempo-incluso-en-el-bano-puede-afectar-tu-salud\/\",\"name\":\"No la cagues: Usar el cel todo el tiempo, incluso en el ba\u00f1o, puede afectar tu salud &ndash; Latitud25\",\"isPartOf\":{\"@id\":\"https:\/\/enlatitud25.com\/news\/#website\"},\"datePublished\":\"2022-11-08T15:19:49+00:00\",\"dateModified\":\"2022-11-08T15:19:51+00:00\",\"description\":\"Mir\u00e1 nuestros reportajes audiovisuales y seguinos para enterarte de las \u00faltimas noticias de Paraguay y el mundo, desde la Latitud25. Somos Alternativa de Informaci\u00f3n.\",\"breadcrumb\":{\"@id\":\"https:\/\/enlatitud25.com\/news\/no-la-cagues-usar-el-cel-todo-el-tiempo-incluso-en-el-bano-puede-afectar-tu-salud\/#breadcrumb\"},\"inLanguage\":\"es\",\"potentialAction\":[{\"@type\":\"ReadAction\",\"target\":[\"https:\/\/enlatitud25.com\/news\/no-la-cagues-usar-el-cel-todo-el-tiempo-incluso-en-el-bano-puede-afectar-tu-salud\/\"]}]},{\"@type\":\"BreadcrumbList\",\"@id\":\"https:\/\/enlatitud25.com\/news\/no-la-cagues-usar-el-cel-todo-el-tiempo-incluso-en-el-bano-puede-afectar-tu-salud\/#breadcrumb\",\"itemListElement\":[{\"@type\":\"ListItem\",\"position\":1,\"name\":\"Home\",\"item\":\"https:\/\/enlatitud25.com\/news\/\"},{\"@type\":\"ListItem\",\"position\":2,\"name\":\"No la cagues: Usar el cel todo el tiempo, incluso en el ba\u00f1o, puede afectar tu salud\"}]},{\"@type\":\"WebSite\",\"@id\":\"https:\/\/enlatitud25.com\/news\/#website\",\"url\":\"https:\/\/enlatitud25.com\/news\/\",\"name\":\"Latitud25\",\"description\":\"news\",\"publisher\":{\"@id\":\"https:\/\/enlatitud25.com\/news\/#organization\"},\"potentialAction\":[{\"@type\":\"SearchAction\",\"target\":{\"@type\":\"EntryPoint\",\"urlTemplate\":\"https:\/\/enlatitud25.com\/news\/?s={search_term_string}\"},\"query-input\":\"required name=search_term_string\"}],\"inLanguage\":\"es\"},{\"@type\":\"Organization\",\"@id\":\"https:\/\/enlatitud25.com\/news\/#organization\",\"name\":\"Latitud 25 - News\",\"url\":\"https:\/\/enlatitud25.com\/news\/\",\"logo\":{\"@type\":\"ImageObject\",\"inLanguage\":\"es\",\"@id\":\"https:\/\/enlatitud25.com\/news\/#\/schema\/logo\/image\/\",\"url\":\"https:\/\/enlatitud25.com\/news\/wp-content\/uploads\/2020\/11\/logo_latitud.png\",\"contentUrl\":\"https:\/\/enlatitud25.com\/news\/wp-content\/uploads\/2020\/11\/logo_latitud.png\",\"width\":235,\"height\":39,\"caption\":\"Latitud 25 - News\"},\"image\":{\"@id\":\"https:\/\/enlatitud25.com\/news\/#\/schema\/logo\/image\/\"},\"sameAs\":[\"https:\/\/www.facebook.com\/EnLatitud25\",\"https:\/\/twitter.com\/EnLatitud25\",\"https:\/\/www.instagram.com\/enlatitud25\/\",\"https:\/\/www.youtube.com\/user\/desdelatitud25\"]},{\"@type\":\"Person\",\"@id\":\"https:\/\/enlatitud25.com\/news\/#\/schema\/person\/23aafe968917005a721b8eb760f2586e\",\"name\":\"Latitud 25\",\"sameAs\":[\"https:\/\/enlatitud25.com\/news\",\"https:\/\/www.facebook.com\/EnLatitud25\",\"https:\/\/www.instagram.com\/enlatitud25\",\"https:\/\/www.youtube.com\/user\/desdelatitud25\",\"https:\/\/soundcloud.com\/enlatitud25\"],\"url\":\"https:\/\/enlatitud25.com\/news\/author\/nnews-uss00\/\"}]}<\/script>\n<!-- \/ Yoast SEO plugin. -->","yoast_head_json":{"title":"No la cagues: Usar el cel todo el tiempo, incluso en el ba\u00f1o, puede afectar tu salud &ndash; Latitud25","description":"Mir\u00e1 nuestros reportajes audiovisuales y seguinos para enterarte de las \u00faltimas noticias de Paraguay y el mundo, desde la Latitud25. Somos Alternativa de Informaci\u00f3n.","robots":{"index":"index","follow":"follow","max-snippet":"max-snippet:-1","max-image-preview":"max-image-preview:large","max-video-preview":"max-video-preview:-1"},"canonical":"https:\/\/enlatitud25.com\/news\/no-la-cagues-usar-el-cel-todo-el-tiempo-incluso-en-el-bano-puede-afectar-tu-salud\/","og_locale":"es_ES","og_type":"article","og_title":"No la cagues: Usar el cel todo el tiempo, incluso en el ba\u00f1o, puede afectar tu salud &ndash; Latitud25","og_description":"Mir\u00e1 nuestros reportajes audiovisuales y seguinos para enterarte de las \u00faltimas noticias de Paraguay y el mundo, desde la Latitud25. Somos Alternativa de Informaci\u00f3n.","og_url":"https:\/\/enlatitud25.com\/news\/no-la-cagues-usar-el-cel-todo-el-tiempo-incluso-en-el-bano-puede-afectar-tu-salud\/","og_site_name":"Latitud25","article_publisher":"https:\/\/www.facebook.com\/EnLatitud25","article_author":"https:\/\/www.facebook.com\/EnLatitud25","article_published_time":"2022-11-08T15:19:49+00:00","article_modified_time":"2022-11-08T15:19:51+00:00","og_image":[{"width":800,"height":500,"url":"https:\/\/enlatitud25.com\/news\/wp-content\/uploads\/2022\/11\/portada_uso_tele\u0301fono_ban\u0303o.jpg","type":"image\/jpeg"}],"author":"Latitud 25","twitter_card":"summary_large_image","twitter_creator":"@EnLatitud25","twitter_site":"@EnLatitud25","twitter_misc":{"Escrito por":"Latitud 25","Tiempo de lectura":"5 minutos"},"schema":{"@context":"https:\/\/schema.org","@graph":[{"@type":"Article","@id":"https:\/\/enlatitud25.com\/news\/no-la-cagues-usar-el-cel-todo-el-tiempo-incluso-en-el-bano-puede-afectar-tu-salud\/#article","isPartOf":{"@id":"https:\/\/enlatitud25.com\/news\/no-la-cagues-usar-el-cel-todo-el-tiempo-incluso-en-el-bano-puede-afectar-tu-salud\/"},"author":{"name":"Latitud 25","@id":"https:\/\/enlatitud25.com\/news\/#\/schema\/person\/23aafe968917005a721b8eb760f2586e"},"headline":"No la cagues: Usar el cel todo el tiempo, incluso en el ba\u00f1o, puede afectar tu salud","datePublished":"2022-11-08T15:19:49+00:00","dateModified":"2022-11-08T15:19:51+00:00","mainEntityOfPage":{"@id":"https:\/\/enlatitud25.com\/news\/no-la-cagues-usar-el-cel-todo-el-tiempo-incluso-en-el-bano-puede-afectar-tu-salud\/"},"wordCount":957,"publisher":{"@id":"https:\/\/enlatitud25.com\/news\/#organization"},"keywords":["desconexi\u00f3n","ir al ba\u00f1o","Salud","tel\u00e9fono"],"articleSection":["Salud"],"inLanguage":"es"},{"@type":"WebPage","@id":"https:\/\/enlatitud25.com\/news\/no-la-cagues-usar-el-cel-todo-el-tiempo-incluso-en-el-bano-puede-afectar-tu-salud\/","url":"https:\/\/enlatitud25.com\/news\/no-la-cagues-usar-el-cel-todo-el-tiempo-incluso-en-el-bano-puede-afectar-tu-salud\/","name":"No la cagues: Usar el cel todo el tiempo, incluso en el ba\u00f1o, puede afectar tu salud &ndash; Latitud25","isPartOf":{"@id":"https:\/\/enlatitud25.com\/news\/#website"},"datePublished":"2022-11-08T15:19:49+00:00","dateModified":"2022-11-08T15:19:51+00:00","description":"Mir\u00e1 nuestros reportajes audiovisuales y seguinos para enterarte de las \u00faltimas noticias de Paraguay y el mundo, desde la Latitud25. Somos Alternativa de Informaci\u00f3n.","breadcrumb":{"@id":"https:\/\/enlatitud25.com\/news\/no-la-cagues-usar-el-cel-todo-el-tiempo-incluso-en-el-bano-puede-afectar-tu-salud\/#breadcrumb"},"inLanguage":"es","potentialAction":[{"@type":"ReadAction","target":["https:\/\/enlatitud25.com\/news\/no-la-cagues-usar-el-cel-todo-el-tiempo-incluso-en-el-bano-puede-afectar-tu-salud\/"]}]},{"@type":"BreadcrumbList","@id":"https:\/\/enlatitud25.com\/news\/no-la-cagues-usar-el-cel-todo-el-tiempo-incluso-en-el-bano-puede-afectar-tu-salud\/#breadcrumb","itemListElement":[{"@type":"ListItem","position":1,"name":"Home","item":"https:\/\/enlatitud25.com\/news\/"},{"@type":"ListItem","position":2,"name":"No la cagues: Usar el cel todo el tiempo, incluso en el ba\u00f1o, puede afectar tu salud"}]},{"@type":"WebSite","@id":"https:\/\/enlatitud25.com\/news\/#website","url":"https:\/\/enlatitud25.com\/news\/","name":"Latitud25","description":"news","publisher":{"@id":"https:\/\/enlatitud25.com\/news\/#organization"},"potentialAction":[{"@type":"SearchAction","target":{"@type":"EntryPoint","urlTemplate":"https:\/\/enlatitud25.com\/news\/?s={search_term_string}"},"query-input":"required name=search_term_string"}],"inLanguage":"es"},{"@type":"Organization","@id":"https:\/\/enlatitud25.com\/news\/#organization","name":"Latitud 25 - News","url":"https:\/\/enlatitud25.com\/news\/","logo":{"@type":"ImageObject","inLanguage":"es","@id":"https:\/\/enlatitud25.com\/news\/#\/schema\/logo\/image\/","url":"https:\/\/enlatitud25.com\/news\/wp-content\/uploads\/2020\/11\/logo_latitud.png","contentUrl":"https:\/\/enlatitud25.com\/news\/wp-content\/uploads\/2020\/11\/logo_latitud.png","width":235,"height":39,"caption":"Latitud 25 - News"},"image":{"@id":"https:\/\/enlatitud25.com\/news\/#\/schema\/logo\/image\/"},"sameAs":["https:\/\/www.facebook.com\/EnLatitud25","https:\/\/twitter.com\/EnLatitud25","https:\/\/www.instagram.com\/enlatitud25\/","https:\/\/www.youtube.com\/user\/desdelatitud25"]},{"@type":"Person","@id":"https:\/\/enlatitud25.com\/news\/#\/schema\/person\/23aafe968917005a721b8eb760f2586e","name":"Latitud 25","sameAs":["https:\/\/enlatitud25.com\/news","https:\/\/www.facebook.com\/EnLatitud25","https:\/\/www.instagram.com\/enlatitud25","https:\/\/www.youtube.com\/user\/desdelatitud25","https:\/\/soundcloud.com\/enlatitud25"],"url":"https:\/\/enlatitud25.com\/news\/author\/nnews-uss00\/"}]}},"_links":{"self":[{"href":"https:\/\/enlatitud25.com\/news\/wp-json\/wp\/v2\/posts\/11398"}],"collection":[{"href":"https:\/\/enlatitud25.com\/news\/wp-json\/wp\/v2\/posts"}],"about":[{"href":"https:\/\/enlatitud25.com\/news\/wp-json\/wp\/v2\/types\/post"}],"author":[{"embeddable":true,"href":"https:\/\/enlatitud25.com\/news\/wp-json\/wp\/v2\/users\/1"}],"replies":[{"embeddable":true,"href":"https:\/\/enlatitud25.com\/news\/wp-json\/wp\/v2\/comments?post=11398"}],"version-history":[{"count":17,"href":"https:\/\/enlatitud25.com\/news\/wp-json\/wp\/v2\/posts\/11398\/revisions"}],"predecessor-version":[{"id":11429,"href":"https:\/\/enlatitud25.com\/news\/wp-json\/wp\/v2\/posts\/11398\/revisions\/11429"}],"wp:featuredmedia":[{"embeddable":true,"href":"https:\/\/enlatitud25.com\/news\/wp-json\/wp\/v2\/media\/11412"}],"wp:attachment":[{"href":"https:\/\/enlatitud25.com\/news\/wp-json\/wp\/v2\/media?parent=11398"}],"wp:term":[{"taxonomy":"category","embeddable":true,"href":"https:\/\/enlatitud25.com\/news\/wp-json\/wp\/v2\/categories?post=11398"},{"taxonomy":"post_tag","embeddable":true,"href":"https:\/\/enlatitud25.com\/news\/wp-json\/wp\/v2\/tags?post=11398"},{"taxonomy":"ubicacion","embeddable":true,"href":"https:\/\/enlatitud25.com\/news\/wp-json\/wp\/v2\/ubicacion?post=11398"}],"curies":[{"name":"wp","href":"https:\/\/api.w.org\/{rel}","templated":true}]}}