{"id":11305,"date":"2022-11-04T12:12:32","date_gmt":"2022-11-04T12:12:32","guid":{"rendered":"https:\/\/enlatitud25.com\/news\/?p=11305"},"modified":"2022-11-04T14:34:19","modified_gmt":"2022-11-04T14:34:19","slug":"advierten-de-catastrofe-educativa-si-suspenden-proceso-de-transformacion","status":"publish","type":"post","link":"https:\/\/enlatitud25.com\/news\/advierten-de-catastrofe-educativa-si-suspenden-proceso-de-transformacion\/","title":{"rendered":"Advierten de cat\u00e1strofe educativa si suspenden proceso de transformaci\u00f3n"},"content":{"rendered":"\n<p>El proceso de Transformaci\u00f3n Educativa comenz\u00f3 en 2017, con un diagn\u00f3stico extenso acerca de la decadente situaci\u00f3n de la educaci\u00f3n en Paraguay, lo que encendi\u00f3 todas las alarmas. Los resultados mostraron fallas en la ense\u00f1anza-aprendizaje en los aspectos m\u00e1s b\u00e1sicos, como entender lo que uno lee y resolver problemas matem\u00e1ticos simples.<\/p>\n\n\n\n<p>Tras cinco a\u00f1os de procesos y retrasos debido a los estragos causados por la pandemia de la COVID-19, lleg\u00f3 el momento de aprobar el mencionado plan. Sin embargo, en los \u00faltimos meses \u2013ya en puerta de las elecciones\u2013, un grupo de padres, autodenominados profamilia decidi\u00f3 poner trabas a este proyecto. <\/p>\n\n\n\n<p><strong>Le\u00e9 m\u00e1s:<a href=\"https:\/\/enlatitud25.com\/news\/plan-de-transformacion-educativa-advierten-sobre-distorsiones-peligrosas\/\" target=\"_blank\" rel=\"noreferrer noopener\"> Plan de Transformaci\u00f3n Educativa: Advierten sobre distorsiones peligrosas<\/a><\/strong><\/p>\n\n\n\n<p>Ante las reiteradas consultas de cu\u00e1les son los puntos cuestionados, hablan de palabras que no incluidas en el material, como la tan mentada \u00b4ideolog\u00eda de g\u00e9nero\u00b4. Sin embargo, cuando se demuestra que este concepto en todo el documento, apuntan las cr\u00edticas a conceptos fundamentales del proceso educativo, como enfoque de g\u00e9nero o interculturalidad, ya contemplados en la Constituci\u00f3n (1992).<\/p>\n\n\n\n<figure class=\"wp-block-image size-full\"><img decoding=\"async\" loading=\"lazy\" width=\"800\" height=\"500\" src=\"https:\/\/enlatitud25.com\/news\/wp-content\/uploads\/2022\/11\/pag1_Senadores_TEducativa_2030.jpg\" alt=\"\" class=\"wp-image-11311\" srcset=\"https:\/\/enlatitud25.com\/news\/wp-content\/uploads\/2022\/11\/pag1_Senadores_TEducativa_2030.jpg 800w, https:\/\/enlatitud25.com\/news\/wp-content\/uploads\/2022\/11\/pag1_Senadores_TEducativa_2030-300x188.jpg 300w, https:\/\/enlatitud25.com\/news\/wp-content\/uploads\/2022\/11\/pag1_Senadores_TEducativa_2030-768x480.jpg 768w, https:\/\/enlatitud25.com\/news\/wp-content\/uploads\/2022\/11\/pag1_Senadores_TEducativa_2030-380x238.jpg 380w\" sizes=\"(max-width: 800px) 100vw, 800px\" \/><\/figure>\n\n\n\n<h4 id=\"intento-de-frenar-el-proceso\" class=\"wp-block-heading\">Intento de frenar el proceso<\/h4>\n\n\n\n<p>En ese marco, senadores como Enrique Riera (ANR), Enrique Salyn Buzarquis (PLRA) y Abel Gonz\u00e1lez (PLRA) hablaron de suspender la implementaci\u00f3n del plan y sustraer su financiaci\u00f3n. <\/p>\n\n\n\n<p>En ese marco, el pasado 26 de octubre, Abel Gonz\u00e1lez, Enrique Riera y otros legisladores, presentaron. El objetivo del documento consiste en suspender la colaboraci\u00f3n de la Uni\u00f3n Europea a Paraguay, en el marco de la educaci\u00f3n.<\/p>\n\n\n\n<p>Seg\u00fan expresiones recientes del senador cartista Enrique Riera, es necesario medir el momento pol\u00edtico para plantear &#8220;una reforma&#8221;. Consider\u00f3 que el tiempo indicado es cuando empieza un gobierno y &#8220;no, al t\u00e9rmino&#8221;. <\/p>\n\n\n\n<p>Estas expresiones van de contramano a su posici\u00f3n como ex ministro de Educaci\u00f3n. El inicio del proceso de Transformaci\u00f3n Educativa se dio en noviembre de 2017, cuando Riera todav\u00eda estaba al frente del MEC, durante la administraci\u00f3n de Horacio Cartes. <\/p>\n\n\n\n<figure class=\"wp-block-image size-full\"><img decoding=\"async\" loading=\"lazy\" width=\"800\" height=\"500\" src=\"https:\/\/enlatitud25.com\/news\/wp-content\/uploads\/2022\/11\/pag4_Senadores_TEducativa_2030-1.jpg\" alt=\"\" class=\"wp-image-11391\" srcset=\"https:\/\/enlatitud25.com\/news\/wp-content\/uploads\/2022\/11\/pag4_Senadores_TEducativa_2030-1.jpg 800w, https:\/\/enlatitud25.com\/news\/wp-content\/uploads\/2022\/11\/pag4_Senadores_TEducativa_2030-1-300x188.jpg 300w, https:\/\/enlatitud25.com\/news\/wp-content\/uploads\/2022\/11\/pag4_Senadores_TEducativa_2030-1-768x480.jpg 768w, https:\/\/enlatitud25.com\/news\/wp-content\/uploads\/2022\/11\/pag4_Senadores_TEducativa_2030-1-380x238.jpg 380w\" sizes=\"(max-width: 800px) 100vw, 800px\" \/><\/figure>\n\n\n\n<p>Es decir, el gobierno de Mario Abdo Ben\u00edtez dio curso a un proceso iniciado en el gobierno anterior. <\/p>\n\n\n\n<p>Es importante recordar adem\u00e1s que mientras Riera era ministro, en enero de 2018, mencion\u00f3 que la &#8220;reforma&#8221; ya hab\u00eda cerrado su ciclo. Agreg\u00f3 entonces que era momento de empezar &#8220;una transformaci\u00f3n en la educaci\u00f3n&#8221;. <\/p>\n\n\n\n<h4 id=\"parar-la-pelota-para-evitar-contaminaciones-electorales\" class=\"wp-block-heading\">Parar la pelota para evitar contaminaciones electorales<\/h4>\n\n\n\n<p>El senador<strong> Salyn Buzarquis (PLRA) <\/strong>manifest\u00f3 su postura en contacto con RadioCast25. Manifest\u00f3 que la comunicaci\u00f3n es fundamental. \u201cEl fondo de la cuesti\u00f3n podemos debatir, pero m\u00e1s que el fondo es la forma\u201d, dijo en un primer momento.<\/p>\n\n\n\n<p>Dijo, al igual que Riera, que uno debe plantear una reforma cuando empieza un gobierno, no cuando se va, pero tambi\u00e9n insisti\u00f3 en la falencia de la comunicaci\u00f3n.<\/p>\n\n\n\n<p>\u201cSi uno quiere que salga un proyecto debe saber dialogar, la comunicaci\u00f3n fue poco clara. Ya est\u00e1 instalado el tema de la ideolog\u00eda de g\u00e9nero. No es lo que es, sino lo que parece. Uno debe cuidar la forma y el momento. Yo creo que es momento de hacer una pausa\u201d, apunt\u00f3.<\/p>\n\n\n\n<p>Agreg\u00f3 que su opini\u00f3n personal, de parar la pelota en este momento, se debe a la situaci\u00f3n pol\u00edtica. \u201cLa reforma verdadera, real se tiene que hacer. Pero desde el momento en que entramos en un proceso electoral, el debate se contamina, porque ah\u00ed se meten cuestiones ideol\u00f3gicas, culturales y electorales\u201d, argument\u00f3.<\/p>\n\n\n\n<figure class=\"wp-block-image size-full\"><img decoding=\"async\" loading=\"lazy\" width=\"800\" height=\"500\" src=\"https:\/\/enlatitud25.com\/news\/wp-content\/uploads\/2022\/11\/pag3_Senadores_TEducativa_2030-1.jpg\" alt=\"\" class=\"wp-image-11385\" srcset=\"https:\/\/enlatitud25.com\/news\/wp-content\/uploads\/2022\/11\/pag3_Senadores_TEducativa_2030-1.jpg 800w, https:\/\/enlatitud25.com\/news\/wp-content\/uploads\/2022\/11\/pag3_Senadores_TEducativa_2030-1-300x188.jpg 300w, https:\/\/enlatitud25.com\/news\/wp-content\/uploads\/2022\/11\/pag3_Senadores_TEducativa_2030-1-768x480.jpg 768w, https:\/\/enlatitud25.com\/news\/wp-content\/uploads\/2022\/11\/pag3_Senadores_TEducativa_2030-1-380x238.jpg 380w\" sizes=\"(max-width: 800px) 100vw, 800px\" \/><\/figure>\n\n\n\n<p>Dijo adem\u00e1s que, si sigue con este plan ahora, cada uno va a querer llevar agua a su molino. \u201cSi queremos que se haga una reforma en serio tenemos que descontaminar, y esperar a que pase el momento electoral\u201d, remarc\u00f3.<\/p>\n\n\n\n<p>Insisti\u00f3 en que se trata de una maniobra, previa a las elecciones, debido al tiempo en que empezaron a cuestionar. &#8220;\u00bfPor qu\u00e9 no lo hicieron antes, por qu\u00e9 no lo hicieron en el gobierno de Cartes? Riera tambi\u00e9n, todos los que fueron ministros de Educaci\u00f3n fueron parte. Justamente porque quieren manipular pol\u00edticamente aprovechando el proceso electoral, hay que ser muy cautos&#8221;, subray\u00f3. <\/p>\n\n\n\n<h4 id=\"una-catastrofe-inminente\" class=\"wp-block-heading\">\u00bfUna cat\u00e1strofe inminente?<\/h4>\n\n\n\n<p>Eugenia Peroni, gerente de Paraguay Educa, habl\u00f3 en comunicaci\u00f3n con RadioCast25 al respecto. Refiri\u00f3 que ocurrir\u00e1 cat\u00e1strofe, no solo para la educaci\u00f3n, sino &#8220;para nuestros hijos&#8221;, si es que se suspende el proceso de Transformaci\u00f3n Educativa, considerando lo que implica.<\/p>\n\n\n\n<p>En ese punto, afirm\u00f3 que el debate que se est\u00e1 realizando tiene que ser una discusi\u00f3n seria y de la ciudadan\u00eda en general. <\/p>\n\n\n\n<p>Record\u00f3 que el ser humano se mueve a trav\u00e9s de las emociones y despu\u00e9s se llega a la raz\u00f3n, por lo que en este caso se est\u00e1 usando el miedo, sin llegar al razonamiento. &#8220;Me niego a creer que esta es la manera en que tenemos los paraguayos de debatir&#8221;, opin\u00f3. <\/p>\n\n\n\n<p>Resalt\u00f3 que los movimientos que se encuentran en contra de la transformaci\u00f3n educativa est\u00e1n faltando a la verdad. &#8220;Est\u00e1n haciendo correr documentos que no tienen nada que ver con los originales. Me hicieron llegar uno de Caaguaz\u00fa, de la masturbaci\u00f3n, ese no es un documento oficial del MEC&#8221;, refiri\u00f3. <\/p>\n\n\n\n<figure class=\"wp-block-image size-full\"><img decoding=\"async\" loading=\"lazy\" width=\"800\" height=\"500\" src=\"https:\/\/enlatitud25.com\/news\/wp-content\/uploads\/2022\/11\/pag6_Senadores_TEducativa_2030.png\" alt=\"\" class=\"wp-image-11314\" srcset=\"https:\/\/enlatitud25.com\/news\/wp-content\/uploads\/2022\/11\/pag6_Senadores_TEducativa_2030.png 800w, https:\/\/enlatitud25.com\/news\/wp-content\/uploads\/2022\/11\/pag6_Senadores_TEducativa_2030-300x188.png 300w, https:\/\/enlatitud25.com\/news\/wp-content\/uploads\/2022\/11\/pag6_Senadores_TEducativa_2030-768x480.png 768w, https:\/\/enlatitud25.com\/news\/wp-content\/uploads\/2022\/11\/pag6_Senadores_TEducativa_2030-380x238.png 380w\" sizes=\"(max-width: 800px) 100vw, 800px\" \/><\/figure>\n\n\n\n<p>Asimismo, record\u00f3 que este documento es solo un plan, no tiene contenido adentro. Adem\u00e1s resalt\u00f3 que los organismos que apoyan financieramente estos procesos, no intervienen en el aspecto pedag\u00f3gico.<\/p>\n\n\n\n<p>&#8220;Es como una estructura, con cinco dimensiones: bienestar estudiantil, comunidad educativa, desarrollo profesional, instituciones educativas y evaluaci\u00f3n de la gesti\u00f3n. Son dimensiones que no podemos pasar un d\u00eda m\u00e1s sin considerar, porque estamos formando una sociedad que va en declive y eso no lo digo yo, lo dicen nuestros n\u00fameros&#8221;, asever\u00f3. <\/p>\n\n\n\n<h4 id=\"estan-construyendo-una-falacia\" class=\"wp-block-heading\">Est\u00e1n construyendo una falacia<\/h4>\n\n\n\n<p>En ese contexto, la especialista en educaci\u00f3n inst\u00f3 a las familias a que vean el documento original. <\/p>\n\n\n\n<p>\u201cYo le pido a las mam\u00e1s que se tomen el tiempo para leer, no hay ocultismo ni oscurantismo de esto (\u2026) Porque todo lo que est\u00e1n diciendo de la ideolog\u00eda de g\u00e9nero, es una construcci\u00f3n, una falacia\u201d, resalt\u00f3.<\/p>\n\n\n\n<p>Adem\u00e1s, record\u00f3 que todas las palabras que dicen en el plan, est\u00e1n en la Constituci\u00f3n Nacional desde 1992. \u201cSi desde ese entonces no se introdujeron esos contenidos a los que ahora le temen las familias, \u00bfpor qu\u00e9 se van a meter ahora esos contenidos?\u201d, cuestion\u00f3.<\/p>\n\n\n\n<p>Afirm\u00f3 que este suspenso es alarmante, porque agreg\u00f3 que \u2013si esta situaci\u00f3n no se concreta\u2013, vamos a seguir caminando para atr\u00e1s como los cangrejos y nos estamos quedando sin tiempo.<\/p>\n\n\n\n<p><strong>Le\u00e9 m\u00e1s: <a href=\"https:\/\/enlatitud25.com\/news\/ojala-los-padres-realmente-se-involucren-reclaman-desde-el-pnte\/\" target=\"_blank\" rel=\"noreferrer noopener\">\u201cOjal\u00e1 los padres realmente se involucren\u201d, reclaman desde el PNTE<\/a><\/strong><\/p>\n\n\n\n<p><\/p>\n","protected":false},"excerpt":{"rendered":"Un grupo de senadores pretende suspender el proceso de Transformaci\u00f3n Educativa, por distintos motivos. El proceso se viene trabajando hace 5 a\u00f1os \u2013con retrasos debido a la pandemia\u2013. Sin embargo, luego de que, en los \u00faltimos meses, se hicieran circular documentos falsos y tergiversaciones de lo que es el verdadero plan, ahora se busca detenerlo, con la justificaci\u00f3n de que se ha perdido la confianza en el proceso. Los especialistas anticipan una cat\u00e1strofe.\n","protected":false},"author":1,"featured_media":11310,"comment_status":"closed","ping_status":"closed","sticky":false,"template":"","format":"standard","meta":[],"categories":[20],"tags":[],"ubicacion":[18],"yoast_head":"<!-- This site is optimized with the Yoast SEO plugin v20.8 - https:\/\/yoast.com\/wordpress\/plugins\/seo\/ -->\n<title>Advierten de cat\u00e1strofe educativa si suspenden proceso de transformaci\u00f3n &ndash; Latitud25<\/title>\n<meta name=\"description\" content=\"Mir\u00e1 nuestros reportajes audiovisuales y seguinos para enterarte de las \u00faltimas noticias de Paraguay y el mundo, desde la Latitud25. Somos Alternativa de Informaci\u00f3n.\" \/>\n<meta name=\"robots\" content=\"index, follow, max-snippet:-1, max-image-preview:large, max-video-preview:-1\" \/>\n<link rel=\"canonical\" href=\"https:\/\/enlatitud25.com\/news\/advierten-de-catastrofe-educativa-si-suspenden-proceso-de-transformacion\/\" \/>\n<meta property=\"og:locale\" content=\"es_ES\" \/>\n<meta property=\"og:type\" content=\"article\" \/>\n<meta property=\"og:title\" content=\"Advierten de cat\u00e1strofe educativa si suspenden proceso de transformaci\u00f3n &ndash; Latitud25\" \/>\n<meta property=\"og:description\" content=\"Mir\u00e1 nuestros reportajes audiovisuales y seguinos para enterarte de las \u00faltimas noticias de Paraguay y el mundo, desde la Latitud25. Somos Alternativa de Informaci\u00f3n.\" \/>\n<meta property=\"og:url\" content=\"https:\/\/enlatitud25.com\/news\/advierten-de-catastrofe-educativa-si-suspenden-proceso-de-transformacion\/\" \/>\n<meta property=\"og:site_name\" content=\"Latitud25\" \/>\n<meta property=\"article:publisher\" content=\"https:\/\/www.facebook.com\/EnLatitud25\" \/>\n<meta property=\"article:author\" content=\"https:\/\/www.facebook.com\/EnLatitud25\" \/>\n<meta property=\"article:published_time\" content=\"2022-11-04T12:12:32+00:00\" \/>\n<meta property=\"article:modified_time\" content=\"2022-11-04T14:34:19+00:00\" \/>\n<meta property=\"og:image\" content=\"https:\/\/enlatitud25.com\/news\/wp-content\/uploads\/2022\/11\/portada_Senadores_TEducativa_2030.jpg\" \/>\n\t<meta property=\"og:image:width\" content=\"800\" \/>\n\t<meta property=\"og:image:height\" content=\"500\" \/>\n\t<meta property=\"og:image:type\" content=\"image\/jpeg\" \/>\n<meta name=\"author\" content=\"Latitud 25\" \/>\n<meta name=\"twitter:card\" content=\"summary_large_image\" \/>\n<meta name=\"twitter:creator\" content=\"@EnLatitud25\" \/>\n<meta name=\"twitter:site\" content=\"@EnLatitud25\" \/>\n<meta name=\"twitter:label1\" content=\"Escrito por\" \/>\n\t<meta name=\"twitter:data1\" content=\"Latitud 25\" \/>\n\t<meta name=\"twitter:label2\" content=\"Tiempo de lectura\" \/>\n\t<meta name=\"twitter:data2\" content=\"6 minutos\" \/>\n<script type=\"application\/ld+json\" class=\"yoast-schema-graph\">{\"@context\":\"https:\/\/schema.org\",\"@graph\":[{\"@type\":\"Article\",\"@id\":\"https:\/\/enlatitud25.com\/news\/advierten-de-catastrofe-educativa-si-suspenden-proceso-de-transformacion\/#article\",\"isPartOf\":{\"@id\":\"https:\/\/enlatitud25.com\/news\/advierten-de-catastrofe-educativa-si-suspenden-proceso-de-transformacion\/\"},\"author\":{\"name\":\"Latitud 25\",\"@id\":\"https:\/\/enlatitud25.com\/news\/#\/schema\/person\/23aafe968917005a721b8eb760f2586e\"},\"headline\":\"Advierten de cat\u00e1strofe educativa si suspenden proceso de transformaci\u00f3n\",\"datePublished\":\"2022-11-04T12:12:32+00:00\",\"dateModified\":\"2022-11-04T14:34:19+00:00\",\"mainEntityOfPage\":{\"@id\":\"https:\/\/enlatitud25.com\/news\/advierten-de-catastrofe-educativa-si-suspenden-proceso-de-transformacion\/\"},\"wordCount\":1124,\"publisher\":{\"@id\":\"https:\/\/enlatitud25.com\/news\/#organization\"},\"articleSection\":[\"Salud\"],\"inLanguage\":\"es\"},{\"@type\":\"WebPage\",\"@id\":\"https:\/\/enlatitud25.com\/news\/advierten-de-catastrofe-educativa-si-suspenden-proceso-de-transformacion\/\",\"url\":\"https:\/\/enlatitud25.com\/news\/advierten-de-catastrofe-educativa-si-suspenden-proceso-de-transformacion\/\",\"name\":\"Advierten de cat\u00e1strofe educativa si suspenden proceso de transformaci\u00f3n &ndash; Latitud25\",\"isPartOf\":{\"@id\":\"https:\/\/enlatitud25.com\/news\/#website\"},\"datePublished\":\"2022-11-04T12:12:32+00:00\",\"dateModified\":\"2022-11-04T14:34:19+00:00\",\"description\":\"Mir\u00e1 nuestros reportajes audiovisuales y seguinos para enterarte de las \u00faltimas noticias de Paraguay y el mundo, desde la Latitud25. Somos Alternativa de Informaci\u00f3n.\",\"breadcrumb\":{\"@id\":\"https:\/\/enlatitud25.com\/news\/advierten-de-catastrofe-educativa-si-suspenden-proceso-de-transformacion\/#breadcrumb\"},\"inLanguage\":\"es\",\"potentialAction\":[{\"@type\":\"ReadAction\",\"target\":[\"https:\/\/enlatitud25.com\/news\/advierten-de-catastrofe-educativa-si-suspenden-proceso-de-transformacion\/\"]}]},{\"@type\":\"BreadcrumbList\",\"@id\":\"https:\/\/enlatitud25.com\/news\/advierten-de-catastrofe-educativa-si-suspenden-proceso-de-transformacion\/#breadcrumb\",\"itemListElement\":[{\"@type\":\"ListItem\",\"position\":1,\"name\":\"Home\",\"item\":\"https:\/\/enlatitud25.com\/news\/\"},{\"@type\":\"ListItem\",\"position\":2,\"name\":\"Advierten de cat\u00e1strofe educativa si suspenden proceso de transformaci\u00f3n\"}]},{\"@type\":\"WebSite\",\"@id\":\"https:\/\/enlatitud25.com\/news\/#website\",\"url\":\"https:\/\/enlatitud25.com\/news\/\",\"name\":\"Latitud25\",\"description\":\"news\",\"publisher\":{\"@id\":\"https:\/\/enlatitud25.com\/news\/#organization\"},\"potentialAction\":[{\"@type\":\"SearchAction\",\"target\":{\"@type\":\"EntryPoint\",\"urlTemplate\":\"https:\/\/enlatitud25.com\/news\/?s={search_term_string}\"},\"query-input\":\"required name=search_term_string\"}],\"inLanguage\":\"es\"},{\"@type\":\"Organization\",\"@id\":\"https:\/\/enlatitud25.com\/news\/#organization\",\"name\":\"Latitud 25 - News\",\"url\":\"https:\/\/enlatitud25.com\/news\/\",\"logo\":{\"@type\":\"ImageObject\",\"inLanguage\":\"es\",\"@id\":\"https:\/\/enlatitud25.com\/news\/#\/schema\/logo\/image\/\",\"url\":\"https:\/\/enlatitud25.com\/news\/wp-content\/uploads\/2020\/11\/logo_latitud.png\",\"contentUrl\":\"https:\/\/enlatitud25.com\/news\/wp-content\/uploads\/2020\/11\/logo_latitud.png\",\"width\":235,\"height\":39,\"caption\":\"Latitud 25 - News\"},\"image\":{\"@id\":\"https:\/\/enlatitud25.com\/news\/#\/schema\/logo\/image\/\"},\"sameAs\":[\"https:\/\/www.facebook.com\/EnLatitud25\",\"https:\/\/twitter.com\/EnLatitud25\",\"https:\/\/www.instagram.com\/enlatitud25\/\",\"https:\/\/www.youtube.com\/user\/desdelatitud25\"]},{\"@type\":\"Person\",\"@id\":\"https:\/\/enlatitud25.com\/news\/#\/schema\/person\/23aafe968917005a721b8eb760f2586e\",\"name\":\"Latitud 25\",\"sameAs\":[\"https:\/\/enlatitud25.com\/news\",\"https:\/\/www.facebook.com\/EnLatitud25\",\"https:\/\/www.instagram.com\/enlatitud25\",\"https:\/\/www.youtube.com\/user\/desdelatitud25\",\"https:\/\/soundcloud.com\/enlatitud25\"],\"url\":\"https:\/\/enlatitud25.com\/news\/author\/nnews-uss00\/\"}]}<\/script>\n<!-- \/ Yoast SEO plugin. -->","yoast_head_json":{"title":"Advierten de cat\u00e1strofe educativa si suspenden proceso de transformaci\u00f3n &ndash; Latitud25","description":"Mir\u00e1 nuestros reportajes audiovisuales y seguinos para enterarte de las \u00faltimas noticias de Paraguay y el mundo, desde la Latitud25. Somos Alternativa de Informaci\u00f3n.","robots":{"index":"index","follow":"follow","max-snippet":"max-snippet:-1","max-image-preview":"max-image-preview:large","max-video-preview":"max-video-preview:-1"},"canonical":"https:\/\/enlatitud25.com\/news\/advierten-de-catastrofe-educativa-si-suspenden-proceso-de-transformacion\/","og_locale":"es_ES","og_type":"article","og_title":"Advierten de cat\u00e1strofe educativa si suspenden proceso de transformaci\u00f3n &ndash; Latitud25","og_description":"Mir\u00e1 nuestros reportajes audiovisuales y seguinos para enterarte de las \u00faltimas noticias de Paraguay y el mundo, desde la Latitud25. Somos Alternativa de Informaci\u00f3n.","og_url":"https:\/\/enlatitud25.com\/news\/advierten-de-catastrofe-educativa-si-suspenden-proceso-de-transformacion\/","og_site_name":"Latitud25","article_publisher":"https:\/\/www.facebook.com\/EnLatitud25","article_author":"https:\/\/www.facebook.com\/EnLatitud25","article_published_time":"2022-11-04T12:12:32+00:00","article_modified_time":"2022-11-04T14:34:19+00:00","og_image":[{"width":800,"height":500,"url":"https:\/\/enlatitud25.com\/news\/wp-content\/uploads\/2022\/11\/portada_Senadores_TEducativa_2030.jpg","type":"image\/jpeg"}],"author":"Latitud 25","twitter_card":"summary_large_image","twitter_creator":"@EnLatitud25","twitter_site":"@EnLatitud25","twitter_misc":{"Escrito por":"Latitud 25","Tiempo de lectura":"6 minutos"},"schema":{"@context":"https:\/\/schema.org","@graph":[{"@type":"Article","@id":"https:\/\/enlatitud25.com\/news\/advierten-de-catastrofe-educativa-si-suspenden-proceso-de-transformacion\/#article","isPartOf":{"@id":"https:\/\/enlatitud25.com\/news\/advierten-de-catastrofe-educativa-si-suspenden-proceso-de-transformacion\/"},"author":{"name":"Latitud 25","@id":"https:\/\/enlatitud25.com\/news\/#\/schema\/person\/23aafe968917005a721b8eb760f2586e"},"headline":"Advierten de cat\u00e1strofe educativa si suspenden proceso de transformaci\u00f3n","datePublished":"2022-11-04T12:12:32+00:00","dateModified":"2022-11-04T14:34:19+00:00","mainEntityOfPage":{"@id":"https:\/\/enlatitud25.com\/news\/advierten-de-catastrofe-educativa-si-suspenden-proceso-de-transformacion\/"},"wordCount":1124,"publisher":{"@id":"https:\/\/enlatitud25.com\/news\/#organization"},"articleSection":["Salud"],"inLanguage":"es"},{"@type":"WebPage","@id":"https:\/\/enlatitud25.com\/news\/advierten-de-catastrofe-educativa-si-suspenden-proceso-de-transformacion\/","url":"https:\/\/enlatitud25.com\/news\/advierten-de-catastrofe-educativa-si-suspenden-proceso-de-transformacion\/","name":"Advierten de cat\u00e1strofe educativa si suspenden proceso de transformaci\u00f3n &ndash; Latitud25","isPartOf":{"@id":"https:\/\/enlatitud25.com\/news\/#website"},"datePublished":"2022-11-04T12:12:32+00:00","dateModified":"2022-11-04T14:34:19+00:00","description":"Mir\u00e1 nuestros reportajes audiovisuales y seguinos para enterarte de las \u00faltimas noticias de Paraguay y el mundo, desde la Latitud25. Somos Alternativa de Informaci\u00f3n.","breadcrumb":{"@id":"https:\/\/enlatitud25.com\/news\/advierten-de-catastrofe-educativa-si-suspenden-proceso-de-transformacion\/#breadcrumb"},"inLanguage":"es","potentialAction":[{"@type":"ReadAction","target":["https:\/\/enlatitud25.com\/news\/advierten-de-catastrofe-educativa-si-suspenden-proceso-de-transformacion\/"]}]},{"@type":"BreadcrumbList","@id":"https:\/\/enlatitud25.com\/news\/advierten-de-catastrofe-educativa-si-suspenden-proceso-de-transformacion\/#breadcrumb","itemListElement":[{"@type":"ListItem","position":1,"name":"Home","item":"https:\/\/enlatitud25.com\/news\/"},{"@type":"ListItem","position":2,"name":"Advierten de cat\u00e1strofe educativa si suspenden proceso de transformaci\u00f3n"}]},{"@type":"WebSite","@id":"https:\/\/enlatitud25.com\/news\/#website","url":"https:\/\/enlatitud25.com\/news\/","name":"Latitud25","description":"news","publisher":{"@id":"https:\/\/enlatitud25.com\/news\/#organization"},"potentialAction":[{"@type":"SearchAction","target":{"@type":"EntryPoint","urlTemplate":"https:\/\/enlatitud25.com\/news\/?s={search_term_string}"},"query-input":"required name=search_term_string"}],"inLanguage":"es"},{"@type":"Organization","@id":"https:\/\/enlatitud25.com\/news\/#organization","name":"Latitud 25 - News","url":"https:\/\/enlatitud25.com\/news\/","logo":{"@type":"ImageObject","inLanguage":"es","@id":"https:\/\/enlatitud25.com\/news\/#\/schema\/logo\/image\/","url":"https:\/\/enlatitud25.com\/news\/wp-content\/uploads\/2020\/11\/logo_latitud.png","contentUrl":"https:\/\/enlatitud25.com\/news\/wp-content\/uploads\/2020\/11\/logo_latitud.png","width":235,"height":39,"caption":"Latitud 25 - News"},"image":{"@id":"https:\/\/enlatitud25.com\/news\/#\/schema\/logo\/image\/"},"sameAs":["https:\/\/www.facebook.com\/EnLatitud25","https:\/\/twitter.com\/EnLatitud25","https:\/\/www.instagram.com\/enlatitud25\/","https:\/\/www.youtube.com\/user\/desdelatitud25"]},{"@type":"Person","@id":"https:\/\/enlatitud25.com\/news\/#\/schema\/person\/23aafe968917005a721b8eb760f2586e","name":"Latitud 25","sameAs":["https:\/\/enlatitud25.com\/news","https:\/\/www.facebook.com\/EnLatitud25","https:\/\/www.instagram.com\/enlatitud25","https:\/\/www.youtube.com\/user\/desdelatitud25","https:\/\/soundcloud.com\/enlatitud25"],"url":"https:\/\/enlatitud25.com\/news\/author\/nnews-uss00\/"}]}},"_links":{"self":[{"href":"https:\/\/enlatitud25.com\/news\/wp-json\/wp\/v2\/posts\/11305"}],"collection":[{"href":"https:\/\/enlatitud25.com\/news\/wp-json\/wp\/v2\/posts"}],"about":[{"href":"https:\/\/enlatitud25.com\/news\/wp-json\/wp\/v2\/types\/post"}],"author":[{"embeddable":true,"href":"https:\/\/enlatitud25.com\/news\/wp-json\/wp\/v2\/users\/1"}],"replies":[{"embeddable":true,"href":"https:\/\/enlatitud25.com\/news\/wp-json\/wp\/v2\/comments?post=11305"}],"version-history":[{"count":13,"href":"https:\/\/enlatitud25.com\/news\/wp-json\/wp\/v2\/posts\/11305\/revisions"}],"predecessor-version":[{"id":11392,"href":"https:\/\/enlatitud25.com\/news\/wp-json\/wp\/v2\/posts\/11305\/revisions\/11392"}],"wp:featuredmedia":[{"embeddable":true,"href":"https:\/\/enlatitud25.com\/news\/wp-json\/wp\/v2\/media\/11310"}],"wp:attachment":[{"href":"https:\/\/enlatitud25.com\/news\/wp-json\/wp\/v2\/media?parent=11305"}],"wp:term":[{"taxonomy":"category","embeddable":true,"href":"https:\/\/enlatitud25.com\/news\/wp-json\/wp\/v2\/categories?post=11305"},{"taxonomy":"post_tag","embeddable":true,"href":"https:\/\/enlatitud25.com\/news\/wp-json\/wp\/v2\/tags?post=11305"},{"taxonomy":"ubicacion","embeddable":true,"href":"https:\/\/enlatitud25.com\/news\/wp-json\/wp\/v2\/ubicacion?post=11305"}],"curies":[{"name":"wp","href":"https:\/\/api.w.org\/{rel}","templated":true}]}}