{"id":11220,"date":"2022-10-28T17:26:38","date_gmt":"2022-10-28T17:26:38","guid":{"rendered":"https:\/\/enlatitud25.com\/news\/?p=11220"},"modified":"2022-10-28T17:34:41","modified_gmt":"2022-10-28T17:34:41","slug":"hablemos-sobre-los-tabues-y-verdades-que-rodean-a-la-menstruacion","status":"publish","type":"post","link":"https:\/\/enlatitud25.com\/news\/hablemos-sobre-los-tabues-y-verdades-que-rodean-a-la-menstruacion\/","title":{"rendered":"Hablemos sobre los tab\u00faes y verdades que rodean a la menstruaci\u00f3n"},"content":{"rendered":"\n<p>La menstruaci\u00f3n es un proceso natural, en el cual se desprende sangre del \u00fatero y tejido a trav\u00e9s de la vagina. Esto forma parte de un ciclo de cambios biol\u00f3gicos, pero sobre todo, es un signo infalible de salud en una mujer, durante su etapa reproductiva. <\/p>\n\n\n\n<p>Sin embargo, hasta la actualidad aun existen mujeres que temen hablar al respecto. Se busca de alguna manera ocultar, aunque ocurra cada mes, y a la vez se invisibilizan varias realidades que hacen al desarrollo natural de ni\u00f1as, adolescentes y mujeres j\u00f3venes. <\/p>\n\n\n\n<p>Complejos, inseguridades, baja autoestima, tab\u00faes, son algunos de los efectos que genera no hablar de aspectos biol\u00f3gicos como este. Seg\u00fan la Organizaci\u00f3n Mundial de la Salud es un problema de salud y de derechos humanos. En muchos lugares del mundo, la menstruaci\u00f3n sigue siendo motivo de verg\u00fcenza y estigmas en las mujeres. <\/p>\n\n\n\n<p>En Paraguay, hist\u00f3ricamente ha existido una resistencia cultural entre padres y sus hijas a hablar sobre lo que implica la primera menstruaci\u00f3n, una conversaci\u00f3n que si bien no se ten\u00eda en la familia, se daba de manera superficial o incompleta en las escuelas.<\/p>\n\n\n\n<p>Al respecto, convers\u00f3 con Latitud25, <strong>Fanny Corrales<\/strong>, g\u00edneco-obstetra del Centro M\u00e9dico de la Mujer, presidenta  de la Asociaci\u00f3n Latinoamericana de Obstetricia y Ginecolog\u00eda Infanto Juvenil. <\/p>\n\n\n\n<p>La misma resalt\u00f3 que la menstruaci\u00f3n lo que le dice a la ni\u00f1a, adolescente o mujer es que sus hormonas est\u00e1n funcionando apropiadamente, lejos de cualquier estigma relacionado al sangrado.<\/p>\n\n\n\n<p><\/p>\n\n\n\n<figure class=\"wp-block-image size-full\"><img decoding=\"async\" loading=\"lazy\" width=\"800\" height=\"500\" src=\"https:\/\/enlatitud25.com\/news\/wp-content\/uploads\/2022\/10\/foto4_Tabu\u0301es_menstruacio\u0301n.jpg\" alt=\"\" class=\"wp-image-11259\" srcset=\"https:\/\/enlatitud25.com\/news\/wp-content\/uploads\/2022\/10\/foto4_Tabu\u0301es_menstruacio\u0301n.jpg 800w, https:\/\/enlatitud25.com\/news\/wp-content\/uploads\/2022\/10\/foto4_Tabu\u0301es_menstruacio\u0301n-300x188.jpg 300w, https:\/\/enlatitud25.com\/news\/wp-content\/uploads\/2022\/10\/foto4_Tabu\u0301es_menstruacio\u0301n-768x480.jpg 768w, https:\/\/enlatitud25.com\/news\/wp-content\/uploads\/2022\/10\/foto4_Tabu\u0301es_menstruacio\u0301n-380x238.jpg 380w\" sizes=\"(max-width: 800px) 100vw, 800px\" \/><\/figure>\n\n\n\n<h4 id=\"el-problema-de-minimizar-y-normalizar-sintomas\" class=\"wp-block-heading\">El problema de minimizar y normalizar s\u00edntomas<\/h4>\n\n\n\n<p>Seg\u00fan la especialista, ahora ya hay m\u00e1s ni\u00f1as y adolescentes informadas respecto a van a tener la menstruaci\u00f3n. Lo que todav\u00eda falta entender en cuanto a esto, es esa l\u00ednea entre lo normal y lo anormal, indic\u00f3, debido a que muchas veces te dicen: &#8220;eso as\u00ed nom\u00e1s luego es&#8221;, cuando no es as\u00ed. <\/p>\n\n\n\n<p>&#8220;Por ejemplo, cada cu\u00e1nto puede durar tu ciclo: no puede ser muy corto, no te puede bajar cada 15 o 20 d\u00edas, no puede se tan largo, es decir, dejar de bajarte durante tres meses. Muchas veces normalizamos y decimos que es una etapa de desarrollo y que m\u00e1s adelante se va a normalizar&#8221;, ejemplific\u00f3 respecto a lo prolongado que puede ser el sangrado. <\/p>\n\n\n\n<p>Dijo adem\u00e1s que el dolor hasta cierto punto es normal. Sin embargo, ante la existencia de un dolor severo que impide hacer actividades normales, ya habr\u00eda que consultar con un especialista.<\/p>\n\n\n\n<h4 id=\"cuando-es-necesario-hablar-de-esto\" class=\"wp-block-heading\">\u00bfCu\u00e1ndo es necesario hablar de esto?<\/h4>\n\n\n\n<p>Fanny Corrales resalta que la edad ideal es cuando empieza a desarrollarse la pubertad. &#8220;Hay algunos procesos que se van a dar antes de la menstruaci\u00f3n, por ejemplo, el famoso tir\u00f3n. En las ni\u00f1as aparece el bot\u00f3n mamario y despu\u00e9s de eso se va a dar la menstruaci\u00f3n&#8221;, se\u00f1al\u00f3.<\/p>\n\n\n\n<p>Agreg\u00f3 que cuando los padres o tutores ven que existe un desarrollo puberal, tiene que empezar a explicarle cu\u00e1les son los cambios que va a recibir esa ni\u00f1a o adolescente, para no crear ansiedad. Porque, asever\u00f3 que, los cambios f\u00edsicos que uno nota en su cuerpo puede generar rechazo, ansiedad no aceptaci\u00f3n de su cuerpo, entonces es bueno ir cont\u00e1ndoles qu\u00e9 va a pasar.<\/p>\n\n\n\n<figure class=\"wp-block-image size-full\"><img decoding=\"async\" loading=\"lazy\" width=\"800\" height=\"500\" src=\"https:\/\/enlatitud25.com\/news\/wp-content\/uploads\/2022\/10\/foto1_Tabu\u0301es_menstruacio\u0301n.jpg\" alt=\"\" class=\"wp-image-11229\" srcset=\"https:\/\/enlatitud25.com\/news\/wp-content\/uploads\/2022\/10\/foto1_Tabu\u0301es_menstruacio\u0301n.jpg 800w, https:\/\/enlatitud25.com\/news\/wp-content\/uploads\/2022\/10\/foto1_Tabu\u0301es_menstruacio\u0301n-300x188.jpg 300w, https:\/\/enlatitud25.com\/news\/wp-content\/uploads\/2022\/10\/foto1_Tabu\u0301es_menstruacio\u0301n-768x480.jpg 768w, https:\/\/enlatitud25.com\/news\/wp-content\/uploads\/2022\/10\/foto1_Tabu\u0301es_menstruacio\u0301n-380x238.jpg 380w\" sizes=\"(max-width: 800px) 100vw, 800px\" \/><\/figure>\n\n\n\n<h4 id=\"tabues-versus-realidades-de-la-menstruacion\" class=\"wp-block-heading\">Tab\u00faes versus realidades de la menstruaci\u00f3n<\/h4>\n\n\n\n<p>&#8211;<strong>Lavarse la cabeza o ba\u00f1arse. <\/strong>Una de las dudas principales consisten en<strong> qu\u00e9 se puede hacer cuando una est\u00e1 menstruando<\/strong>, en base a ideas como que supuestamente una no puede hacer ejercicios o lavarse la cabeza. La respuesta de la especialista es: &#8220;todo lo que normalmente hago cuando no estoy menstruando, lo tengo que poder hacer durante la menstruaci\u00f3n&#8221;.<\/p>\n\n\n\n<p>Esto engloba la posibilidad de higienizarse, ba\u00f1arse, lavarse la cabeza, hacer ejercicio. &#8220;Todo tiene que ser de forma regular, si hay impedimentos, o dolores extremos, algo est\u00e1 mal&#8221;, explic\u00f3.<\/p>\n\n\n\n<p><strong>Usar agua tibia o pa\u00f1os tibios. <\/strong>La g\u00edneco-obstetra explic\u00f3 que esto efectivamente ayuda a sentir mejoras. Fisiol\u00f3gicamente est\u00e1 comprobado que durante la menstruaci\u00f3n hay un proceso inflamatorio en el cuerpo de una mujer. Por eso el ba\u00f1o con agua tibia relaja, ponerse una bolsita con agua caliente o un pa\u00f1o tambi\u00e9n, porque eso disminuye un poco la liberaci\u00f3n de sustancias liberatorias. <\/p>\n\n\n\n<p>&#8220;Si es muy severo el dolor y con esas medidas no va a funcionar, se busca otro tipo de tratamientos&#8221;, puntualiz\u00f3.    <\/p>\n\n\n\n<figure class=\"wp-block-image size-full\"><img decoding=\"async\" loading=\"lazy\" width=\"800\" height=\"500\" src=\"https:\/\/enlatitud25.com\/news\/wp-content\/uploads\/2022\/10\/foto2_Tabu\u0301es_menstruacio\u0301n.jpg\" alt=\"\" class=\"wp-image-11228\" srcset=\"https:\/\/enlatitud25.com\/news\/wp-content\/uploads\/2022\/10\/foto2_Tabu\u0301es_menstruacio\u0301n.jpg 800w, https:\/\/enlatitud25.com\/news\/wp-content\/uploads\/2022\/10\/foto2_Tabu\u0301es_menstruacio\u0301n-300x188.jpg 300w, https:\/\/enlatitud25.com\/news\/wp-content\/uploads\/2022\/10\/foto2_Tabu\u0301es_menstruacio\u0301n-768x480.jpg 768w, https:\/\/enlatitud25.com\/news\/wp-content\/uploads\/2022\/10\/foto2_Tabu\u0301es_menstruacio\u0301n-380x238.jpg 380w\" sizes=\"(max-width: 800px) 100vw, 800px\" \/><\/figure>\n\n\n\n<p><strong>La existencia del s\u00edndrome premenstrual<\/strong>.  &#8220;Previo a la menstruaci\u00f3n las mujeres tenemos un s\u00edndrome pre menstrual&#8221;, coment\u00f3. Algunos de los s\u00edntomas f\u00edsicos son hinchaz\u00f3n, dolor de cabeza, de mamas e irritabilidad. Eso todav\u00eda se considera normal. <\/p>\n\n\n\n<p>No obstante, cuando hay s\u00edntomas m\u00e1s fuertes o cuadros depresivos intensos, previo a la menstruaci\u00f3n, eso se llama disforia.<\/p>\n\n\n\n<h4 id=\"diferencias-entre-el-sindrome-premenstrual-y-el-trastorno-de-disforia-premenstrual\" class=\"wp-block-heading\">Diferencias entre el s\u00edndrome premenstrual y el trastorno de disforia premenstrual<\/h4>\n\n\n\n<p>S\u00edndrome Premenstrual (SPM) es un patr\u00f3n de s\u00edntomas, que se da en los 10 d\u00edas previos al inicio del periodo menstrual y desaparece cuando empieza el sangrado. En ese contexto, se presentan hipersensibilidad mamaria, distensi\u00f3n abdominal, retenci\u00f3n de agua, adem\u00e1s de leves variaciones del estado de \u00e1nimo.<\/p>\n\n\n\n<p>Sin embargo, estos s\u00edntomas afectan de manera leve las actividades cotidianas de la persona que lo sufre, seg\u00fan estudios de varias universidades. <\/p>\n\n\n\n<p>Por su parte, el Trastorno Disf\u00f3rico Premenstrual (TDPM) es una exacerbaci\u00f3n del s\u00edndrome premenstrual, pero con complicaciones m\u00e1s severas, ya que puede alterar totalmente el estado an\u00edmico de la mujer. &#8220;Puede afectar a la vida diaria y las relaciones&#8221;, explic\u00f3 la ginec\u00f3loga Maybell Stewart a Latitud25.<\/p>\n\n\n\n<p>El diagn\u00f3stico de TDPM requiere que la sintomatolog\u00eda sea persistente y recurrente a lo largo de evaluaciones reiteradas, seg\u00fan la revista &#8220;Fundamentos en Humanidades&#8221; de la Universidad Nacional de San Luis \u2013 Argentina.<\/p>\n\n\n\n<figure class=\"wp-block-image size-full\"><img decoding=\"async\" loading=\"lazy\" width=\"800\" height=\"500\" src=\"https:\/\/enlatitud25.com\/news\/wp-content\/uploads\/2022\/10\/foto5_Tabu\u0301es_menstruacio\u0301n.jpg\" alt=\"\" class=\"wp-image-11260\" srcset=\"https:\/\/enlatitud25.com\/news\/wp-content\/uploads\/2022\/10\/foto5_Tabu\u0301es_menstruacio\u0301n.jpg 800w, https:\/\/enlatitud25.com\/news\/wp-content\/uploads\/2022\/10\/foto5_Tabu\u0301es_menstruacio\u0301n-300x188.jpg 300w, https:\/\/enlatitud25.com\/news\/wp-content\/uploads\/2022\/10\/foto5_Tabu\u0301es_menstruacio\u0301n-768x480.jpg 768w, https:\/\/enlatitud25.com\/news\/wp-content\/uploads\/2022\/10\/foto5_Tabu\u0301es_menstruacio\u0301n-380x238.jpg 380w\" sizes=\"(max-width: 800px) 100vw, 800px\" \/><\/figure>\n\n\n\n<p>Stewart resalt\u00f3 que lo m\u00e1s llamativo de este s\u00edndrome es la tristeza, la ansiedad, el mal humor considerable y la irritabilidad o ira. Agreg\u00f3 que cuando se tiene un diagn\u00f3stico, lo que se debe hacer es un tratamiento de acuerdo a los s\u00edntomas.<\/p>\n\n\n\n<p>Algunos de ellos se tratan con antidepresivos, anticonceptivos, suplementos nutricionales como calcio, vitamina B, magnesio. Adem\u00e1s de aplicar una dieta saludable y realizar actividad f\u00edsica diaria. Pero antes de hacer un tratamiento es importante reconocer los s\u00edntomas y buscar un diagn\u00f3stico.<\/p>\n\n\n\n<h4 id=\"elementos-de-higiene-a-las-mujeres\" class=\"wp-block-heading\">Elementos de higiene a las mujeres<\/h4>\n\n\n\n<p>Fanny Corrales reconoci\u00f3 que algo que no se visibiliza a nivel socioecon\u00f3mico, es el impacto de la menstruaci\u00f3n en una ni\u00f1a que depende de sus padres econ\u00f3micamente para comprar toallitas u otros art\u00edculos de higiene. <\/p>\n\n\n\n<p>La falta de acceso a productos como toallitas, tampones o copas menstruales tambi\u00e9n constituyen un problema social. <\/p>\n\n\n\n<p>&#8220;Muchas veces por no tener esos elementos, si son ni\u00f1as, no van al colegio y, mujeres que no van al trabajo. Es mucho el gasto mensual y anual en una mujer. Lo ideal es que las mujeres tengan acceso a estos art\u00edculos, puedan cambiarse con frecuencia, higienizarse y contar con espacios p\u00fablicos limpios para higienizarse&#8221;, enfatiz\u00f3. <\/p>\n\n\n\n<p><\/p>\n\n\n\n<figure class=\"wp-block-image size-full\"><img decoding=\"async\" loading=\"lazy\" width=\"800\" height=\"500\" src=\"https:\/\/enlatitud25.com\/news\/wp-content\/uploads\/2022\/10\/foto3_Tabu\u0301es_menstruacio\u0301n.jpg\" alt=\"\" class=\"wp-image-11230\" srcset=\"https:\/\/enlatitud25.com\/news\/wp-content\/uploads\/2022\/10\/foto3_Tabu\u0301es_menstruacio\u0301n.jpg 800w, https:\/\/enlatitud25.com\/news\/wp-content\/uploads\/2022\/10\/foto3_Tabu\u0301es_menstruacio\u0301n-300x188.jpg 300w, https:\/\/enlatitud25.com\/news\/wp-content\/uploads\/2022\/10\/foto3_Tabu\u0301es_menstruacio\u0301n-768x480.jpg 768w, https:\/\/enlatitud25.com\/news\/wp-content\/uploads\/2022\/10\/foto3_Tabu\u0301es_menstruacio\u0301n-380x238.jpg 380w\" sizes=\"(max-width: 800px) 100vw, 800px\" \/><\/figure>\n\n\n\n<p>Finalmente, Corrales aplaudi\u00f3 el proyecto de ley, que ya fue sancionado en el Congreso paraguayo y que aguarda la promulgaci\u00f3n del Ejecutivo, de proveer de manera gratuita art\u00edculos de higiene para la menstruaci\u00f3n en lugares p\u00fablicos, como instituciones educativas.<\/p>\n\n\n\n<p>En ese punto, el Fondo de Poblaci\u00f3n de las Naciones Unidas resalta que para millones de personas, la m\u00e1s natural de las funciones del ciclo reproductivo, es decir, la menstruaci\u00f3n, se considera un indicador cultural de que esa ni\u00f1a ya es una mujer en condiciones de contraer matrimonio y ser madre, aunque en realidad, siga siendo una ni\u00f1a. <\/p>\n\n\n\n<p>Tambi\u00e9n habla del estigma y oportunidades perdidas, como abandonar la escuela debido al dolor, malestar y la falta de productos de higiene personal. Otro aspecto que aborda, es la p\u00e9rdida de dignidad que se traduce en la falta de suministros e instalaciones sanitarias en entornos humanitarios, donde incluso lo b\u00e1sico, como el jab\u00f3n y el agua, son escasos o simplemente no est\u00e1n disponibles.<\/p>\n\n\n\n<blockquote class=\"instagram-media\" data-instgrm-permalink=\"https:\/\/www.instagram.com\/p\/CbatVtqO2Qq\/?utm_source=ig_embed&amp;utm_campaign=loading\" data-instgrm-version=\"14\" style=\" background:#FFF; border:0; border-radius:3px; box-shadow:0 0 1px 0 rgba(0,0,0,0.5),0 1px 10px 0 rgba(0,0,0,0.15); margin: 1px; max-width:540px; min-width:326px; padding:0; width:99.375%; width:-webkit-calc(100% - 2px); width:calc(100% - 2px);\"><div style=\"padding:16px;\"> <a href=\"https:\/\/www.instagram.com\/p\/CbatVtqO2Qq\/?utm_source=ig_embed&amp;utm_campaign=loading\" style=\" background:#FFFFFF; line-height:0; padding:0 0; text-align:center; text-decoration:none; width:100%;\" target=\"_blank\" rel=\"noopener\"> <div style=\" display: flex; flex-direction: row; align-items: center;\"> <div style=\"background-color: #F4F4F4; border-radius: 50%; flex-grow: 0; height: 40px; margin-right: 14px; width: 40px;\"><\/div> <div style=\"display: flex; flex-direction: column; flex-grow: 1; justify-content: center;\"> <div style=\" background-color: #F4F4F4; border-radius: 4px; flex-grow: 0; height: 14px; margin-bottom: 6px; width: 100px;\"><\/div> <div style=\" background-color: #F4F4F4; border-radius: 4px; flex-grow: 0; height: 14px; width: 60px;\"><\/div><\/div><\/div><div style=\"padding: 19% 0;\"><\/div> <div style=\"display:block; height:50px; margin:0 auto 12px; width:50px;\"><svg width=\"50px\" height=\"50px\" viewBox=\"0 0 60 60\" version=\"1.1\" xmlns=\"https:\/\/www.w3.org\/2000\/svg\" xmlns:xlink=\"https:\/\/www.w3.org\/1999\/xlink\"><g stroke=\"none\" stroke-width=\"1\" fill=\"none\" fill-rule=\"evenodd\"><g transform=\"translate(-511.000000, -20.000000)\" fill=\"#000000\"><g><path d=\"M556.869,30.41 C554.814,30.41 553.148,32.076 553.148,34.131 C553.148,36.186 554.814,37.852 556.869,37.852 C558.924,37.852 560.59,36.186 560.59,34.131 C560.59,32.076 558.924,30.41 556.869,30.41 M541,60.657 C535.114,60.657 530.342,55.887 530.342,50 C530.342,44.114 535.114,39.342 541,39.342 C546.887,39.342 551.658,44.114 551.658,50 C551.658,55.887 546.887,60.657 541,60.657 M541,33.886 C532.1,33.886 524.886,41.1 524.886,50 C524.886,58.899 532.1,66.113 541,66.113 C549.9,66.113 557.115,58.899 557.115,50 C557.115,41.1 549.9,33.886 541,33.886 M565.378,62.101 C565.244,65.022 564.756,66.606 564.346,67.663 C563.803,69.06 563.154,70.057 562.106,71.106 C561.058,72.155 560.06,72.803 558.662,73.347 C557.607,73.757 556.021,74.244 553.102,74.378 C549.944,74.521 548.997,74.552 541,74.552 C533.003,74.552 532.056,74.521 528.898,74.378 C525.979,74.244 524.393,73.757 523.338,73.347 C521.94,72.803 520.942,72.155 519.894,71.106 C518.846,70.057 518.197,69.06 517.654,67.663 C517.244,66.606 516.755,65.022 516.623,62.101 C516.479,58.943 516.448,57.996 516.448,50 C516.448,42.003 516.479,41.056 516.623,37.899 C516.755,34.978 517.244,33.391 517.654,32.338 C518.197,30.938 518.846,29.942 519.894,28.894 C520.942,27.846 521.94,27.196 523.338,26.654 C524.393,26.244 525.979,25.756 528.898,25.623 C532.057,25.479 533.004,25.448 541,25.448 C548.997,25.448 549.943,25.479 553.102,25.623 C556.021,25.756 557.607,26.244 558.662,26.654 C560.06,27.196 561.058,27.846 562.106,28.894 C563.154,29.942 563.803,30.938 564.346,32.338 C564.756,33.391 565.244,34.978 565.378,37.899 C565.522,41.056 565.552,42.003 565.552,50 C565.552,57.996 565.522,58.943 565.378,62.101 M570.82,37.631 C570.674,34.438 570.167,32.258 569.425,30.349 C568.659,28.377 567.633,26.702 565.965,25.035 C564.297,23.368 562.623,22.342 560.652,21.575 C558.743,20.834 556.562,20.326 553.369,20.18 C550.169,20.033 549.148,20 541,20 C532.853,20 531.831,20.033 528.631,20.18 C525.438,20.326 523.257,20.834 521.349,21.575 C519.376,22.342 517.703,23.368 516.035,25.035 C514.368,26.702 513.342,28.377 512.574,30.349 C511.834,32.258 511.326,34.438 511.181,37.631 C511.035,40.831 511,41.851 511,50 C511,58.147 511.035,59.17 511.181,62.369 C511.326,65.562 511.834,67.743 512.574,69.651 C513.342,71.625 514.368,73.296 516.035,74.965 C517.703,76.634 519.376,77.658 521.349,78.425 C523.257,79.167 525.438,79.673 528.631,79.82 C531.831,79.965 532.853,80.001 541,80.001 C549.148,80.001 550.169,79.965 553.369,79.82 C556.562,79.673 558.743,79.167 560.652,78.425 C562.623,77.658 564.297,76.634 565.965,74.965 C567.633,73.296 568.659,71.625 569.425,69.651 C570.167,67.743 570.674,65.562 570.82,62.369 C570.966,59.17 571,58.147 571,50 C571,41.851 570.966,40.831 570.82,37.631\"><\/path><\/g><\/g><\/g><\/svg><\/div><div style=\"padding-top: 8px;\"> <div style=\" color:#3897f0; font-family:Arial,sans-serif; font-size:14px; font-style:normal; font-weight:550; line-height:18px;\">Ver esta publicaci\u00f3n en Instagram<\/div><\/div><div style=\"padding: 12.5% 0;\"><\/div> <div style=\"display: flex; flex-direction: row; margin-bottom: 14px; align-items: center;\"><div> <div style=\"background-color: #F4F4F4; border-radius: 50%; height: 12.5px; width: 12.5px; transform: translateX(0px) translateY(7px);\"><\/div> <div style=\"background-color: #F4F4F4; height: 12.5px; transform: rotate(-45deg) translateX(3px) translateY(1px); width: 12.5px; flex-grow: 0; margin-right: 14px; margin-left: 2px;\"><\/div> <div style=\"background-color: #F4F4F4; border-radius: 50%; height: 12.5px; width: 12.5px; transform: translateX(9px) translateY(-18px);\"><\/div><\/div><div style=\"margin-left: 8px;\"> <div style=\" background-color: #F4F4F4; border-radius: 50%; flex-grow: 0; height: 20px; width: 20px;\"><\/div> <div style=\" width: 0; height: 0; border-top: 2px solid transparent; border-left: 6px solid #f4f4f4; border-bottom: 2px solid transparent; transform: translateX(16px) translateY(-4px) rotate(30deg)\"><\/div><\/div><div style=\"margin-left: auto;\"> <div style=\" width: 0px; border-top: 8px solid #F4F4F4; border-right: 8px solid transparent; transform: translateY(16px);\"><\/div> <div style=\" background-color: #F4F4F4; flex-grow: 0; height: 12px; width: 16px; transform: translateY(-4px);\"><\/div> <div style=\" width: 0; height: 0; border-top: 8px solid #F4F4F4; border-left: 8px solid transparent; transform: translateY(-4px) translateX(8px);\"><\/div><\/div><\/div> <div style=\"display: flex; flex-direction: column; flex-grow: 1; justify-content: center; margin-bottom: 24px;\"> <div style=\" background-color: #F4F4F4; border-radius: 4px; flex-grow: 0; height: 14px; margin-bottom: 6px; width: 224px;\"><\/div> <div style=\" background-color: #F4F4F4; border-radius: 4px; flex-grow: 0; height: 14px; width: 144px;\"><\/div><\/div><\/a><p style=\" color:#c9c8cd; font-family:Arial,sans-serif; font-size:14px; line-height:17px; margin-bottom:0; margin-top:8px; overflow:hidden; padding:8px 0 7px; text-align:center; text-overflow:ellipsis; white-space:nowrap;\"><a href=\"https:\/\/www.instagram.com\/p\/CbatVtqO2Qq\/?utm_source=ig_embed&amp;utm_campaign=loading\" style=\" color:#c9c8cd; font-family:Arial,sans-serif; font-size:14px; font-style:normal; font-weight:normal; line-height:17px; text-decoration:none;\" target=\"_blank\" rel=\"noopener\">Una publicaci\u00f3n compartida por LATITUD 25 (@enlatitud25)<\/a><\/p><\/div><\/blockquote> <script async=\"\" src=\"\/\/www.instagram.com\/embed.js\"><\/script>\n\n\n\n<p><\/p>\n\n\n\n<p><\/p>\n","protected":false},"excerpt":{"rendered":"En pleno siglo XXI, la menstruaci\u00f3n y otros aspectos de la salud sexual y reproductiva, siguen siendo tab\u00faes sociales. La demostraci\u00f3n m\u00e1s inmediata es que aun se buscan denominaciones alternativas como &#8220;estar enferma&#8221;, periodo o &#8220;Andr\u00e9s&#8221; para referirnos a ella con pudor. \u00bfC\u00f3mo informar a una adolescente sobre esta experiencia? \u00bfCu\u00e1les son los l\u00edmites saludables? Surgen muchas interrogantes, y algunas de ellas las respondemos ac\u00e1. \n","protected":false},"author":1,"featured_media":11231,"comment_status":"closed","ping_status":"closed","sticky":false,"template":"","format":"standard","meta":[],"categories":[20],"tags":[165,705,91,1253,1158],"ubicacion":[17],"yoast_head":"<!-- This site is optimized with the Yoast SEO plugin v20.8 - https:\/\/yoast.com\/wordpress\/plugins\/seo\/ -->\n<title>Hablemos sobre los tab\u00faes y verdades que rodean a la menstruaci\u00f3n &ndash; Latitud25<\/title>\n<meta name=\"description\" content=\"Mir\u00e1 nuestros reportajes audiovisuales y seguinos para enterarte de las \u00faltimas noticias de Paraguay y el mundo, desde la Latitud25. Somos Alternativa de Informaci\u00f3n.\" \/>\n<meta name=\"robots\" content=\"index, follow, max-snippet:-1, max-image-preview:large, max-video-preview:-1\" \/>\n<link rel=\"canonical\" href=\"https:\/\/enlatitud25.com\/news\/hablemos-sobre-los-tabues-y-verdades-que-rodean-a-la-menstruacion\/\" \/>\n<meta property=\"og:locale\" content=\"es_ES\" \/>\n<meta property=\"og:type\" content=\"article\" \/>\n<meta property=\"og:title\" content=\"Hablemos sobre los tab\u00faes y verdades que rodean a la menstruaci\u00f3n &ndash; Latitud25\" \/>\n<meta property=\"og:description\" content=\"Mir\u00e1 nuestros reportajes audiovisuales y seguinos para enterarte de las \u00faltimas noticias de Paraguay y el mundo, desde la Latitud25. Somos Alternativa de Informaci\u00f3n.\" \/>\n<meta property=\"og:url\" content=\"https:\/\/enlatitud25.com\/news\/hablemos-sobre-los-tabues-y-verdades-que-rodean-a-la-menstruacion\/\" \/>\n<meta property=\"og:site_name\" content=\"Latitud25\" \/>\n<meta property=\"article:publisher\" content=\"https:\/\/www.facebook.com\/EnLatitud25\" \/>\n<meta property=\"article:author\" content=\"https:\/\/www.facebook.com\/EnLatitud25\" \/>\n<meta property=\"article:published_time\" content=\"2022-10-28T17:26:38+00:00\" \/>\n<meta property=\"article:modified_time\" content=\"2022-10-28T17:34:41+00:00\" \/>\n<meta property=\"og:image\" content=\"https:\/\/enlatitud25.com\/news\/wp-content\/uploads\/2022\/10\/portada_Tabu\u0301es_menstruacio\u0301n.jpg\" \/>\n\t<meta property=\"og:image:width\" content=\"800\" \/>\n\t<meta property=\"og:image:height\" content=\"500\" \/>\n\t<meta property=\"og:image:type\" content=\"image\/jpeg\" \/>\n<meta name=\"author\" content=\"Latitud 25\" \/>\n<meta name=\"twitter:card\" content=\"summary_large_image\" \/>\n<meta name=\"twitter:creator\" content=\"@EnLatitud25\" \/>\n<meta name=\"twitter:site\" content=\"@EnLatitud25\" \/>\n<meta name=\"twitter:label1\" content=\"Escrito por\" \/>\n\t<meta name=\"twitter:data1\" content=\"Latitud 25\" \/>\n\t<meta name=\"twitter:label2\" content=\"Tiempo de lectura\" \/>\n\t<meta name=\"twitter:data2\" content=\"7 minutos\" \/>\n<script type=\"application\/ld+json\" class=\"yoast-schema-graph\">{\"@context\":\"https:\/\/schema.org\",\"@graph\":[{\"@type\":\"Article\",\"@id\":\"https:\/\/enlatitud25.com\/news\/hablemos-sobre-los-tabues-y-verdades-que-rodean-a-la-menstruacion\/#article\",\"isPartOf\":{\"@id\":\"https:\/\/enlatitud25.com\/news\/hablemos-sobre-los-tabues-y-verdades-que-rodean-a-la-menstruacion\/\"},\"author\":{\"name\":\"Latitud 25\",\"@id\":\"https:\/\/enlatitud25.com\/news\/#\/schema\/person\/23aafe968917005a721b8eb760f2586e\"},\"headline\":\"Hablemos sobre los tab\u00faes y verdades que rodean a la menstruaci\u00f3n\",\"datePublished\":\"2022-10-28T17:26:38+00:00\",\"dateModified\":\"2022-10-28T17:34:41+00:00\",\"mainEntityOfPage\":{\"@id\":\"https:\/\/enlatitud25.com\/news\/hablemos-sobre-los-tabues-y-verdades-que-rodean-a-la-menstruacion\/\"},\"wordCount\":1403,\"publisher\":{\"@id\":\"https:\/\/enlatitud25.com\/news\/#organization\"},\"keywords\":[\"Informaci\u00f3n\",\"menstruaci\u00f3n\",\"mujer\",\"realidades\",\"tab\u00faes\"],\"articleSection\":[\"Salud\"],\"inLanguage\":\"es\"},{\"@type\":\"WebPage\",\"@id\":\"https:\/\/enlatitud25.com\/news\/hablemos-sobre-los-tabues-y-verdades-que-rodean-a-la-menstruacion\/\",\"url\":\"https:\/\/enlatitud25.com\/news\/hablemos-sobre-los-tabues-y-verdades-que-rodean-a-la-menstruacion\/\",\"name\":\"Hablemos sobre los tab\u00faes y verdades que rodean a la menstruaci\u00f3n &ndash; Latitud25\",\"isPartOf\":{\"@id\":\"https:\/\/enlatitud25.com\/news\/#website\"},\"datePublished\":\"2022-10-28T17:26:38+00:00\",\"dateModified\":\"2022-10-28T17:34:41+00:00\",\"description\":\"Mir\u00e1 nuestros reportajes audiovisuales y seguinos para enterarte de las \u00faltimas noticias de Paraguay y el mundo, desde la Latitud25. Somos Alternativa de Informaci\u00f3n.\",\"breadcrumb\":{\"@id\":\"https:\/\/enlatitud25.com\/news\/hablemos-sobre-los-tabues-y-verdades-que-rodean-a-la-menstruacion\/#breadcrumb\"},\"inLanguage\":\"es\",\"potentialAction\":[{\"@type\":\"ReadAction\",\"target\":[\"https:\/\/enlatitud25.com\/news\/hablemos-sobre-los-tabues-y-verdades-que-rodean-a-la-menstruacion\/\"]}]},{\"@type\":\"BreadcrumbList\",\"@id\":\"https:\/\/enlatitud25.com\/news\/hablemos-sobre-los-tabues-y-verdades-que-rodean-a-la-menstruacion\/#breadcrumb\",\"itemListElement\":[{\"@type\":\"ListItem\",\"position\":1,\"name\":\"Home\",\"item\":\"https:\/\/enlatitud25.com\/news\/\"},{\"@type\":\"ListItem\",\"position\":2,\"name\":\"Hablemos sobre los tab\u00faes y verdades que rodean a la menstruaci\u00f3n\"}]},{\"@type\":\"WebSite\",\"@id\":\"https:\/\/enlatitud25.com\/news\/#website\",\"url\":\"https:\/\/enlatitud25.com\/news\/\",\"name\":\"Latitud25\",\"description\":\"news\",\"publisher\":{\"@id\":\"https:\/\/enlatitud25.com\/news\/#organization\"},\"potentialAction\":[{\"@type\":\"SearchAction\",\"target\":{\"@type\":\"EntryPoint\",\"urlTemplate\":\"https:\/\/enlatitud25.com\/news\/?s={search_term_string}\"},\"query-input\":\"required name=search_term_string\"}],\"inLanguage\":\"es\"},{\"@type\":\"Organization\",\"@id\":\"https:\/\/enlatitud25.com\/news\/#organization\",\"name\":\"Latitud 25 - News\",\"url\":\"https:\/\/enlatitud25.com\/news\/\",\"logo\":{\"@type\":\"ImageObject\",\"inLanguage\":\"es\",\"@id\":\"https:\/\/enlatitud25.com\/news\/#\/schema\/logo\/image\/\",\"url\":\"https:\/\/enlatitud25.com\/news\/wp-content\/uploads\/2020\/11\/logo_latitud.png\",\"contentUrl\":\"https:\/\/enlatitud25.com\/news\/wp-content\/uploads\/2020\/11\/logo_latitud.png\",\"width\":235,\"height\":39,\"caption\":\"Latitud 25 - News\"},\"image\":{\"@id\":\"https:\/\/enlatitud25.com\/news\/#\/schema\/logo\/image\/\"},\"sameAs\":[\"https:\/\/www.facebook.com\/EnLatitud25\",\"https:\/\/twitter.com\/EnLatitud25\",\"https:\/\/www.instagram.com\/enlatitud25\/\",\"https:\/\/www.youtube.com\/user\/desdelatitud25\"]},{\"@type\":\"Person\",\"@id\":\"https:\/\/enlatitud25.com\/news\/#\/schema\/person\/23aafe968917005a721b8eb760f2586e\",\"name\":\"Latitud 25\",\"sameAs\":[\"https:\/\/enlatitud25.com\/news\",\"https:\/\/www.facebook.com\/EnLatitud25\",\"https:\/\/www.instagram.com\/enlatitud25\",\"https:\/\/www.youtube.com\/user\/desdelatitud25\",\"https:\/\/soundcloud.com\/enlatitud25\"],\"url\":\"https:\/\/enlatitud25.com\/news\/author\/nnews-uss00\/\"}]}<\/script>\n<!-- \/ Yoast SEO plugin. -->","yoast_head_json":{"title":"Hablemos sobre los tab\u00faes y verdades que rodean a la menstruaci\u00f3n &ndash; Latitud25","description":"Mir\u00e1 nuestros reportajes audiovisuales y seguinos para enterarte de las \u00faltimas noticias de Paraguay y el mundo, desde la Latitud25. Somos Alternativa de Informaci\u00f3n.","robots":{"index":"index","follow":"follow","max-snippet":"max-snippet:-1","max-image-preview":"max-image-preview:large","max-video-preview":"max-video-preview:-1"},"canonical":"https:\/\/enlatitud25.com\/news\/hablemos-sobre-los-tabues-y-verdades-que-rodean-a-la-menstruacion\/","og_locale":"es_ES","og_type":"article","og_title":"Hablemos sobre los tab\u00faes y verdades que rodean a la menstruaci\u00f3n &ndash; Latitud25","og_description":"Mir\u00e1 nuestros reportajes audiovisuales y seguinos para enterarte de las \u00faltimas noticias de Paraguay y el mundo, desde la Latitud25. Somos Alternativa de Informaci\u00f3n.","og_url":"https:\/\/enlatitud25.com\/news\/hablemos-sobre-los-tabues-y-verdades-que-rodean-a-la-menstruacion\/","og_site_name":"Latitud25","article_publisher":"https:\/\/www.facebook.com\/EnLatitud25","article_author":"https:\/\/www.facebook.com\/EnLatitud25","article_published_time":"2022-10-28T17:26:38+00:00","article_modified_time":"2022-10-28T17:34:41+00:00","og_image":[{"width":800,"height":500,"url":"https:\/\/enlatitud25.com\/news\/wp-content\/uploads\/2022\/10\/portada_Tabu\u0301es_menstruacio\u0301n.jpg","type":"image\/jpeg"}],"author":"Latitud 25","twitter_card":"summary_large_image","twitter_creator":"@EnLatitud25","twitter_site":"@EnLatitud25","twitter_misc":{"Escrito por":"Latitud 25","Tiempo de lectura":"7 minutos"},"schema":{"@context":"https:\/\/schema.org","@graph":[{"@type":"Article","@id":"https:\/\/enlatitud25.com\/news\/hablemos-sobre-los-tabues-y-verdades-que-rodean-a-la-menstruacion\/#article","isPartOf":{"@id":"https:\/\/enlatitud25.com\/news\/hablemos-sobre-los-tabues-y-verdades-que-rodean-a-la-menstruacion\/"},"author":{"name":"Latitud 25","@id":"https:\/\/enlatitud25.com\/news\/#\/schema\/person\/23aafe968917005a721b8eb760f2586e"},"headline":"Hablemos sobre los tab\u00faes y verdades que rodean a la menstruaci\u00f3n","datePublished":"2022-10-28T17:26:38+00:00","dateModified":"2022-10-28T17:34:41+00:00","mainEntityOfPage":{"@id":"https:\/\/enlatitud25.com\/news\/hablemos-sobre-los-tabues-y-verdades-que-rodean-a-la-menstruacion\/"},"wordCount":1403,"publisher":{"@id":"https:\/\/enlatitud25.com\/news\/#organization"},"keywords":["Informaci\u00f3n","menstruaci\u00f3n","mujer","realidades","tab\u00faes"],"articleSection":["Salud"],"inLanguage":"es"},{"@type":"WebPage","@id":"https:\/\/enlatitud25.com\/news\/hablemos-sobre-los-tabues-y-verdades-que-rodean-a-la-menstruacion\/","url":"https:\/\/enlatitud25.com\/news\/hablemos-sobre-los-tabues-y-verdades-que-rodean-a-la-menstruacion\/","name":"Hablemos sobre los tab\u00faes y verdades que rodean a la menstruaci\u00f3n &ndash; Latitud25","isPartOf":{"@id":"https:\/\/enlatitud25.com\/news\/#website"},"datePublished":"2022-10-28T17:26:38+00:00","dateModified":"2022-10-28T17:34:41+00:00","description":"Mir\u00e1 nuestros reportajes audiovisuales y seguinos para enterarte de las \u00faltimas noticias de Paraguay y el mundo, desde la Latitud25. Somos Alternativa de Informaci\u00f3n.","breadcrumb":{"@id":"https:\/\/enlatitud25.com\/news\/hablemos-sobre-los-tabues-y-verdades-que-rodean-a-la-menstruacion\/#breadcrumb"},"inLanguage":"es","potentialAction":[{"@type":"ReadAction","target":["https:\/\/enlatitud25.com\/news\/hablemos-sobre-los-tabues-y-verdades-que-rodean-a-la-menstruacion\/"]}]},{"@type":"BreadcrumbList","@id":"https:\/\/enlatitud25.com\/news\/hablemos-sobre-los-tabues-y-verdades-que-rodean-a-la-menstruacion\/#breadcrumb","itemListElement":[{"@type":"ListItem","position":1,"name":"Home","item":"https:\/\/enlatitud25.com\/news\/"},{"@type":"ListItem","position":2,"name":"Hablemos sobre los tab\u00faes y verdades que rodean a la menstruaci\u00f3n"}]},{"@type":"WebSite","@id":"https:\/\/enlatitud25.com\/news\/#website","url":"https:\/\/enlatitud25.com\/news\/","name":"Latitud25","description":"news","publisher":{"@id":"https:\/\/enlatitud25.com\/news\/#organization"},"potentialAction":[{"@type":"SearchAction","target":{"@type":"EntryPoint","urlTemplate":"https:\/\/enlatitud25.com\/news\/?s={search_term_string}"},"query-input":"required name=search_term_string"}],"inLanguage":"es"},{"@type":"Organization","@id":"https:\/\/enlatitud25.com\/news\/#organization","name":"Latitud 25 - News","url":"https:\/\/enlatitud25.com\/news\/","logo":{"@type":"ImageObject","inLanguage":"es","@id":"https:\/\/enlatitud25.com\/news\/#\/schema\/logo\/image\/","url":"https:\/\/enlatitud25.com\/news\/wp-content\/uploads\/2020\/11\/logo_latitud.png","contentUrl":"https:\/\/enlatitud25.com\/news\/wp-content\/uploads\/2020\/11\/logo_latitud.png","width":235,"height":39,"caption":"Latitud 25 - News"},"image":{"@id":"https:\/\/enlatitud25.com\/news\/#\/schema\/logo\/image\/"},"sameAs":["https:\/\/www.facebook.com\/EnLatitud25","https:\/\/twitter.com\/EnLatitud25","https:\/\/www.instagram.com\/enlatitud25\/","https:\/\/www.youtube.com\/user\/desdelatitud25"]},{"@type":"Person","@id":"https:\/\/enlatitud25.com\/news\/#\/schema\/person\/23aafe968917005a721b8eb760f2586e","name":"Latitud 25","sameAs":["https:\/\/enlatitud25.com\/news","https:\/\/www.facebook.com\/EnLatitud25","https:\/\/www.instagram.com\/enlatitud25","https:\/\/www.youtube.com\/user\/desdelatitud25","https:\/\/soundcloud.com\/enlatitud25"],"url":"https:\/\/enlatitud25.com\/news\/author\/nnews-uss00\/"}]}},"_links":{"self":[{"href":"https:\/\/enlatitud25.com\/news\/wp-json\/wp\/v2\/posts\/11220"}],"collection":[{"href":"https:\/\/enlatitud25.com\/news\/wp-json\/wp\/v2\/posts"}],"about":[{"href":"https:\/\/enlatitud25.com\/news\/wp-json\/wp\/v2\/types\/post"}],"author":[{"embeddable":true,"href":"https:\/\/enlatitud25.com\/news\/wp-json\/wp\/v2\/users\/1"}],"replies":[{"embeddable":true,"href":"https:\/\/enlatitud25.com\/news\/wp-json\/wp\/v2\/comments?post=11220"}],"version-history":[{"count":35,"href":"https:\/\/enlatitud25.com\/news\/wp-json\/wp\/v2\/posts\/11220\/revisions"}],"predecessor-version":[{"id":11278,"href":"https:\/\/enlatitud25.com\/news\/wp-json\/wp\/v2\/posts\/11220\/revisions\/11278"}],"wp:featuredmedia":[{"embeddable":true,"href":"https:\/\/enlatitud25.com\/news\/wp-json\/wp\/v2\/media\/11231"}],"wp:attachment":[{"href":"https:\/\/enlatitud25.com\/news\/wp-json\/wp\/v2\/media?parent=11220"}],"wp:term":[{"taxonomy":"category","embeddable":true,"href":"https:\/\/enlatitud25.com\/news\/wp-json\/wp\/v2\/categories?post=11220"},{"taxonomy":"post_tag","embeddable":true,"href":"https:\/\/enlatitud25.com\/news\/wp-json\/wp\/v2\/tags?post=11220"},{"taxonomy":"ubicacion","embeddable":true,"href":"https:\/\/enlatitud25.com\/news\/wp-json\/wp\/v2\/ubicacion?post=11220"}],"curies":[{"name":"wp","href":"https:\/\/api.w.org\/{rel}","templated":true}]}}