{"id":11179,"date":"2022-10-26T20:34:29","date_gmt":"2022-10-26T20:34:29","guid":{"rendered":"https:\/\/enlatitud25.com\/news\/?p=11179"},"modified":"2022-10-26T20:35:46","modified_gmt":"2022-10-26T20:35:46","slug":"el-estado-no-sabe-cuantos-ninos-y-ninas-han-desaparecido-en-los-ultimos-anos","status":"publish","type":"post","link":"https:\/\/enlatitud25.com\/news\/el-estado-no-sabe-cuantos-ninos-y-ninas-han-desaparecido-en-los-ultimos-anos\/","title":{"rendered":"El Estado no sabe cu\u00e1ntos ni\u00f1os y ni\u00f1as han desaparecido en los \u00faltimos a\u00f1os"},"content":{"rendered":"\n<p>Una ni\u00f1a desapareci\u00f3 en Emboscada, el 15 de abril de 2020. La noticia recorri\u00f3 los medios, se hicieron varios allanamientos, su foto se public\u00f3 en todos los medios. Sin embargo, tras un par de diligencias, la Fiscal\u00eda cambi\u00f3 la car\u00e1tula de la investigaci\u00f3n y se debieron omitir sus datos, por ser una presunta v\u00edctima de violaci\u00f3n de sus derechos. <\/p>\n\n\n\n<p>Ella se convirti\u00f3 en un \u00edcono de la incertidumbre para toda la sociedad, de desesperaci\u00f3n e impotencia de no saber si est\u00e1 viva en alguna parte del pa\u00eds o qu\u00e9 aconteci\u00f3 con ella. Sin embargo, hay otros cientos de ni\u00f1os y ni\u00f1as a quienes nadie busc\u00f3. <\/p>\n\n\n\n<p>Muchas veces, en marchas y reproches se ha utilizado la frase &#8220;Con los Ni\u00f1os No&#8221;. Pero lo que debemos cuestionarnos es: \u00bfQu\u00e9 realmente estamos haciendo como sociedad para exigir al Estado la protecci\u00f3n de ni\u00f1os, ni\u00f1as y adolescentes? \u00bfRealmente estamos pensando en los m\u00e1s vulnerables? \u00bfAlguien se est\u00e1 movilizando para buscarlos y ayudarlos?<\/p>\n\n\n\n<p>Seg\u00fan la Coordinadora por los Derechos de la Infancia y la Adolescencia (CDIA) en 2021 hubo 1.306 denuncias de desapariciones de ni\u00f1os, ni\u00f1as y adolescentes. De ese total, un 78,6% son ni\u00f1as y adolescentes mujeres. Este informe de CDIA, tom\u00f3 como fuente al Departamento Especializado de B\u00fasqueda y Localizaci\u00f3n de Personas Desaparecidas de la Polic\u00eda Nacional de Paraguay, 2021.<\/p>\n\n\n\n<p><\/p>\n\n\n\n<figure class=\"wp-block-image size-full\"><img decoding=\"async\" loading=\"lazy\" width=\"800\" height=\"500\" src=\"https:\/\/enlatitud25.com\/news\/wp-content\/uploads\/2022\/10\/portada_caso_nin\u0303os_desaparecidos.jpg\" alt=\"\" class=\"wp-image-11190\" srcset=\"https:\/\/enlatitud25.com\/news\/wp-content\/uploads\/2022\/10\/portada_caso_nin\u0303os_desaparecidos.jpg 800w, https:\/\/enlatitud25.com\/news\/wp-content\/uploads\/2022\/10\/portada_caso_nin\u0303os_desaparecidos-300x188.jpg 300w, https:\/\/enlatitud25.com\/news\/wp-content\/uploads\/2022\/10\/portada_caso_nin\u0303os_desaparecidos-768x480.jpg 768w, https:\/\/enlatitud25.com\/news\/wp-content\/uploads\/2022\/10\/portada_caso_nin\u0303os_desaparecidos-380x238.jpg 380w\" sizes=\"(max-width: 800px) 100vw, 800px\" \/><\/figure>\n\n\n\n<p>En este an\u00e1lisis de lo que est\u00e1 sucediendo con los ni\u00f1os, ni\u00f1as y adolescentes que desaparecen en Paraguay, a simple vista se puede notar la cantidad de negativas y falencias en cuanto a la protecci\u00f3n. Entretanto, una gran mayor\u00eda sigue indiferente a los problemas de fondo que atraviesa la ni\u00f1ez en nuestro pa\u00eds. <\/p>\n\n\n\n<h4 id=\"cuantas-personas-siguen-desaparecidas-quien-las-busca\" class=\"wp-block-heading\">\u00bfCu\u00e1ntas personas siguen desaparecidas? \u00bfQui\u00e9n las busca?<\/h4>\n\n\n\n<p>La respuesta a ambas preguntas es no. Para entender porqu\u00e9 la respuesta es negativa, An\u00edbal Cabrera, Director ejecutivo de CDIA, habl\u00f3 en contacto con RadioCast25, acerca de esta problem\u00e1tica. Se\u00f1al\u00f3, en un primer momento, que el departamento especializado en b\u00fasqueda y localizaci\u00f3n de personas de la Polic\u00eda Nacional de Paraguay, est\u00e1 integrado por solo dos personas. <\/p>\n\n\n\n<p>Este departamento, adem\u00e1s del escaso personal, no tiene equipo m\u00e9dico, equipos inform\u00e1ticos, tecnolog\u00eda ni un equipo psicol\u00f3gico, que pueda hacer una evaluaci\u00f3n de riesgos. Agreg\u00f3 que ni siquiera tiene una patrullera.<\/p>\n\n\n\n<p><strong>Le\u00e9 tambi\u00e9n: <a href=\"https:\/\/enlatitud25.com\/news\/quien-busca-a-las-personas-desaparecidas\/\" target=\"_blank\" rel=\"noreferrer noopener\">\u00bfQui\u00e9n busca a las personas desaparecidas en Paraguay?<\/a><\/strong><\/p>\n\n\n\n<p>Cabrera hizo una comparaci\u00f3n respecto a c\u00f3mo funciona el Departamento Antisecuestros de la Polic\u00eda, que tiene tecnolog\u00eda de punta y personal especializado en distintos lugares del pa\u00eds. Sin embargo, Paraguay tiene entre 10 a 20 secuestros por a\u00f1o, aunque algunos no se llegan a hacer p\u00fablicos, aclar\u00f3. <\/p>\n\n\n\n<p><\/p>\n\n\n\n<figure class=\"wp-block-image size-full\"><img decoding=\"async\" loading=\"lazy\" width=\"800\" height=\"500\" src=\"https:\/\/enlatitud25.com\/news\/wp-content\/uploads\/2022\/10\/pag2_caso_nin\u0303os_desaparecidos.jpg\" alt=\"\" class=\"wp-image-11191\" srcset=\"https:\/\/enlatitud25.com\/news\/wp-content\/uploads\/2022\/10\/pag2_caso_nin\u0303os_desaparecidos.jpg 800w, https:\/\/enlatitud25.com\/news\/wp-content\/uploads\/2022\/10\/pag2_caso_nin\u0303os_desaparecidos-300x188.jpg 300w, https:\/\/enlatitud25.com\/news\/wp-content\/uploads\/2022\/10\/pag2_caso_nin\u0303os_desaparecidos-768x480.jpg 768w, https:\/\/enlatitud25.com\/news\/wp-content\/uploads\/2022\/10\/pag2_caso_nin\u0303os_desaparecidos-380x238.jpg 380w\" sizes=\"(max-width: 800px) 100vw, 800px\" \/><\/figure>\n\n\n\n<p>En contrapartida, el departamento policial que debe buscar a unas 2.500 personas, que desaparecen por a\u00f1o, no tiene presupuesto ni condiciones para hacerlo. Cifra que incluye a ni\u00f1os, ni\u00f1as, adolescentes y personas mayores de 18 a\u00f1os. &#8220;Hay ah\u00ed una contradicci\u00f3n tremenda entre las prioridades que tiene la Polic\u00eda Nacional&#8221;, asever\u00f3.<\/p>\n\n\n\n<h4 id=\"sin-ser-buscados-van-al-archivo\" class=\"wp-block-heading\">Sin ser buscados, van al archivo<\/h4>\n\n\n\n<p>Una de las informaciones que considera m\u00e1s preocupantes es que la Polic\u00eda Nacional, solo tiene los nombres durante un mes en su radar de b\u00fasqueda y localizaci\u00f3n. <\/p>\n\n\n\n<p>\u201cAl mes pasa a la oficina de casos no resueltos, ni siquiera le busc\u00f3 a nadie porque no tienen recursos y al mes ponen entre en casos no resueltos\u201d, subray\u00f3 Cabrera. <\/p>\n\n\n\n<p>Tambi\u00e9n coment\u00f3 que el 1 de enero de cada a\u00f1o el contador de la Polic\u00eda Nacional vuelve a cero, por eso no se sabe qu\u00e9 pas\u00f3 con los datos del a\u00f1o anterior. <\/p>\n\n\n\n<p>&#8220;Si calculamos que hay de 500 o 600 ni\u00f1os y ni\u00f1as que desaparecieron en los \u00faltimos cinco a\u00f1os, tenemos casi 3000. No sabemos si son v\u00edctimas de trata de personas, tr\u00e1fico de a\u00f1os, si se suicidaron o si est\u00e1n siendo explotados sexualmente internamente o externamente&#8221;, cuestion\u00f3. <\/p>\n\n\n\n<h4 id=\"a-los-que-vuelven-no-se-les-hace-seguimiento\" class=\"wp-block-heading\">A los que vuelven, no se les hace seguimiento<\/h4>\n\n\n\n<p>Desde CDIA critican que no se haga la evaluaci\u00f3n de por qu\u00e9 desaparecieron y que exista una falta de acompa\u00f1amiento a esos ni\u00f1os, ni\u00f1as y adolescentes. <\/p>\n\n\n\n<p>&#8220;Existen personas que quiz\u00e1s regresaron a sus casas, pero la Polic\u00eda no fue a revisar si volvieron y en qu\u00e9 condiciones volvieron, muchas familias no reportan que su familiar no regres\u00f3 por alguna verg\u00fcenza que tienen. No se van a la comisar\u00eda a retirar la denuncia&#8221;, detall\u00f3. <\/p>\n\n\n\n<p><\/p>\n\n\n\n<figure class=\"wp-block-image size-full\"><img decoding=\"async\" loading=\"lazy\" width=\"800\" height=\"500\" src=\"https:\/\/enlatitud25.com\/news\/wp-content\/uploads\/2022\/10\/pag3_caso_nin\u0303os_desaparecidos.jpg\" alt=\"\" class=\"wp-image-11192\" srcset=\"https:\/\/enlatitud25.com\/news\/wp-content\/uploads\/2022\/10\/pag3_caso_nin\u0303os_desaparecidos.jpg 800w, https:\/\/enlatitud25.com\/news\/wp-content\/uploads\/2022\/10\/pag3_caso_nin\u0303os_desaparecidos-300x188.jpg 300w, https:\/\/enlatitud25.com\/news\/wp-content\/uploads\/2022\/10\/pag3_caso_nin\u0303os_desaparecidos-768x480.jpg 768w, https:\/\/enlatitud25.com\/news\/wp-content\/uploads\/2022\/10\/pag3_caso_nin\u0303os_desaparecidos-380x238.jpg 380w\" sizes=\"(max-width: 800px) 100vw, 800px\" \/><\/figure>\n\n\n\n<p>Tambi\u00e9n hizo \u00e9nfasis en la necesidad de rever esta reacci\u00f3n innata que tiene la Polic\u00eda de regresar a los desaparecidos a sus familias de manera inmediata.<\/p>\n\n\n\n<p><strong>Nota relacionada: <a href=\"https:\/\/enlatitud25.com\/news\/paraguay-se-declara-pro-familia-pero-no-protege-a-sus-ninos-ni-adolescentes\/\" target=\"_blank\" rel=\"noreferrer noopener\">Paraguay se declara pro familia pero no protege a sus ni\u00f1os ni adolescente<\/a>s<\/strong><\/p>\n\n\n\n<p>&#8220;No se le hace una inspecci\u00f3n m\u00e9dica y forense. Entonces hay un mont\u00f3n de articulaciones que tienen que hacer el Ministerio de la Ni\u00f1ez, la Defensor\u00eda P\u00fablica, la Polic\u00eda, el Ministerio del Interior y la Direcci\u00f3n de Migraciones. Esto con el objetivo de determinar en cada caso, cu\u00e1l es el nivel de riesgo que tiene esa desaparici\u00f3n&#8221;, apunt\u00f3. <\/p>\n\n\n\n<p>Finalmente, manifest\u00f3 que la propuesta desde la sociedad civil es que se conforme un equipo multidisciplinario que trabaje en una misma dependencia. La idea es que, de esa manera, diariamente en conjunto est\u00e9n estudiando estas cuestiones, para brindar un apoyo jurisdiccional a los ni\u00f1os, ni\u00f1as y adolescentes, como tambi\u00e9n a sus familias.<\/p>\n\n\n\n<h4 id=\"el-primer-paso-hacia-el-trabajo-coordinado\" class=\"wp-block-heading\">El primer paso hacia el trabajo coordinado<\/h4>\n\n\n\n<p>La Comisi\u00f3n de la Ni\u00f1ez, Adolescencia y Juventud, presidida por el senador Lucas Aquino,&nbsp;convoc\u00f3 a una reuni\u00f3n interinstitucional para debatir sobre esta problem\u00e1tica. El encuentro se realiz\u00f3 en el Congreso, el martes 25 de octubre \u00faltimo. Participaron representantes de varias instituciones y ministerios, entre ellos, del de la Ni\u00f1ez y la Adolescencia. <\/p>\n\n\n\n<p>En ese contexto, el viceministro de la Ni\u00f1ez, Eduardo Escobar, convers\u00f3 con Latitud25 acerca de lo que result\u00f3 ese encuentro. <\/p>\n\n\n\n<p><\/p>\n\n\n\n<figure class=\"wp-block-image size-full\"><img decoding=\"async\" loading=\"lazy\" width=\"800\" height=\"500\" src=\"https:\/\/enlatitud25.com\/news\/wp-content\/uploads\/2022\/10\/pag1_caso_nin\u0303os_desaparecidos.jpg\" alt=\"\" class=\"wp-image-11193\" srcset=\"https:\/\/enlatitud25.com\/news\/wp-content\/uploads\/2022\/10\/pag1_caso_nin\u0303os_desaparecidos.jpg 800w, https:\/\/enlatitud25.com\/news\/wp-content\/uploads\/2022\/10\/pag1_caso_nin\u0303os_desaparecidos-300x188.jpg 300w, https:\/\/enlatitud25.com\/news\/wp-content\/uploads\/2022\/10\/pag1_caso_nin\u0303os_desaparecidos-768x480.jpg 768w, https:\/\/enlatitud25.com\/news\/wp-content\/uploads\/2022\/10\/pag1_caso_nin\u0303os_desaparecidos-380x238.jpg 380w\" sizes=\"(max-width: 800px) 100vw, 800px\" \/><\/figure>\n\n\n\n<p>Afirm\u00f3 que las primeras conclusiones apuntan a la inexistencia de datos, por varios factores, en coincidencia con lo resaltado desde CDIA. Expres\u00f3 que muchas veces las personas desaparecidas regresan a sus familias, pero no se actualiza la situaci\u00f3n de las denuncias.  <\/p>\n\n\n\n<p>Asimismo reconoci\u00f3 que la b\u00fasqueda no es efectiva ni tampoco hay un acompa\u00f1amiento debido, entonces la idea es activar la instancia de protecci\u00f3n jurisdiccional. <\/p>\n\n\n\n<p>Manifest\u00f3 que en la reuni\u00f3n las instituciones acordaron designar representantes para trabajar de manera integrada. <\/p>\n\n\n\n<p>Record\u00f3 que son varias etapas, de un mismo proceso, que se deben llevar a cabo. La idea es que a partir de este trabajo se pueda: facilitar la denuncia, activar de manera r\u00e1pida las alertas a nivel pa\u00eds para localizar a los desaparecidos, sistematizar una base de datos. <\/p>\n\n\n\n<p>Finalmente, cuando sean localizados, se tiene que establecer un protocolo \u00fanico de actuaci\u00f3n para hacer el acompa\u00f1amiento y actualizar la informaci\u00f3n.<\/p>\n\n\n\n<p>&#8220;Ah\u00ed se debe analizar la situaci\u00f3n del ni\u00f1o de por qu\u00e9 sali\u00f3 de la casa, ah\u00ed la Defensor\u00eda de la Ni\u00f1ez debe intervenir para precautelar la seguridad y la protecci\u00f3n de ese ni\u00f1o dentro de su entorno familiar&#8221;, finaliz\u00f3.<\/p>\n\n\n\n<p><\/p>\n","protected":false},"excerpt":{"rendered":"Si hoy preguntamos cu\u00e1ntos ni\u00f1os, ni\u00f1as y adolescentes desaparecieron en Paraguay, en los \u00faltimos a\u00f1os, ni una sola autoridad podr\u00e1 responder oficialmente. No hay sistematizaci\u00f3n ni actualizaci\u00f3n de datos. Desde la sociedad civil, alertan que en los \u00faltimos cinco a\u00f1os habr\u00eda al menos 3000 casos de NNA desaparecidos que pudieron haber sido v\u00edctimas de tr\u00e1fico de personas. Mientras tanto, los desaparecidos podr\u00edan seguir sufriendo, sin ayuda alguna.\n","protected":false},"author":1,"featured_media":11190,"comment_status":"closed","ping_status":"closed","sticky":false,"template":"","format":"standard","meta":[],"categories":[12],"tags":[443,372,590,27,442,311,593],"ubicacion":[18],"yoast_head":"<!-- This site is optimized with the Yoast SEO plugin v20.8 - https:\/\/yoast.com\/wordpress\/plugins\/seo\/ -->\n<title>El Estado no sabe cu\u00e1ntos ni\u00f1os y ni\u00f1as han desaparecido en los \u00faltimos a\u00f1os &ndash; Latitud25<\/title>\n<meta name=\"description\" content=\"Mir\u00e1 nuestros reportajes audiovisuales y seguinos para enterarte de las \u00faltimas noticias de Paraguay y el mundo, desde la Latitud25. Somos Alternativa de Informaci\u00f3n.\" \/>\n<meta name=\"robots\" content=\"index, follow, max-snippet:-1, max-image-preview:large, max-video-preview:-1\" \/>\n<link rel=\"canonical\" href=\"https:\/\/enlatitud25.com\/news\/el-estado-no-sabe-cuantos-ninos-y-ninas-han-desaparecido-en-los-ultimos-anos\/\" \/>\n<meta property=\"og:locale\" content=\"es_ES\" \/>\n<meta property=\"og:type\" content=\"article\" \/>\n<meta property=\"og:title\" content=\"El Estado no sabe cu\u00e1ntos ni\u00f1os y ni\u00f1as han desaparecido en los \u00faltimos a\u00f1os &ndash; Latitud25\" \/>\n<meta property=\"og:description\" content=\"Mir\u00e1 nuestros reportajes audiovisuales y seguinos para enterarte de las \u00faltimas noticias de Paraguay y el mundo, desde la Latitud25. Somos Alternativa de Informaci\u00f3n.\" \/>\n<meta property=\"og:url\" content=\"https:\/\/enlatitud25.com\/news\/el-estado-no-sabe-cuantos-ninos-y-ninas-han-desaparecido-en-los-ultimos-anos\/\" \/>\n<meta property=\"og:site_name\" content=\"Latitud25\" \/>\n<meta property=\"article:publisher\" content=\"https:\/\/www.facebook.com\/EnLatitud25\" \/>\n<meta property=\"article:author\" content=\"https:\/\/www.facebook.com\/EnLatitud25\" \/>\n<meta property=\"article:published_time\" content=\"2022-10-26T20:34:29+00:00\" \/>\n<meta property=\"article:modified_time\" content=\"2022-10-26T20:35:46+00:00\" \/>\n<meta property=\"og:image\" content=\"https:\/\/enlatitud25.com\/news\/wp-content\/uploads\/2022\/10\/portada_caso_nin\u0303os_desaparecidos.jpg\" \/>\n\t<meta property=\"og:image:width\" content=\"800\" \/>\n\t<meta property=\"og:image:height\" content=\"500\" \/>\n\t<meta property=\"og:image:type\" content=\"image\/jpeg\" \/>\n<meta name=\"author\" content=\"Latitud 25\" \/>\n<meta name=\"twitter:card\" content=\"summary_large_image\" \/>\n<meta name=\"twitter:creator\" content=\"@EnLatitud25\" \/>\n<meta name=\"twitter:site\" content=\"@EnLatitud25\" \/>\n<meta name=\"twitter:label1\" content=\"Escrito por\" \/>\n\t<meta name=\"twitter:data1\" content=\"Latitud 25\" \/>\n\t<meta name=\"twitter:label2\" content=\"Tiempo de lectura\" \/>\n\t<meta name=\"twitter:data2\" content=\"6 minutos\" \/>\n<script type=\"application\/ld+json\" class=\"yoast-schema-graph\">{\"@context\":\"https:\/\/schema.org\",\"@graph\":[{\"@type\":\"Article\",\"@id\":\"https:\/\/enlatitud25.com\/news\/el-estado-no-sabe-cuantos-ninos-y-ninas-han-desaparecido-en-los-ultimos-anos\/#article\",\"isPartOf\":{\"@id\":\"https:\/\/enlatitud25.com\/news\/el-estado-no-sabe-cuantos-ninos-y-ninas-han-desaparecido-en-los-ultimos-anos\/\"},\"author\":{\"name\":\"Latitud 25\",\"@id\":\"https:\/\/enlatitud25.com\/news\/#\/schema\/person\/23aafe968917005a721b8eb760f2586e\"},\"headline\":\"El Estado no sabe cu\u00e1ntos ni\u00f1os y ni\u00f1as han desaparecido en los \u00faltimos a\u00f1os\",\"datePublished\":\"2022-10-26T20:34:29+00:00\",\"dateModified\":\"2022-10-26T20:35:46+00:00\",\"mainEntityOfPage\":{\"@id\":\"https:\/\/enlatitud25.com\/news\/el-estado-no-sabe-cuantos-ninos-y-ninas-han-desaparecido-en-los-ultimos-anos\/\"},\"wordCount\":1239,\"publisher\":{\"@id\":\"https:\/\/enlatitud25.com\/news\/#organization\"},\"keywords\":[\"adolescencia\",\"b\u00fasqueda\",\"desaparecidos\",\"Estado\",\"ni\u00f1ez\",\"polic\u00eda\",\"vulnerabilidad\"],\"articleSection\":[\"Realidad\"],\"inLanguage\":\"es\"},{\"@type\":\"WebPage\",\"@id\":\"https:\/\/enlatitud25.com\/news\/el-estado-no-sabe-cuantos-ninos-y-ninas-han-desaparecido-en-los-ultimos-anos\/\",\"url\":\"https:\/\/enlatitud25.com\/news\/el-estado-no-sabe-cuantos-ninos-y-ninas-han-desaparecido-en-los-ultimos-anos\/\",\"name\":\"El Estado no sabe cu\u00e1ntos ni\u00f1os y ni\u00f1as han desaparecido en los \u00faltimos a\u00f1os &ndash; Latitud25\",\"isPartOf\":{\"@id\":\"https:\/\/enlatitud25.com\/news\/#website\"},\"datePublished\":\"2022-10-26T20:34:29+00:00\",\"dateModified\":\"2022-10-26T20:35:46+00:00\",\"description\":\"Mir\u00e1 nuestros reportajes audiovisuales y seguinos para enterarte de las \u00faltimas noticias de Paraguay y el mundo, desde la Latitud25. Somos Alternativa de Informaci\u00f3n.\",\"breadcrumb\":{\"@id\":\"https:\/\/enlatitud25.com\/news\/el-estado-no-sabe-cuantos-ninos-y-ninas-han-desaparecido-en-los-ultimos-anos\/#breadcrumb\"},\"inLanguage\":\"es\",\"potentialAction\":[{\"@type\":\"ReadAction\",\"target\":[\"https:\/\/enlatitud25.com\/news\/el-estado-no-sabe-cuantos-ninos-y-ninas-han-desaparecido-en-los-ultimos-anos\/\"]}]},{\"@type\":\"BreadcrumbList\",\"@id\":\"https:\/\/enlatitud25.com\/news\/el-estado-no-sabe-cuantos-ninos-y-ninas-han-desaparecido-en-los-ultimos-anos\/#breadcrumb\",\"itemListElement\":[{\"@type\":\"ListItem\",\"position\":1,\"name\":\"Home\",\"item\":\"https:\/\/enlatitud25.com\/news\/\"},{\"@type\":\"ListItem\",\"position\":2,\"name\":\"El Estado no sabe cu\u00e1ntos ni\u00f1os y ni\u00f1as han desaparecido en los \u00faltimos a\u00f1os\"}]},{\"@type\":\"WebSite\",\"@id\":\"https:\/\/enlatitud25.com\/news\/#website\",\"url\":\"https:\/\/enlatitud25.com\/news\/\",\"name\":\"Latitud25\",\"description\":\"news\",\"publisher\":{\"@id\":\"https:\/\/enlatitud25.com\/news\/#organization\"},\"potentialAction\":[{\"@type\":\"SearchAction\",\"target\":{\"@type\":\"EntryPoint\",\"urlTemplate\":\"https:\/\/enlatitud25.com\/news\/?s={search_term_string}\"},\"query-input\":\"required name=search_term_string\"}],\"inLanguage\":\"es\"},{\"@type\":\"Organization\",\"@id\":\"https:\/\/enlatitud25.com\/news\/#organization\",\"name\":\"Latitud 25 - News\",\"url\":\"https:\/\/enlatitud25.com\/news\/\",\"logo\":{\"@type\":\"ImageObject\",\"inLanguage\":\"es\",\"@id\":\"https:\/\/enlatitud25.com\/news\/#\/schema\/logo\/image\/\",\"url\":\"https:\/\/enlatitud25.com\/news\/wp-content\/uploads\/2020\/11\/logo_latitud.png\",\"contentUrl\":\"https:\/\/enlatitud25.com\/news\/wp-content\/uploads\/2020\/11\/logo_latitud.png\",\"width\":235,\"height\":39,\"caption\":\"Latitud 25 - News\"},\"image\":{\"@id\":\"https:\/\/enlatitud25.com\/news\/#\/schema\/logo\/image\/\"},\"sameAs\":[\"https:\/\/www.facebook.com\/EnLatitud25\",\"https:\/\/twitter.com\/EnLatitud25\",\"https:\/\/www.instagram.com\/enlatitud25\/\",\"https:\/\/www.youtube.com\/user\/desdelatitud25\"]},{\"@type\":\"Person\",\"@id\":\"https:\/\/enlatitud25.com\/news\/#\/schema\/person\/23aafe968917005a721b8eb760f2586e\",\"name\":\"Latitud 25\",\"sameAs\":[\"https:\/\/enlatitud25.com\/news\",\"https:\/\/www.facebook.com\/EnLatitud25\",\"https:\/\/www.instagram.com\/enlatitud25\",\"https:\/\/www.youtube.com\/user\/desdelatitud25\",\"https:\/\/soundcloud.com\/enlatitud25\"],\"url\":\"https:\/\/enlatitud25.com\/news\/author\/nnews-uss00\/\"}]}<\/script>\n<!-- \/ Yoast SEO plugin. -->","yoast_head_json":{"title":"El Estado no sabe cu\u00e1ntos ni\u00f1os y ni\u00f1as han desaparecido en los \u00faltimos a\u00f1os &ndash; Latitud25","description":"Mir\u00e1 nuestros reportajes audiovisuales y seguinos para enterarte de las \u00faltimas noticias de Paraguay y el mundo, desde la Latitud25. Somos Alternativa de Informaci\u00f3n.","robots":{"index":"index","follow":"follow","max-snippet":"max-snippet:-1","max-image-preview":"max-image-preview:large","max-video-preview":"max-video-preview:-1"},"canonical":"https:\/\/enlatitud25.com\/news\/el-estado-no-sabe-cuantos-ninos-y-ninas-han-desaparecido-en-los-ultimos-anos\/","og_locale":"es_ES","og_type":"article","og_title":"El Estado no sabe cu\u00e1ntos ni\u00f1os y ni\u00f1as han desaparecido en los \u00faltimos a\u00f1os &ndash; Latitud25","og_description":"Mir\u00e1 nuestros reportajes audiovisuales y seguinos para enterarte de las \u00faltimas noticias de Paraguay y el mundo, desde la Latitud25. Somos Alternativa de Informaci\u00f3n.","og_url":"https:\/\/enlatitud25.com\/news\/el-estado-no-sabe-cuantos-ninos-y-ninas-han-desaparecido-en-los-ultimos-anos\/","og_site_name":"Latitud25","article_publisher":"https:\/\/www.facebook.com\/EnLatitud25","article_author":"https:\/\/www.facebook.com\/EnLatitud25","article_published_time":"2022-10-26T20:34:29+00:00","article_modified_time":"2022-10-26T20:35:46+00:00","og_image":[{"width":800,"height":500,"url":"https:\/\/enlatitud25.com\/news\/wp-content\/uploads\/2022\/10\/portada_caso_nin\u0303os_desaparecidos.jpg","type":"image\/jpeg"}],"author":"Latitud 25","twitter_card":"summary_large_image","twitter_creator":"@EnLatitud25","twitter_site":"@EnLatitud25","twitter_misc":{"Escrito por":"Latitud 25","Tiempo de lectura":"6 minutos"},"schema":{"@context":"https:\/\/schema.org","@graph":[{"@type":"Article","@id":"https:\/\/enlatitud25.com\/news\/el-estado-no-sabe-cuantos-ninos-y-ninas-han-desaparecido-en-los-ultimos-anos\/#article","isPartOf":{"@id":"https:\/\/enlatitud25.com\/news\/el-estado-no-sabe-cuantos-ninos-y-ninas-han-desaparecido-en-los-ultimos-anos\/"},"author":{"name":"Latitud 25","@id":"https:\/\/enlatitud25.com\/news\/#\/schema\/person\/23aafe968917005a721b8eb760f2586e"},"headline":"El Estado no sabe cu\u00e1ntos ni\u00f1os y ni\u00f1as han desaparecido en los \u00faltimos a\u00f1os","datePublished":"2022-10-26T20:34:29+00:00","dateModified":"2022-10-26T20:35:46+00:00","mainEntityOfPage":{"@id":"https:\/\/enlatitud25.com\/news\/el-estado-no-sabe-cuantos-ninos-y-ninas-han-desaparecido-en-los-ultimos-anos\/"},"wordCount":1239,"publisher":{"@id":"https:\/\/enlatitud25.com\/news\/#organization"},"keywords":["adolescencia","b\u00fasqueda","desaparecidos","Estado","ni\u00f1ez","polic\u00eda","vulnerabilidad"],"articleSection":["Realidad"],"inLanguage":"es"},{"@type":"WebPage","@id":"https:\/\/enlatitud25.com\/news\/el-estado-no-sabe-cuantos-ninos-y-ninas-han-desaparecido-en-los-ultimos-anos\/","url":"https:\/\/enlatitud25.com\/news\/el-estado-no-sabe-cuantos-ninos-y-ninas-han-desaparecido-en-los-ultimos-anos\/","name":"El Estado no sabe cu\u00e1ntos ni\u00f1os y ni\u00f1as han desaparecido en los \u00faltimos a\u00f1os &ndash; Latitud25","isPartOf":{"@id":"https:\/\/enlatitud25.com\/news\/#website"},"datePublished":"2022-10-26T20:34:29+00:00","dateModified":"2022-10-26T20:35:46+00:00","description":"Mir\u00e1 nuestros reportajes audiovisuales y seguinos para enterarte de las \u00faltimas noticias de Paraguay y el mundo, desde la Latitud25. Somos Alternativa de Informaci\u00f3n.","breadcrumb":{"@id":"https:\/\/enlatitud25.com\/news\/el-estado-no-sabe-cuantos-ninos-y-ninas-han-desaparecido-en-los-ultimos-anos\/#breadcrumb"},"inLanguage":"es","potentialAction":[{"@type":"ReadAction","target":["https:\/\/enlatitud25.com\/news\/el-estado-no-sabe-cuantos-ninos-y-ninas-han-desaparecido-en-los-ultimos-anos\/"]}]},{"@type":"BreadcrumbList","@id":"https:\/\/enlatitud25.com\/news\/el-estado-no-sabe-cuantos-ninos-y-ninas-han-desaparecido-en-los-ultimos-anos\/#breadcrumb","itemListElement":[{"@type":"ListItem","position":1,"name":"Home","item":"https:\/\/enlatitud25.com\/news\/"},{"@type":"ListItem","position":2,"name":"El Estado no sabe cu\u00e1ntos ni\u00f1os y ni\u00f1as han desaparecido en los \u00faltimos a\u00f1os"}]},{"@type":"WebSite","@id":"https:\/\/enlatitud25.com\/news\/#website","url":"https:\/\/enlatitud25.com\/news\/","name":"Latitud25","description":"news","publisher":{"@id":"https:\/\/enlatitud25.com\/news\/#organization"},"potentialAction":[{"@type":"SearchAction","target":{"@type":"EntryPoint","urlTemplate":"https:\/\/enlatitud25.com\/news\/?s={search_term_string}"},"query-input":"required name=search_term_string"}],"inLanguage":"es"},{"@type":"Organization","@id":"https:\/\/enlatitud25.com\/news\/#organization","name":"Latitud 25 - News","url":"https:\/\/enlatitud25.com\/news\/","logo":{"@type":"ImageObject","inLanguage":"es","@id":"https:\/\/enlatitud25.com\/news\/#\/schema\/logo\/image\/","url":"https:\/\/enlatitud25.com\/news\/wp-content\/uploads\/2020\/11\/logo_latitud.png","contentUrl":"https:\/\/enlatitud25.com\/news\/wp-content\/uploads\/2020\/11\/logo_latitud.png","width":235,"height":39,"caption":"Latitud 25 - News"},"image":{"@id":"https:\/\/enlatitud25.com\/news\/#\/schema\/logo\/image\/"},"sameAs":["https:\/\/www.facebook.com\/EnLatitud25","https:\/\/twitter.com\/EnLatitud25","https:\/\/www.instagram.com\/enlatitud25\/","https:\/\/www.youtube.com\/user\/desdelatitud25"]},{"@type":"Person","@id":"https:\/\/enlatitud25.com\/news\/#\/schema\/person\/23aafe968917005a721b8eb760f2586e","name":"Latitud 25","sameAs":["https:\/\/enlatitud25.com\/news","https:\/\/www.facebook.com\/EnLatitud25","https:\/\/www.instagram.com\/enlatitud25","https:\/\/www.youtube.com\/user\/desdelatitud25","https:\/\/soundcloud.com\/enlatitud25"],"url":"https:\/\/enlatitud25.com\/news\/author\/nnews-uss00\/"}]}},"_links":{"self":[{"href":"https:\/\/enlatitud25.com\/news\/wp-json\/wp\/v2\/posts\/11179"}],"collection":[{"href":"https:\/\/enlatitud25.com\/news\/wp-json\/wp\/v2\/posts"}],"about":[{"href":"https:\/\/enlatitud25.com\/news\/wp-json\/wp\/v2\/types\/post"}],"author":[{"embeddable":true,"href":"https:\/\/enlatitud25.com\/news\/wp-json\/wp\/v2\/users\/1"}],"replies":[{"embeddable":true,"href":"https:\/\/enlatitud25.com\/news\/wp-json\/wp\/v2\/comments?post=11179"}],"version-history":[{"count":21,"href":"https:\/\/enlatitud25.com\/news\/wp-json\/wp\/v2\/posts\/11179\/revisions"}],"predecessor-version":[{"id":11218,"href":"https:\/\/enlatitud25.com\/news\/wp-json\/wp\/v2\/posts\/11179\/revisions\/11218"}],"wp:featuredmedia":[{"embeddable":true,"href":"https:\/\/enlatitud25.com\/news\/wp-json\/wp\/v2\/media\/11190"}],"wp:attachment":[{"href":"https:\/\/enlatitud25.com\/news\/wp-json\/wp\/v2\/media?parent=11179"}],"wp:term":[{"taxonomy":"category","embeddable":true,"href":"https:\/\/enlatitud25.com\/news\/wp-json\/wp\/v2\/categories?post=11179"},{"taxonomy":"post_tag","embeddable":true,"href":"https:\/\/enlatitud25.com\/news\/wp-json\/wp\/v2\/tags?post=11179"},{"taxonomy":"ubicacion","embeddable":true,"href":"https:\/\/enlatitud25.com\/news\/wp-json\/wp\/v2\/ubicacion?post=11179"}],"curies":[{"name":"wp","href":"https:\/\/api.w.org\/{rel}","templated":true}]}}