{"id":10826,"date":"2022-10-11T17:40:25","date_gmt":"2022-10-11T17:40:25","guid":{"rendered":"https:\/\/enlatitud25.com\/news\/?p=10826"},"modified":"2022-10-11T17:42:04","modified_gmt":"2022-10-11T17:42:04","slug":"deudas-en-informconf-electoralismo-populista-o-una-solucion-viable","status":"publish","type":"post","link":"https:\/\/enlatitud25.com\/news\/deudas-en-informconf-electoralismo-populista-o-una-solucion-viable\/","title":{"rendered":"Deudas en Informconf: \u00bfElectoralismo populista o una soluci\u00f3n viable?"},"content":{"rendered":"\n<p>El debate sobre ayudar o no a las personas que se encuentran en la lista de Informconf sigue dando de qu\u00e9 hablar. Abundan los comentarios en redes sociales en los que miles de usuarios reclaman que no se utilice dinero p\u00fablico para deudas privadas. Otros hacen un an\u00e1lisis m\u00e1s profundo y hablan de la necesidad de buscar una asistencia para los deudores.<\/p>\n\n\n\n<p>Cabe recordar que, Informconf es una empresa que cuenta con una base de datos sobre el historial crediticio de las personas. Seg\u00fan refiere la misma firma, este servicio permite a las casas de cr\u00e9ditos y bancos determinar los diferentes perfiles de riesgo de las personas f\u00edsicas, antes de que obtengan dinero prestado. <\/p>\n\n\n\n<p>Sin embargo, pese a que est\u00e1 prohibido, v\u00eda ley N\u00ba 6534 De Protecci\u00f3n De Datos Personales Crediticios, hay empresas que todav\u00eda utilizan esta base de datos para evitar dar empleo a quienes est\u00e9n endeudados. <\/p>\n\n\n\n<p>Una realidad que viene aparejada con esta situaci\u00f3n crediticia, es que al figurar en Inforconf, ello tenga efectos graves en el rendimiento laboral de los deudores, al no poder conseguir trabajo f\u00e1cilmente, y por ende, tampoco poder tener la capacidad de honrar sus compromisos.<\/p>\n\n\n\n<figure class=\"wp-block-image size-full\"><img decoding=\"async\" loading=\"lazy\" width=\"800\" height=\"500\" src=\"https:\/\/enlatitud25.com\/news\/wp-content\/uploads\/2022\/10\/foto3_informconf_cre\u0301ditos.jpg\" alt=\"\" class=\"wp-image-10832\" srcset=\"https:\/\/enlatitud25.com\/news\/wp-content\/uploads\/2022\/10\/foto3_informconf_cre\u0301ditos.jpg 800w, https:\/\/enlatitud25.com\/news\/wp-content\/uploads\/2022\/10\/foto3_informconf_cre\u0301ditos-300x188.jpg 300w, https:\/\/enlatitud25.com\/news\/wp-content\/uploads\/2022\/10\/foto3_informconf_cre\u0301ditos-768x480.jpg 768w, https:\/\/enlatitud25.com\/news\/wp-content\/uploads\/2022\/10\/foto3_informconf_cre\u0301ditos-380x238.jpg 380w\" sizes=\"(max-width: 800px) 100vw, 800px\" \/><\/figure>\n\n\n\n<h5 id=\"todo-empezo-por-una-propuesta-de-campana\" class=\"wp-block-heading\">Todo empez\u00f3 por una propuesta de campa\u00f1a<\/h5>\n\n\n\n<p>El precandidato a presidencia por el Movimiento Fuerza Republicana, Arnoldo Wiens, ex ministro de Obras P\u00fablicas, plante\u00f3 durante su campa\u00f1a electoral, una eventual iniciativa que ayude a las personas que se encuentren en la lista de Informconf como morosas, de modo a poder incorporarse al mercado laboral. <\/p>\n\n\n\n<p>Luego de que el candidato oficialista hablara sobre esta posibilidad, no tardaron en saltar los cuestionamientos por parte del cartismo y la oposici\u00f3n. Una de las voces que se mostr\u00f3 vehementemente en contra fue la ex ministra de Hacienda, <strong>Lea Gim\u00e9nez<\/strong>,  quien coment\u00f3 en  RadioCast25, los riesgos de que el Estado asuma tal compromiso.<\/p>\n\n\n\n<p>La misma, no tard\u00f3 en se\u00f1alar que la propuesta es peligrosa y populista. Agreg\u00f3 que Wiens se equivoc\u00f3 de instituci\u00f3n al mencionar al ministerio de Hacienda, como el que deber\u00eda encabezar la formulaci\u00f3n de este tipo. Asegur\u00f3 que a organismos financieros como: el Banco Nacional de Fomento o la Agencia Financiera de Desarrollo, deber\u00edan liderar este tipo de conversaciones.<\/p>\n\n\n\n<p>Lea dijo que de ser as\u00ed como plantea Wiens, el Estado se har\u00eda cargo de las deudas de estas 400.000 o 500.000 personas. Asimismo se\u00f1al\u00f3 que se podr\u00eda trabajar, en base a criterios espec\u00edficos y datos espec\u00edficos, para ayudar a las personas que est\u00e1n en Informconf.<\/p>\n\n\n\n<p>El problema de esta situaci\u00f3n, no es identificar la cantidad de deudas registradas, sino el monto total y la naturaleza de las deudas, a las que se estar\u00eda comprometiendo a cubrir el Estado.<\/p>\n\n\n\n<figure class=\"wp-block-image size-full\"><img decoding=\"async\" loading=\"lazy\" width=\"800\" height=\"500\" src=\"https:\/\/enlatitud25.com\/news\/wp-content\/uploads\/2022\/10\/foto2_informconf_cre\u0301ditos.jpg\" alt=\"\" class=\"wp-image-10831\" srcset=\"https:\/\/enlatitud25.com\/news\/wp-content\/uploads\/2022\/10\/foto2_informconf_cre\u0301ditos.jpg 800w, https:\/\/enlatitud25.com\/news\/wp-content\/uploads\/2022\/10\/foto2_informconf_cre\u0301ditos-300x188.jpg 300w, https:\/\/enlatitud25.com\/news\/wp-content\/uploads\/2022\/10\/foto2_informconf_cre\u0301ditos-768x480.jpg 768w, https:\/\/enlatitud25.com\/news\/wp-content\/uploads\/2022\/10\/foto2_informconf_cre\u0301ditos-380x238.jpg 380w\" sizes=\"(max-width: 800px) 100vw, 800px\" \/><\/figure>\n\n\n\n<p>Sin embargo, el ministro de Hacienda, \u00d3scar Llamosas, aclar\u00f3 que en ning\u00fan momento se plante\u00f3 condonar deudas, sino m\u00e1s bien, reestructurarlas. Nosotros estamos en contra de la condonaci\u00f3n de la deuda, porque genera incentivos perversos en la econom\u00eda. Pero ese no fue el planteamiento del equipo de Wiens&#8221;, se\u00f1al\u00f3 a la 1080 AM.<\/p>\n\n\n\n<h5 id=\"un-problema-serio-que-debe-ser-atendido\" class=\"wp-block-heading\">Un problema serio que debe ser atendido<\/h5>\n\n\n\n<p>En ese contexto, el Presidente de la Asociaci\u00f3n Rural del Paraguay (ARP), Pedro Galli, se manifest\u00f3 en Twitter, y en comunicaci\u00f3n con RadioCas25, dijo que es un problema serio que debe ser atendido para ayudar a miles de familias agobiadas por las deudas.<\/p>\n\n\n\n<p>&#8220;La idea es solucionar ese problema, pero no de ir y comprar y de hacer una condonaci\u00f3n. Yo no estoy de acuerdo con condonar las deudas. Yo no s\u00e9 cu\u00e1l es el mecanismo planteado por Wiens, pero es un problema social muy serio que tenemos, porque la gente que est\u00e1 en informconf pasa a la informalidad y hasta tiene problemas para conseguir empleos y est\u00e1 en un c\u00edrculo vicioso del que no puede salir\u201d, a\u00f1adi\u00f3.<\/p>\n\n\n\n<p>En ese contexto, afirm\u00f3 que ser\u00e1 una salida financiera que podamos conseguir, que le podamos dar un apoyo financiero de acuerdo a su posibilidad de pago, de modo a que salgan de eso y puedan conseguir trabajo.<\/p>\n\n\n\n<h5 id=\"no-se-trata-de-repartir-plata\" class=\"wp-block-heading\">No se trata de repartir plata<\/h5>\n\n\n\n<p>Galli record\u00f3 que el Estado paraguayo de por s\u00ed no tiene ni medios ni fondos, porque ya hay un d\u00e9ficit fiscal. Entonces resalt\u00f3 que &#8220;no debe ir a repartir plata&#8221;, como se hace en otros pa\u00edses.<\/p>\n\n\n\n<p>Sin embargo, asever\u00f3 que s\u00ed debe buscar otra manera, a trav\u00e9s de pol\u00edticas p\u00fablicas amigables. Insisti\u00f3 en que mucha gente est\u00e1 desamparada, que no conoce ni sabe c\u00f3mo salir de esa situaci\u00f3n. <\/p>\n\n\n\n<figure class=\"wp-block-image size-full\"><img decoding=\"async\" loading=\"lazy\" width=\"800\" height=\"500\" src=\"https:\/\/enlatitud25.com\/news\/wp-content\/uploads\/2022\/10\/foto1_informconf_cre\u0301ditos.jpg\" alt=\"\" class=\"wp-image-10833\" srcset=\"https:\/\/enlatitud25.com\/news\/wp-content\/uploads\/2022\/10\/foto1_informconf_cre\u0301ditos.jpg 800w, https:\/\/enlatitud25.com\/news\/wp-content\/uploads\/2022\/10\/foto1_informconf_cre\u0301ditos-300x188.jpg 300w, https:\/\/enlatitud25.com\/news\/wp-content\/uploads\/2022\/10\/foto1_informconf_cre\u0301ditos-768x480.jpg 768w, https:\/\/enlatitud25.com\/news\/wp-content\/uploads\/2022\/10\/foto1_informconf_cre\u0301ditos-380x238.jpg 380w\" sizes=\"(max-width: 800px) 100vw, 800px\" \/><\/figure>\n\n\n\n<p>&#8220;Que la gente pueda sacar un cr\u00e9dito barato, blando a largo plazo, cancelar sus deudas que le est\u00e1n agobiando, darle ox\u00edgenos para que esas personas por sus propios medios pueda generar los recursos necesarios. Tenemos que ver c\u00f3mo ayudar porque esto es algo que est\u00e1 carcomiendo a las personas. Es un problema serio que debemos encarar como una pol\u00edtica de Estado&#8221;, concluy\u00f3.<\/p>\n\n\n\n<h5 id=\"antecedentes\" class=\"wp-block-heading\">Antecedentes<\/h5>\n\n\n\n<p>En octubre del a\u00f1o pasado, el Banco Nacional de Fomento decidi\u00f3 otorgar cr\u00e9ditos a peque\u00f1as, medianas y grandes empresas, aunque est\u00e9n en Informconf. <\/p>\n\n\n\n<p>No obstante, cabe resaltar que este beneficio solo se dio en el marco de los estragos econ\u00f3micos causados por las restricciones a causa de la pandemia de la Covid-19. Es decir, se trat\u00f3 de una soluci\u00f3n provisoria. <\/p>\n\n\n\n<p>Estas situaciones de desesperaci\u00f3n por parte de las personas que se encuentran en la lista de morosos, en 2021, tambi\u00e9n ya fue aprovechada por estafadores. Desconocidos utilizaron esta situaci\u00f3n para ofrecer ayuda a deudores a sacar sus nombres de Informconf, a cambio de transferencias de dinero.<\/p>\n","protected":false},"excerpt":{"rendered":"A escasos 60 d\u00edas de las internas partidarias, las campa\u00f1as se intensifican. El precandidato colorado Arnoldo Wiens, prendi\u00f3 la mecha de la discusi\u00f3n con una propuesta que gener\u00f3 todo tipo de reacciones, desde las advertencias hacia lo que podr\u00eda ser una mera jugada electoralista e impracticable hasta el reconocimiento de que las 450.000 deudas de Inforconf son una realidad ineludible. La pregunta es, \u00bfes posible que el Estado asuma tal compromiso? \n","protected":false},"author":1,"featured_media":10829,"comment_status":"closed","ping_status":"closed","sticky":false,"template":"","format":"standard","meta":[],"categories":[21],"tags":[1231,1230,1129,1227],"ubicacion":[18],"yoast_head":"<!-- This site is optimized with the Yoast SEO plugin v20.8 - https:\/\/yoast.com\/wordpress\/plugins\/seo\/ -->\n<title>Deudas en Informconf: \u00bfElectoralismo populista o una soluci\u00f3n viable? &ndash; Latitud25<\/title>\n<meta name=\"description\" content=\"Mir\u00e1 nuestros reportajes audiovisuales y seguinos para enterarte de las \u00faltimas noticias de Paraguay y el mundo, desde la Latitud25. Somos Alternativa de Informaci\u00f3n.\" \/>\n<meta name=\"robots\" content=\"index, follow, max-snippet:-1, max-image-preview:large, max-video-preview:-1\" \/>\n<link rel=\"canonical\" href=\"https:\/\/enlatitud25.com\/news\/deudas-en-informconf-electoralismo-populista-o-una-solucion-viable\/\" \/>\n<meta property=\"og:locale\" content=\"es_ES\" \/>\n<meta property=\"og:type\" content=\"article\" \/>\n<meta property=\"og:title\" content=\"Deudas en Informconf: \u00bfElectoralismo populista o una soluci\u00f3n viable? &ndash; Latitud25\" \/>\n<meta property=\"og:description\" content=\"Mir\u00e1 nuestros reportajes audiovisuales y seguinos para enterarte de las \u00faltimas noticias de Paraguay y el mundo, desde la Latitud25. Somos Alternativa de Informaci\u00f3n.\" \/>\n<meta property=\"og:url\" content=\"https:\/\/enlatitud25.com\/news\/deudas-en-informconf-electoralismo-populista-o-una-solucion-viable\/\" \/>\n<meta property=\"og:site_name\" content=\"Latitud25\" \/>\n<meta property=\"article:publisher\" content=\"https:\/\/www.facebook.com\/EnLatitud25\" \/>\n<meta property=\"article:author\" content=\"https:\/\/www.facebook.com\/EnLatitud25\" \/>\n<meta property=\"article:published_time\" content=\"2022-10-11T17:40:25+00:00\" \/>\n<meta property=\"article:modified_time\" content=\"2022-10-11T17:42:04+00:00\" \/>\n<meta property=\"og:image\" content=\"https:\/\/enlatitud25.com\/news\/wp-content\/uploads\/2022\/10\/portada_informconf.jpg\" \/>\n\t<meta property=\"og:image:width\" content=\"800\" \/>\n\t<meta property=\"og:image:height\" content=\"500\" \/>\n\t<meta property=\"og:image:type\" content=\"image\/jpeg\" \/>\n<meta name=\"author\" content=\"Latitud 25\" \/>\n<meta name=\"twitter:card\" content=\"summary_large_image\" \/>\n<meta name=\"twitter:creator\" content=\"@EnLatitud25\" \/>\n<meta name=\"twitter:site\" content=\"@EnLatitud25\" \/>\n<meta name=\"twitter:label1\" content=\"Escrito por\" \/>\n\t<meta name=\"twitter:data1\" content=\"Latitud 25\" \/>\n\t<meta name=\"twitter:label2\" content=\"Tiempo de lectura\" \/>\n\t<meta name=\"twitter:data2\" content=\"5 minutos\" \/>\n<script type=\"application\/ld+json\" class=\"yoast-schema-graph\">{\"@context\":\"https:\/\/schema.org\",\"@graph\":[{\"@type\":\"Article\",\"@id\":\"https:\/\/enlatitud25.com\/news\/deudas-en-informconf-electoralismo-populista-o-una-solucion-viable\/#article\",\"isPartOf\":{\"@id\":\"https:\/\/enlatitud25.com\/news\/deudas-en-informconf-electoralismo-populista-o-una-solucion-viable\/\"},\"author\":{\"name\":\"Latitud 25\",\"@id\":\"https:\/\/enlatitud25.com\/news\/#\/schema\/person\/23aafe968917005a721b8eb760f2586e\"},\"headline\":\"Deudas en Informconf: \u00bfElectoralismo populista o una soluci\u00f3n viable?\",\"datePublished\":\"2022-10-11T17:40:25+00:00\",\"dateModified\":\"2022-10-11T17:42:04+00:00\",\"mainEntityOfPage\":{\"@id\":\"https:\/\/enlatitud25.com\/news\/deudas-en-informconf-electoralismo-populista-o-una-solucion-viable\/\"},\"wordCount\":963,\"publisher\":{\"@id\":\"https:\/\/enlatitud25.com\/news\/#organization\"},\"keywords\":[\"ayuda social\",\"cr\u00e9dito\",\"deudas\",\"informconf\"],\"articleSection\":[\"Econom\u00eda\"],\"inLanguage\":\"es\"},{\"@type\":\"WebPage\",\"@id\":\"https:\/\/enlatitud25.com\/news\/deudas-en-informconf-electoralismo-populista-o-una-solucion-viable\/\",\"url\":\"https:\/\/enlatitud25.com\/news\/deudas-en-informconf-electoralismo-populista-o-una-solucion-viable\/\",\"name\":\"Deudas en Informconf: \u00bfElectoralismo populista o una soluci\u00f3n viable? &ndash; Latitud25\",\"isPartOf\":{\"@id\":\"https:\/\/enlatitud25.com\/news\/#website\"},\"datePublished\":\"2022-10-11T17:40:25+00:00\",\"dateModified\":\"2022-10-11T17:42:04+00:00\",\"description\":\"Mir\u00e1 nuestros reportajes audiovisuales y seguinos para enterarte de las \u00faltimas noticias de Paraguay y el mundo, desde la Latitud25. Somos Alternativa de Informaci\u00f3n.\",\"breadcrumb\":{\"@id\":\"https:\/\/enlatitud25.com\/news\/deudas-en-informconf-electoralismo-populista-o-una-solucion-viable\/#breadcrumb\"},\"inLanguage\":\"es\",\"potentialAction\":[{\"@type\":\"ReadAction\",\"target\":[\"https:\/\/enlatitud25.com\/news\/deudas-en-informconf-electoralismo-populista-o-una-solucion-viable\/\"]}]},{\"@type\":\"BreadcrumbList\",\"@id\":\"https:\/\/enlatitud25.com\/news\/deudas-en-informconf-electoralismo-populista-o-una-solucion-viable\/#breadcrumb\",\"itemListElement\":[{\"@type\":\"ListItem\",\"position\":1,\"name\":\"Home\",\"item\":\"https:\/\/enlatitud25.com\/news\/\"},{\"@type\":\"ListItem\",\"position\":2,\"name\":\"Deudas en Informconf: \u00bfElectoralismo populista o una soluci\u00f3n viable?\"}]},{\"@type\":\"WebSite\",\"@id\":\"https:\/\/enlatitud25.com\/news\/#website\",\"url\":\"https:\/\/enlatitud25.com\/news\/\",\"name\":\"Latitud25\",\"description\":\"news\",\"publisher\":{\"@id\":\"https:\/\/enlatitud25.com\/news\/#organization\"},\"potentialAction\":[{\"@type\":\"SearchAction\",\"target\":{\"@type\":\"EntryPoint\",\"urlTemplate\":\"https:\/\/enlatitud25.com\/news\/?s={search_term_string}\"},\"query-input\":\"required name=search_term_string\"}],\"inLanguage\":\"es\"},{\"@type\":\"Organization\",\"@id\":\"https:\/\/enlatitud25.com\/news\/#organization\",\"name\":\"Latitud 25 - News\",\"url\":\"https:\/\/enlatitud25.com\/news\/\",\"logo\":{\"@type\":\"ImageObject\",\"inLanguage\":\"es\",\"@id\":\"https:\/\/enlatitud25.com\/news\/#\/schema\/logo\/image\/\",\"url\":\"https:\/\/enlatitud25.com\/news\/wp-content\/uploads\/2020\/11\/logo_latitud.png\",\"contentUrl\":\"https:\/\/enlatitud25.com\/news\/wp-content\/uploads\/2020\/11\/logo_latitud.png\",\"width\":235,\"height\":39,\"caption\":\"Latitud 25 - News\"},\"image\":{\"@id\":\"https:\/\/enlatitud25.com\/news\/#\/schema\/logo\/image\/\"},\"sameAs\":[\"https:\/\/www.facebook.com\/EnLatitud25\",\"https:\/\/twitter.com\/EnLatitud25\",\"https:\/\/www.instagram.com\/enlatitud25\/\",\"https:\/\/www.youtube.com\/user\/desdelatitud25\"]},{\"@type\":\"Person\",\"@id\":\"https:\/\/enlatitud25.com\/news\/#\/schema\/person\/23aafe968917005a721b8eb760f2586e\",\"name\":\"Latitud 25\",\"sameAs\":[\"https:\/\/enlatitud25.com\/news\",\"https:\/\/www.facebook.com\/EnLatitud25\",\"https:\/\/www.instagram.com\/enlatitud25\",\"https:\/\/www.youtube.com\/user\/desdelatitud25\",\"https:\/\/soundcloud.com\/enlatitud25\"],\"url\":\"https:\/\/enlatitud25.com\/news\/author\/nnews-uss00\/\"}]}<\/script>\n<!-- \/ Yoast SEO plugin. -->","yoast_head_json":{"title":"Deudas en Informconf: \u00bfElectoralismo populista o una soluci\u00f3n viable? &ndash; Latitud25","description":"Mir\u00e1 nuestros reportajes audiovisuales y seguinos para enterarte de las \u00faltimas noticias de Paraguay y el mundo, desde la Latitud25. Somos Alternativa de Informaci\u00f3n.","robots":{"index":"index","follow":"follow","max-snippet":"max-snippet:-1","max-image-preview":"max-image-preview:large","max-video-preview":"max-video-preview:-1"},"canonical":"https:\/\/enlatitud25.com\/news\/deudas-en-informconf-electoralismo-populista-o-una-solucion-viable\/","og_locale":"es_ES","og_type":"article","og_title":"Deudas en Informconf: \u00bfElectoralismo populista o una soluci\u00f3n viable? &ndash; Latitud25","og_description":"Mir\u00e1 nuestros reportajes audiovisuales y seguinos para enterarte de las \u00faltimas noticias de Paraguay y el mundo, desde la Latitud25. Somos Alternativa de Informaci\u00f3n.","og_url":"https:\/\/enlatitud25.com\/news\/deudas-en-informconf-electoralismo-populista-o-una-solucion-viable\/","og_site_name":"Latitud25","article_publisher":"https:\/\/www.facebook.com\/EnLatitud25","article_author":"https:\/\/www.facebook.com\/EnLatitud25","article_published_time":"2022-10-11T17:40:25+00:00","article_modified_time":"2022-10-11T17:42:04+00:00","og_image":[{"width":800,"height":500,"url":"https:\/\/enlatitud25.com\/news\/wp-content\/uploads\/2022\/10\/portada_informconf.jpg","type":"image\/jpeg"}],"author":"Latitud 25","twitter_card":"summary_large_image","twitter_creator":"@EnLatitud25","twitter_site":"@EnLatitud25","twitter_misc":{"Escrito por":"Latitud 25","Tiempo de lectura":"5 minutos"},"schema":{"@context":"https:\/\/schema.org","@graph":[{"@type":"Article","@id":"https:\/\/enlatitud25.com\/news\/deudas-en-informconf-electoralismo-populista-o-una-solucion-viable\/#article","isPartOf":{"@id":"https:\/\/enlatitud25.com\/news\/deudas-en-informconf-electoralismo-populista-o-una-solucion-viable\/"},"author":{"name":"Latitud 25","@id":"https:\/\/enlatitud25.com\/news\/#\/schema\/person\/23aafe968917005a721b8eb760f2586e"},"headline":"Deudas en Informconf: \u00bfElectoralismo populista o una soluci\u00f3n viable?","datePublished":"2022-10-11T17:40:25+00:00","dateModified":"2022-10-11T17:42:04+00:00","mainEntityOfPage":{"@id":"https:\/\/enlatitud25.com\/news\/deudas-en-informconf-electoralismo-populista-o-una-solucion-viable\/"},"wordCount":963,"publisher":{"@id":"https:\/\/enlatitud25.com\/news\/#organization"},"keywords":["ayuda social","cr\u00e9dito","deudas","informconf"],"articleSection":["Econom\u00eda"],"inLanguage":"es"},{"@type":"WebPage","@id":"https:\/\/enlatitud25.com\/news\/deudas-en-informconf-electoralismo-populista-o-una-solucion-viable\/","url":"https:\/\/enlatitud25.com\/news\/deudas-en-informconf-electoralismo-populista-o-una-solucion-viable\/","name":"Deudas en Informconf: \u00bfElectoralismo populista o una soluci\u00f3n viable? &ndash; Latitud25","isPartOf":{"@id":"https:\/\/enlatitud25.com\/news\/#website"},"datePublished":"2022-10-11T17:40:25+00:00","dateModified":"2022-10-11T17:42:04+00:00","description":"Mir\u00e1 nuestros reportajes audiovisuales y seguinos para enterarte de las \u00faltimas noticias de Paraguay y el mundo, desde la Latitud25. Somos Alternativa de Informaci\u00f3n.","breadcrumb":{"@id":"https:\/\/enlatitud25.com\/news\/deudas-en-informconf-electoralismo-populista-o-una-solucion-viable\/#breadcrumb"},"inLanguage":"es","potentialAction":[{"@type":"ReadAction","target":["https:\/\/enlatitud25.com\/news\/deudas-en-informconf-electoralismo-populista-o-una-solucion-viable\/"]}]},{"@type":"BreadcrumbList","@id":"https:\/\/enlatitud25.com\/news\/deudas-en-informconf-electoralismo-populista-o-una-solucion-viable\/#breadcrumb","itemListElement":[{"@type":"ListItem","position":1,"name":"Home","item":"https:\/\/enlatitud25.com\/news\/"},{"@type":"ListItem","position":2,"name":"Deudas en Informconf: \u00bfElectoralismo populista o una soluci\u00f3n viable?"}]},{"@type":"WebSite","@id":"https:\/\/enlatitud25.com\/news\/#website","url":"https:\/\/enlatitud25.com\/news\/","name":"Latitud25","description":"news","publisher":{"@id":"https:\/\/enlatitud25.com\/news\/#organization"},"potentialAction":[{"@type":"SearchAction","target":{"@type":"EntryPoint","urlTemplate":"https:\/\/enlatitud25.com\/news\/?s={search_term_string}"},"query-input":"required name=search_term_string"}],"inLanguage":"es"},{"@type":"Organization","@id":"https:\/\/enlatitud25.com\/news\/#organization","name":"Latitud 25 - News","url":"https:\/\/enlatitud25.com\/news\/","logo":{"@type":"ImageObject","inLanguage":"es","@id":"https:\/\/enlatitud25.com\/news\/#\/schema\/logo\/image\/","url":"https:\/\/enlatitud25.com\/news\/wp-content\/uploads\/2020\/11\/logo_latitud.png","contentUrl":"https:\/\/enlatitud25.com\/news\/wp-content\/uploads\/2020\/11\/logo_latitud.png","width":235,"height":39,"caption":"Latitud 25 - News"},"image":{"@id":"https:\/\/enlatitud25.com\/news\/#\/schema\/logo\/image\/"},"sameAs":["https:\/\/www.facebook.com\/EnLatitud25","https:\/\/twitter.com\/EnLatitud25","https:\/\/www.instagram.com\/enlatitud25\/","https:\/\/www.youtube.com\/user\/desdelatitud25"]},{"@type":"Person","@id":"https:\/\/enlatitud25.com\/news\/#\/schema\/person\/23aafe968917005a721b8eb760f2586e","name":"Latitud 25","sameAs":["https:\/\/enlatitud25.com\/news","https:\/\/www.facebook.com\/EnLatitud25","https:\/\/www.instagram.com\/enlatitud25","https:\/\/www.youtube.com\/user\/desdelatitud25","https:\/\/soundcloud.com\/enlatitud25"],"url":"https:\/\/enlatitud25.com\/news\/author\/nnews-uss00\/"}]}},"_links":{"self":[{"href":"https:\/\/enlatitud25.com\/news\/wp-json\/wp\/v2\/posts\/10826"}],"collection":[{"href":"https:\/\/enlatitud25.com\/news\/wp-json\/wp\/v2\/posts"}],"about":[{"href":"https:\/\/enlatitud25.com\/news\/wp-json\/wp\/v2\/types\/post"}],"author":[{"embeddable":true,"href":"https:\/\/enlatitud25.com\/news\/wp-json\/wp\/v2\/users\/1"}],"replies":[{"embeddable":true,"href":"https:\/\/enlatitud25.com\/news\/wp-json\/wp\/v2\/comments?post=10826"}],"version-history":[{"count":22,"href":"https:\/\/enlatitud25.com\/news\/wp-json\/wp\/v2\/posts\/10826\/revisions"}],"predecessor-version":[{"id":10859,"href":"https:\/\/enlatitud25.com\/news\/wp-json\/wp\/v2\/posts\/10826\/revisions\/10859"}],"wp:featuredmedia":[{"embeddable":true,"href":"https:\/\/enlatitud25.com\/news\/wp-json\/wp\/v2\/media\/10829"}],"wp:attachment":[{"href":"https:\/\/enlatitud25.com\/news\/wp-json\/wp\/v2\/media?parent=10826"}],"wp:term":[{"taxonomy":"category","embeddable":true,"href":"https:\/\/enlatitud25.com\/news\/wp-json\/wp\/v2\/categories?post=10826"},{"taxonomy":"post_tag","embeddable":true,"href":"https:\/\/enlatitud25.com\/news\/wp-json\/wp\/v2\/tags?post=10826"},{"taxonomy":"ubicacion","embeddable":true,"href":"https:\/\/enlatitud25.com\/news\/wp-json\/wp\/v2\/ubicacion?post=10826"}],"curies":[{"name":"wp","href":"https:\/\/api.w.org\/{rel}","templated":true}]}}