{"id":10784,"date":"2022-10-07T20:56:58","date_gmt":"2022-10-07T20:56:58","guid":{"rendered":"https:\/\/enlatitud25.com\/news\/?p=10784"},"modified":"2022-10-07T21:08:03","modified_gmt":"2022-10-07T21:08:03","slug":"el-burn-out-que-tienen-los-medicos-podria-afectar-a-todo-el-sistema-de-salud","status":"publish","type":"post","link":"https:\/\/enlatitud25.com\/news\/el-burn-out-que-tienen-los-medicos-podria-afectar-a-todo-el-sistema-de-salud\/","title":{"rendered":"El burn-out que tienen los m\u00e9dicos podr\u00eda afectar a todo el sistema de salud"},"content":{"rendered":"\n<p>A inicios de octubre, se public\u00f3 un estudio acerca del Burnout en m\u00e9dicos paraguayos en la revista cient\u00edfica<em> Irish Journal of Psychological Medicine<\/em>, investigaci\u00f3n que fue editada por la Universidad de Cambridge. Este trabajo fue realizado por investigadores nacionales en salud mental, en colaboraci\u00f3n con especialistas extranjeros. <\/p>\n\n\n\n<p>La muestra incluy\u00f3 como participantes a 747 trabajadores de la salud paraguayos, de 24 a 77 a\u00f1os de edad, de ambos sexos. Seg\u00fan estas cifras, casi 9 de cada 10 m\u00e9dicos presentaron <strong>s\u00edndrome de burnout<\/strong>. Es decir, se registraron puntuaciones cl\u00ednicamente significativas de agotamiento emocional y desapego en el 88,1% de los participantes.<\/p>\n\n\n\n<p>El objetivo de este estudio fue investigar las propiedades psicom\u00e9tricas de la versi\u00f3n en espa\u00f1ol de la Escala de Estigma de Estr\u00e9s Ocupacional para M\u00e9dicos (SOSS-D) y los factores asociados con el Desgaste M\u00e9dico en Paraguay.<\/p>\n\n\n\n<p>El burnout o s\u00edndrome de quemado, se comprende como un agotamiento laboral extremo. Si bien, cualquier trabajador puede tenerlo, se estudia principalmente en profesionales de la medicina, porque suelen experimentar un alto grado de estr\u00e9s en el trabajo.<\/p>\n\n\n\n<p>Se caracteriza por el agotamiento emocional, la despersonalizaci\u00f3n y una baja realizaci\u00f3n personal. En Paraguay, este s\u00edndrome se ha registrado tanto en profesionales, como en estudiantes de medicina. <\/p>\n\n\n\n<figure class=\"wp-block-image size-full\"><img decoding=\"async\" loading=\"lazy\" width=\"800\" height=\"500\" src=\"https:\/\/enlatitud25.com\/news\/wp-content\/uploads\/2022\/10\/pag2_Burnout_medicos.jpg\" alt=\"\" class=\"wp-image-10804\" srcset=\"https:\/\/enlatitud25.com\/news\/wp-content\/uploads\/2022\/10\/pag2_Burnout_medicos.jpg 800w, https:\/\/enlatitud25.com\/news\/wp-content\/uploads\/2022\/10\/pag2_Burnout_medicos-300x188.jpg 300w, https:\/\/enlatitud25.com\/news\/wp-content\/uploads\/2022\/10\/pag2_Burnout_medicos-768x480.jpg 768w, https:\/\/enlatitud25.com\/news\/wp-content\/uploads\/2022\/10\/pag2_Burnout_medicos-380x238.jpg 380w\" sizes=\"(max-width: 800px) 100vw, 800px\" \/><\/figure>\n\n\n\n<p>&#8220;Los resultados del Inventario de Burnout de Oldenburg (OLBI) indican una desconexi\u00f3n cl\u00ednicamente significativa en el 85,9% y un agotamiento cl\u00ednicamente significativo en el 91,6% de los participantes. De los 747 participantes, 57,6% relataron consumo de bebidas alcoh\u00f3licas y entre ellos, 19,3% ten\u00edan consumo problem\u00e1tico de alcohol seg\u00fan el cuestionario CAGE&#8221;, se\u00f1ala el Dr. Julio Torales, uno de los realizadores de la investigaci\u00f3n.<\/p>\n\n\n\n<h5 id=\"otros-efectos-del-burnout-en-los-trabajadores\" class=\"wp-block-heading\">Otros efectos del burnout en los trabajadores<\/h5>\n\n\n\n<p>Adem\u00e1s de los problemas de salud mental o emocionales que puede generar este estr\u00e9s laboral, existe una alta probabilidad de que las personas con estos problemas, los somaticen y presenten otros s\u00edntomas fisiol\u00f3gicos como: problemas cardiovasculares, gastrointestinales o inmunol\u00f3gicos, seg\u00fan se\u00f1ala a trav\u00e9s de un art\u00edculo, Carmen Bueno,<a href=\"https:\/\/www.ilo.org\/santiago\/publicaciones\/reflexiones-trabajo\/WCMS_757609\/lang--es\/index.htm\" target=\"_blank\" rel=\"noreferrer noopener\"> especialista en Seguridad y Salud en el Trabajo<\/a>, Oficina de la Organizaci\u00f3n Internacional del Trabajo para el Cono Sur de Am\u00e9rica Latina.<\/p>\n\n\n\n<p>Asimismo la nota indica que existe un alto riesgo de que estas personas adopten conductas de afrontamiento no saludables, tales como el abuso de alcohol y drogas o trastornos alimenticios, sin olvidar que el estr\u00e9s se asocia a una mayor probabilidad de sufrir accidentes.<\/p>\n\n\n\n<p><strong>Le\u00e9 m\u00e1s: <a href=\"https:\/\/enlatitud25.com\/news\/sin-ganas-de-ir-al-trabajo-pero-tampoco-podes-parar-quizas-es-mas-que-una-simple-pereza\/\" target=\"_blank\" rel=\"noreferrer noopener\">\u00bfSin ganas de ir al trabajo pero tampoco pod\u00e9s parar? Quiz\u00e1s es m\u00e1s que una simple pereza<\/a><\/strong><\/p>\n\n\n\n<h5 id=\"como-puede-afectar-en-el-sistema-de-salud\" class=\"wp-block-heading\">\u00bfC\u00f3mo puede afectar en el sistema de salud?<\/h5>\n\n\n\n<p>El Dr. Torales, explic\u00f3 en contacto con Latitud25, algunas de las consecuencias de no tratar este s\u00edndrome como corresponde, genera, por ejemplo, una baja realizaci\u00f3n profesional y un agotamiento extremo en el trabajo. <\/p>\n\n\n\n<p>&#8220;Son personas que nunca logran nada, trabajan peor, atienden peor y cometen una mayor cantidad de errores m\u00e9dicos de diagn\u00f3stico y de tratamiento, en comparaci\u00f3n a un profesional que no tiene burnout. Entonces lo que pasa es que tenemos a enfermos que est\u00e1n cuidando m\u00e9dicos, con esta situaci\u00f3n&#8221;, expres\u00f3. <\/p>\n\n\n\n<figure class=\"wp-block-image size-full\"><img decoding=\"async\" loading=\"lazy\" width=\"800\" height=\"500\" src=\"https:\/\/enlatitud25.com\/news\/wp-content\/uploads\/2022\/10\/pag1_Burnout_medicos.jpg\" alt=\"\" class=\"wp-image-10805\" srcset=\"https:\/\/enlatitud25.com\/news\/wp-content\/uploads\/2022\/10\/pag1_Burnout_medicos.jpg 800w, https:\/\/enlatitud25.com\/news\/wp-content\/uploads\/2022\/10\/pag1_Burnout_medicos-300x188.jpg 300w, https:\/\/enlatitud25.com\/news\/wp-content\/uploads\/2022\/10\/pag1_Burnout_medicos-768x480.jpg 768w, https:\/\/enlatitud25.com\/news\/wp-content\/uploads\/2022\/10\/pag1_Burnout_medicos-380x238.jpg 380w\" sizes=\"(max-width: 800px) 100vw, 800px\" \/><\/figure>\n\n\n\n<p>Cabe se\u00f1alar que este s\u00edndrome es relativamente nuevo. Reci\u00e9n desde el 1 de enero este a\u00f1o, el <strong>Burnout<\/strong> figura en la Clasificaci\u00f3n Internacional de Enfermedades (CIE-11).<\/p>\n\n\n\n<h5 id=\"estigmas-y-dificil-acceso\" class=\"wp-block-heading\">Estigmas y dif\u00edcil acceso<\/h5>\n\n\n\n<p>La tasa de b\u00fasqueda de ayuda para afrontar el estr\u00e9s laboral y emocional sigue siendo baja entre los profesionales de la Medicina. Algunos estudios informan que solo 1 de cada 4 m\u00e9dicos deprimidos busca ayuda profesional.<\/p>\n\n\n\n<p>En ese contexto, el especialista en salud mental, consider\u00f3 que la mayor\u00eda de los profesionales se dan cuenta de que se sienten mal, pero tienen miedo de los estigmas y por eso no buscan ayuda.<\/p>\n\n\n\n<p>&#8220;El tema es mostrarse vulnerables; faltan pol\u00edticas y planes de acci\u00f3n sistem\u00e1ticos, que permitan que las personas accedan a consulta, porque la consulta no es amigable o ellos tienen miedo del juzgamiento que van a tener de sus propios pares y de la sociedad&#8221;, resalt\u00f3. <\/p>\n\n\n\n<p>Acot\u00f3 que normalmente, en el campo de la medicina, los profesionales temen que si alguien los ve &#8220;sobrepasados&#8221;, se les vaya a cuestionar su calidad como m\u00e9dicos.<\/p>\n\n\n\n<p>&#8220;Ac\u00e1 hay esa idea casi m\u00edstica de la vocaci\u00f3n, de que el m\u00e9dico no se puede cansar, que no puede estar estresado, que tiene que estar 24\/7 a la semana disponible y eso es mentira. Ese misticismo que se le da hace que la gente piense que no tiene derecho a sentirse mal y que no puede ir a consulta por eso. Hay gente que se quema&#8221;, enfatiz\u00f3.<\/p>\n\n\n\n<h5 id=\"residentes-bajo-salario-y-exceso-de-trabajos-extras\" class=\"wp-block-heading\">Residentes: Bajo salario y exceso de trabajos extras<\/h5>\n\n\n\n<p>La doctora <strong>Yolanda Gonz\u00e1lez<\/strong>, directora del Hospital Nacional de Itaugu\u00e1, habl\u00f3 al respecto con Latitud25. Reconoci\u00f3 que el mayor problema de <strong>burnout<\/strong> est\u00e1 en los m\u00e9dicos de formaci\u00f3n. <\/p>\n\n\n\n<p>En el Hospital Nacional hay cerca de 360 residentes, en la actualidad. Acot\u00f3 que est\u00e1n poniendo m\u00e1s \u00e9nfasis en contenerlos, porque son quienes tienen mayor afectaci\u00f3n. Consider\u00f3 que esto se debe, principalmente a los bajos pagos que reciben, lo cual los lleva al multi-empleo. <\/p>\n\n\n\n<figure class=\"wp-block-image size-full\"><img decoding=\"async\" loading=\"lazy\" width=\"800\" height=\"500\" src=\"https:\/\/enlatitud25.com\/news\/wp-content\/uploads\/2022\/10\/pag3_Burnout_medicos.jpg\" alt=\"\" class=\"wp-image-10806\" srcset=\"https:\/\/enlatitud25.com\/news\/wp-content\/uploads\/2022\/10\/pag3_Burnout_medicos.jpg 800w, https:\/\/enlatitud25.com\/news\/wp-content\/uploads\/2022\/10\/pag3_Burnout_medicos-300x188.jpg 300w, https:\/\/enlatitud25.com\/news\/wp-content\/uploads\/2022\/10\/pag3_Burnout_medicos-768x480.jpg 768w, https:\/\/enlatitud25.com\/news\/wp-content\/uploads\/2022\/10\/pag3_Burnout_medicos-380x238.jpg 380w\" sizes=\"(max-width: 800px) 100vw, 800px\" \/><\/figure>\n\n\n\n<p>&#8220;No trabajan solo en un lugar. No son bien pagados, entonces tienen que deambular de un trabajo a otro y eso les lleva a un extremo. Siempre el multiempleo es un problema, lo interesante ser\u00eda concentrar el trabajo en un solo lugar y que puedan hacerlo cerca de sus casas&#8221;, refiri\u00f3.<\/p>\n\n\n\n<p>Dijo adem\u00e1s que los profesionales de salud en formaci\u00f3n no alcanzan a ganar G. 4 millones y la exigencia de horarios es muy alta. &#8220;La mayor\u00eda de los problemas de salud mental e intentos de suicidio se dan en los residentes&#8221;, reiter\u00f3. <\/p>\n\n\n\n<p><\/p>\n\n\n\n<h5 id=\"el-burnout-en-estudiantes\" class=\"wp-block-heading\">El burnout en estudiantes<\/h5>\n\n\n\n<p>Alejandra Olmedo, representante estudiantil ante el Consejo de la Facultad de Medicina UNA, habl\u00f3 con Latitud25 desde su experiencia. <\/p>\n\n\n\n<p>Coment\u00f3, en un primer momento, acerca de que la carrera de medicina se conoce como una carrera de resistencia m\u00e1s que de inteligencia. &#8220;Desde que hacemos inmersi\u00f3n en el mundo de la salud, nos encontramos con la creencia de que tenemos que soportar sin descanso y en el proceso generar resiliencia a fin de ser suficientemente capaces&#8221;, indic\u00f3. <\/p>\n\n\n\n<p><br>Agreg\u00f3 que personalmente en dos momentos de la carrera lleg\u00f3 a padecer de burnout y en ambas ocasiones se dieron en circunstancias en las que no hab\u00eda margen de error tanto en la exigencia acad\u00e9mica como en el porcentaje de asistencia requerido. <\/p>\n\n\n\n<p>&#8220;Creo firmemente que deben establecerse las exigencias acad\u00e9micas y los correspondientes criterios de calidad, teniendo en cuenta los par\u00e1metros que aseguran el bienestar f\u00edsico y personal&#8221;, subray\u00f3. <\/p>\n\n\n\n<p>Adem\u00e1s, hizo referencia a que se debe fomentar comunidades educativas conscientes de esta realidad y que ayuden verdaderamente a mejorar la situaci\u00f3n de los estudiantes. <\/p>\n\n\n\n<h5 id=\"un-grupo-de-psicologos-para-contener\" class=\"wp-block-heading\">Un grupo de psic\u00f3logos para contener<\/h5>\n\n\n\n<p>La doctora Yolanda Gonz\u00e1lez afirm\u00f3 que en Itaugu\u00e1 tienen un grupo de psic\u00f3logos para atender a los profesionales que necesitan contenci\u00f3n. <\/p>\n\n\n\n<p>No obstante, reconoci\u00f3 que es complicado contar con un psiquiatra. En ese punto, cabe recordar que en Paraguay, hay solamente cerca de 100 psiquiatras. Esta cantidad es escasa, para un pa\u00eds que supera los 7 millones de habitantes.  <\/p>\n\n\n\n<p>Justamente, el psiquiatra Julio Torales reconoci\u00f3 la escasez de psiquiatras en el pa\u00eds y se\u00f1al\u00f3 que se puede trabajar con los psic\u00f3logos para mantener la misma l\u00ednea de atenci\u00f3n.<\/p>\n\n\n\n<p>En cuanto a tratar el burnout, sostuvo que las grandes empresas tienen un seguimiento de la salud mental de sus funcionarios y remarc\u00f3 que eso es lo que se debe instalar en los hospitales. &#8220;No tenemos instalado eso, necesitamos un departamento propio en cada hospital, como lo tenemos ac\u00e1 en el Hospital de Cl\u00ednica&#8221;, puntualiz\u00f3. <\/p>\n\n\n\n<p>&#8220;Nuestros hallazgos sugieren la urgente necesidad de establecer programas permanentes para la prevenci\u00f3n y atenci\u00f3n de la salud mental entre los m\u00e9dicos y otros profesionales de la salud vulnerables al Burnout&#8221;, concluy\u00f3.<\/p>\n","protected":false},"excerpt":{"rendered":"El burnout es un s\u00edndrome que afecta a la salud mental de las personas, pero tambi\u00e9n puede afectar a todo el sistema de salud atendiendo la alta incidencia en m\u00e9dicos. Seg\u00fan un reciente estudio elaborado por investigadores paraguayos y publicado en la prestigiosa revista cient\u00edfica Irish Journal of Psychological Medicine, el burnout puede provocar errores en el desempe\u00f1o laboral, por lo que pasa de ser un problema personal, a uno colectivo, y de graves implicancias.\n","protected":false},"author":1,"featured_media":10803,"comment_status":"closed","ping_status":"closed","sticky":false,"template":"","format":"standard","meta":[],"categories":[20],"tags":[1224,1223,842,1225,1226],"ubicacion":[17],"yoast_head":"<!-- This site is optimized with the Yoast SEO plugin v20.8 - https:\/\/yoast.com\/wordpress\/plugins\/seo\/ -->\n<title>El burn-out que tienen los m\u00e9dicos podr\u00eda afectar a todo el sistema de salud &ndash; Latitud25<\/title>\n<meta name=\"description\" content=\"Mir\u00e1 nuestros reportajes audiovisuales y seguinos para enterarte de las \u00faltimas noticias de Paraguay y el mundo, desde la Latitud25. Somos Alternativa de Informaci\u00f3n.\" \/>\n<meta name=\"robots\" content=\"index, follow, max-snippet:-1, max-image-preview:large, max-video-preview:-1\" \/>\n<link rel=\"canonical\" href=\"https:\/\/enlatitud25.com\/news\/el-burn-out-que-tienen-los-medicos-podria-afectar-a-todo-el-sistema-de-salud\/\" \/>\n<meta property=\"og:locale\" content=\"es_ES\" \/>\n<meta property=\"og:type\" content=\"article\" \/>\n<meta property=\"og:title\" content=\"El burn-out que tienen los m\u00e9dicos podr\u00eda afectar a todo el sistema de salud &ndash; Latitud25\" \/>\n<meta property=\"og:description\" content=\"Mir\u00e1 nuestros reportajes audiovisuales y seguinos para enterarte de las \u00faltimas noticias de Paraguay y el mundo, desde la Latitud25. Somos Alternativa de Informaci\u00f3n.\" \/>\n<meta property=\"og:url\" content=\"https:\/\/enlatitud25.com\/news\/el-burn-out-que-tienen-los-medicos-podria-afectar-a-todo-el-sistema-de-salud\/\" \/>\n<meta property=\"og:site_name\" content=\"Latitud25\" \/>\n<meta property=\"article:publisher\" content=\"https:\/\/www.facebook.com\/EnLatitud25\" \/>\n<meta property=\"article:author\" content=\"https:\/\/www.facebook.com\/EnLatitud25\" \/>\n<meta property=\"article:published_time\" content=\"2022-10-07T20:56:58+00:00\" \/>\n<meta property=\"article:modified_time\" content=\"2022-10-07T21:08:03+00:00\" \/>\n<meta property=\"og:image\" content=\"https:\/\/enlatitud25.com\/news\/wp-content\/uploads\/2022\/10\/Portada_Burnout_medicos-1.jpg\" \/>\n\t<meta property=\"og:image:width\" content=\"800\" \/>\n\t<meta property=\"og:image:height\" content=\"500\" \/>\n\t<meta property=\"og:image:type\" content=\"image\/jpeg\" \/>\n<meta name=\"author\" content=\"Latitud 25\" \/>\n<meta name=\"twitter:card\" content=\"summary_large_image\" \/>\n<meta name=\"twitter:creator\" content=\"@EnLatitud25\" \/>\n<meta name=\"twitter:site\" content=\"@EnLatitud25\" \/>\n<meta name=\"twitter:label1\" content=\"Escrito por\" \/>\n\t<meta name=\"twitter:data1\" content=\"Latitud 25\" \/>\n\t<meta name=\"twitter:label2\" content=\"Tiempo de lectura\" \/>\n\t<meta name=\"twitter:data2\" content=\"7 minutos\" \/>\n<script type=\"application\/ld+json\" class=\"yoast-schema-graph\">{\"@context\":\"https:\/\/schema.org\",\"@graph\":[{\"@type\":\"Article\",\"@id\":\"https:\/\/enlatitud25.com\/news\/el-burn-out-que-tienen-los-medicos-podria-afectar-a-todo-el-sistema-de-salud\/#article\",\"isPartOf\":{\"@id\":\"https:\/\/enlatitud25.com\/news\/el-burn-out-que-tienen-los-medicos-podria-afectar-a-todo-el-sistema-de-salud\/\"},\"author\":{\"name\":\"Latitud 25\",\"@id\":\"https:\/\/enlatitud25.com\/news\/#\/schema\/person\/23aafe968917005a721b8eb760f2586e\"},\"headline\":\"El burn-out que tienen los m\u00e9dicos podr\u00eda afectar a todo el sistema de salud\",\"datePublished\":\"2022-10-07T20:56:58+00:00\",\"dateModified\":\"2022-10-07T21:08:03+00:00\",\"mainEntityOfPage\":{\"@id\":\"https:\/\/enlatitud25.com\/news\/el-burn-out-que-tienen-los-medicos-podria-afectar-a-todo-el-sistema-de-salud\/\"},\"wordCount\":1366,\"publisher\":{\"@id\":\"https:\/\/enlatitud25.com\/news\/#organization\"},\"keywords\":[\"agotamiento generalizado\",\"burnout\",\"estudio\",\"m\u00e9dicos\",\"profesionales\"],\"articleSection\":[\"Salud\"],\"inLanguage\":\"es\"},{\"@type\":\"WebPage\",\"@id\":\"https:\/\/enlatitud25.com\/news\/el-burn-out-que-tienen-los-medicos-podria-afectar-a-todo-el-sistema-de-salud\/\",\"url\":\"https:\/\/enlatitud25.com\/news\/el-burn-out-que-tienen-los-medicos-podria-afectar-a-todo-el-sistema-de-salud\/\",\"name\":\"El burn-out que tienen los m\u00e9dicos podr\u00eda afectar a todo el sistema de salud &ndash; Latitud25\",\"isPartOf\":{\"@id\":\"https:\/\/enlatitud25.com\/news\/#website\"},\"datePublished\":\"2022-10-07T20:56:58+00:00\",\"dateModified\":\"2022-10-07T21:08:03+00:00\",\"description\":\"Mir\u00e1 nuestros reportajes audiovisuales y seguinos para enterarte de las \u00faltimas noticias de Paraguay y el mundo, desde la Latitud25. Somos Alternativa de Informaci\u00f3n.\",\"breadcrumb\":{\"@id\":\"https:\/\/enlatitud25.com\/news\/el-burn-out-que-tienen-los-medicos-podria-afectar-a-todo-el-sistema-de-salud\/#breadcrumb\"},\"inLanguage\":\"es\",\"potentialAction\":[{\"@type\":\"ReadAction\",\"target\":[\"https:\/\/enlatitud25.com\/news\/el-burn-out-que-tienen-los-medicos-podria-afectar-a-todo-el-sistema-de-salud\/\"]}]},{\"@type\":\"BreadcrumbList\",\"@id\":\"https:\/\/enlatitud25.com\/news\/el-burn-out-que-tienen-los-medicos-podria-afectar-a-todo-el-sistema-de-salud\/#breadcrumb\",\"itemListElement\":[{\"@type\":\"ListItem\",\"position\":1,\"name\":\"Home\",\"item\":\"https:\/\/enlatitud25.com\/news\/\"},{\"@type\":\"ListItem\",\"position\":2,\"name\":\"El burn-out que tienen los m\u00e9dicos podr\u00eda afectar a todo el sistema de salud\"}]},{\"@type\":\"WebSite\",\"@id\":\"https:\/\/enlatitud25.com\/news\/#website\",\"url\":\"https:\/\/enlatitud25.com\/news\/\",\"name\":\"Latitud25\",\"description\":\"news\",\"publisher\":{\"@id\":\"https:\/\/enlatitud25.com\/news\/#organization\"},\"potentialAction\":[{\"@type\":\"SearchAction\",\"target\":{\"@type\":\"EntryPoint\",\"urlTemplate\":\"https:\/\/enlatitud25.com\/news\/?s={search_term_string}\"},\"query-input\":\"required name=search_term_string\"}],\"inLanguage\":\"es\"},{\"@type\":\"Organization\",\"@id\":\"https:\/\/enlatitud25.com\/news\/#organization\",\"name\":\"Latitud 25 - News\",\"url\":\"https:\/\/enlatitud25.com\/news\/\",\"logo\":{\"@type\":\"ImageObject\",\"inLanguage\":\"es\",\"@id\":\"https:\/\/enlatitud25.com\/news\/#\/schema\/logo\/image\/\",\"url\":\"https:\/\/enlatitud25.com\/news\/wp-content\/uploads\/2020\/11\/logo_latitud.png\",\"contentUrl\":\"https:\/\/enlatitud25.com\/news\/wp-content\/uploads\/2020\/11\/logo_latitud.png\",\"width\":235,\"height\":39,\"caption\":\"Latitud 25 - News\"},\"image\":{\"@id\":\"https:\/\/enlatitud25.com\/news\/#\/schema\/logo\/image\/\"},\"sameAs\":[\"https:\/\/www.facebook.com\/EnLatitud25\",\"https:\/\/twitter.com\/EnLatitud25\",\"https:\/\/www.instagram.com\/enlatitud25\/\",\"https:\/\/www.youtube.com\/user\/desdelatitud25\"]},{\"@type\":\"Person\",\"@id\":\"https:\/\/enlatitud25.com\/news\/#\/schema\/person\/23aafe968917005a721b8eb760f2586e\",\"name\":\"Latitud 25\",\"sameAs\":[\"https:\/\/enlatitud25.com\/news\",\"https:\/\/www.facebook.com\/EnLatitud25\",\"https:\/\/www.instagram.com\/enlatitud25\",\"https:\/\/www.youtube.com\/user\/desdelatitud25\",\"https:\/\/soundcloud.com\/enlatitud25\"],\"url\":\"https:\/\/enlatitud25.com\/news\/author\/nnews-uss00\/\"}]}<\/script>\n<!-- \/ Yoast SEO plugin. -->","yoast_head_json":{"title":"El burn-out que tienen los m\u00e9dicos podr\u00eda afectar a todo el sistema de salud &ndash; Latitud25","description":"Mir\u00e1 nuestros reportajes audiovisuales y seguinos para enterarte de las \u00faltimas noticias de Paraguay y el mundo, desde la Latitud25. Somos Alternativa de Informaci\u00f3n.","robots":{"index":"index","follow":"follow","max-snippet":"max-snippet:-1","max-image-preview":"max-image-preview:large","max-video-preview":"max-video-preview:-1"},"canonical":"https:\/\/enlatitud25.com\/news\/el-burn-out-que-tienen-los-medicos-podria-afectar-a-todo-el-sistema-de-salud\/","og_locale":"es_ES","og_type":"article","og_title":"El burn-out que tienen los m\u00e9dicos podr\u00eda afectar a todo el sistema de salud &ndash; Latitud25","og_description":"Mir\u00e1 nuestros reportajes audiovisuales y seguinos para enterarte de las \u00faltimas noticias de Paraguay y el mundo, desde la Latitud25. Somos Alternativa de Informaci\u00f3n.","og_url":"https:\/\/enlatitud25.com\/news\/el-burn-out-que-tienen-los-medicos-podria-afectar-a-todo-el-sistema-de-salud\/","og_site_name":"Latitud25","article_publisher":"https:\/\/www.facebook.com\/EnLatitud25","article_author":"https:\/\/www.facebook.com\/EnLatitud25","article_published_time":"2022-10-07T20:56:58+00:00","article_modified_time":"2022-10-07T21:08:03+00:00","og_image":[{"width":800,"height":500,"url":"https:\/\/enlatitud25.com\/news\/wp-content\/uploads\/2022\/10\/Portada_Burnout_medicos-1.jpg","type":"image\/jpeg"}],"author":"Latitud 25","twitter_card":"summary_large_image","twitter_creator":"@EnLatitud25","twitter_site":"@EnLatitud25","twitter_misc":{"Escrito por":"Latitud 25","Tiempo de lectura":"7 minutos"},"schema":{"@context":"https:\/\/schema.org","@graph":[{"@type":"Article","@id":"https:\/\/enlatitud25.com\/news\/el-burn-out-que-tienen-los-medicos-podria-afectar-a-todo-el-sistema-de-salud\/#article","isPartOf":{"@id":"https:\/\/enlatitud25.com\/news\/el-burn-out-que-tienen-los-medicos-podria-afectar-a-todo-el-sistema-de-salud\/"},"author":{"name":"Latitud 25","@id":"https:\/\/enlatitud25.com\/news\/#\/schema\/person\/23aafe968917005a721b8eb760f2586e"},"headline":"El burn-out que tienen los m\u00e9dicos podr\u00eda afectar a todo el sistema de salud","datePublished":"2022-10-07T20:56:58+00:00","dateModified":"2022-10-07T21:08:03+00:00","mainEntityOfPage":{"@id":"https:\/\/enlatitud25.com\/news\/el-burn-out-que-tienen-los-medicos-podria-afectar-a-todo-el-sistema-de-salud\/"},"wordCount":1366,"publisher":{"@id":"https:\/\/enlatitud25.com\/news\/#organization"},"keywords":["agotamiento generalizado","burnout","estudio","m\u00e9dicos","profesionales"],"articleSection":["Salud"],"inLanguage":"es"},{"@type":"WebPage","@id":"https:\/\/enlatitud25.com\/news\/el-burn-out-que-tienen-los-medicos-podria-afectar-a-todo-el-sistema-de-salud\/","url":"https:\/\/enlatitud25.com\/news\/el-burn-out-que-tienen-los-medicos-podria-afectar-a-todo-el-sistema-de-salud\/","name":"El burn-out que tienen los m\u00e9dicos podr\u00eda afectar a todo el sistema de salud &ndash; Latitud25","isPartOf":{"@id":"https:\/\/enlatitud25.com\/news\/#website"},"datePublished":"2022-10-07T20:56:58+00:00","dateModified":"2022-10-07T21:08:03+00:00","description":"Mir\u00e1 nuestros reportajes audiovisuales y seguinos para enterarte de las \u00faltimas noticias de Paraguay y el mundo, desde la Latitud25. Somos Alternativa de Informaci\u00f3n.","breadcrumb":{"@id":"https:\/\/enlatitud25.com\/news\/el-burn-out-que-tienen-los-medicos-podria-afectar-a-todo-el-sistema-de-salud\/#breadcrumb"},"inLanguage":"es","potentialAction":[{"@type":"ReadAction","target":["https:\/\/enlatitud25.com\/news\/el-burn-out-que-tienen-los-medicos-podria-afectar-a-todo-el-sistema-de-salud\/"]}]},{"@type":"BreadcrumbList","@id":"https:\/\/enlatitud25.com\/news\/el-burn-out-que-tienen-los-medicos-podria-afectar-a-todo-el-sistema-de-salud\/#breadcrumb","itemListElement":[{"@type":"ListItem","position":1,"name":"Home","item":"https:\/\/enlatitud25.com\/news\/"},{"@type":"ListItem","position":2,"name":"El burn-out que tienen los m\u00e9dicos podr\u00eda afectar a todo el sistema de salud"}]},{"@type":"WebSite","@id":"https:\/\/enlatitud25.com\/news\/#website","url":"https:\/\/enlatitud25.com\/news\/","name":"Latitud25","description":"news","publisher":{"@id":"https:\/\/enlatitud25.com\/news\/#organization"},"potentialAction":[{"@type":"SearchAction","target":{"@type":"EntryPoint","urlTemplate":"https:\/\/enlatitud25.com\/news\/?s={search_term_string}"},"query-input":"required name=search_term_string"}],"inLanguage":"es"},{"@type":"Organization","@id":"https:\/\/enlatitud25.com\/news\/#organization","name":"Latitud 25 - News","url":"https:\/\/enlatitud25.com\/news\/","logo":{"@type":"ImageObject","inLanguage":"es","@id":"https:\/\/enlatitud25.com\/news\/#\/schema\/logo\/image\/","url":"https:\/\/enlatitud25.com\/news\/wp-content\/uploads\/2020\/11\/logo_latitud.png","contentUrl":"https:\/\/enlatitud25.com\/news\/wp-content\/uploads\/2020\/11\/logo_latitud.png","width":235,"height":39,"caption":"Latitud 25 - News"},"image":{"@id":"https:\/\/enlatitud25.com\/news\/#\/schema\/logo\/image\/"},"sameAs":["https:\/\/www.facebook.com\/EnLatitud25","https:\/\/twitter.com\/EnLatitud25","https:\/\/www.instagram.com\/enlatitud25\/","https:\/\/www.youtube.com\/user\/desdelatitud25"]},{"@type":"Person","@id":"https:\/\/enlatitud25.com\/news\/#\/schema\/person\/23aafe968917005a721b8eb760f2586e","name":"Latitud 25","sameAs":["https:\/\/enlatitud25.com\/news","https:\/\/www.facebook.com\/EnLatitud25","https:\/\/www.instagram.com\/enlatitud25","https:\/\/www.youtube.com\/user\/desdelatitud25","https:\/\/soundcloud.com\/enlatitud25"],"url":"https:\/\/enlatitud25.com\/news\/author\/nnews-uss00\/"}]}},"_links":{"self":[{"href":"https:\/\/enlatitud25.com\/news\/wp-json\/wp\/v2\/posts\/10784"}],"collection":[{"href":"https:\/\/enlatitud25.com\/news\/wp-json\/wp\/v2\/posts"}],"about":[{"href":"https:\/\/enlatitud25.com\/news\/wp-json\/wp\/v2\/types\/post"}],"author":[{"embeddable":true,"href":"https:\/\/enlatitud25.com\/news\/wp-json\/wp\/v2\/users\/1"}],"replies":[{"embeddable":true,"href":"https:\/\/enlatitud25.com\/news\/wp-json\/wp\/v2\/comments?post=10784"}],"version-history":[{"count":19,"href":"https:\/\/enlatitud25.com\/news\/wp-json\/wp\/v2\/posts\/10784\/revisions"}],"predecessor-version":[{"id":10824,"href":"https:\/\/enlatitud25.com\/news\/wp-json\/wp\/v2\/posts\/10784\/revisions\/10824"}],"wp:featuredmedia":[{"embeddable":true,"href":"https:\/\/enlatitud25.com\/news\/wp-json\/wp\/v2\/media\/10803"}],"wp:attachment":[{"href":"https:\/\/enlatitud25.com\/news\/wp-json\/wp\/v2\/media?parent=10784"}],"wp:term":[{"taxonomy":"category","embeddable":true,"href":"https:\/\/enlatitud25.com\/news\/wp-json\/wp\/v2\/categories?post=10784"},{"taxonomy":"post_tag","embeddable":true,"href":"https:\/\/enlatitud25.com\/news\/wp-json\/wp\/v2\/tags?post=10784"},{"taxonomy":"ubicacion","embeddable":true,"href":"https:\/\/enlatitud25.com\/news\/wp-json\/wp\/v2\/ubicacion?post=10784"}],"curies":[{"name":"wp","href":"https:\/\/api.w.org\/{rel}","templated":true}]}}