{"id":10645,"date":"2022-09-30T18:33:53","date_gmt":"2022-09-30T18:33:53","guid":{"rendered":"https:\/\/enlatitud25.com\/news\/?p=10645"},"modified":"2022-09-30T18:55:59","modified_gmt":"2022-09-30T18:55:59","slug":"ojala-los-padres-realmente-se-involucren-reclaman-desde-el-pnte","status":"publish","type":"post","link":"https:\/\/enlatitud25.com\/news\/ojala-los-padres-realmente-se-involucren-reclaman-desde-el-pnte\/","title":{"rendered":"&#8220;Ojal\u00e1 los padres realmente se involucren&#8221;, reclaman desde el PNTE"},"content":{"rendered":"\n<p>Paraguay ha logrado construir en las \u00faltimas d\u00e9cadas una imagen exterior de pa\u00eds joven, s\u00f3lido econ\u00f3micamente y atractivo para inversiones, por su abundancia energ\u00e9tica, su mano de obra de calidad y sus bajos impuestos. A nuestro pa\u00eds se lo reconoce como un pa\u00eds beneficiado por su ventaja demogr\u00e1fica, en comparaci\u00f3n con otros pa\u00edses de la regi\u00f3n.<\/p>\n\n\n\n<p>Pero si se analiza a la educaci\u00f3n, como un aspecto fundamental para aprovechar esta coyuntura demogr\u00e1fica que no ser\u00e1 eterna, se llegar\u00e1 a la conclusi\u00f3n de que el pais aun no pudo superar una barrera significativa para vencer sus problemas estructurales, como la pobreza.<\/p>\n\n\n\n<p>Atendiendo a esto, el proyecto de Transformaci\u00f3n Educativa naci\u00f3 como una prioridad para revertir los escandalosos \u00edndices que evidenciaban las hist\u00f3ricas deudas de inversi\u00f3n en esta materia. Este proceso, es una iniciativa que busca responder a los tremendos rezagos del aprendizaje, que condena al Paraguay a ser furg\u00f3n de cola en un escenario regional cada vez m\u00e1s competitivo en materia de calidad del factor humano.<\/p>\n\n\n\n<p>Este d\u00e9ficit en el sistema educativo se pudo observar a trav\u00e9s de n\u00fameros, que fueron resultado de evaluaciones nacionales e internacionales, como la prueba nacional estandarizada Snepe, que se aplica desde hace 25 a\u00f1os en Paraguay. <\/p>\n\n\n\n<p><strong>Le\u00e9 tambi\u00e9n: <a href=\"https:\/\/enlatitud25.com\/news\/plan-de-transformacion-educativa-advierten-sobre-distorsiones-peligrosas\/\" target=\"_blank\" rel=\"noreferrer noopener\">Plan de Transformaci\u00f3n Educativa: Advierten sobre distorsiones peligrosas<\/a><\/strong><\/p>\n\n\n\n<p>Adem\u00e1s se pueden ver resultados similares en la Prueba de Pisa, que mide el rendimiento acad\u00e9mico de los alumnos en matem\u00e1ticas, ciencia y lecto-escritura, con resultados catastr\u00f3ficos, as\u00ed como el Estudio ERCE, de la Unesco, que se aplica en toda la regi\u00f3n. <\/p>\n\n\n\n<p>En ese punto, Roc\u00edo Robledo, coordinadora general del proceso de Transformaci\u00f3n Educativa, durante su visita a RadioCast25, resalt\u00f3 algunos n\u00fameros que deben ser tenidos en cuenta.<\/p>\n\n\n\n<p><\/p>\n\n\n\n<figure class=\"wp-block-image size-full\"><img decoding=\"async\" loading=\"lazy\" width=\"800\" height=\"500\" src=\"https:\/\/enlatitud25.com\/news\/wp-content\/uploads\/2022\/09\/pag2_Transformacio\u0301n_Educativa_roci\u0301o-2.jpg\" alt=\"\" class=\"wp-image-10687\" srcset=\"https:\/\/enlatitud25.com\/news\/wp-content\/uploads\/2022\/09\/pag2_Transformacio\u0301n_Educativa_roci\u0301o-2.jpg 800w, https:\/\/enlatitud25.com\/news\/wp-content\/uploads\/2022\/09\/pag2_Transformacio\u0301n_Educativa_roci\u0301o-2-300x188.jpg 300w, https:\/\/enlatitud25.com\/news\/wp-content\/uploads\/2022\/09\/pag2_Transformacio\u0301n_Educativa_roci\u0301o-2-768x480.jpg 768w, https:\/\/enlatitud25.com\/news\/wp-content\/uploads\/2022\/09\/pag2_Transformacio\u0301n_Educativa_roci\u0301o-2-380x238.jpg 380w\" sizes=\"(max-width: 800px) 100vw, 800px\" \/><\/figure>\n\n\n\n<p>&#8220;Los resultados son tremendos: 9 de cada 10 estudiantes (94%), no comprende matem\u00e1tica para desarrollarse en esta disciplina. En lectura, 7 de cada 10 no comprende lo que lee. Esta situaci\u00f3n, que se lleva siguiendo hace 20 a\u00f1os, nos muestra que el aprendizaje en las escuelas paraguayas ha ido empeorando con el tiempo&#8221;, resalt\u00f3.<\/p>\n\n\n\n<p>Explic\u00f3 que en la reforma de la d\u00e9cada de los 90, s\u00ed se masific\u00f3 el acceso a la educaci\u00f3n: hubo m\u00e1s cobertura y se abrieron m\u00e1s escuelas. Sin embargo, la calidad de la ense\u00f1anza disminuy\u00f3 dram\u00e1ticamente. <\/p>\n\n\n\n<p>En este sentido, se debe entender este d\u00e9ficit como un todo, en el que, si bien el ni\u00f1o es el objeto del proceso de aprendizaje, no se puede menospreciar la implicancia que tiene la formaci\u00f3n deficiente de miles de docentes a nivel pa\u00eds, que est\u00e1n repl\u00edcando esa educaci\u00f3n fallida. <\/p>\n\n\n\n<h5 id=\"una-poblacion-marginal-importante\" class=\"wp-block-heading\">&#8220;Una poblaci\u00f3n marginal importante&#8221;<\/h5>\n\n\n\n<p>Otro dato preocupante apunta a la cantidad de analfabetos existentes en nuestro pa\u00eds. Seg\u00fan la Encuesta Permanente de Hogares 2019, un total de 338.500 personas (6,7%) de 15 a\u00f1os o m\u00e1s son analfabetas. <\/p>\n\n\n\n<p>&#8220;Eso significa que no son aptos para el mundo del trabajo ni para desarrollarse como sociedad. F\u00edjense ustedes que para obras importantes se est\u00e1n importando personas para trabajar. No estoy hablando de trabajos muy intelectuales, estoy hablando de construcci\u00f3n. Es doloroso que los compatriotas no sean competitivos para el mercado laboral&#8221;, consider\u00f3.<\/p>\n\n\n\n<p>&#8220;\u00bfQu\u00e9 significa esto? Que estas personas van a trabajar, si trabajan, en oficios marginales. Esa poblaci\u00f3n es creciente, porque esas poblaciones en 10 a\u00f1os van a tener hijos, que tambi\u00e9n van a estar en esa misma condici\u00f3n, si no se mejora la educaci\u00f3n. Estamos creando una poblaci\u00f3n marginal importante. Eso pone en riesgo la viabilidad como pa\u00eds&#8221;, asever\u00f3.<\/p>\n\n\n\n<h5 id=\"cinco-anos-de-proceso\" class=\"wp-block-heading\">Cinco a\u00f1os de proceso<\/h5>\n\n\n\n<p>La coordinadora general del proyecto, resalta que el proceso inici\u00f3, en 2017, con un diagn\u00f3stico del Banco Mundial, que pag\u00f3 el pa\u00eds con dinero del Fondo para la Excelencia de la Educaci\u00f3n y la Investigaci\u00f3n (FEEI). <\/p>\n\n\n\n<p>El comit\u00e9 estrat\u00e9gico estuvo conformado inicialmente por reconocidos especialistas del \u00e1rea educativa, quienes fueron abandonando el proceso por diferencias internas. Pero con el cambio de gobierno, tambi\u00e9n se dio un cambio en la gobernanza del proceso.<\/p>\n\n\n\n<figure class=\"wp-block-image size-full\"><img decoding=\"async\" loading=\"lazy\" width=\"800\" height=\"500\" src=\"https:\/\/enlatitud25.com\/news\/wp-content\/uploads\/2022\/09\/pag1_Transformacio\u0301n_Educativa_roci\u0301o.jpg\" alt=\"\" class=\"wp-image-10651\" srcset=\"https:\/\/enlatitud25.com\/news\/wp-content\/uploads\/2022\/09\/pag1_Transformacio\u0301n_Educativa_roci\u0301o.jpg 800w, https:\/\/enlatitud25.com\/news\/wp-content\/uploads\/2022\/09\/pag1_Transformacio\u0301n_Educativa_roci\u0301o-300x188.jpg 300w, https:\/\/enlatitud25.com\/news\/wp-content\/uploads\/2022\/09\/pag1_Transformacio\u0301n_Educativa_roci\u0301o-768x480.jpg 768w, https:\/\/enlatitud25.com\/news\/wp-content\/uploads\/2022\/09\/pag1_Transformacio\u0301n_Educativa_roci\u0301o-380x238.jpg 380w\" sizes=\"(max-width: 800px) 100vw, 800px\" \/><\/figure>\n\n\n\n<p>&#8220;En esos an\u00e1lisis primarios, se\u00f1alaban la importancia de la consulta p\u00fablica. Despu\u00e9s del cambio de gobierno este proyecto pasa al \u00e1mbito del MEC y se genera la necesidad de hacer una instancia de gobernanza, en que est\u00e1n incluidos cuatro ministerios. El Comit\u00e9 Estrat\u00e9gico se termina de nombrar a inicios de 2019&#8221;, aclar\u00f3.<\/p>\n\n\n\n<p>El proceso t\u00e9cnico, arranc\u00f3 en enero de 2020, en marzo empez\u00f3 la pandemia y toda esta parte del trabajo, fue a la modalidad virtual. <\/p>\n\n\n\n<p>&#8220;Todo ese proceso se hizo en consulta con los sectores involucrados. A partir de ah\u00ed sale un diagn\u00f3stico que est\u00e1 en la web, de 1.680 p\u00e1ginas. A partir de ah\u00ed, se definen nudos cr\u00edticos, la gobernanza, la estructura del sistema educativo y los logros de los aprendizajes alcanzados&#8221;, indic\u00f3. <\/p>\n\n\n\n<p>En 2021, el equipo viaj\u00f3 a todo el pa\u00eds, a los 17 departamentos del territorio nacional, m\u00e1s capital.   En esos puntos del pa\u00eds a la comunidad educativa se le present\u00f3 los nudos cr\u00edticos y se les pregunt\u00f3 qu\u00e9 se pod\u00eda hacer al respecto.<\/p>\n\n\n\n<p>&#8220;No nos fuimos a las cabeceras departamentales, pero tratamos de llegar al pa\u00eds profundo, porque esos territorios quedan fuera de consulta, normalmente. En 2021, se present\u00f3 el documento de consulta, eso se vuelve a llevar a territorio, entre febrero y mayo de este a\u00f1o&#8221;, agreg\u00f3. <\/p>\n\n\n\n<p>Los consejos se formaron en los 17 departamentos y en Asunci\u00f3n. Con ellos se trabaj\u00f3 para validar los desaf\u00edos educativos que hab\u00eda. Ellos pod\u00edan priorizar algunos temas puntuales y resaltar si estaban en desacuerdo con las propuestas realizadas.<\/p>\n\n\n\n<h5 id=\"sobre-los-cuestionamientos-al-plan\" class=\"wp-block-heading\">Sobre los cuestionamientos al plan<\/h5>\n\n\n\n<p>El comit\u00e9 estrat\u00e9gico de Transformaci\u00f3n Educativa ha mutado su composici\u00f3n desde el inicio, y hoy est\u00e1 conformado por referentes de instituciones p\u00fablicas y adem\u00e1s por grupos de padres e iglesias, como los pastores evang\u00e9licos Miguel Ortigoza y Esteban Missena, as\u00ed como el sacerdote cat\u00f3lico Narcizo Vel\u00e1zquez, rector de la Universidad Cat\u00f3lica.<\/p>\n\n\n\n<p>Estos tres referentes de iglesias, han enviado una nota al presidente del comit\u00e9, el ministro de Educaci\u00f3n, Nicol\u00e1s Z\u00e1rate, resumiendo &#8220;graves impedimentos que no permiten llevar adelante el proceso de validaci\u00f3n o aprobaci\u00f3n del instrumento presentado recientemente, por carecer este de las condiciones necesarias para avalar t\u00e9cnica, legal y leg\u00edtimamente el dise\u00f1o o la estrategia del plan nacional de Transformaci\u00f3n Educativa&#8221;.<\/p>\n\n\n\n<p>&#8220;Ellos dicen que no se les escucha porque est\u00e1n en contra de la inclusi\u00f3n a la multiculturalidad y al enfoque de derecho, lo que est\u00e1 en la Constituci\u00f3n. El Paraguay se declara un pa\u00eds multiling\u00fce y multicultural y dice que el Estado debe prever la inclusi\u00f3n de personas con discapacidad. Tenemos Ley de Educaci\u00f3n Inclusiva, tenemos la Ley de Educaci\u00f3n Ind\u00edgena. Hay un trabajo gigantesco que hacer para mantener vivo ese desarrollo cultural y es muy complejo&#8221;, enfatiz\u00f3.<\/p>\n\n\n\n<p>Dijo adem\u00e1s que puede haber puntos en los que est\u00e1n de acuerdo y otros en lo que no, &#8220;pero en lo que tenemos que ponernos de acuerdo todos es que tenemos que mejorar la educaci\u00f3n&#8221;, indic\u00f3.  <\/p>\n\n\n\n<figure class=\"wp-block-image size-full\"><img decoding=\"async\" loading=\"lazy\" width=\"800\" height=\"500\" src=\"https:\/\/enlatitud25.com\/news\/wp-content\/uploads\/2022\/09\/pag3_Transformacio\u0301n_Educativa_roci\u0301o-1.jpg\" alt=\"\" class=\"wp-image-10688\" srcset=\"https:\/\/enlatitud25.com\/news\/wp-content\/uploads\/2022\/09\/pag3_Transformacio\u0301n_Educativa_roci\u0301o-1.jpg 800w, https:\/\/enlatitud25.com\/news\/wp-content\/uploads\/2022\/09\/pag3_Transformacio\u0301n_Educativa_roci\u0301o-1-300x188.jpg 300w, https:\/\/enlatitud25.com\/news\/wp-content\/uploads\/2022\/09\/pag3_Transformacio\u0301n_Educativa_roci\u0301o-1-768x480.jpg 768w, https:\/\/enlatitud25.com\/news\/wp-content\/uploads\/2022\/09\/pag3_Transformacio\u0301n_Educativa_roci\u0301o-1-380x238.jpg 380w\" sizes=\"(max-width: 800px) 100vw, 800px\" \/><\/figure>\n\n\n\n<p>Hizo \u00e9nfasis, adem\u00e1s en que el proyecto ya tuvo varios retrasos por la pandemia y que si no se mejora el sistema educativo, se est\u00e1 hipotecando el futuro de varias generaciones. <\/p>\n\n\n\n<p>&#8220;Si lo que queremos hacer es defender a nuestros hijos, estamos haciendo mal, estamos entendiendo mal&#8221;, expres\u00f3. &#8220;Me gustar\u00eda evaluar la capacidad de compresi\u00f3n lectora de las personas que est\u00e1n cuestionando el proyecto&#8221;, subray\u00f3.<\/p>\n\n\n\n<p><\/p>\n\n\n\n<h5 id=\"ojala-los-padres-se-involucren-realmente\" class=\"wp-block-heading\">&#8220;Ojal\u00e1 los padres se involucren realmente&#8221;<\/h5>\n\n\n\n<p>Robledo habl\u00f3 en relaci\u00f3n a los cuestionamientos de los grupos fundamentalistas que rechazan el reconocimiento de derechos de los ni\u00f1os, quienes se molestaron porque en un fragmento se menciona como responsable a la sociedad y luego a los padres y al Estado. <\/p>\n\n\n\n<p>&#8220;Nosotros pusimos igual a c\u00f3mo dec\u00eda en el art\u00edculo 75 de la Constituci\u00f3n. A nosotros no nos hace nada poner en primera fila a las familias, pero ojal\u00e1 que lo hagan en serio. Solo hay un 30% de cooperadoras constituidas. Sin duda que va a ser muy \u00fatil que los padres se vinculen&#8221;, expres\u00f3. <\/p>\n\n\n\n<p>Agreg\u00f3 que si los padres realmente se involucran en el proceso, se va a ahorrar un 40% del dinero que se invierte en merienda escolar, si es que los padres van a cocinar a las escuelas, por dar un ejemplo. <\/p>\n\n\n\n<figure class=\"wp-block-embed is-type-rich is-provider-twitter wp-block-embed-twitter\"><div class=\"wp-block-embed__wrapper\">\n<blockquote class=\"twitter-tweet\" data-width=\"550\" data-dnt=\"true\"><p lang=\"es\" dir=\"ltr\">\ud83d\udcc4 Te dejamos el diagn\u00f3stico de la educaci\u00f3n paraguaya que resume los principales hallazgos de la realidad nacional en el \u00e1mbito educativo, adem\u00e1s del estudio completo, seg\u00fan ejes.<br><br>\ud83d\udd87\ufe0f Lea aqu\u00ed <a href=\"https:\/\/t.co\/91x94gQDSZ\">https:\/\/t.co\/91x94gQDSZ<\/a><a href=\"https:\/\/twitter.com\/hashtag\/Transformaci%C3%B3nEducativaPy?src=hash&amp;ref_src=twsrc%5Etfw\">#Transformaci\u00f3nEducativaPy<\/a> \ud83c\udf31\ud83c\uddf5\ud83c\uddfe <a href=\"https:\/\/t.co\/S9VqemER1J\">pic.twitter.com\/S9VqemER1J<\/a><\/p>&mdash; Transformaci\u00f3n Educativa PY2030 (@EduPy2030) <a href=\"https:\/\/twitter.com\/EduPy2030\/status\/1575214680728948736?ref_src=twsrc%5Etfw\">September 28, 2022<\/a><\/blockquote><script async src=\"https:\/\/platform.twitter.com\/widgets.js\" charset=\"utf-8\"><\/script>\n<\/div><\/figure>\n","protected":false},"excerpt":{"rendered":"Luego de la pol\u00e9mica oposici\u00f3n al Plan Nacional de Transformaci\u00f3n Educativa (PNTE), surgieron reclamos  formales de grupos que se oponen a reconocer a los ni\u00f1os como sujetos de derechos. Cuestionaron la supuesta falta de consenso, en un proceso del que fueron parte desde el inicio. \u00bfRealmente se hizo a las apuradas?\u00bfse consideraron todas las voces? Roc\u00edo Robledo, coordinadora del plan responde cr\u00edticas y aclara versiones que buscan distorsionar la discusi\u00f3n.\n","protected":false},"author":1,"featured_media":10649,"comment_status":"closed","ping_status":"closed","sticky":false,"template":"","format":"standard","meta":[],"categories":[112],"tags":[1197,59,1196],"ubicacion":[17],"yoast_head":"<!-- This site is optimized with the Yoast SEO plugin v20.8 - https:\/\/yoast.com\/wordpress\/plugins\/seo\/ -->\n<title>&quot;Ojal\u00e1 los padres realmente se involucren&quot;, reclaman desde el PNTE &ndash; Latitud25<\/title>\n<meta name=\"description\" content=\"Mir\u00e1 nuestros reportajes audiovisuales y seguinos para enterarte de las \u00faltimas noticias de Paraguay y el mundo, desde la Latitud25. Somos Alternativa de Informaci\u00f3n.\" \/>\n<meta name=\"robots\" content=\"index, follow, max-snippet:-1, max-image-preview:large, max-video-preview:-1\" \/>\n<link rel=\"canonical\" href=\"https:\/\/enlatitud25.com\/news\/ojala-los-padres-realmente-se-involucren-reclaman-desde-el-pnte\/\" \/>\n<meta property=\"og:locale\" content=\"es_ES\" \/>\n<meta property=\"og:type\" content=\"article\" \/>\n<meta property=\"og:title\" content=\"&quot;Ojal\u00e1 los padres realmente se involucren&quot;, reclaman desde el PNTE &ndash; Latitud25\" \/>\n<meta property=\"og:description\" content=\"Mir\u00e1 nuestros reportajes audiovisuales y seguinos para enterarte de las \u00faltimas noticias de Paraguay y el mundo, desde la Latitud25. Somos Alternativa de Informaci\u00f3n.\" \/>\n<meta property=\"og:url\" content=\"https:\/\/enlatitud25.com\/news\/ojala-los-padres-realmente-se-involucren-reclaman-desde-el-pnte\/\" \/>\n<meta property=\"og:site_name\" content=\"Latitud25\" \/>\n<meta property=\"article:publisher\" content=\"https:\/\/www.facebook.com\/EnLatitud25\" \/>\n<meta property=\"article:author\" content=\"https:\/\/www.facebook.com\/EnLatitud25\" \/>\n<meta property=\"article:published_time\" content=\"2022-09-30T18:33:53+00:00\" \/>\n<meta property=\"article:modified_time\" content=\"2022-09-30T18:55:59+00:00\" \/>\n<meta property=\"og:image\" content=\"https:\/\/enlatitud25.com\/news\/wp-content\/uploads\/2022\/09\/portada_Transformacio\u0301n_Educativa_roci\u0301o.jpg\" \/>\n\t<meta property=\"og:image:width\" content=\"800\" \/>\n\t<meta property=\"og:image:height\" content=\"500\" \/>\n\t<meta property=\"og:image:type\" content=\"image\/jpeg\" \/>\n<meta name=\"author\" content=\"Latitud 25\" \/>\n<meta name=\"twitter:card\" content=\"summary_large_image\" \/>\n<meta name=\"twitter:creator\" content=\"@EnLatitud25\" \/>\n<meta name=\"twitter:site\" content=\"@EnLatitud25\" \/>\n<meta name=\"twitter:label1\" content=\"Escrito por\" \/>\n\t<meta name=\"twitter:data1\" content=\"Latitud 25\" \/>\n\t<meta name=\"twitter:label2\" content=\"Tiempo de lectura\" \/>\n\t<meta name=\"twitter:data2\" content=\"7 minutos\" \/>\n<script type=\"application\/ld+json\" class=\"yoast-schema-graph\">{\"@context\":\"https:\/\/schema.org\",\"@graph\":[{\"@type\":\"Article\",\"@id\":\"https:\/\/enlatitud25.com\/news\/ojala-los-padres-realmente-se-involucren-reclaman-desde-el-pnte\/#article\",\"isPartOf\":{\"@id\":\"https:\/\/enlatitud25.com\/news\/ojala-los-padres-realmente-se-involucren-reclaman-desde-el-pnte\/\"},\"author\":{\"name\":\"Latitud 25\",\"@id\":\"https:\/\/enlatitud25.com\/news\/#\/schema\/person\/23aafe968917005a721b8eb760f2586e\"},\"headline\":\"&#8220;Ojal\u00e1 los padres realmente se involucren&#8221;, reclaman desde el PNTE\",\"datePublished\":\"2022-09-30T18:33:53+00:00\",\"dateModified\":\"2022-09-30T18:55:59+00:00\",\"mainEntityOfPage\":{\"@id\":\"https:\/\/enlatitud25.com\/news\/ojala-los-padres-realmente-se-involucren-reclaman-desde-el-pnte\/\"},\"wordCount\":1453,\"publisher\":{\"@id\":\"https:\/\/enlatitud25.com\/news\/#organization\"},\"keywords\":[\"educativa\",\"paraguay\",\"Transformaci\u00f3n\"],\"articleSection\":[\"Educaci\u00f3n\"],\"inLanguage\":\"es\"},{\"@type\":\"WebPage\",\"@id\":\"https:\/\/enlatitud25.com\/news\/ojala-los-padres-realmente-se-involucren-reclaman-desde-el-pnte\/\",\"url\":\"https:\/\/enlatitud25.com\/news\/ojala-los-padres-realmente-se-involucren-reclaman-desde-el-pnte\/\",\"name\":\"\\\"Ojal\u00e1 los padres realmente se involucren\\\", reclaman desde el PNTE &ndash; Latitud25\",\"isPartOf\":{\"@id\":\"https:\/\/enlatitud25.com\/news\/#website\"},\"datePublished\":\"2022-09-30T18:33:53+00:00\",\"dateModified\":\"2022-09-30T18:55:59+00:00\",\"description\":\"Mir\u00e1 nuestros reportajes audiovisuales y seguinos para enterarte de las \u00faltimas noticias de Paraguay y el mundo, desde la Latitud25. Somos Alternativa de Informaci\u00f3n.\",\"breadcrumb\":{\"@id\":\"https:\/\/enlatitud25.com\/news\/ojala-los-padres-realmente-se-involucren-reclaman-desde-el-pnte\/#breadcrumb\"},\"inLanguage\":\"es\",\"potentialAction\":[{\"@type\":\"ReadAction\",\"target\":[\"https:\/\/enlatitud25.com\/news\/ojala-los-padres-realmente-se-involucren-reclaman-desde-el-pnte\/\"]}]},{\"@type\":\"BreadcrumbList\",\"@id\":\"https:\/\/enlatitud25.com\/news\/ojala-los-padres-realmente-se-involucren-reclaman-desde-el-pnte\/#breadcrumb\",\"itemListElement\":[{\"@type\":\"ListItem\",\"position\":1,\"name\":\"Home\",\"item\":\"https:\/\/enlatitud25.com\/news\/\"},{\"@type\":\"ListItem\",\"position\":2,\"name\":\"&#8220;Ojal\u00e1 los padres realmente se involucren&#8221;, reclaman desde el PNTE\"}]},{\"@type\":\"WebSite\",\"@id\":\"https:\/\/enlatitud25.com\/news\/#website\",\"url\":\"https:\/\/enlatitud25.com\/news\/\",\"name\":\"Latitud25\",\"description\":\"news\",\"publisher\":{\"@id\":\"https:\/\/enlatitud25.com\/news\/#organization\"},\"potentialAction\":[{\"@type\":\"SearchAction\",\"target\":{\"@type\":\"EntryPoint\",\"urlTemplate\":\"https:\/\/enlatitud25.com\/news\/?s={search_term_string}\"},\"query-input\":\"required name=search_term_string\"}],\"inLanguage\":\"es\"},{\"@type\":\"Organization\",\"@id\":\"https:\/\/enlatitud25.com\/news\/#organization\",\"name\":\"Latitud 25 - News\",\"url\":\"https:\/\/enlatitud25.com\/news\/\",\"logo\":{\"@type\":\"ImageObject\",\"inLanguage\":\"es\",\"@id\":\"https:\/\/enlatitud25.com\/news\/#\/schema\/logo\/image\/\",\"url\":\"https:\/\/enlatitud25.com\/news\/wp-content\/uploads\/2020\/11\/logo_latitud.png\",\"contentUrl\":\"https:\/\/enlatitud25.com\/news\/wp-content\/uploads\/2020\/11\/logo_latitud.png\",\"width\":235,\"height\":39,\"caption\":\"Latitud 25 - News\"},\"image\":{\"@id\":\"https:\/\/enlatitud25.com\/news\/#\/schema\/logo\/image\/\"},\"sameAs\":[\"https:\/\/www.facebook.com\/EnLatitud25\",\"https:\/\/twitter.com\/EnLatitud25\",\"https:\/\/www.instagram.com\/enlatitud25\/\",\"https:\/\/www.youtube.com\/user\/desdelatitud25\"]},{\"@type\":\"Person\",\"@id\":\"https:\/\/enlatitud25.com\/news\/#\/schema\/person\/23aafe968917005a721b8eb760f2586e\",\"name\":\"Latitud 25\",\"sameAs\":[\"https:\/\/enlatitud25.com\/news\",\"https:\/\/www.facebook.com\/EnLatitud25\",\"https:\/\/www.instagram.com\/enlatitud25\",\"https:\/\/www.youtube.com\/user\/desdelatitud25\",\"https:\/\/soundcloud.com\/enlatitud25\"],\"url\":\"https:\/\/enlatitud25.com\/news\/author\/nnews-uss00\/\"}]}<\/script>\n<!-- \/ Yoast SEO plugin. -->","yoast_head_json":{"title":"\"Ojal\u00e1 los padres realmente se involucren\", reclaman desde el PNTE &ndash; Latitud25","description":"Mir\u00e1 nuestros reportajes audiovisuales y seguinos para enterarte de las \u00faltimas noticias de Paraguay y el mundo, desde la Latitud25. Somos Alternativa de Informaci\u00f3n.","robots":{"index":"index","follow":"follow","max-snippet":"max-snippet:-1","max-image-preview":"max-image-preview:large","max-video-preview":"max-video-preview:-1"},"canonical":"https:\/\/enlatitud25.com\/news\/ojala-los-padres-realmente-se-involucren-reclaman-desde-el-pnte\/","og_locale":"es_ES","og_type":"article","og_title":"\"Ojal\u00e1 los padres realmente se involucren\", reclaman desde el PNTE &ndash; Latitud25","og_description":"Mir\u00e1 nuestros reportajes audiovisuales y seguinos para enterarte de las \u00faltimas noticias de Paraguay y el mundo, desde la Latitud25. Somos Alternativa de Informaci\u00f3n.","og_url":"https:\/\/enlatitud25.com\/news\/ojala-los-padres-realmente-se-involucren-reclaman-desde-el-pnte\/","og_site_name":"Latitud25","article_publisher":"https:\/\/www.facebook.com\/EnLatitud25","article_author":"https:\/\/www.facebook.com\/EnLatitud25","article_published_time":"2022-09-30T18:33:53+00:00","article_modified_time":"2022-09-30T18:55:59+00:00","og_image":[{"width":800,"height":500,"url":"https:\/\/enlatitud25.com\/news\/wp-content\/uploads\/2022\/09\/portada_Transformacio\u0301n_Educativa_roci\u0301o.jpg","type":"image\/jpeg"}],"author":"Latitud 25","twitter_card":"summary_large_image","twitter_creator":"@EnLatitud25","twitter_site":"@EnLatitud25","twitter_misc":{"Escrito por":"Latitud 25","Tiempo de lectura":"7 minutos"},"schema":{"@context":"https:\/\/schema.org","@graph":[{"@type":"Article","@id":"https:\/\/enlatitud25.com\/news\/ojala-los-padres-realmente-se-involucren-reclaman-desde-el-pnte\/#article","isPartOf":{"@id":"https:\/\/enlatitud25.com\/news\/ojala-los-padres-realmente-se-involucren-reclaman-desde-el-pnte\/"},"author":{"name":"Latitud 25","@id":"https:\/\/enlatitud25.com\/news\/#\/schema\/person\/23aafe968917005a721b8eb760f2586e"},"headline":"&#8220;Ojal\u00e1 los padres realmente se involucren&#8221;, reclaman desde el PNTE","datePublished":"2022-09-30T18:33:53+00:00","dateModified":"2022-09-30T18:55:59+00:00","mainEntityOfPage":{"@id":"https:\/\/enlatitud25.com\/news\/ojala-los-padres-realmente-se-involucren-reclaman-desde-el-pnte\/"},"wordCount":1453,"publisher":{"@id":"https:\/\/enlatitud25.com\/news\/#organization"},"keywords":["educativa","paraguay","Transformaci\u00f3n"],"articleSection":["Educaci\u00f3n"],"inLanguage":"es"},{"@type":"WebPage","@id":"https:\/\/enlatitud25.com\/news\/ojala-los-padres-realmente-se-involucren-reclaman-desde-el-pnte\/","url":"https:\/\/enlatitud25.com\/news\/ojala-los-padres-realmente-se-involucren-reclaman-desde-el-pnte\/","name":"\"Ojal\u00e1 los padres realmente se involucren\", reclaman desde el PNTE &ndash; Latitud25","isPartOf":{"@id":"https:\/\/enlatitud25.com\/news\/#website"},"datePublished":"2022-09-30T18:33:53+00:00","dateModified":"2022-09-30T18:55:59+00:00","description":"Mir\u00e1 nuestros reportajes audiovisuales y seguinos para enterarte de las \u00faltimas noticias de Paraguay y el mundo, desde la Latitud25. Somos Alternativa de Informaci\u00f3n.","breadcrumb":{"@id":"https:\/\/enlatitud25.com\/news\/ojala-los-padres-realmente-se-involucren-reclaman-desde-el-pnte\/#breadcrumb"},"inLanguage":"es","potentialAction":[{"@type":"ReadAction","target":["https:\/\/enlatitud25.com\/news\/ojala-los-padres-realmente-se-involucren-reclaman-desde-el-pnte\/"]}]},{"@type":"BreadcrumbList","@id":"https:\/\/enlatitud25.com\/news\/ojala-los-padres-realmente-se-involucren-reclaman-desde-el-pnte\/#breadcrumb","itemListElement":[{"@type":"ListItem","position":1,"name":"Home","item":"https:\/\/enlatitud25.com\/news\/"},{"@type":"ListItem","position":2,"name":"&#8220;Ojal\u00e1 los padres realmente se involucren&#8221;, reclaman desde el PNTE"}]},{"@type":"WebSite","@id":"https:\/\/enlatitud25.com\/news\/#website","url":"https:\/\/enlatitud25.com\/news\/","name":"Latitud25","description":"news","publisher":{"@id":"https:\/\/enlatitud25.com\/news\/#organization"},"potentialAction":[{"@type":"SearchAction","target":{"@type":"EntryPoint","urlTemplate":"https:\/\/enlatitud25.com\/news\/?s={search_term_string}"},"query-input":"required name=search_term_string"}],"inLanguage":"es"},{"@type":"Organization","@id":"https:\/\/enlatitud25.com\/news\/#organization","name":"Latitud 25 - News","url":"https:\/\/enlatitud25.com\/news\/","logo":{"@type":"ImageObject","inLanguage":"es","@id":"https:\/\/enlatitud25.com\/news\/#\/schema\/logo\/image\/","url":"https:\/\/enlatitud25.com\/news\/wp-content\/uploads\/2020\/11\/logo_latitud.png","contentUrl":"https:\/\/enlatitud25.com\/news\/wp-content\/uploads\/2020\/11\/logo_latitud.png","width":235,"height":39,"caption":"Latitud 25 - News"},"image":{"@id":"https:\/\/enlatitud25.com\/news\/#\/schema\/logo\/image\/"},"sameAs":["https:\/\/www.facebook.com\/EnLatitud25","https:\/\/twitter.com\/EnLatitud25","https:\/\/www.instagram.com\/enlatitud25\/","https:\/\/www.youtube.com\/user\/desdelatitud25"]},{"@type":"Person","@id":"https:\/\/enlatitud25.com\/news\/#\/schema\/person\/23aafe968917005a721b8eb760f2586e","name":"Latitud 25","sameAs":["https:\/\/enlatitud25.com\/news","https:\/\/www.facebook.com\/EnLatitud25","https:\/\/www.instagram.com\/enlatitud25","https:\/\/www.youtube.com\/user\/desdelatitud25","https:\/\/soundcloud.com\/enlatitud25"],"url":"https:\/\/enlatitud25.com\/news\/author\/nnews-uss00\/"}]}},"_links":{"self":[{"href":"https:\/\/enlatitud25.com\/news\/wp-json\/wp\/v2\/posts\/10645"}],"collection":[{"href":"https:\/\/enlatitud25.com\/news\/wp-json\/wp\/v2\/posts"}],"about":[{"href":"https:\/\/enlatitud25.com\/news\/wp-json\/wp\/v2\/types\/post"}],"author":[{"embeddable":true,"href":"https:\/\/enlatitud25.com\/news\/wp-json\/wp\/v2\/users\/1"}],"replies":[{"embeddable":true,"href":"https:\/\/enlatitud25.com\/news\/wp-json\/wp\/v2\/comments?post=10645"}],"version-history":[{"count":20,"href":"https:\/\/enlatitud25.com\/news\/wp-json\/wp\/v2\/posts\/10645\/revisions"}],"predecessor-version":[{"id":10690,"href":"https:\/\/enlatitud25.com\/news\/wp-json\/wp\/v2\/posts\/10645\/revisions\/10690"}],"wp:featuredmedia":[{"embeddable":true,"href":"https:\/\/enlatitud25.com\/news\/wp-json\/wp\/v2\/media\/10649"}],"wp:attachment":[{"href":"https:\/\/enlatitud25.com\/news\/wp-json\/wp\/v2\/media?parent=10645"}],"wp:term":[{"taxonomy":"category","embeddable":true,"href":"https:\/\/enlatitud25.com\/news\/wp-json\/wp\/v2\/categories?post=10645"},{"taxonomy":"post_tag","embeddable":true,"href":"https:\/\/enlatitud25.com\/news\/wp-json\/wp\/v2\/tags?post=10645"},{"taxonomy":"ubicacion","embeddable":true,"href":"https:\/\/enlatitud25.com\/news\/wp-json\/wp\/v2\/ubicacion?post=10645"}],"curies":[{"name":"wp","href":"https:\/\/api.w.org\/{rel}","templated":true}]}}