{"id":10523,"date":"2022-09-28T20:01:17","date_gmt":"2022-09-28T20:01:17","guid":{"rendered":"https:\/\/enlatitud25.com\/news\/?p=10523"},"modified":"2022-09-28T21:23:58","modified_gmt":"2022-09-28T21:23:58","slug":"todas-las-mujeres-en-paraguay-conocemos-a-alguien-que-aborto","status":"publish","type":"post","link":"https:\/\/enlatitud25.com\/news\/todas-las-mujeres-en-paraguay-conocemos-a-alguien-que-aborto\/","title":{"rendered":"&#8220;Todas las mujeres en Paraguay conocemos a alguien que abort\u00f3&#8221;"},"content":{"rendered":"\n<p>Existen pocos debaten que dividan a las sociedad, el aborto y su despenalizaci\u00f3n es una de ellas. En medio de un continente en el que varios pa\u00edses ya han tomado la decisi\u00f3n de abordar este tema con enfoque de salud p\u00fablica, dejando de lado el factor punitivo en la discusi\u00f3n, Paraguay aun se muestra inc\u00f3modo ante la presi\u00f3n que ejercen movimientos de mujeres a debatir el tema.<\/p>\n\n\n\n<p>Un poco m\u00e1s de 30.000 mujeres abortan en Paraguay cada a\u00f1o, si se analizan las cifras por complicaciones, seg\u00fan el estudio &#8220;C\u00e1lculo de la magnitud del aborto inducido en Paraguay de 2017&#8221;, investigaci\u00f3n que fue realizada por Conacyt, ProCiencia y Cepep.<\/p>\n\n\n\n<p><strong>Le\u00e9 m\u00e1s: <a href=\"https:\/\/enlatitud25.com\/news\/luego-de-50-anos-ee-uu-retrocede-en-sus-libertades-y-vuelve-a-penalizar-el-aborto\/\" target=\"_blank\" rel=\"noreferrer noopener\">Luego de 50 a\u00f1os, EE.UU. retrocede en sus libertades y vuelve a penalizar el a<\/a>borto<\/strong><\/p>\n\n\n\n<p>Adem\u00e1s, el aborto inseguro figur\u00f3 como la primera causa relacionada con muertes maternas, seg\u00fan el informe publicado en la Revista de Salud P\u00fablica del Paraguay, que abarca desde 2008 a 2018.<\/p>\n\n\n\n<p>Ante esta situaci\u00f3n, movimientos ciudadanos encabezados por iglesias, impiden la instalaci\u00f3n de foros de discusi\u00f3n serios sobre esta realidad que compromete la vida de miles de mujeres, todos los a\u00f1os. El incremento de la agresividad de estos discursos que impide que mujeres accedan a derechos fundamentales que el Estado debe brindar, es notorio y peligroso, advierten activistas.<\/p>\n\n\n\n<p><\/p>\n\n\n\n<figure class=\"wp-block-image size-full\"><img decoding=\"async\" loading=\"lazy\" width=\"800\" height=\"500\" src=\"https:\/\/enlatitud25.com\/news\/wp-content\/uploads\/2022\/09\/foto1_aborto_seguro_ley.jpg\" alt=\"\" class=\"wp-image-10553\" srcset=\"https:\/\/enlatitud25.com\/news\/wp-content\/uploads\/2022\/09\/foto1_aborto_seguro_ley.jpg 800w, https:\/\/enlatitud25.com\/news\/wp-content\/uploads\/2022\/09\/foto1_aborto_seguro_ley-300x188.jpg 300w, https:\/\/enlatitud25.com\/news\/wp-content\/uploads\/2022\/09\/foto1_aborto_seguro_ley-768x480.jpg 768w, https:\/\/enlatitud25.com\/news\/wp-content\/uploads\/2022\/09\/foto1_aborto_seguro_ley-380x238.jpg 380w\" sizes=\"(max-width: 800px) 100vw, 800px\" \/><\/figure>\n\n\n\n<h5 id=\"el-aborto-en-la-ley-paraguaya\" class=\"wp-block-heading\"><strong>El aborto en la ley paraguaya<\/strong><\/h5>\n\n\n\n<p>El C\u00f3digo Penal de 1997 establece que el aborto es un delito, con restricciones que se asemejaban entonces a la de otros pa\u00edses de la regi\u00f3n. Luego de 11 a\u00f1os, con la Ley 3440 de 2008, el C\u00f3digo Penal Paraguayo admite el aborto en un caso particular. <\/p>\n\n\n\n<p>Se abre la posibilidad de practicar abortos terap\u00e9uticos sin que ello constituya un delito, al se\u00f1alar que el aborto est\u00e1 permitido si &#8220;seg\u00fan los conocimientos y las experiencias del arte m\u00e9dico, fuera necesario para proteger de un peligro serio la vida de la madre&#8221;. <\/p>\n\n\n\n<h5 id=\"quienes-abortan\" class=\"wp-block-heading\">Qui\u00e9nes abortan<\/h5>\n\n\n\n<p>Durante la realizaci\u00f3n del material &#8220;C\u00e1lculo de la Magnitud del Aborto Inducido en Paraguay (2017), se consult\u00f3 a los entrevistados en el marco del estudio, sobre algunas caracter\u00edsticas sociodemogr\u00e1ficas de aquellas mujeres que aparentemente recurren a realizarse un aborto. <\/p>\n\n\n\n<p>&#8220;Seg\u00fan la percepci\u00f3n de los entrevistados, el aborto inducido es frecuente en las mujeres j\u00f3venes menores a 25 a\u00f1os de edad, comprendido en el rango de 15 a 25 a\u00f1os de edad. El 78 % de los entrevistados respondi\u00f3 que es m\u00e1s frecuente que las mujeres solteras o sin una pareja estable recurran a un aborto inducido. Mientras que un 18% refiri\u00f3 que son las mujeres que se encuentran casadas o unidas&#8221;, aclara el informe. <\/p>\n\n\n\n<p><strong>Nota relacionada: <a href=\"https:\/\/enlatitud25.com\/news\/el-embarazo-precoz-como-afecta-la-vida-de-las-ninas\/\" target=\"_blank\" rel=\"noreferrer noopener\">El embarazo precoz: \u00bfc\u00f3mo afecta la vida de las ni\u00f1as?<\/a><\/strong><\/p>\n\n\n\n<figure class=\"wp-block-image size-full\"><img decoding=\"async\" loading=\"lazy\" width=\"800\" height=\"500\" src=\"https:\/\/enlatitud25.com\/news\/wp-content\/uploads\/2022\/09\/foto2_aborto_seguro_ley.jpg\" alt=\"\" class=\"wp-image-10554\" srcset=\"https:\/\/enlatitud25.com\/news\/wp-content\/uploads\/2022\/09\/foto2_aborto_seguro_ley.jpg 800w, https:\/\/enlatitud25.com\/news\/wp-content\/uploads\/2022\/09\/foto2_aborto_seguro_ley-300x188.jpg 300w, https:\/\/enlatitud25.com\/news\/wp-content\/uploads\/2022\/09\/foto2_aborto_seguro_ley-768x480.jpg 768w, https:\/\/enlatitud25.com\/news\/wp-content\/uploads\/2022\/09\/foto2_aborto_seguro_ley-380x238.jpg 380w\" sizes=\"(max-width: 800px) 100vw, 800px\" \/><\/figure>\n\n\n\n<h5 id=\"una-realidad-que-ya-no-podemos-negar\" class=\"wp-block-heading\"><strong>Una realidad que ya no podemos negar<\/strong><\/h5>\n\n\n\n<p>Lilian Soto, m\u00e9dica,&nbsp;pol\u00edtica y activista feminista del Paraguay, hizo \u00e9nfasis en las cifras existentes sobre el aborto en Paraguay y lo que esto significa en cuanto a subregistros. Resalt\u00f3 que, seg\u00fan datos, alrededor de 8000 egresos de mujeres por complicaciones de aborto, es decir, realizados en condiciones inseguras. <\/p>\n\n\n\n<p>&#8220;Eso significa que tenemos un m\u00ednimo de 30.000 abortos al a\u00f1o y pueden ser muchos m\u00e1s, pueden ser el doble, porque esos son los datos de aquello que se hace constar en las historias cl\u00ednicas y hay muchos que no se hacen constar&#8221;, afirm\u00f3.<\/p>\n\n\n\n<p>En ese punto remarc\u00f3 la existencia del subregistro en este caso, porque no todo el personal de salud hace constar esto, por diferentes razones. <\/p>\n\n\n\n<p>&#8220;Si hay una cifra de esas caracter\u00edsticas, todas las mujeres en Paraguay conocemos a alguien que abort\u00f3. Podemos haber abortado o tenemos alg\u00fan tipo de contacto con mujeres que est\u00e1n pasando por esta situaci\u00f3n, entonces era una realidad que no se puede desconocer&#8221;, puntualiz\u00f3. <\/p>\n\n\n\n<h5 id=\"una-cuestion-etico-moral\" class=\"wp-block-heading\">Una cuesti\u00f3n \u00e9tico-moral<\/h5>\n\n\n\n<p>Ante la consulta de qu\u00e9 responder\u00eda a las personas que consideran el aborto como matar a un beb\u00e9, respondi\u00f3 que prefiere no entrar en esa discusi\u00f3n, porque asegur\u00f3 que eso tiene m\u00e1s relaci\u00f3n con la concepci\u00f3n \u00e9tico moral religiosa de cada persona.<\/p>\n\n\n\n<p>\u201cLo que ac\u00e1 est\u00e1 en juego es si sobre la concepci\u00f3n \u00e9tico moral religiosa de una mujer, pueden decidir otros o puede decidir ella misma. Porque estamos hablando del cuerpo de las mujeres con capacidad de gestar y de parir\u201d, puntualiz\u00f3.<\/p>\n\n\n\n<p>Agreg\u00f3 que es la mujer quien tiene que poder decidir sobre su propio cuerpo, si quiere llevar o no a t\u00e9rmino ese embarazo.<\/p>\n\n\n\n<figure class=\"wp-block-image size-full\"><img decoding=\"async\" loading=\"lazy\" width=\"800\" height=\"500\" src=\"https:\/\/enlatitud25.com\/news\/wp-content\/uploads\/2022\/09\/foto3_aborto_seguro_ley-1.jpg\" alt=\"\" class=\"wp-image-10582\" srcset=\"https:\/\/enlatitud25.com\/news\/wp-content\/uploads\/2022\/09\/foto3_aborto_seguro_ley-1.jpg 800w, https:\/\/enlatitud25.com\/news\/wp-content\/uploads\/2022\/09\/foto3_aborto_seguro_ley-1-300x188.jpg 300w, https:\/\/enlatitud25.com\/news\/wp-content\/uploads\/2022\/09\/foto3_aborto_seguro_ley-1-768x480.jpg 768w, https:\/\/enlatitud25.com\/news\/wp-content\/uploads\/2022\/09\/foto3_aborto_seguro_ley-1-380x238.jpg 380w\" sizes=\"(max-width: 800px) 100vw, 800px\" \/><\/figure>\n\n\n\n<h5 id=\"la-necesidad-de-una-ley-que-legalice-el-aborto\" class=\"wp-block-heading\"><strong>La necesidad de una ley que legalice el aborto<\/strong><\/h5>\n\n\n\n<p>La Dra. Soto manifest\u00f3 que se requiere con urgencia instalar un debate serio para legislar esta cuesti\u00f3n.  &#8220;Necesitamos una ley que reconozca las posibilidades del aborto legal, de acuerdo a causales, de acuerdo al tiempo y de acuerdo a los elementos necesarios para que esos abortos sean seguros&#8221;, afirm\u00f3. <\/p>\n\n\n\n<p>&#8220;Este debate tiene que darse, en mi opini\u00f3n desde los medios, desde las discusiones en las comunidades, las reuniones, las formaciones, y eso estamos haciendo&#8221;, subray\u00f3.<\/p>\n\n\n\n<p>Agreg\u00f3 que este es un problema de salud p\u00fablica, pero adem\u00e1s, un problema de autonom\u00eda de la mujer. Porque, se\u00f1al\u00f3 que es la mujer quien tiene la capacidad de gestar, parir y a partir de ah\u00ed tiene que tener la capacidad de decir, si quiere llevar o no a t\u00e9rmino un embarazo. <\/p>\n\n\n\n<p>Por otra parte, habl\u00f3 del caso de las ni\u00f1as, y en ese punto, indic\u00f3 que se est\u00e1 haciendo referencia al abuso, violaciones y violencia contra esas ni\u00f1as. &#8220;Ah\u00ed estamos hablando (actualmente) de una obligaci\u00f3n de parir a esas ni\u00f1as, que no pueden tomar la decisi\u00f3n&#8221;, asever\u00f3. <\/p>\n\n\n\n<h5 id=\"unas-exigencias-historicas\" class=\"wp-block-heading\">Unas exigencias hist\u00f3ricas<\/h5>\n\n\n\n<p>El<strong>&nbsp;Centro de Documentaci\u00f3n y Estudios (CDE)<\/strong>, una organizaci\u00f3n no gubernamental dedicada a la documentaci\u00f3n, investigaci\u00f3n e informaci\u00f3n en el campo de las ciencias sociales, emiti\u00f3 un comunicado con exigencias hist\u00f3ricas, ante la agresividad fundamentalista.<\/p>\n\n\n\n<ul><li>Basta de sostener una sociedad para el abuso sexual de ni\u00f1os, ni\u00f1as y adolescentes. <\/li><\/ul>\n\n\n\n<p>Al impedir el acceso al aborto, se obliga a las ni\u00f1as paraguayas a maternidades que son consecuencia de la violencia, que truncan proyectos de vida aut\u00f3nomos, as\u00ed como los procedimientos inseguros y riesgosos.<\/p>\n\n\n\n<p><strong>Le\u00e9 tambi\u00e9n: <a href=\"https:\/\/enlatitud25.com\/news\/obligar-a-ninas-a-ser-madres-puede-considerarse-un-tipo-de-tortura\/\" target=\"_blank\" rel=\"noreferrer noopener\">Obligar a ni\u00f1as a ser madres puede considerarse un tipo de tortura, advierten<\/a><\/strong><\/p>\n\n\n\n<ul><li>Son ni\u00f1as, no madres. <\/li><\/ul>\n\n\n\n<p>Las mujeres que abortan en condiciones inseguras y riesgosas son principalmente las m\u00e1s pobres quienes enfrentan a la muerte a consecuencias de salud o una persecuci\u00f3n judicial por razones injustas. <\/p>\n\n\n\n<figure class=\"wp-block-image size-large\"><img decoding=\"async\" loading=\"lazy\" width=\"1024\" height=\"683\" src=\"https:\/\/enlatitud25.com\/news\/wp-content\/uploads\/2021\/12\/MG_9900-1024x683.jpg\" alt=\"\" class=\"wp-image-6196\" srcset=\"https:\/\/enlatitud25.com\/news\/wp-content\/uploads\/2021\/12\/MG_9900-1024x683.jpg 1024w, https:\/\/enlatitud25.com\/news\/wp-content\/uploads\/2021\/12\/MG_9900-300x200.jpg 300w, https:\/\/enlatitud25.com\/news\/wp-content\/uploads\/2021\/12\/MG_9900-768x512.jpg 768w, https:\/\/enlatitud25.com\/news\/wp-content\/uploads\/2021\/12\/MG_9900-1536x1024.jpg 1536w, https:\/\/enlatitud25.com\/news\/wp-content\/uploads\/2021\/12\/MG_9900-380x253.jpg 380w, https:\/\/enlatitud25.com\/news\/wp-content\/uploads\/2021\/12\/MG_9900-800x533.jpg 800w, https:\/\/enlatitud25.com\/news\/wp-content\/uploads\/2021\/12\/MG_9900-1160x773.jpg 1160w, https:\/\/enlatitud25.com\/news\/wp-content\/uploads\/2021\/12\/MG_9900.jpg 2048w\" sizes=\"(max-width: 1024px) 100vw, 1024px\" \/><\/figure>\n\n\n\n<ul><li>Educaci\u00f3n sexual para decidir, anticonceptivos para no abortar, aborto legal para no morir. <\/li><\/ul>\n\n\n\n<p>Despenalizar el aborto no obliga a nadie a abortar, sin embargo, criminalizarlo afecta los derechos de todas las mujeres.<\/p>\n\n\n\n<ul><li>Las mujeres decidimos, la sociedad respeta, el Estado garantiza y las iglesias no intervienen <\/li><\/ul>\n\n\n\n<p>La ley que despenalice el aborto ser\u00e1 por la vida, mientras que su penalizaci\u00f3n es violencia hacia las mujeres y, principalmente hacia las mujeres pobres. <\/p>\n\n\n\n<p>Finalmente, cabe se\u00f1alar, que entre las deudas hist\u00f3ricas de Paraguay en cuanto a Derechos Humanos, seg\u00fan el Consejo de Derechos Humanos de la ONU, se encuentra la despenalizaci\u00f3n del aborto.<\/p>\n\n\n\n<figure class=\"wp-block-embed is-type-rich is-provider-twitter wp-block-embed-twitter\"><div class=\"wp-block-embed__wrapper\">\n<blockquote class=\"twitter-tweet\" data-width=\"550\" data-dnt=\"true\"><p lang=\"es\" dir=\"ltr\">Ante la agresividad fundamentalista, exigimos m\u00e1s que nunca la legalizaci\u00f3n del aborto<a href=\"https:\/\/twitter.com\/hashtag\/28S?src=hash&amp;ref_src=twsrc%5Etfw\">#28S<\/a> <a href=\"https:\/\/twitter.com\/hashtag\/AbortoLegalYa?src=hash&amp;ref_src=twsrc%5Etfw\">#AbortoLegalYa<\/a> <a href=\"https:\/\/twitter.com\/hashtag\/C28Py?src=hash&amp;ref_src=twsrc%5Etfw\">#C28Py<\/a><a href=\"https:\/\/twitter.com\/hashtag\/HablemosDeAborto?src=hash&amp;ref_src=twsrc%5Etfw\">#HablemosDeAborto<\/a> <a href=\"https:\/\/t.co\/Cebxa8HGG7\">pic.twitter.com\/Cebxa8HGG7<\/a><\/p>&mdash; CDE Paraguay (@cdeparaguay) <a href=\"https:\/\/twitter.com\/cdeparaguay\/status\/1575164126422253569?ref_src=twsrc%5Etfw\">September 28, 2022<\/a><\/blockquote><script async src=\"https:\/\/platform.twitter.com\/widgets.js\" charset=\"utf-8\"><\/script>\n<\/div><\/figure>\n","protected":false},"excerpt":{"rendered":"El aborto legal y seguro es el pedido de varias organizaciones que trabajan por los Derechos Humanos y Derechos de la Mujer.  En este material hablamos de las alarmantes cifras de aborto y muertes maternas en nuestro pa\u00eds. Lilian Soto, pol\u00edtica y activista feminista, recuerda que esta realidad existe y que ya no se puede negar, pese a la resistencia f\u00e9rrea de grupos antiderechos. Adem\u00e1s apunta a que su ilegalidad, configura un problema de salud p\u00fablica y autonom\u00eda.\n","protected":false},"author":1,"featured_media":10551,"comment_status":"closed","ping_status":"closed","sticky":false,"template":"","format":"standard","meta":[],"categories":[1],"tags":[1084,1209,59,1210],"ubicacion":[17],"yoast_head":"<!-- This site is optimized with the Yoast SEO plugin v20.8 - https:\/\/yoast.com\/wordpress\/plugins\/seo\/ -->\n<title>&quot;Todas las mujeres en Paraguay conocemos a alguien que abort\u00f3&quot; &ndash; Latitud25<\/title>\n<meta name=\"description\" content=\"Mir\u00e1 nuestros reportajes audiovisuales y seguinos para enterarte de las \u00faltimas noticias de Paraguay y el mundo, desde la Latitud25. Somos Alternativa de Informaci\u00f3n.\" \/>\n<meta name=\"robots\" content=\"index, follow, max-snippet:-1, max-image-preview:large, max-video-preview:-1\" \/>\n<link rel=\"canonical\" href=\"https:\/\/enlatitud25.com\/news\/todas-las-mujeres-en-paraguay-conocemos-a-alguien-que-aborto\/\" \/>\n<meta property=\"og:locale\" content=\"es_ES\" \/>\n<meta property=\"og:type\" content=\"article\" \/>\n<meta property=\"og:title\" content=\"&quot;Todas las mujeres en Paraguay conocemos a alguien que abort\u00f3&quot; &ndash; Latitud25\" \/>\n<meta property=\"og:description\" content=\"Mir\u00e1 nuestros reportajes audiovisuales y seguinos para enterarte de las \u00faltimas noticias de Paraguay y el mundo, desde la Latitud25. Somos Alternativa de Informaci\u00f3n.\" \/>\n<meta property=\"og:url\" content=\"https:\/\/enlatitud25.com\/news\/todas-las-mujeres-en-paraguay-conocemos-a-alguien-que-aborto\/\" \/>\n<meta property=\"og:site_name\" content=\"Latitud25\" \/>\n<meta property=\"article:publisher\" content=\"https:\/\/www.facebook.com\/EnLatitud25\" \/>\n<meta property=\"article:author\" content=\"https:\/\/www.facebook.com\/EnLatitud25\" \/>\n<meta property=\"article:published_time\" content=\"2022-09-28T20:01:17+00:00\" \/>\n<meta property=\"article:modified_time\" content=\"2022-09-28T21:23:58+00:00\" \/>\n<meta property=\"og:image\" content=\"https:\/\/enlatitud25.com\/news\/wp-content\/uploads\/2022\/09\/Portada_aborto_seguro_ley-1.jpg\" \/>\n\t<meta property=\"og:image:width\" content=\"800\" \/>\n\t<meta property=\"og:image:height\" content=\"500\" \/>\n\t<meta property=\"og:image:type\" content=\"image\/jpeg\" \/>\n<meta name=\"author\" content=\"Latitud 25\" \/>\n<meta name=\"twitter:card\" content=\"summary_large_image\" \/>\n<meta name=\"twitter:creator\" content=\"@EnLatitud25\" \/>\n<meta name=\"twitter:site\" content=\"@EnLatitud25\" \/>\n<meta name=\"twitter:label1\" content=\"Escrito por\" \/>\n\t<meta name=\"twitter:data1\" content=\"Latitud 25\" \/>\n\t<meta name=\"twitter:label2\" content=\"Tiempo de lectura\" \/>\n\t<meta name=\"twitter:data2\" content=\"6 minutos\" \/>\n<script type=\"application\/ld+json\" class=\"yoast-schema-graph\">{\"@context\":\"https:\/\/schema.org\",\"@graph\":[{\"@type\":\"Article\",\"@id\":\"https:\/\/enlatitud25.com\/news\/todas-las-mujeres-en-paraguay-conocemos-a-alguien-que-aborto\/#article\",\"isPartOf\":{\"@id\":\"https:\/\/enlatitud25.com\/news\/todas-las-mujeres-en-paraguay-conocemos-a-alguien-que-aborto\/\"},\"author\":{\"name\":\"Latitud 25\",\"@id\":\"https:\/\/enlatitud25.com\/news\/#\/schema\/person\/23aafe968917005a721b8eb760f2586e\"},\"headline\":\"&#8220;Todas las mujeres en Paraguay conocemos a alguien que abort\u00f3&#8221;\",\"datePublished\":\"2022-09-28T20:01:17+00:00\",\"dateModified\":\"2022-09-28T21:23:58+00:00\",\"mainEntityOfPage\":{\"@id\":\"https:\/\/enlatitud25.com\/news\/todas-las-mujeres-en-paraguay-conocemos-a-alguien-que-aborto\/\"},\"wordCount\":1228,\"publisher\":{\"@id\":\"https:\/\/enlatitud25.com\/news\/#organization\"},\"keywords\":[\"aborto\",\"legal\",\"paraguay\",\"seguro\"],\"inLanguage\":\"es\"},{\"@type\":\"WebPage\",\"@id\":\"https:\/\/enlatitud25.com\/news\/todas-las-mujeres-en-paraguay-conocemos-a-alguien-que-aborto\/\",\"url\":\"https:\/\/enlatitud25.com\/news\/todas-las-mujeres-en-paraguay-conocemos-a-alguien-que-aborto\/\",\"name\":\"\\\"Todas las mujeres en Paraguay conocemos a alguien que abort\u00f3\\\" &ndash; Latitud25\",\"isPartOf\":{\"@id\":\"https:\/\/enlatitud25.com\/news\/#website\"},\"datePublished\":\"2022-09-28T20:01:17+00:00\",\"dateModified\":\"2022-09-28T21:23:58+00:00\",\"description\":\"Mir\u00e1 nuestros reportajes audiovisuales y seguinos para enterarte de las \u00faltimas noticias de Paraguay y el mundo, desde la Latitud25. Somos Alternativa de Informaci\u00f3n.\",\"breadcrumb\":{\"@id\":\"https:\/\/enlatitud25.com\/news\/todas-las-mujeres-en-paraguay-conocemos-a-alguien-que-aborto\/#breadcrumb\"},\"inLanguage\":\"es\",\"potentialAction\":[{\"@type\":\"ReadAction\",\"target\":[\"https:\/\/enlatitud25.com\/news\/todas-las-mujeres-en-paraguay-conocemos-a-alguien-que-aborto\/\"]}]},{\"@type\":\"BreadcrumbList\",\"@id\":\"https:\/\/enlatitud25.com\/news\/todas-las-mujeres-en-paraguay-conocemos-a-alguien-que-aborto\/#breadcrumb\",\"itemListElement\":[{\"@type\":\"ListItem\",\"position\":1,\"name\":\"Home\",\"item\":\"https:\/\/enlatitud25.com\/news\/\"},{\"@type\":\"ListItem\",\"position\":2,\"name\":\"&#8220;Todas las mujeres en Paraguay conocemos a alguien que abort\u00f3&#8221;\"}]},{\"@type\":\"WebSite\",\"@id\":\"https:\/\/enlatitud25.com\/news\/#website\",\"url\":\"https:\/\/enlatitud25.com\/news\/\",\"name\":\"Latitud25\",\"description\":\"news\",\"publisher\":{\"@id\":\"https:\/\/enlatitud25.com\/news\/#organization\"},\"potentialAction\":[{\"@type\":\"SearchAction\",\"target\":{\"@type\":\"EntryPoint\",\"urlTemplate\":\"https:\/\/enlatitud25.com\/news\/?s={search_term_string}\"},\"query-input\":\"required name=search_term_string\"}],\"inLanguage\":\"es\"},{\"@type\":\"Organization\",\"@id\":\"https:\/\/enlatitud25.com\/news\/#organization\",\"name\":\"Latitud 25 - News\",\"url\":\"https:\/\/enlatitud25.com\/news\/\",\"logo\":{\"@type\":\"ImageObject\",\"inLanguage\":\"es\",\"@id\":\"https:\/\/enlatitud25.com\/news\/#\/schema\/logo\/image\/\",\"url\":\"https:\/\/enlatitud25.com\/news\/wp-content\/uploads\/2020\/11\/logo_latitud.png\",\"contentUrl\":\"https:\/\/enlatitud25.com\/news\/wp-content\/uploads\/2020\/11\/logo_latitud.png\",\"width\":235,\"height\":39,\"caption\":\"Latitud 25 - News\"},\"image\":{\"@id\":\"https:\/\/enlatitud25.com\/news\/#\/schema\/logo\/image\/\"},\"sameAs\":[\"https:\/\/www.facebook.com\/EnLatitud25\",\"https:\/\/twitter.com\/EnLatitud25\",\"https:\/\/www.instagram.com\/enlatitud25\/\",\"https:\/\/www.youtube.com\/user\/desdelatitud25\"]},{\"@type\":\"Person\",\"@id\":\"https:\/\/enlatitud25.com\/news\/#\/schema\/person\/23aafe968917005a721b8eb760f2586e\",\"name\":\"Latitud 25\",\"sameAs\":[\"https:\/\/enlatitud25.com\/news\",\"https:\/\/www.facebook.com\/EnLatitud25\",\"https:\/\/www.instagram.com\/enlatitud25\",\"https:\/\/www.youtube.com\/user\/desdelatitud25\",\"https:\/\/soundcloud.com\/enlatitud25\"],\"url\":\"https:\/\/enlatitud25.com\/news\/author\/nnews-uss00\/\"}]}<\/script>\n<!-- \/ Yoast SEO plugin. -->","yoast_head_json":{"title":"\"Todas las mujeres en Paraguay conocemos a alguien que abort\u00f3\" &ndash; Latitud25","description":"Mir\u00e1 nuestros reportajes audiovisuales y seguinos para enterarte de las \u00faltimas noticias de Paraguay y el mundo, desde la Latitud25. Somos Alternativa de Informaci\u00f3n.","robots":{"index":"index","follow":"follow","max-snippet":"max-snippet:-1","max-image-preview":"max-image-preview:large","max-video-preview":"max-video-preview:-1"},"canonical":"https:\/\/enlatitud25.com\/news\/todas-las-mujeres-en-paraguay-conocemos-a-alguien-que-aborto\/","og_locale":"es_ES","og_type":"article","og_title":"\"Todas las mujeres en Paraguay conocemos a alguien que abort\u00f3\" &ndash; Latitud25","og_description":"Mir\u00e1 nuestros reportajes audiovisuales y seguinos para enterarte de las \u00faltimas noticias de Paraguay y el mundo, desde la Latitud25. Somos Alternativa de Informaci\u00f3n.","og_url":"https:\/\/enlatitud25.com\/news\/todas-las-mujeres-en-paraguay-conocemos-a-alguien-que-aborto\/","og_site_name":"Latitud25","article_publisher":"https:\/\/www.facebook.com\/EnLatitud25","article_author":"https:\/\/www.facebook.com\/EnLatitud25","article_published_time":"2022-09-28T20:01:17+00:00","article_modified_time":"2022-09-28T21:23:58+00:00","og_image":[{"width":800,"height":500,"url":"https:\/\/enlatitud25.com\/news\/wp-content\/uploads\/2022\/09\/Portada_aborto_seguro_ley-1.jpg","type":"image\/jpeg"}],"author":"Latitud 25","twitter_card":"summary_large_image","twitter_creator":"@EnLatitud25","twitter_site":"@EnLatitud25","twitter_misc":{"Escrito por":"Latitud 25","Tiempo de lectura":"6 minutos"},"schema":{"@context":"https:\/\/schema.org","@graph":[{"@type":"Article","@id":"https:\/\/enlatitud25.com\/news\/todas-las-mujeres-en-paraguay-conocemos-a-alguien-que-aborto\/#article","isPartOf":{"@id":"https:\/\/enlatitud25.com\/news\/todas-las-mujeres-en-paraguay-conocemos-a-alguien-que-aborto\/"},"author":{"name":"Latitud 25","@id":"https:\/\/enlatitud25.com\/news\/#\/schema\/person\/23aafe968917005a721b8eb760f2586e"},"headline":"&#8220;Todas las mujeres en Paraguay conocemos a alguien que abort\u00f3&#8221;","datePublished":"2022-09-28T20:01:17+00:00","dateModified":"2022-09-28T21:23:58+00:00","mainEntityOfPage":{"@id":"https:\/\/enlatitud25.com\/news\/todas-las-mujeres-en-paraguay-conocemos-a-alguien-que-aborto\/"},"wordCount":1228,"publisher":{"@id":"https:\/\/enlatitud25.com\/news\/#organization"},"keywords":["aborto","legal","paraguay","seguro"],"inLanguage":"es"},{"@type":"WebPage","@id":"https:\/\/enlatitud25.com\/news\/todas-las-mujeres-en-paraguay-conocemos-a-alguien-que-aborto\/","url":"https:\/\/enlatitud25.com\/news\/todas-las-mujeres-en-paraguay-conocemos-a-alguien-que-aborto\/","name":"\"Todas las mujeres en Paraguay conocemos a alguien que abort\u00f3\" &ndash; Latitud25","isPartOf":{"@id":"https:\/\/enlatitud25.com\/news\/#website"},"datePublished":"2022-09-28T20:01:17+00:00","dateModified":"2022-09-28T21:23:58+00:00","description":"Mir\u00e1 nuestros reportajes audiovisuales y seguinos para enterarte de las \u00faltimas noticias de Paraguay y el mundo, desde la Latitud25. Somos Alternativa de Informaci\u00f3n.","breadcrumb":{"@id":"https:\/\/enlatitud25.com\/news\/todas-las-mujeres-en-paraguay-conocemos-a-alguien-que-aborto\/#breadcrumb"},"inLanguage":"es","potentialAction":[{"@type":"ReadAction","target":["https:\/\/enlatitud25.com\/news\/todas-las-mujeres-en-paraguay-conocemos-a-alguien-que-aborto\/"]}]},{"@type":"BreadcrumbList","@id":"https:\/\/enlatitud25.com\/news\/todas-las-mujeres-en-paraguay-conocemos-a-alguien-que-aborto\/#breadcrumb","itemListElement":[{"@type":"ListItem","position":1,"name":"Home","item":"https:\/\/enlatitud25.com\/news\/"},{"@type":"ListItem","position":2,"name":"&#8220;Todas las mujeres en Paraguay conocemos a alguien que abort\u00f3&#8221;"}]},{"@type":"WebSite","@id":"https:\/\/enlatitud25.com\/news\/#website","url":"https:\/\/enlatitud25.com\/news\/","name":"Latitud25","description":"news","publisher":{"@id":"https:\/\/enlatitud25.com\/news\/#organization"},"potentialAction":[{"@type":"SearchAction","target":{"@type":"EntryPoint","urlTemplate":"https:\/\/enlatitud25.com\/news\/?s={search_term_string}"},"query-input":"required name=search_term_string"}],"inLanguage":"es"},{"@type":"Organization","@id":"https:\/\/enlatitud25.com\/news\/#organization","name":"Latitud 25 - News","url":"https:\/\/enlatitud25.com\/news\/","logo":{"@type":"ImageObject","inLanguage":"es","@id":"https:\/\/enlatitud25.com\/news\/#\/schema\/logo\/image\/","url":"https:\/\/enlatitud25.com\/news\/wp-content\/uploads\/2020\/11\/logo_latitud.png","contentUrl":"https:\/\/enlatitud25.com\/news\/wp-content\/uploads\/2020\/11\/logo_latitud.png","width":235,"height":39,"caption":"Latitud 25 - News"},"image":{"@id":"https:\/\/enlatitud25.com\/news\/#\/schema\/logo\/image\/"},"sameAs":["https:\/\/www.facebook.com\/EnLatitud25","https:\/\/twitter.com\/EnLatitud25","https:\/\/www.instagram.com\/enlatitud25\/","https:\/\/www.youtube.com\/user\/desdelatitud25"]},{"@type":"Person","@id":"https:\/\/enlatitud25.com\/news\/#\/schema\/person\/23aafe968917005a721b8eb760f2586e","name":"Latitud 25","sameAs":["https:\/\/enlatitud25.com\/news","https:\/\/www.facebook.com\/EnLatitud25","https:\/\/www.instagram.com\/enlatitud25","https:\/\/www.youtube.com\/user\/desdelatitud25","https:\/\/soundcloud.com\/enlatitud25"],"url":"https:\/\/enlatitud25.com\/news\/author\/nnews-uss00\/"}]}},"_links":{"self":[{"href":"https:\/\/enlatitud25.com\/news\/wp-json\/wp\/v2\/posts\/10523"}],"collection":[{"href":"https:\/\/enlatitud25.com\/news\/wp-json\/wp\/v2\/posts"}],"about":[{"href":"https:\/\/enlatitud25.com\/news\/wp-json\/wp\/v2\/types\/post"}],"author":[{"embeddable":true,"href":"https:\/\/enlatitud25.com\/news\/wp-json\/wp\/v2\/users\/1"}],"replies":[{"embeddable":true,"href":"https:\/\/enlatitud25.com\/news\/wp-json\/wp\/v2\/comments?post=10523"}],"version-history":[{"count":24,"href":"https:\/\/enlatitud25.com\/news\/wp-json\/wp\/v2\/posts\/10523\/revisions"}],"predecessor-version":[{"id":10583,"href":"https:\/\/enlatitud25.com\/news\/wp-json\/wp\/v2\/posts\/10523\/revisions\/10583"}],"wp:featuredmedia":[{"embeddable":true,"href":"https:\/\/enlatitud25.com\/news\/wp-json\/wp\/v2\/media\/10551"}],"wp:attachment":[{"href":"https:\/\/enlatitud25.com\/news\/wp-json\/wp\/v2\/media?parent=10523"}],"wp:term":[{"taxonomy":"category","embeddable":true,"href":"https:\/\/enlatitud25.com\/news\/wp-json\/wp\/v2\/categories?post=10523"},{"taxonomy":"post_tag","embeddable":true,"href":"https:\/\/enlatitud25.com\/news\/wp-json\/wp\/v2\/tags?post=10523"},{"taxonomy":"ubicacion","embeddable":true,"href":"https:\/\/enlatitud25.com\/news\/wp-json\/wp\/v2\/ubicacion?post=10523"}],"curies":[{"name":"wp","href":"https:\/\/api.w.org\/{rel}","templated":true}]}}