{"id":10381,"date":"2022-09-21T18:37:04","date_gmt":"2022-09-21T18:37:04","guid":{"rendered":"https:\/\/enlatitud25.com\/news\/?p=10381"},"modified":"2022-09-21T18:37:06","modified_gmt":"2022-09-21T18:37:06","slug":"policia-de-la-moral-el-mundo-se-hace-eco-de-los-excesos-del-fanatismo-religioso","status":"publish","type":"post","link":"https:\/\/enlatitud25.com\/news\/policia-de-la-moral-el-mundo-se-hace-eco-de-los-excesos-del-fanatismo-religioso\/","title":{"rendered":"Polic\u00eda de la Moral: El mundo se hace eco de los excesos del fanatismo religioso"},"content":{"rendered":"\n<p>La muerte de la joven Mahsa Amini en Ir\u00e1n, deton\u00f3 en la naci\u00f3n isl\u00e1mica una reacci\u00f3n popular que sorprende al mundo entero, por la tenacidad de las mujeres que encabezan las populosas manifestaciones o la brutalidad de las fuerzas operativas que reprimen a los movilizados.  <\/p>\n\n\n\n<p>Las agendas de los medios internacionales se volcaron a monitorear este caso que deriv\u00f3 en debates en los que colisionan criterios culturales, religiosos y sociales, vinculados al empoderamiento de la mujer en una naci\u00f3n que limita la participaci\u00f3n de la mujer en la vida p\u00fablica e impone estrictos protocolos de convivencia como rigurosos c\u00f3digo de vestimenta, que de ser incumplidos, exponen a las mujeres a brutales reprimendas de la polic\u00eda.<\/p>\n\n\n\n<p>Este fue el caso de Mahsa Amini, que por no cumplir con estos protocolos, fue detenida antes de morir, en manos de la Polic\u00eda de la Moral.<\/p>\n\n\n\n<p>Las im\u00e1genes y el relato de lo que acontece en Ir\u00e1n invaden los timeline de Twitter, Tik Tok, Instagram. Los medios internacionales de mayor alcance posicionaron el tema entre sus temas m\u00e1s asistidos por sus audiencias, pero pese a esto, aun persisten dudas sobre el caso. \u00bfQu\u00e9 pas\u00f3 con Mahsa? \u00bfQu\u00e9 dijeron las autoridades? \u00bfPor qu\u00e9 tanta indignaci\u00f3n?<\/p>\n\n\n\n<figure class=\"wp-block-image size-full\"><img decoding=\"async\" loading=\"lazy\" width=\"800\" height=\"500\" src=\"https:\/\/enlatitud25.com\/news\/wp-content\/uploads\/2022\/09\/Pag1_Mahsa_Amini_protesta.jpg\" alt=\"\" class=\"wp-image-10391\" srcset=\"https:\/\/enlatitud25.com\/news\/wp-content\/uploads\/2022\/09\/Pag1_Mahsa_Amini_protesta.jpg 800w, https:\/\/enlatitud25.com\/news\/wp-content\/uploads\/2022\/09\/Pag1_Mahsa_Amini_protesta-300x188.jpg 300w, https:\/\/enlatitud25.com\/news\/wp-content\/uploads\/2022\/09\/Pag1_Mahsa_Amini_protesta-768x480.jpg 768w, https:\/\/enlatitud25.com\/news\/wp-content\/uploads\/2022\/09\/Pag1_Mahsa_Amini_protesta-380x238.jpg 380w\" sizes=\"(max-width: 800px) 100vw, 800px\" \/><\/figure>\n\n\n\n<h5 id=\"quema-de-hiyab-manifestaciones-y-muerte\" class=\"wp-block-heading\">Quema de hiyab, manifestaciones y muerte<\/h5>\n\n\n\n<p>Tras la muerte de Mahsa, miles de mujeres, en su mayor\u00eda de origen isl\u00e1mico, en diferentes partes del mundo, hicieron videos en los que mostraban c\u00f3mo se cortaban el cabello y quemaban sus velos. Desde sus hogares, o en grupos de personas, decidieron protestar contra la violencia y el fanatismo religioso, muchas de ellas, a trav\u00e9s de las redes sociales con hashtags como: #Nohijab y #No2hijab. <\/p>\n\n\n\n<p>Posteriormente, las calles se llenaron de manifestantes, tanto mujeres y hombres, que salieron a repudiar no solo la violencia injustificada sino el uso obligatorio del velo. <\/p>\n\n\n\n<p>Estas movilizaciones se realizan, ya por cuarto d\u00eda consecutivo, a pesar de las fuertes represiones que dejaron una serie de heridos, y ya se registraron al menos seis v\u00edctimas fatales, hasta el 21 de setiembre, seg\u00fan reportan los medios.<\/p>\n\n\n\n<figure class=\"wp-block-image size-full\"><img decoding=\"async\" loading=\"lazy\" width=\"800\" height=\"500\" src=\"https:\/\/enlatitud25.com\/news\/wp-content\/uploads\/2022\/09\/Pag2_Mahsa_Amini_protesta.jpg\" alt=\"\" class=\"wp-image-10412\" srcset=\"https:\/\/enlatitud25.com\/news\/wp-content\/uploads\/2022\/09\/Pag2_Mahsa_Amini_protesta.jpg 800w, https:\/\/enlatitud25.com\/news\/wp-content\/uploads\/2022\/09\/Pag2_Mahsa_Amini_protesta-300x188.jpg 300w, https:\/\/enlatitud25.com\/news\/wp-content\/uploads\/2022\/09\/Pag2_Mahsa_Amini_protesta-768x480.jpg 768w, https:\/\/enlatitud25.com\/news\/wp-content\/uploads\/2022\/09\/Pag2_Mahsa_Amini_protesta-380x238.jpg 380w\" sizes=\"(max-width: 800px) 100vw, 800px\" \/><\/figure>\n\n\n\n<h5 id=\"que-paso-con-mahsa\" class=\"wp-block-heading\">\u00bfQu\u00e9 pas\u00f3 con Mahsa?<\/h5>\n\n\n\n<p>Mahsa Amini, de 22 a\u00f1os, de la ciudad de Saqiz, en la provincia de Kurdist\u00e1n, fue detenida mientras se encontraba en Teher\u00e1n de visita y fue llevada en una patrulla de la Polic\u00eda de la Moral. <\/p>\n\n\n\n<p>Tras estar tres d\u00edas en coma, la mujer falleci\u00f3. Luego, las fuerzas de seguridad de Ir\u00e1n, a trav\u00e9s de un comunicado, se\u00f1alaron que Mahsa se hab\u00eda desmayado repentinamente a causa de un ataque al coraz\u00f3n en el centro de detenci\u00f3n. Sin embargo, sus padres, desmintieron en todo momento que Mahsa tenga alg\u00fan problema card\u00edaco. <\/p>\n\n\n\n<p>Adem\u00e1s el comandante de Polic\u00eda del Gran Teher\u00e1n, Hossein Rahimi, neg\u00f3 que se haya hecho uso de la violencia contra Mahsa y hasta calific\u00f3 de &#8220;cobardes&#8221; estas acusaciones. Sin embargo, testigos oculares, se\u00f1alaron que la mujer ya hab\u00eda recibido golpes mientras era trasladada al centro de detenciones. <\/p>\n\n\n\n<p>Seg\u00fan el medio de prensa, <a href=\"https:\/\/www.elespanol.com\/mundo\/20220920\/policia-moral-iran-suspendido-muerte-masha-llevar\/704679753_0.html\" target=\"_blank\" rel=\"noreferrer noopener\">El Espa\u00f1ol<\/a>, en la tomograf\u00eda computarizada realizada a Amini, durante la autopsia, se pudo saber que la joven ten\u00eda una\u00a0<strong>fractura \u00f3sea, una hemorragia y un edema cerebral<\/strong>. <\/p>\n\n\n\n<blockquote class=\"instagram-media\" data-instgrm-permalink=\"https:\/\/www.instagram.com\/p\/CitBx4lrUpH\/?utm_source=ig_embed&amp;utm_campaign=loading\" data-instgrm-version=\"14\" style=\" background:#FFF; border:0; border-radius:3px; box-shadow:0 0 1px 0 rgba(0,0,0,0.5),0 1px 10px 0 rgba(0,0,0,0.15); margin: 1px; max-width:540px; min-width:326px; padding:0; width:99.375%; width:-webkit-calc(100% - 2px); width:calc(100% - 2px);\"><div style=\"padding:16px;\"> <a href=\"https:\/\/www.instagram.com\/p\/CitBx4lrUpH\/?utm_source=ig_embed&amp;utm_campaign=loading\" style=\" background:#FFFFFF; line-height:0; padding:0 0; text-align:center; text-decoration:none; width:100%;\" target=\"_blank\" rel=\"noopener\"> <div style=\" display: flex; flex-direction: row; align-items: center;\"> <div style=\"background-color: #F4F4F4; border-radius: 50%; flex-grow: 0; height: 40px; margin-right: 14px; width: 40px;\"><\/div> <div style=\"display: flex; flex-direction: column; flex-grow: 1; justify-content: center;\"> <div style=\" background-color: #F4F4F4; border-radius: 4px; flex-grow: 0; height: 14px; margin-bottom: 6px; width: 100px;\"><\/div> <div style=\" background-color: #F4F4F4; border-radius: 4px; flex-grow: 0; height: 14px; width: 60px;\"><\/div><\/div><\/div><div style=\"padding: 19% 0;\"><\/div> <div style=\"display:block; height:50px; margin:0 auto 12px; width:50px;\"><svg width=\"50px\" height=\"50px\" viewBox=\"0 0 60 60\" version=\"1.1\" xmlns=\"https:\/\/www.w3.org\/2000\/svg\" xmlns:xlink=\"https:\/\/www.w3.org\/1999\/xlink\"><g stroke=\"none\" stroke-width=\"1\" fill=\"none\" fill-rule=\"evenodd\"><g transform=\"translate(-511.000000, -20.000000)\" fill=\"#000000\"><g><path d=\"M556.869,30.41 C554.814,30.41 553.148,32.076 553.148,34.131 C553.148,36.186 554.814,37.852 556.869,37.852 C558.924,37.852 560.59,36.186 560.59,34.131 C560.59,32.076 558.924,30.41 556.869,30.41 M541,60.657 C535.114,60.657 530.342,55.887 530.342,50 C530.342,44.114 535.114,39.342 541,39.342 C546.887,39.342 551.658,44.114 551.658,50 C551.658,55.887 546.887,60.657 541,60.657 M541,33.886 C532.1,33.886 524.886,41.1 524.886,50 C524.886,58.899 532.1,66.113 541,66.113 C549.9,66.113 557.115,58.899 557.115,50 C557.115,41.1 549.9,33.886 541,33.886 M565.378,62.101 C565.244,65.022 564.756,66.606 564.346,67.663 C563.803,69.06 563.154,70.057 562.106,71.106 C561.058,72.155 560.06,72.803 558.662,73.347 C557.607,73.757 556.021,74.244 553.102,74.378 C549.944,74.521 548.997,74.552 541,74.552 C533.003,74.552 532.056,74.521 528.898,74.378 C525.979,74.244 524.393,73.757 523.338,73.347 C521.94,72.803 520.942,72.155 519.894,71.106 C518.846,70.057 518.197,69.06 517.654,67.663 C517.244,66.606 516.755,65.022 516.623,62.101 C516.479,58.943 516.448,57.996 516.448,50 C516.448,42.003 516.479,41.056 516.623,37.899 C516.755,34.978 517.244,33.391 517.654,32.338 C518.197,30.938 518.846,29.942 519.894,28.894 C520.942,27.846 521.94,27.196 523.338,26.654 C524.393,26.244 525.979,25.756 528.898,25.623 C532.057,25.479 533.004,25.448 541,25.448 C548.997,25.448 549.943,25.479 553.102,25.623 C556.021,25.756 557.607,26.244 558.662,26.654 C560.06,27.196 561.058,27.846 562.106,28.894 C563.154,29.942 563.803,30.938 564.346,32.338 C564.756,33.391 565.244,34.978 565.378,37.899 C565.522,41.056 565.552,42.003 565.552,50 C565.552,57.996 565.522,58.943 565.378,62.101 M570.82,37.631 C570.674,34.438 570.167,32.258 569.425,30.349 C568.659,28.377 567.633,26.702 565.965,25.035 C564.297,23.368 562.623,22.342 560.652,21.575 C558.743,20.834 556.562,20.326 553.369,20.18 C550.169,20.033 549.148,20 541,20 C532.853,20 531.831,20.033 528.631,20.18 C525.438,20.326 523.257,20.834 521.349,21.575 C519.376,22.342 517.703,23.368 516.035,25.035 C514.368,26.702 513.342,28.377 512.574,30.349 C511.834,32.258 511.326,34.438 511.181,37.631 C511.035,40.831 511,41.851 511,50 C511,58.147 511.035,59.17 511.181,62.369 C511.326,65.562 511.834,67.743 512.574,69.651 C513.342,71.625 514.368,73.296 516.035,74.965 C517.703,76.634 519.376,77.658 521.349,78.425 C523.257,79.167 525.438,79.673 528.631,79.82 C531.831,79.965 532.853,80.001 541,80.001 C549.148,80.001 550.169,79.965 553.369,79.82 C556.562,79.673 558.743,79.167 560.652,78.425 C562.623,77.658 564.297,76.634 565.965,74.965 C567.633,73.296 568.659,71.625 569.425,69.651 C570.167,67.743 570.674,65.562 570.82,62.369 C570.966,59.17 571,58.147 571,50 C571,41.851 570.966,40.831 570.82,37.631\"><\/path><\/g><\/g><\/g><\/svg><\/div><div style=\"padding-top: 8px;\"> <div style=\" color:#3897f0; font-family:Arial,sans-serif; font-size:14px; font-style:normal; font-weight:550; line-height:18px;\">Ver esta publicaci\u00f3n en Instagram<\/div><\/div><div style=\"padding: 12.5% 0;\"><\/div> <div style=\"display: flex; flex-direction: row; margin-bottom: 14px; align-items: center;\"><div> <div style=\"background-color: #F4F4F4; border-radius: 50%; height: 12.5px; width: 12.5px; transform: translateX(0px) translateY(7px);\"><\/div> <div style=\"background-color: #F4F4F4; height: 12.5px; transform: rotate(-45deg) translateX(3px) translateY(1px); width: 12.5px; flex-grow: 0; margin-right: 14px; margin-left: 2px;\"><\/div> <div style=\"background-color: #F4F4F4; border-radius: 50%; height: 12.5px; width: 12.5px; transform: translateX(9px) translateY(-18px);\"><\/div><\/div><div style=\"margin-left: 8px;\"> <div style=\" background-color: #F4F4F4; border-radius: 50%; flex-grow: 0; height: 20px; width: 20px;\"><\/div> <div style=\" width: 0; height: 0; border-top: 2px solid transparent; border-left: 6px solid #f4f4f4; border-bottom: 2px solid transparent; transform: translateX(16px) translateY(-4px) rotate(30deg)\"><\/div><\/div><div style=\"margin-left: auto;\"> <div style=\" width: 0px; border-top: 8px solid #F4F4F4; border-right: 8px solid transparent; transform: translateY(16px);\"><\/div> <div style=\" background-color: #F4F4F4; flex-grow: 0; height: 12px; width: 16px; transform: translateY(-4px);\"><\/div> <div style=\" width: 0; height: 0; border-top: 8px solid #F4F4F4; border-left: 8px solid transparent; transform: translateY(-4px) translateX(8px);\"><\/div><\/div><\/div> <div style=\"display: flex; flex-direction: column; flex-grow: 1; justify-content: center; margin-bottom: 24px;\"> <div style=\" background-color: #F4F4F4; border-radius: 4px; flex-grow: 0; height: 14px; margin-bottom: 6px; width: 224px;\"><\/div> <div style=\" background-color: #F4F4F4; border-radius: 4px; flex-grow: 0; height: 14px; width: 144px;\"><\/div><\/div><\/a><p style=\" color:#c9c8cd; font-family:Arial,sans-serif; font-size:14px; line-height:17px; margin-bottom:0; margin-top:8px; overflow:hidden; padding:8px 0 7px; text-align:center; text-overflow:ellipsis; white-space:nowrap;\"><a href=\"https:\/\/www.instagram.com\/p\/CitBx4lrUpH\/?utm_source=ig_embed&amp;utm_campaign=loading\" style=\" color:#c9c8cd; font-family:Arial,sans-serif; font-size:14px; font-style:normal; font-weight:normal; line-height:17px; text-decoration:none;\" target=\"_blank\" rel=\"noopener\">Una publicaci\u00f3n compartida por LATITUD 25 (@enlatitud25)<\/a><\/p><\/div><\/blockquote> <script async=\"\" src=\"\/\/www.instagram.com\/embed.js\"><\/script>\n\n\n\n<p>Agrega, que seg\u00fan medios locales, el presidente del pa\u00eds, Ebrahim Raisi \u2013quien desde que asumi\u00f3 reforz\u00f3 la aplicaci\u00f3n de la ley del velo\u2013 convers\u00f3 por tel\u00e9fono con la familia de Mahsa. &#8220;<strong>Su hija es como mi propia hija,<\/strong>&nbsp;y siento que este incidente le sucedi\u00f3 a uno de mis seres queridos. Por favor, acepte mis condolencias&#8221;,&nbsp;le habr\u00eda dicho Raisi al padre de la fallecida. <\/p>\n\n\n\n<p>En ese contexto, tras el hecho y la indignaci\u00f3n generalizada, el jefe de la Polic\u00eda de la Moral fue suspendido. <\/p>\n\n\n\n<h5 id=\"la-policia-de-la-moral\" class=\"wp-block-heading\">La Polic\u00eda de la Moral<\/h5>\n\n\n\n<p>Para entender un poco el contexto, la ley que hace obligatorio el uso del&nbsp;<strong>hiyab<\/strong> para las mujeres,&nbsp;entr\u00f3 en vigencia en 1981, despu\u00e9s de la revoluci\u00f3n isl\u00e1mica. Con el objetivo de hacer cumplir el estricto c\u00f3digo de vestimenta, fue creada la Polic\u00eda de la moral.<\/p>\n\n\n\n<p>Justamente, por las detenciones y torturas hacia las mujeres, el uso obligatorio del hiyab y la Polic\u00eda de la Moral fueron cuestionadas. Esta Polic\u00eda realiza patrullajes y verifica si las mujeres utilizan correctamente esta vestimenta. <\/p>\n\n\n\n<p>La Polic\u00eda de la Moral se encarga de ver si el hiyab cubre completamente el cabello y desaconseja el uso del maquillaje, seg\u00fan la BBC. <\/p>\n\n\n\n<p>Adem\u00e1s de advertir verbalmente a las mujeres por el mal uso del c\u00f3digo de vestimenta, la Polic\u00eda de la Moral cobra multas. En algunas ocasiones, tambi\u00e9n se ha visto c\u00f3mo arrastra a las mujeres hasta una patrulla.<\/p>\n\n\n\n<p><\/p>\n\n\n\n<figure class=\"wp-block-image size-full\"><img decoding=\"async\" loading=\"lazy\" width=\"800\" height=\"500\" src=\"https:\/\/enlatitud25.com\/news\/wp-content\/uploads\/2022\/09\/Pag3_Mahsa_Amini_protesta.jpg\" alt=\"\" class=\"wp-image-10413\" srcset=\"https:\/\/enlatitud25.com\/news\/wp-content\/uploads\/2022\/09\/Pag3_Mahsa_Amini_protesta.jpg 800w, https:\/\/enlatitud25.com\/news\/wp-content\/uploads\/2022\/09\/Pag3_Mahsa_Amini_protesta-300x188.jpg 300w, https:\/\/enlatitud25.com\/news\/wp-content\/uploads\/2022\/09\/Pag3_Mahsa_Amini_protesta-768x480.jpg 768w, https:\/\/enlatitud25.com\/news\/wp-content\/uploads\/2022\/09\/Pag3_Mahsa_Amini_protesta-380x238.jpg 380w\" sizes=\"(max-width: 800px) 100vw, 800px\" \/><\/figure>\n\n\n\n<p>A inicios de este mes, ya se realizaron masivas manifestaciones en contra del velo isl\u00e1mico. El 5 de setiembre, las autoridades de Ir\u00e1n, detuvieron a 300 personas, seg\u00fan manifestaron, por militar en contra del hiyab. <\/p>\n\n\n\n<p>La movilizaciones actualmente siguen vigentes, hasta la fecha en Ir\u00e1n. Seg\u00fan entrevistas transmitidas por la Deutsche Welle en Espa\u00f1ol, adem\u00e1s de lo ocurrido con Mahsa, hombres y mujeres salen a manifestarse para que, v\u00eda ley, se aligeren las restricciones y las mujeres dejen de ser perseguidas y torturadas por c\u00f3mo se visten. <\/p>\n\n\n\n<p>Esta rebeli\u00f3n podr\u00eda generar una discusi\u00f3n social que revea la ley que dispone los c\u00f3digos de vestimenta, considerando el reclamo de las mujeres movilizadas, de usar el velo si es voluntad de la mujer hacerlo o restringir su uso obligatorio a lugares determinados, y que de no ser as\u00ed, que esta decisi\u00f3n no implique represiones de la Polic\u00eda, detenciones innecesarias o incluso la muerte, como en el caso de Mahsa Amini. <\/p>\n\n\n\n<p><\/p>\n","protected":false},"excerpt":{"rendered":"Ir\u00e1n se encuentra sumergido en multitudinarias protestas, pese a las represiones de la polic\u00eda, luego de la controversial muerte de Mahsa Amini (22), en manos de la Polic\u00eda de la Moral, por &#8220;no usar el velo apropiadamente&#8221;. El mundo entero hoy habla de este caso y de sus posibles implicancias. En esta nota, te contamos por qu\u00e9 la muerte de Amini, podr\u00eda llegar a constituir un hito en la confrontaci\u00f3n a las dictaduras teocr\u00e1ticas de Medio Oriente, por parte de miles de mujeres.\n","protected":false},"author":1,"featured_media":10388,"comment_status":"closed","ping_status":"closed","sticky":false,"template":"","format":"standard","meta":[],"categories":[12],"tags":[1179,1201,1199,91,1200,776],"ubicacion":[18],"yoast_head":"<!-- This site is optimized with the Yoast SEO plugin v20.8 - https:\/\/yoast.com\/wordpress\/plugins\/seo\/ -->\n<title>Polic\u00eda de la Moral: El mundo se hace eco de los excesos del fanatismo religioso &ndash; Latitud25<\/title>\n<meta name=\"description\" content=\"Mir\u00e1 nuestros reportajes audiovisuales y seguinos para enterarte de las \u00faltimas noticias de Paraguay y el mundo, desde la Latitud25. Somos Alternativa de Informaci\u00f3n.\" \/>\n<meta name=\"robots\" content=\"index, follow, max-snippet:-1, max-image-preview:large, max-video-preview:-1\" \/>\n<link rel=\"canonical\" href=\"https:\/\/enlatitud25.com\/news\/policia-de-la-moral-el-mundo-se-hace-eco-de-los-excesos-del-fanatismo-religioso\/\" \/>\n<meta property=\"og:locale\" content=\"es_ES\" \/>\n<meta property=\"og:type\" content=\"article\" \/>\n<meta property=\"og:title\" content=\"Polic\u00eda de la Moral: El mundo se hace eco de los excesos del fanatismo religioso &ndash; Latitud25\" \/>\n<meta property=\"og:description\" content=\"Mir\u00e1 nuestros reportajes audiovisuales y seguinos para enterarte de las \u00faltimas noticias de Paraguay y el mundo, desde la Latitud25. Somos Alternativa de Informaci\u00f3n.\" \/>\n<meta property=\"og:url\" content=\"https:\/\/enlatitud25.com\/news\/policia-de-la-moral-el-mundo-se-hace-eco-de-los-excesos-del-fanatismo-religioso\/\" \/>\n<meta property=\"og:site_name\" content=\"Latitud25\" \/>\n<meta property=\"article:publisher\" content=\"https:\/\/www.facebook.com\/EnLatitud25\" \/>\n<meta property=\"article:author\" content=\"https:\/\/www.facebook.com\/EnLatitud25\" \/>\n<meta property=\"article:published_time\" content=\"2022-09-21T18:37:04+00:00\" \/>\n<meta property=\"article:modified_time\" content=\"2022-09-21T18:37:06+00:00\" \/>\n<meta property=\"og:image\" content=\"https:\/\/enlatitud25.com\/news\/wp-content\/uploads\/2022\/09\/Mahsa_Amini_protesta_portada.jpg\" \/>\n\t<meta property=\"og:image:width\" content=\"800\" \/>\n\t<meta property=\"og:image:height\" content=\"500\" \/>\n\t<meta property=\"og:image:type\" content=\"image\/jpeg\" \/>\n<meta name=\"author\" content=\"Latitud 25\" \/>\n<meta name=\"twitter:card\" content=\"summary_large_image\" \/>\n<meta name=\"twitter:creator\" content=\"@EnLatitud25\" \/>\n<meta name=\"twitter:site\" content=\"@EnLatitud25\" \/>\n<meta name=\"twitter:label1\" content=\"Escrito por\" \/>\n\t<meta name=\"twitter:data1\" content=\"Latitud 25\" \/>\n\t<meta name=\"twitter:label2\" content=\"Tiempo de lectura\" \/>\n\t<meta name=\"twitter:data2\" content=\"5 minutos\" \/>\n<script type=\"application\/ld+json\" class=\"yoast-schema-graph\">{\"@context\":\"https:\/\/schema.org\",\"@graph\":[{\"@type\":\"Article\",\"@id\":\"https:\/\/enlatitud25.com\/news\/policia-de-la-moral-el-mundo-se-hace-eco-de-los-excesos-del-fanatismo-religioso\/#article\",\"isPartOf\":{\"@id\":\"https:\/\/enlatitud25.com\/news\/policia-de-la-moral-el-mundo-se-hace-eco-de-los-excesos-del-fanatismo-religioso\/\"},\"author\":{\"name\":\"Latitud 25\",\"@id\":\"https:\/\/enlatitud25.com\/news\/#\/schema\/person\/23aafe968917005a721b8eb760f2586e\"},\"headline\":\"Polic\u00eda de la Moral: El mundo se hace eco de los excesos del fanatismo religioso\",\"datePublished\":\"2022-09-21T18:37:04+00:00\",\"dateModified\":\"2022-09-21T18:37:06+00:00\",\"mainEntityOfPage\":{\"@id\":\"https:\/\/enlatitud25.com\/news\/policia-de-la-moral-el-mundo-se-hace-eco-de-los-excesos-del-fanatismo-religioso\/\"},\"wordCount\":1011,\"publisher\":{\"@id\":\"https:\/\/enlatitud25.com\/news\/#organization\"},\"keywords\":[\"derechos\",\"fanatismo religioso\",\"Ir\u00e1n\",\"mujer\",\"Polic\u00eda de la Moral\",\"tortura\"],\"articleSection\":[\"Realidad\"],\"inLanguage\":\"es\"},{\"@type\":\"WebPage\",\"@id\":\"https:\/\/enlatitud25.com\/news\/policia-de-la-moral-el-mundo-se-hace-eco-de-los-excesos-del-fanatismo-religioso\/\",\"url\":\"https:\/\/enlatitud25.com\/news\/policia-de-la-moral-el-mundo-se-hace-eco-de-los-excesos-del-fanatismo-religioso\/\",\"name\":\"Polic\u00eda de la Moral: El mundo se hace eco de los excesos del fanatismo religioso &ndash; Latitud25\",\"isPartOf\":{\"@id\":\"https:\/\/enlatitud25.com\/news\/#website\"},\"datePublished\":\"2022-09-21T18:37:04+00:00\",\"dateModified\":\"2022-09-21T18:37:06+00:00\",\"description\":\"Mir\u00e1 nuestros reportajes audiovisuales y seguinos para enterarte de las \u00faltimas noticias de Paraguay y el mundo, desde la Latitud25. Somos Alternativa de Informaci\u00f3n.\",\"breadcrumb\":{\"@id\":\"https:\/\/enlatitud25.com\/news\/policia-de-la-moral-el-mundo-se-hace-eco-de-los-excesos-del-fanatismo-religioso\/#breadcrumb\"},\"inLanguage\":\"es\",\"potentialAction\":[{\"@type\":\"ReadAction\",\"target\":[\"https:\/\/enlatitud25.com\/news\/policia-de-la-moral-el-mundo-se-hace-eco-de-los-excesos-del-fanatismo-religioso\/\"]}]},{\"@type\":\"BreadcrumbList\",\"@id\":\"https:\/\/enlatitud25.com\/news\/policia-de-la-moral-el-mundo-se-hace-eco-de-los-excesos-del-fanatismo-religioso\/#breadcrumb\",\"itemListElement\":[{\"@type\":\"ListItem\",\"position\":1,\"name\":\"Home\",\"item\":\"https:\/\/enlatitud25.com\/news\/\"},{\"@type\":\"ListItem\",\"position\":2,\"name\":\"Polic\u00eda de la Moral: El mundo se hace eco de los excesos del fanatismo religioso\"}]},{\"@type\":\"WebSite\",\"@id\":\"https:\/\/enlatitud25.com\/news\/#website\",\"url\":\"https:\/\/enlatitud25.com\/news\/\",\"name\":\"Latitud25\",\"description\":\"news\",\"publisher\":{\"@id\":\"https:\/\/enlatitud25.com\/news\/#organization\"},\"potentialAction\":[{\"@type\":\"SearchAction\",\"target\":{\"@type\":\"EntryPoint\",\"urlTemplate\":\"https:\/\/enlatitud25.com\/news\/?s={search_term_string}\"},\"query-input\":\"required name=search_term_string\"}],\"inLanguage\":\"es\"},{\"@type\":\"Organization\",\"@id\":\"https:\/\/enlatitud25.com\/news\/#organization\",\"name\":\"Latitud 25 - News\",\"url\":\"https:\/\/enlatitud25.com\/news\/\",\"logo\":{\"@type\":\"ImageObject\",\"inLanguage\":\"es\",\"@id\":\"https:\/\/enlatitud25.com\/news\/#\/schema\/logo\/image\/\",\"url\":\"https:\/\/enlatitud25.com\/news\/wp-content\/uploads\/2020\/11\/logo_latitud.png\",\"contentUrl\":\"https:\/\/enlatitud25.com\/news\/wp-content\/uploads\/2020\/11\/logo_latitud.png\",\"width\":235,\"height\":39,\"caption\":\"Latitud 25 - News\"},\"image\":{\"@id\":\"https:\/\/enlatitud25.com\/news\/#\/schema\/logo\/image\/\"},\"sameAs\":[\"https:\/\/www.facebook.com\/EnLatitud25\",\"https:\/\/twitter.com\/EnLatitud25\",\"https:\/\/www.instagram.com\/enlatitud25\/\",\"https:\/\/www.youtube.com\/user\/desdelatitud25\"]},{\"@type\":\"Person\",\"@id\":\"https:\/\/enlatitud25.com\/news\/#\/schema\/person\/23aafe968917005a721b8eb760f2586e\",\"name\":\"Latitud 25\",\"sameAs\":[\"https:\/\/enlatitud25.com\/news\",\"https:\/\/www.facebook.com\/EnLatitud25\",\"https:\/\/www.instagram.com\/enlatitud25\",\"https:\/\/www.youtube.com\/user\/desdelatitud25\",\"https:\/\/soundcloud.com\/enlatitud25\"],\"url\":\"https:\/\/enlatitud25.com\/news\/author\/nnews-uss00\/\"}]}<\/script>\n<!-- \/ Yoast SEO plugin. -->","yoast_head_json":{"title":"Polic\u00eda de la Moral: El mundo se hace eco de los excesos del fanatismo religioso &ndash; Latitud25","description":"Mir\u00e1 nuestros reportajes audiovisuales y seguinos para enterarte de las \u00faltimas noticias de Paraguay y el mundo, desde la Latitud25. Somos Alternativa de Informaci\u00f3n.","robots":{"index":"index","follow":"follow","max-snippet":"max-snippet:-1","max-image-preview":"max-image-preview:large","max-video-preview":"max-video-preview:-1"},"canonical":"https:\/\/enlatitud25.com\/news\/policia-de-la-moral-el-mundo-se-hace-eco-de-los-excesos-del-fanatismo-religioso\/","og_locale":"es_ES","og_type":"article","og_title":"Polic\u00eda de la Moral: El mundo se hace eco de los excesos del fanatismo religioso &ndash; Latitud25","og_description":"Mir\u00e1 nuestros reportajes audiovisuales y seguinos para enterarte de las \u00faltimas noticias de Paraguay y el mundo, desde la Latitud25. Somos Alternativa de Informaci\u00f3n.","og_url":"https:\/\/enlatitud25.com\/news\/policia-de-la-moral-el-mundo-se-hace-eco-de-los-excesos-del-fanatismo-religioso\/","og_site_name":"Latitud25","article_publisher":"https:\/\/www.facebook.com\/EnLatitud25","article_author":"https:\/\/www.facebook.com\/EnLatitud25","article_published_time":"2022-09-21T18:37:04+00:00","article_modified_time":"2022-09-21T18:37:06+00:00","og_image":[{"width":800,"height":500,"url":"https:\/\/enlatitud25.com\/news\/wp-content\/uploads\/2022\/09\/Mahsa_Amini_protesta_portada.jpg","type":"image\/jpeg"}],"author":"Latitud 25","twitter_card":"summary_large_image","twitter_creator":"@EnLatitud25","twitter_site":"@EnLatitud25","twitter_misc":{"Escrito por":"Latitud 25","Tiempo de lectura":"5 minutos"},"schema":{"@context":"https:\/\/schema.org","@graph":[{"@type":"Article","@id":"https:\/\/enlatitud25.com\/news\/policia-de-la-moral-el-mundo-se-hace-eco-de-los-excesos-del-fanatismo-religioso\/#article","isPartOf":{"@id":"https:\/\/enlatitud25.com\/news\/policia-de-la-moral-el-mundo-se-hace-eco-de-los-excesos-del-fanatismo-religioso\/"},"author":{"name":"Latitud 25","@id":"https:\/\/enlatitud25.com\/news\/#\/schema\/person\/23aafe968917005a721b8eb760f2586e"},"headline":"Polic\u00eda de la Moral: El mundo se hace eco de los excesos del fanatismo religioso","datePublished":"2022-09-21T18:37:04+00:00","dateModified":"2022-09-21T18:37:06+00:00","mainEntityOfPage":{"@id":"https:\/\/enlatitud25.com\/news\/policia-de-la-moral-el-mundo-se-hace-eco-de-los-excesos-del-fanatismo-religioso\/"},"wordCount":1011,"publisher":{"@id":"https:\/\/enlatitud25.com\/news\/#organization"},"keywords":["derechos","fanatismo religioso","Ir\u00e1n","mujer","Polic\u00eda de la Moral","tortura"],"articleSection":["Realidad"],"inLanguage":"es"},{"@type":"WebPage","@id":"https:\/\/enlatitud25.com\/news\/policia-de-la-moral-el-mundo-se-hace-eco-de-los-excesos-del-fanatismo-religioso\/","url":"https:\/\/enlatitud25.com\/news\/policia-de-la-moral-el-mundo-se-hace-eco-de-los-excesos-del-fanatismo-religioso\/","name":"Polic\u00eda de la Moral: El mundo se hace eco de los excesos del fanatismo religioso &ndash; Latitud25","isPartOf":{"@id":"https:\/\/enlatitud25.com\/news\/#website"},"datePublished":"2022-09-21T18:37:04+00:00","dateModified":"2022-09-21T18:37:06+00:00","description":"Mir\u00e1 nuestros reportajes audiovisuales y seguinos para enterarte de las \u00faltimas noticias de Paraguay y el mundo, desde la Latitud25. Somos Alternativa de Informaci\u00f3n.","breadcrumb":{"@id":"https:\/\/enlatitud25.com\/news\/policia-de-la-moral-el-mundo-se-hace-eco-de-los-excesos-del-fanatismo-religioso\/#breadcrumb"},"inLanguage":"es","potentialAction":[{"@type":"ReadAction","target":["https:\/\/enlatitud25.com\/news\/policia-de-la-moral-el-mundo-se-hace-eco-de-los-excesos-del-fanatismo-religioso\/"]}]},{"@type":"BreadcrumbList","@id":"https:\/\/enlatitud25.com\/news\/policia-de-la-moral-el-mundo-se-hace-eco-de-los-excesos-del-fanatismo-religioso\/#breadcrumb","itemListElement":[{"@type":"ListItem","position":1,"name":"Home","item":"https:\/\/enlatitud25.com\/news\/"},{"@type":"ListItem","position":2,"name":"Polic\u00eda de la Moral: El mundo se hace eco de los excesos del fanatismo religioso"}]},{"@type":"WebSite","@id":"https:\/\/enlatitud25.com\/news\/#website","url":"https:\/\/enlatitud25.com\/news\/","name":"Latitud25","description":"news","publisher":{"@id":"https:\/\/enlatitud25.com\/news\/#organization"},"potentialAction":[{"@type":"SearchAction","target":{"@type":"EntryPoint","urlTemplate":"https:\/\/enlatitud25.com\/news\/?s={search_term_string}"},"query-input":"required name=search_term_string"}],"inLanguage":"es"},{"@type":"Organization","@id":"https:\/\/enlatitud25.com\/news\/#organization","name":"Latitud 25 - News","url":"https:\/\/enlatitud25.com\/news\/","logo":{"@type":"ImageObject","inLanguage":"es","@id":"https:\/\/enlatitud25.com\/news\/#\/schema\/logo\/image\/","url":"https:\/\/enlatitud25.com\/news\/wp-content\/uploads\/2020\/11\/logo_latitud.png","contentUrl":"https:\/\/enlatitud25.com\/news\/wp-content\/uploads\/2020\/11\/logo_latitud.png","width":235,"height":39,"caption":"Latitud 25 - News"},"image":{"@id":"https:\/\/enlatitud25.com\/news\/#\/schema\/logo\/image\/"},"sameAs":["https:\/\/www.facebook.com\/EnLatitud25","https:\/\/twitter.com\/EnLatitud25","https:\/\/www.instagram.com\/enlatitud25\/","https:\/\/www.youtube.com\/user\/desdelatitud25"]},{"@type":"Person","@id":"https:\/\/enlatitud25.com\/news\/#\/schema\/person\/23aafe968917005a721b8eb760f2586e","name":"Latitud 25","sameAs":["https:\/\/enlatitud25.com\/news","https:\/\/www.facebook.com\/EnLatitud25","https:\/\/www.instagram.com\/enlatitud25","https:\/\/www.youtube.com\/user\/desdelatitud25","https:\/\/soundcloud.com\/enlatitud25"],"url":"https:\/\/enlatitud25.com\/news\/author\/nnews-uss00\/"}]}},"_links":{"self":[{"href":"https:\/\/enlatitud25.com\/news\/wp-json\/wp\/v2\/posts\/10381"}],"collection":[{"href":"https:\/\/enlatitud25.com\/news\/wp-json\/wp\/v2\/posts"}],"about":[{"href":"https:\/\/enlatitud25.com\/news\/wp-json\/wp\/v2\/types\/post"}],"author":[{"embeddable":true,"href":"https:\/\/enlatitud25.com\/news\/wp-json\/wp\/v2\/users\/1"}],"replies":[{"embeddable":true,"href":"https:\/\/enlatitud25.com\/news\/wp-json\/wp\/v2\/comments?post=10381"}],"version-history":[{"count":21,"href":"https:\/\/enlatitud25.com\/news\/wp-json\/wp\/v2\/posts\/10381\/revisions"}],"predecessor-version":[{"id":10416,"href":"https:\/\/enlatitud25.com\/news\/wp-json\/wp\/v2\/posts\/10381\/revisions\/10416"}],"wp:featuredmedia":[{"embeddable":true,"href":"https:\/\/enlatitud25.com\/news\/wp-json\/wp\/v2\/media\/10388"}],"wp:attachment":[{"href":"https:\/\/enlatitud25.com\/news\/wp-json\/wp\/v2\/media?parent=10381"}],"wp:term":[{"taxonomy":"category","embeddable":true,"href":"https:\/\/enlatitud25.com\/news\/wp-json\/wp\/v2\/categories?post=10381"},{"taxonomy":"post_tag","embeddable":true,"href":"https:\/\/enlatitud25.com\/news\/wp-json\/wp\/v2\/tags?post=10381"},{"taxonomy":"ubicacion","embeddable":true,"href":"https:\/\/enlatitud25.com\/news\/wp-json\/wp\/v2\/ubicacion?post=10381"}],"curies":[{"name":"wp","href":"https:\/\/api.w.org\/{rel}","templated":true}]}}