{"id":10029,"date":"2022-09-02T16:48:19","date_gmt":"2022-09-02T16:48:19","guid":{"rendered":"https:\/\/enlatitud25.com\/news\/?p=10029"},"modified":"2022-09-02T16:48:20","modified_gmt":"2022-09-02T16:48:20","slug":"viralizacion-de-maltrato-un-debate-sobre-como-evitar-revictimizar-a-ninos-y-ninas","status":"publish","type":"post","link":"https:\/\/enlatitud25.com\/news\/viralizacion-de-maltrato-un-debate-sobre-como-evitar-revictimizar-a-ninos-y-ninas\/","title":{"rendered":"Viralizaci\u00f3n de maltrato: Un debate sobre c\u00f3mo evitar revictimizar a ni\u00f1os y ni\u00f1as"},"content":{"rendered":"\n<p>Es tiempo de plantear un debate serio y necesario sobre c\u00f3mo se abordan casos sensibles que implican el bienestar de ni\u00f1os, ni\u00f1as y adolescentes, considerando la manera en la que se viraliz\u00f3 una reciente situaci\u00f3n de maltrato dom\u00e9stico a una ni\u00f1a de 9 a\u00f1os, v\u00edctima de agresiones por parte de su madrastra. <\/p>\n\n\n\n<p>Cada vez que se da a conocer un nuevo caso de abuso o maltrato de ni\u00f1os, ni\u00f1as o adolescentes, casi siempre, aparece un usuario exigiendo la publicaci\u00f3n del nombre del autor de los hechos. Esto se da incluso, con la insinuaci\u00f3n de que la prensa busca &#8220;proteger&#8221; al abusador.<\/p>\n\n\n\n<p>Por otra parte, est\u00e1n los medios de comunicaci\u00f3n o los usuarios particulares que en redes sociales publican nombres de las v\u00edctimas, de los padres, de la vecina, la direcci\u00f3n del lugar, la instituci\u00f3n en la que estudia y peor a\u00fan, videos en los que se perpet\u00faan los maltratos. <\/p>\n\n\n\n<p><strong>Le\u00e9 m\u00e1s:<a href=\"https:\/\/enlatitud25.com\/news\/cambios-de-conducta-y-llanto-frecuente-algunas-senales-de-alerta-ante-el-abuso-infantil\/\"> Cambios d<\/a><a href=\"https:\/\/enlatitud25.com\/news\/cambios-de-conducta-y-llanto-frecuente-algunas-senales-de-alerta-ante-el-abuso-infantil\/\" target=\"_blank\" rel=\"noreferrer noopener\">e<\/a><a href=\"https:\/\/enlatitud25.com\/news\/cambios-de-conducta-y-llanto-frecuente-algunas-senales-de-alerta-ante-el-abuso-infantil\/\"> conducta y llanto frecuente: Algunas se\u00f1ales de alerta ante el abuso infantil<\/a><\/strong><\/p>\n\n\n\n<p>Estos ciclos de violencia que involucran a menores de edad, terminan condicionando el desarrollo psicosocial y afectivo de estas personas, seg\u00fan el viceministro de protecci\u00f3n de la Ni\u00f1ez, <strong>Eduardo Escobar <\/strong>en RadioCast25<strong>,<\/strong> quien refiri\u00f3 que en el C\u00f3digo de la Ni\u00f1ez y Adolescencia se hace una expl\u00edcita referencia del por qu\u00e9 no revelar datos sobre este tipo de casos.<\/p>\n\n\n\n<p><\/p>\n\n\n\n<figure class=\"wp-block-image size-full\"><img decoding=\"async\" loading=\"lazy\" width=\"800\" height=\"500\" src=\"https:\/\/enlatitud25.com\/news\/wp-content\/uploads\/2022\/09\/pag2_nin\u0303a_maltrato.jpg\" alt=\"\" class=\"wp-image-10044\" srcset=\"https:\/\/enlatitud25.com\/news\/wp-content\/uploads\/2022\/09\/pag2_nin\u0303a_maltrato.jpg 800w, https:\/\/enlatitud25.com\/news\/wp-content\/uploads\/2022\/09\/pag2_nin\u0303a_maltrato-300x188.jpg 300w, https:\/\/enlatitud25.com\/news\/wp-content\/uploads\/2022\/09\/pag2_nin\u0303a_maltrato-768x480.jpg 768w, https:\/\/enlatitud25.com\/news\/wp-content\/uploads\/2022\/09\/pag2_nin\u0303a_maltrato-380x238.jpg 380w\" sizes=\"(max-width: 800px) 100vw, 800px\" \/><\/figure>\n\n\n\n<p class=\"has-medium-font-size\"><strong>Un estigma de toda la vida<\/strong><\/p>\n\n\n\n<p>El viceministro <strong>Eduardo Escobar <\/strong>hizo \u00e9nfasis en que esta reserva de publicar datos, no solo es para los medios de prensa, sino adem\u00e1s, en el art\u00edculo 29 del C\u00f3digo de la Ni\u00f1ez y la Adolescencia, tambi\u00e9n se establecen las reservas para los funcionarios p\u00fablicos, que intervienen en los casos.<\/p>\n\n\n\n<p>Agreg\u00f3 que, en tiempos de sobreexposici\u00f3n de informaci\u00f3n, la v\u00edctima (que hoy es menor de edad), en el futuro tendr\u00e1 dificultades para olvidar este tipo de situaciones, por la perpetuidad de este contenido en internet y que esto podr\u00e1 representar un eterno escarnio en la vida de esa persona en cuanto a su autoestima y la relaci\u00f3n con su entorno. <\/p>\n\n\n\n<p>Ejemplific\u00f3 que esta persona, en alg\u00fan momento, podr\u00eda llegar a buscar sus datos en la web y encontrar c\u00f3mo fue maltratada, lo que le puede generar un estigma perpetuo. <\/p>\n\n\n\n<p>Escobar insisti\u00f3 adem\u00e1s en que publicar datos o videos de violencia o abuso va en contra del proceso de recuperaci\u00f3n de la v\u00edctima, que busca superar esa situaci\u00f3n adversa. <\/p>\n\n\n\n<p>&#8220;En el tema de ni\u00f1ez, hay que tener muy en cuenta eso, porque queriendo hacer un bien, podemos da\u00f1ar a\u00fan m\u00e1s a las v\u00edctimas&#8221;, subray\u00f3. <\/p>\n\n\n\n<p><\/p>\n\n\n\n<figure class=\"wp-block-image size-full\"><img decoding=\"async\" loading=\"lazy\" width=\"800\" height=\"500\" src=\"https:\/\/enlatitud25.com\/news\/wp-content\/uploads\/2022\/09\/pag3_nin\u0303a_maltrato.jpg\" alt=\"\" class=\"wp-image-10045\" srcset=\"https:\/\/enlatitud25.com\/news\/wp-content\/uploads\/2022\/09\/pag3_nin\u0303a_maltrato.jpg 800w, https:\/\/enlatitud25.com\/news\/wp-content\/uploads\/2022\/09\/pag3_nin\u0303a_maltrato-300x188.jpg 300w, https:\/\/enlatitud25.com\/news\/wp-content\/uploads\/2022\/09\/pag3_nin\u0303a_maltrato-768x480.jpg 768w, https:\/\/enlatitud25.com\/news\/wp-content\/uploads\/2022\/09\/pag3_nin\u0303a_maltrato-380x238.jpg 380w\" sizes=\"(max-width: 800px) 100vw, 800px\" \/><\/figure>\n\n\n\n<p class=\"has-medium-font-size\"><strong>Denuncias en la Fiscal\u00eda, no solo en las redes<\/strong><\/p>\n\n\n\n<p>La fiscala, <strong>Carina Ser\u00f3n<\/strong>, quien se encuentra investigando el caso de la ni\u00f1a de 9 a\u00f1os maltratada por su madrastra, insisti\u00f3 en RadioCast25 en la necesidad de que tanto la ciudadan\u00eda y los medios respeten la situaci\u00f3n y no se brinden p\u00fablicamente m\u00e1s datos sobre menores que est\u00e9n en una situaci\u00f3n de vulneraci\u00f3n de sus derechos.<\/p>\n\n\n\n<p>&#8220;La gente dice: \u2018no estoy dando el nombre de la ni\u00f1a, estoy dando el nombre de la madrastra\u2019 Si estoy dando el nombre del padre o la madrastra, entonces detr\u00e1s de ellos est\u00e1n esos chicos&#8221;, resalt\u00f3 la agente del Ministerio P\u00fablico.<\/p>\n\n\n\n<p><strong>Nota relacionada: <a href=\"https:\/\/enlatitud25.com\/news\/ya-pensaste-en-el-dano-que-le-causa-la-exposicion-a-una-victima-de-abuso\/\" target=\"_blank\" rel=\"noreferrer noopener\">\u00bfYa pensaste en el da\u00f1o que le causa la exposici\u00f3n a una v\u00edctima de abuso?<\/a><\/strong><\/p>\n\n\n\n<p>Ser\u00f3n insisti\u00f3 en que es mejor no dar nombres y agreg\u00f3 que si hay alguien que tiene alguna informaci\u00f3n para aportar al Ministerio P\u00fablico, la informaci\u00f3n es bienvenida. &#8220;Estamos en la Fiscal\u00eda Barrial 7, para que nos acerquen esos que tienen algo, si alguien quieren prestar declaraci\u00f3n testimonial, tambi\u00e9n, pero no hacerlo a trav\u00e9s de las redes&#8221;, asever\u00f3.<\/p>\n\n\n\n<h5 id=\"fiscala-conto-que-hay-antecedentes-de-maltrato\" class=\"wp-block-heading\">Fiscala cont\u00f3 que hay antecedentes de maltrato<\/h5>\n\n\n\n<p>El caso particular de la ni\u00f1a de 9 a\u00f1os, fue difundido esta semana. La fiscala <strong>Carina Ser\u00f3n<\/strong> cont\u00f3 que inicialmente hubo una denuncia contra la madre biol\u00f3gica y tras un largo proceso, el padre obtuvo la custodia de la ni\u00f1a. <\/p>\n\n\n\n<p>Eso pas\u00f3, hace aproximadamente tres a\u00f1os y existe una causa en la que la madre est\u00e1 acusada por otro fiscal (Federico Leguizam\u00f3n), caso que sigue pendiente de audiencia preliminar, cont\u00f3 Ser\u00f3n. <\/p>\n\n\n\n<p>Ahora hay otra causa simult\u00e1nea por maltrato, pero esta vez, por parte de la madrastra que es la que le corresponde a le corresponde a la fiscala Carina Ser\u00f3n. &#8220;La madre denunci\u00f3 a la madrastra, que es lo que se ve en el video y dice que el padre ten\u00eda conocimiento&#8221;, sostuvo. <\/p>\n\n\n\n<figure class=\"wp-block-embed is-type-rich is-provider-twitter wp-block-embed-twitter\"><div class=\"wp-block-embed__wrapper\">\n<blockquote class=\"twitter-tweet\" data-width=\"550\" data-dnt=\"true\"><p lang=\"es\" dir=\"ltr\">\u26a0\ufe0f MALTRATO INFANTIL |<br><br>\ud83d\udde3\ufe0f La fiscala Carina Ser\u00f3n nos cuenta los antecedentes de violencia en la familia de la ni\u00f1a.<br><br>\ud83c\udfa7Escuch\u00e1:<a href=\"https:\/\/twitter.com\/hashtag\/RadioCast25?src=hash&amp;ref_src=twsrc%5Etfw\">#RadioCast25<\/a> <a href=\"https:\/\/t.co\/LQBc5eyY88\">pic.twitter.com\/LQBc5eyY88<\/a><\/p>&mdash; LATITUD 25 (@EnLatitud25) <a href=\"https:\/\/twitter.com\/EnLatitud25\/status\/1565458111451758604?ref_src=twsrc%5Etfw\">September 1, 2022<\/a><\/blockquote><script async src=\"https:\/\/platform.twitter.com\/widgets.js\" charset=\"utf-8\"><\/script>\n<\/div><\/figure>\n\n\n\n<p>Asimismo, reconoci\u00f3 que el padre tambi\u00e9n est\u00e1 siendo investigado y afirm\u00f3 que ser\u00e1 llamado a prestar declaraci\u00f3n ante el Ministerio P\u00fablico. <\/p>\n\n\n\n<p>&#8220;Los comentarios son muy da\u00f1inos y la gente no tiene el conocimiento completo de todo lo que le toc\u00f3 a vivir a esta ni\u00f1a por parte de la madre&#8221;, acot\u00f3.<\/p>\n\n\n\n<p>&#8220;El mal mayor que ella recuerda y mantiene es contra la mam\u00e1, entonces para ella es menor lo que estaba pasando en esta segunda situaci\u00f3n. Lo que se hizo fue una contenci\u00f3n y toma de relato primeramente, todav\u00eda no es un estudio victimol\u00f3gico que toma m\u00e1s d\u00edas&#8221;, apunt\u00f3. <\/p>\n\n\n\n<p>Al respecto, aclar\u00f3 que un profesional de la salud mental quien podr\u00e1 explicar de manera m\u00e1s t\u00e9cnica estas declaraciones que hizo respecto a la percepci\u00f3n de la ni\u00f1a. <\/p>\n\n\n\n<p>Cont\u00f3 que este mi\u00e9rcoles se hizo el allanamiento para poder obtener el circuito cerrado del domicilio de donde la ni\u00f1a viv\u00eda con su padre y la madrastra, lo cual fue entregado al laboratorio forense del Ministerio P\u00fablico, a fin de que se pueda guardar y proteger esa informaci\u00f3n.<\/p>\n\n\n\n<p>Agreg\u00f3 que tiene otras diligencias pendientes y que de momento no puede adelantar, pero asegur\u00f3 que pronto habr\u00e1 m\u00e1s novedades sobre el caso y las personas que van a ser imputadas.<\/p>\n\n\n\n<p>Dijo adem\u00e1s que esta cuesti\u00f3n de definir la patria potestad no tiene que ver con dinero o chantajes en la toma de decisiones. Insisti\u00f3 en que las decisiones en torno a casos de menores de edad normalmente se toman tras el an\u00e1lisis de todo un equipo t\u00e9cnico y de varias instancias enfocadas en la defensa de la ni\u00f1ez. <\/p>\n\n\n\n<h5 id=\"lo-primordial-es-la-proteccion-del-nino-o-nina\" class=\"wp-block-heading\">Lo primordial es la protecci\u00f3n del ni\u00f1o o ni\u00f1a<\/h5>\n\n\n\n<p>El viceministro <strong>Eduardo Escobar<\/strong> sostuvo que muchas veces se pierde el enfoque de que el ni\u00f1o, la ni\u00f1a o adolescente, que es v\u00edctima de maltrato o abuso, es lo que debe ir en el centro de todo el debate. &#8220;Es lo primordial que se debe cautelar ante los conflictos&#8221;, sostuvo.<\/p>\n\n\n\n<p>Finalmente, coment\u00f3 que el Ministerio de la Ni\u00f1ez y la Adolescencia est\u00e1 realizando talleres para periodistas en varias ciudades del pa\u00eds, para abordar las noticias que afectan a los ni\u00f1os. <\/p>\n\n\n\n<p>Agreg\u00f3 que existen muchos casos y el objetivo es dar a los comunicadores esta perspectiva de enfoque de derechos, para pensar c\u00f3mo lo que se publica puede afectar a los ni\u00f1os, ni\u00f1as y adolescentes, a pesar de que el objetivo sea, justamente, protegerlos. <\/p>\n\n\n\n<p><\/p>\n\n\n\n<p><\/p>\n\n\n\n<p><\/p>\n\n\n\n<p><\/p>\n","protected":false},"excerpt":{"rendered":"La indignaci\u00f3n en redes sociales se desborda ante casos de maltrato o abuso de ni\u00f1os, ni\u00f1as y adolescentes. Sin embargo, en nombre de esa indignaci\u00f3n contra los agresores y con el objetivo de visibilizar estos hechos, se incurre en la revictimizaci\u00f3n de quienes ya padecen de violencia sistem\u00e1tica. \u00bfPor qu\u00e9 no dar el nombre del agresor?\u00bfPor qu\u00e9 revelar el nombre o imagen de la v\u00edctima compromete m\u00e1s su bienestar antes que ayudar a visibilizar el caso? Te contamos.\n","protected":false},"author":1,"featured_media":10039,"comment_status":"closed","ping_status":"closed","sticky":false,"template":"","format":"standard","meta":[],"categories":[12],"tags":[643,1179,444,642,619,515,1180,1178],"ubicacion":[17],"yoast_head":"<!-- This site is optimized with the Yoast SEO plugin v20.8 - https:\/\/yoast.com\/wordpress\/plugins\/seo\/ -->\n<title>Viralizaci\u00f3n de maltrato: Un debate sobre c\u00f3mo evitar revictimizar a ni\u00f1os y ni\u00f1as &ndash; Latitud25<\/title>\n<meta name=\"description\" content=\"Mir\u00e1 nuestros reportajes audiovisuales y seguinos para enterarte de las \u00faltimas noticias de Paraguay y el mundo, desde la Latitud25. Somos Alternativa de Informaci\u00f3n.\" \/>\n<meta name=\"robots\" content=\"index, follow, max-snippet:-1, max-image-preview:large, max-video-preview:-1\" \/>\n<link rel=\"canonical\" href=\"https:\/\/enlatitud25.com\/news\/viralizacion-de-maltrato-un-debate-sobre-como-evitar-revictimizar-a-ninos-y-ninas\/\" \/>\n<meta property=\"og:locale\" content=\"es_ES\" \/>\n<meta property=\"og:type\" content=\"article\" \/>\n<meta property=\"og:title\" content=\"Viralizaci\u00f3n de maltrato: Un debate sobre c\u00f3mo evitar revictimizar a ni\u00f1os y ni\u00f1as &ndash; Latitud25\" \/>\n<meta property=\"og:description\" content=\"Mir\u00e1 nuestros reportajes audiovisuales y seguinos para enterarte de las \u00faltimas noticias de Paraguay y el mundo, desde la Latitud25. Somos Alternativa de Informaci\u00f3n.\" \/>\n<meta property=\"og:url\" content=\"https:\/\/enlatitud25.com\/news\/viralizacion-de-maltrato-un-debate-sobre-como-evitar-revictimizar-a-ninos-y-ninas\/\" \/>\n<meta property=\"og:site_name\" content=\"Latitud25\" \/>\n<meta property=\"article:publisher\" content=\"https:\/\/www.facebook.com\/EnLatitud25\" \/>\n<meta property=\"article:author\" content=\"https:\/\/www.facebook.com\/EnLatitud25\" \/>\n<meta property=\"article:published_time\" content=\"2022-09-02T16:48:19+00:00\" \/>\n<meta property=\"article:modified_time\" content=\"2022-09-02T16:48:20+00:00\" \/>\n<meta property=\"og:image\" content=\"https:\/\/enlatitud25.com\/news\/wp-content\/uploads\/2022\/09\/portada_nin\u0303a_maltrato.jpg\" \/>\n\t<meta property=\"og:image:width\" content=\"800\" \/>\n\t<meta property=\"og:image:height\" content=\"500\" \/>\n\t<meta property=\"og:image:type\" content=\"image\/jpeg\" \/>\n<meta name=\"author\" content=\"Latitud 25\" \/>\n<meta name=\"twitter:card\" content=\"summary_large_image\" \/>\n<meta name=\"twitter:creator\" content=\"@EnLatitud25\" \/>\n<meta name=\"twitter:site\" content=\"@EnLatitud25\" \/>\n<meta name=\"twitter:label1\" content=\"Escrito por\" \/>\n\t<meta name=\"twitter:data1\" content=\"Latitud 25\" \/>\n\t<meta name=\"twitter:label2\" content=\"Tiempo de lectura\" \/>\n\t<meta name=\"twitter:data2\" content=\"6 minutos\" \/>\n<script type=\"application\/ld+json\" class=\"yoast-schema-graph\">{\"@context\":\"https:\/\/schema.org\",\"@graph\":[{\"@type\":\"Article\",\"@id\":\"https:\/\/enlatitud25.com\/news\/viralizacion-de-maltrato-un-debate-sobre-como-evitar-revictimizar-a-ninos-y-ninas\/#article\",\"isPartOf\":{\"@id\":\"https:\/\/enlatitud25.com\/news\/viralizacion-de-maltrato-un-debate-sobre-como-evitar-revictimizar-a-ninos-y-ninas\/\"},\"author\":{\"name\":\"Latitud 25\",\"@id\":\"https:\/\/enlatitud25.com\/news\/#\/schema\/person\/23aafe968917005a721b8eb760f2586e\"},\"headline\":\"Viralizaci\u00f3n de maltrato: Un debate sobre c\u00f3mo evitar revictimizar a ni\u00f1os y ni\u00f1as\",\"datePublished\":\"2022-09-02T16:48:19+00:00\",\"dateModified\":\"2022-09-02T16:48:20+00:00\",\"mainEntityOfPage\":{\"@id\":\"https:\/\/enlatitud25.com\/news\/viralizacion-de-maltrato-un-debate-sobre-como-evitar-revictimizar-a-ninos-y-ninas\/\"},\"wordCount\":1271,\"publisher\":{\"@id\":\"https:\/\/enlatitud25.com\/news\/#organization\"},\"keywords\":[\"adolescentes\",\"derechos\",\"maltrato\",\"ni\u00f1as\",\"ni\u00f1os\",\"Protecci\u00f3n\",\"revictimizaci\u00f3n\",\"vulneraci\u00f3n\"],\"articleSection\":[\"Realidad\"],\"inLanguage\":\"es\"},{\"@type\":\"WebPage\",\"@id\":\"https:\/\/enlatitud25.com\/news\/viralizacion-de-maltrato-un-debate-sobre-como-evitar-revictimizar-a-ninos-y-ninas\/\",\"url\":\"https:\/\/enlatitud25.com\/news\/viralizacion-de-maltrato-un-debate-sobre-como-evitar-revictimizar-a-ninos-y-ninas\/\",\"name\":\"Viralizaci\u00f3n de maltrato: Un debate sobre c\u00f3mo evitar revictimizar a ni\u00f1os y ni\u00f1as &ndash; Latitud25\",\"isPartOf\":{\"@id\":\"https:\/\/enlatitud25.com\/news\/#website\"},\"datePublished\":\"2022-09-02T16:48:19+00:00\",\"dateModified\":\"2022-09-02T16:48:20+00:00\",\"description\":\"Mir\u00e1 nuestros reportajes audiovisuales y seguinos para enterarte de las \u00faltimas noticias de Paraguay y el mundo, desde la Latitud25. Somos Alternativa de Informaci\u00f3n.\",\"breadcrumb\":{\"@id\":\"https:\/\/enlatitud25.com\/news\/viralizacion-de-maltrato-un-debate-sobre-como-evitar-revictimizar-a-ninos-y-ninas\/#breadcrumb\"},\"inLanguage\":\"es\",\"potentialAction\":[{\"@type\":\"ReadAction\",\"target\":[\"https:\/\/enlatitud25.com\/news\/viralizacion-de-maltrato-un-debate-sobre-como-evitar-revictimizar-a-ninos-y-ninas\/\"]}]},{\"@type\":\"BreadcrumbList\",\"@id\":\"https:\/\/enlatitud25.com\/news\/viralizacion-de-maltrato-un-debate-sobre-como-evitar-revictimizar-a-ninos-y-ninas\/#breadcrumb\",\"itemListElement\":[{\"@type\":\"ListItem\",\"position\":1,\"name\":\"Home\",\"item\":\"https:\/\/enlatitud25.com\/news\/\"},{\"@type\":\"ListItem\",\"position\":2,\"name\":\"Viralizaci\u00f3n de maltrato: Un debate sobre c\u00f3mo evitar revictimizar a ni\u00f1os y ni\u00f1as\"}]},{\"@type\":\"WebSite\",\"@id\":\"https:\/\/enlatitud25.com\/news\/#website\",\"url\":\"https:\/\/enlatitud25.com\/news\/\",\"name\":\"Latitud25\",\"description\":\"news\",\"publisher\":{\"@id\":\"https:\/\/enlatitud25.com\/news\/#organization\"},\"potentialAction\":[{\"@type\":\"SearchAction\",\"target\":{\"@type\":\"EntryPoint\",\"urlTemplate\":\"https:\/\/enlatitud25.com\/news\/?s={search_term_string}\"},\"query-input\":\"required name=search_term_string\"}],\"inLanguage\":\"es\"},{\"@type\":\"Organization\",\"@id\":\"https:\/\/enlatitud25.com\/news\/#organization\",\"name\":\"Latitud 25 - News\",\"url\":\"https:\/\/enlatitud25.com\/news\/\",\"logo\":{\"@type\":\"ImageObject\",\"inLanguage\":\"es\",\"@id\":\"https:\/\/enlatitud25.com\/news\/#\/schema\/logo\/image\/\",\"url\":\"https:\/\/enlatitud25.com\/news\/wp-content\/uploads\/2020\/11\/logo_latitud.png\",\"contentUrl\":\"https:\/\/enlatitud25.com\/news\/wp-content\/uploads\/2020\/11\/logo_latitud.png\",\"width\":235,\"height\":39,\"caption\":\"Latitud 25 - News\"},\"image\":{\"@id\":\"https:\/\/enlatitud25.com\/news\/#\/schema\/logo\/image\/\"},\"sameAs\":[\"https:\/\/www.facebook.com\/EnLatitud25\",\"https:\/\/twitter.com\/EnLatitud25\",\"https:\/\/www.instagram.com\/enlatitud25\/\",\"https:\/\/www.youtube.com\/user\/desdelatitud25\"]},{\"@type\":\"Person\",\"@id\":\"https:\/\/enlatitud25.com\/news\/#\/schema\/person\/23aafe968917005a721b8eb760f2586e\",\"name\":\"Latitud 25\",\"sameAs\":[\"https:\/\/enlatitud25.com\/news\",\"https:\/\/www.facebook.com\/EnLatitud25\",\"https:\/\/www.instagram.com\/enlatitud25\",\"https:\/\/www.youtube.com\/user\/desdelatitud25\",\"https:\/\/soundcloud.com\/enlatitud25\"],\"url\":\"https:\/\/enlatitud25.com\/news\/author\/nnews-uss00\/\"}]}<\/script>\n<!-- \/ Yoast SEO plugin. -->","yoast_head_json":{"title":"Viralizaci\u00f3n de maltrato: Un debate sobre c\u00f3mo evitar revictimizar a ni\u00f1os y ni\u00f1as &ndash; Latitud25","description":"Mir\u00e1 nuestros reportajes audiovisuales y seguinos para enterarte de las \u00faltimas noticias de Paraguay y el mundo, desde la Latitud25. Somos Alternativa de Informaci\u00f3n.","robots":{"index":"index","follow":"follow","max-snippet":"max-snippet:-1","max-image-preview":"max-image-preview:large","max-video-preview":"max-video-preview:-1"},"canonical":"https:\/\/enlatitud25.com\/news\/viralizacion-de-maltrato-un-debate-sobre-como-evitar-revictimizar-a-ninos-y-ninas\/","og_locale":"es_ES","og_type":"article","og_title":"Viralizaci\u00f3n de maltrato: Un debate sobre c\u00f3mo evitar revictimizar a ni\u00f1os y ni\u00f1as &ndash; Latitud25","og_description":"Mir\u00e1 nuestros reportajes audiovisuales y seguinos para enterarte de las \u00faltimas noticias de Paraguay y el mundo, desde la Latitud25. Somos Alternativa de Informaci\u00f3n.","og_url":"https:\/\/enlatitud25.com\/news\/viralizacion-de-maltrato-un-debate-sobre-como-evitar-revictimizar-a-ninos-y-ninas\/","og_site_name":"Latitud25","article_publisher":"https:\/\/www.facebook.com\/EnLatitud25","article_author":"https:\/\/www.facebook.com\/EnLatitud25","article_published_time":"2022-09-02T16:48:19+00:00","article_modified_time":"2022-09-02T16:48:20+00:00","og_image":[{"width":800,"height":500,"url":"https:\/\/enlatitud25.com\/news\/wp-content\/uploads\/2022\/09\/portada_nin\u0303a_maltrato.jpg","type":"image\/jpeg"}],"author":"Latitud 25","twitter_card":"summary_large_image","twitter_creator":"@EnLatitud25","twitter_site":"@EnLatitud25","twitter_misc":{"Escrito por":"Latitud 25","Tiempo de lectura":"6 minutos"},"schema":{"@context":"https:\/\/schema.org","@graph":[{"@type":"Article","@id":"https:\/\/enlatitud25.com\/news\/viralizacion-de-maltrato-un-debate-sobre-como-evitar-revictimizar-a-ninos-y-ninas\/#article","isPartOf":{"@id":"https:\/\/enlatitud25.com\/news\/viralizacion-de-maltrato-un-debate-sobre-como-evitar-revictimizar-a-ninos-y-ninas\/"},"author":{"name":"Latitud 25","@id":"https:\/\/enlatitud25.com\/news\/#\/schema\/person\/23aafe968917005a721b8eb760f2586e"},"headline":"Viralizaci\u00f3n de maltrato: Un debate sobre c\u00f3mo evitar revictimizar a ni\u00f1os y ni\u00f1as","datePublished":"2022-09-02T16:48:19+00:00","dateModified":"2022-09-02T16:48:20+00:00","mainEntityOfPage":{"@id":"https:\/\/enlatitud25.com\/news\/viralizacion-de-maltrato-un-debate-sobre-como-evitar-revictimizar-a-ninos-y-ninas\/"},"wordCount":1271,"publisher":{"@id":"https:\/\/enlatitud25.com\/news\/#organization"},"keywords":["adolescentes","derechos","maltrato","ni\u00f1as","ni\u00f1os","Protecci\u00f3n","revictimizaci\u00f3n","vulneraci\u00f3n"],"articleSection":["Realidad"],"inLanguage":"es"},{"@type":"WebPage","@id":"https:\/\/enlatitud25.com\/news\/viralizacion-de-maltrato-un-debate-sobre-como-evitar-revictimizar-a-ninos-y-ninas\/","url":"https:\/\/enlatitud25.com\/news\/viralizacion-de-maltrato-un-debate-sobre-como-evitar-revictimizar-a-ninos-y-ninas\/","name":"Viralizaci\u00f3n de maltrato: Un debate sobre c\u00f3mo evitar revictimizar a ni\u00f1os y ni\u00f1as &ndash; Latitud25","isPartOf":{"@id":"https:\/\/enlatitud25.com\/news\/#website"},"datePublished":"2022-09-02T16:48:19+00:00","dateModified":"2022-09-02T16:48:20+00:00","description":"Mir\u00e1 nuestros reportajes audiovisuales y seguinos para enterarte de las \u00faltimas noticias de Paraguay y el mundo, desde la Latitud25. Somos Alternativa de Informaci\u00f3n.","breadcrumb":{"@id":"https:\/\/enlatitud25.com\/news\/viralizacion-de-maltrato-un-debate-sobre-como-evitar-revictimizar-a-ninos-y-ninas\/#breadcrumb"},"inLanguage":"es","potentialAction":[{"@type":"ReadAction","target":["https:\/\/enlatitud25.com\/news\/viralizacion-de-maltrato-un-debate-sobre-como-evitar-revictimizar-a-ninos-y-ninas\/"]}]},{"@type":"BreadcrumbList","@id":"https:\/\/enlatitud25.com\/news\/viralizacion-de-maltrato-un-debate-sobre-como-evitar-revictimizar-a-ninos-y-ninas\/#breadcrumb","itemListElement":[{"@type":"ListItem","position":1,"name":"Home","item":"https:\/\/enlatitud25.com\/news\/"},{"@type":"ListItem","position":2,"name":"Viralizaci\u00f3n de maltrato: Un debate sobre c\u00f3mo evitar revictimizar a ni\u00f1os y ni\u00f1as"}]},{"@type":"WebSite","@id":"https:\/\/enlatitud25.com\/news\/#website","url":"https:\/\/enlatitud25.com\/news\/","name":"Latitud25","description":"news","publisher":{"@id":"https:\/\/enlatitud25.com\/news\/#organization"},"potentialAction":[{"@type":"SearchAction","target":{"@type":"EntryPoint","urlTemplate":"https:\/\/enlatitud25.com\/news\/?s={search_term_string}"},"query-input":"required name=search_term_string"}],"inLanguage":"es"},{"@type":"Organization","@id":"https:\/\/enlatitud25.com\/news\/#organization","name":"Latitud 25 - News","url":"https:\/\/enlatitud25.com\/news\/","logo":{"@type":"ImageObject","inLanguage":"es","@id":"https:\/\/enlatitud25.com\/news\/#\/schema\/logo\/image\/","url":"https:\/\/enlatitud25.com\/news\/wp-content\/uploads\/2020\/11\/logo_latitud.png","contentUrl":"https:\/\/enlatitud25.com\/news\/wp-content\/uploads\/2020\/11\/logo_latitud.png","width":235,"height":39,"caption":"Latitud 25 - News"},"image":{"@id":"https:\/\/enlatitud25.com\/news\/#\/schema\/logo\/image\/"},"sameAs":["https:\/\/www.facebook.com\/EnLatitud25","https:\/\/twitter.com\/EnLatitud25","https:\/\/www.instagram.com\/enlatitud25\/","https:\/\/www.youtube.com\/user\/desdelatitud25"]},{"@type":"Person","@id":"https:\/\/enlatitud25.com\/news\/#\/schema\/person\/23aafe968917005a721b8eb760f2586e","name":"Latitud 25","sameAs":["https:\/\/enlatitud25.com\/news","https:\/\/www.facebook.com\/EnLatitud25","https:\/\/www.instagram.com\/enlatitud25","https:\/\/www.youtube.com\/user\/desdelatitud25","https:\/\/soundcloud.com\/enlatitud25"],"url":"https:\/\/enlatitud25.com\/news\/author\/nnews-uss00\/"}]}},"_links":{"self":[{"href":"https:\/\/enlatitud25.com\/news\/wp-json\/wp\/v2\/posts\/10029"}],"collection":[{"href":"https:\/\/enlatitud25.com\/news\/wp-json\/wp\/v2\/posts"}],"about":[{"href":"https:\/\/enlatitud25.com\/news\/wp-json\/wp\/v2\/types\/post"}],"author":[{"embeddable":true,"href":"https:\/\/enlatitud25.com\/news\/wp-json\/wp\/v2\/users\/1"}],"replies":[{"embeddable":true,"href":"https:\/\/enlatitud25.com\/news\/wp-json\/wp\/v2\/comments?post=10029"}],"version-history":[{"count":23,"href":"https:\/\/enlatitud25.com\/news\/wp-json\/wp\/v2\/posts\/10029\/revisions"}],"predecessor-version":[{"id":10067,"href":"https:\/\/enlatitud25.com\/news\/wp-json\/wp\/v2\/posts\/10029\/revisions\/10067"}],"wp:featuredmedia":[{"embeddable":true,"href":"https:\/\/enlatitud25.com\/news\/wp-json\/wp\/v2\/media\/10039"}],"wp:attachment":[{"href":"https:\/\/enlatitud25.com\/news\/wp-json\/wp\/v2\/media?parent=10029"}],"wp:term":[{"taxonomy":"category","embeddable":true,"href":"https:\/\/enlatitud25.com\/news\/wp-json\/wp\/v2\/categories?post=10029"},{"taxonomy":"post_tag","embeddable":true,"href":"https:\/\/enlatitud25.com\/news\/wp-json\/wp\/v2\/tags?post=10029"},{"taxonomy":"ubicacion","embeddable":true,"href":"https:\/\/enlatitud25.com\/news\/wp-json\/wp\/v2\/ubicacion?post=10029"}],"curies":[{"name":"wp","href":"https:\/\/api.w.org\/{rel}","templated":true}]}}